{"id":702245,"date":"2026-01-08T09:10:12","date_gmt":"2026-01-08T09:10:12","guid":{"rendered":"https:\/\/www.europesays.com\/de\/702245\/"},"modified":"2026-01-08T09:10:12","modified_gmt":"2026-01-08T09:10:12","slug":"viel-arbeit-fuer-den-winterdienst","status":"publish","type":"post","link":"https:\/\/www.europesays.com\/de\/702245\/","title":{"rendered":"Viel Arbeit f\u00fcr den Winterdienst"},"content":{"rendered":"<p class=\"small date article__date\">Ver\u00f6ffentlicht:\u00a0Donnerstag, 08.01.2026 07:30<\/p>\n<p>Der Winterdienst der Abfallwirtschaftsbetriebe M\u00fcnster hat momentan jede Menge zu tun. Wir haben mit Benedikt Sohn, Einsatzleiter des Winterdienstes, \u00fcber seine Arbeit gesprochen. <\/p>\n<p><img decoding=\"async\" alt=\"\" src=\"https:\/\/www.europesays.com\/de\/wp-content\/uploads\/2026\/01\/photo-2026-01-07-15-28-59.jpg&#038;crop=0x0x1600x1000&#038;resize=1280x800&#038;dt=202601071650420.jpeg\" data-size=\"1280x800\"\/>\u00a9 ANTENNE M\u00dcNSTER<\/p>\n<p>Die frostigen Temperaturen haben M\u00fcnster weiterhin fest im Griff, Minusgrade und glatte Stra\u00dfen &#8211; vor allem am Wochenende soll es nochmal richtig glatt werden. Und damit wir sicher von A nach B kommen, stehen die Mitarbeitenden der Abfallwirtschaftsbetriebe M\u00fcnster (awm) nachts auf, um die Stra\u00dfen mit den Streufahrzeugen sicher zu machen. Benedikt Sohn koordiniert das Ganze als Einsatzleiter des Winterdienstes bei den awm.<\/p>\n<p>Aufstehen um 1 Uhr in der Nacht<\/p>\n<p>F\u00fcr Benedikt beginnt der Arbeitsalltag ziemlich fr\u00fch. Er steht um 1 Uhr nachts auf und macht dann eine Kontrollfahrt durch M\u00fcnster, um sich einen Eindruck von der Lage zu verschaffen. Daraufhin entscheidet er, wie viele Mitarbeiter er wach klingelt und wie viele Fahrzeuge losgeschickt werden m\u00fcssen. Benedikt und seine Kollegen sorgen so daf\u00fcr, dass binnen zwei bis drei Stunden alle gro\u00dfen Stra\u00dfen und Radwege frei und gestreut sind.<\/p>\n<p>&#8222;Bitte parkt ordentlich!&#8220;<\/p>\n<p>Benedikt und seine Kollegen haben einen ziemlich wichtigen Job und dabei meist auch viel Spa\u00df. Jedoch kann es manchmal auch ziemlich anstrengend sein. Eine besondere Schwierigkeit ist das Fahren durch enge und vor allem voll geparkte Stra\u00dfen. Die Streufahrzeuge brauchen viel Platz und deshalb hat Benedikt eine Bitte an die M\u00fcnsteraner:innen: &#8222;Bitte parkt ordentlich!&#8220;<\/p>\n<p>Das ganze Interview von ANTENNE M\u00dcNSTER Morningshow-Moderator Tino Tiede mit Benedikt Sohn von den awm gibt&#8217;s hier zum Nachh\u00f6ren:<\/p>\n","protected":false},"excerpt":{"rendered":"Ver\u00f6ffentlicht:\u00a0Donnerstag, 08.01.2026 07:30 Der Winterdienst der Abfallwirtschaftsbetriebe M\u00fcnster hat momentan jede Menge zu tun. Wir haben mit Benedikt&hellip;\n","protected":false},"author":2,"featured_media":702246,"comment_status":"","ping_status":"","sticky":false,"template":"","format":"standard","meta":{"footnotes":"","_share_on_mastodon":"0"},"categories":[1843],"tags":[5677,77903,143282,19389,3364,29,30,8970,1209,16406,4951,117321],"class_list":["post-702245","post","type-post","status-publish","format-standard","has-post-thumbnail","category-muenster","tag-munster","tag-abfallwirtschaftsbetriebe-mnster","tag-streuwagen","tag-awm","tag-de","tag-deutschland","tag-germany","tag-muenster","tag-nordrhein-westfalen","tag-schnee","tag-winter","tag-winterzeit"],"share_on_mastodon":{"url":"https:\/\/pubeurope.com\/@de\/115858704037522586","error":""},"_links":{"self":[{"href":"https:\/\/www.europesays.com\/de\/wp-json\/wp\/v2\/posts\/702245","targetHints":{"allow":["GET"]}}],"collection":[{"href":"https:\/\/www.europesays.com\/de\/wp-json\/wp\/v2\/posts"}],"about":[{"href":"https:\/\/www.europesays.com\/de\/wp-json\/wp\/v2\/types\/post"}],"author":[{"embeddable":true,"href":"https:\/\/www.europesays.com\/de\/wp-json\/wp\/v2\/users\/2"}],"replies":[{"embeddable":true,"href":"https:\/\/www.europesays.com\/de\/wp-json\/wp\/v2\/comments?post=702245"}],"version-history":[{"count":0,"href":"https:\/\/www.europesays.com\/de\/wp-json\/wp\/v2\/posts\/702245\/revisions"}],"wp:featuredmedia":[{"embeddable":true,"href":"https:\/\/www.europesays.com\/de\/wp-json\/wp\/v2\/media\/702246"}],"wp:attachment":[{"href":"https:\/\/www.europesays.com\/de\/wp-json\/wp\/v2\/media?parent=702245"}],"wp:term":[{"taxonomy":"category","embeddable":true,"href":"https:\/\/www.europesays.com\/de\/wp-json\/wp\/v2\/categories?post=702245"},{"taxonomy":"post_tag","embeddable":true,"href":"https:\/\/www.europesays.com\/de\/wp-json\/wp\/v2\/tags?post=702245"}],"curies":[{"name":"wp","href":"https:\/\/api.w.org\/{rel}","templated":true}]}}