{"id":702305,"date":"2026-01-08T09:44:14","date_gmt":"2026-01-08T09:44:14","guid":{"rendered":"https:\/\/www.europesays.com\/de\/702305\/"},"modified":"2026-01-08T09:44:14","modified_gmt":"2026-01-08T09:44:14","slug":"gibt-es-wieder-aerger-dieser-schiri-pfeift-st-pauli-gegen-leipzig","status":"publish","type":"post","link":"https:\/\/www.europesays.com\/de\/702305\/","title":{"rendered":"Gibt es wieder \u00c4rger? Dieser Schiri pfeift St. Pauli gegen Leipzig"},"content":{"rendered":"<p><a href=\"https:\/\/www.mopo.de\/sport\/fc-st-pauli\/fans-werfen-bierbecher-schiri-wut-auf-st-pauli-raubt-einem-die-energie\/\" rel=\"nofollow noopener\" target=\"_blank\">Das letzte Mal, als er den Kiezklub in der Bundesliga pfiff, gab es gro\u00dfen \u00c4rger im Millerntor-Stadion<\/a>. Bei der 0:1-Niederlage der Kiezkicker gegen den VfB Stuttgart in der letzten Saison, haderte der FC St. <\/p>\n<p> Pauli im Nachhinein mit den Schiedsrichterentscheidungen. Gleich bei mehreren Situationen hatte Schiedsrichter Florian Exner nicht das n\u00f6tige Fingerspitzengef\u00fchl bewiesen. Als dann in der Nachspielzeit auch noch Torwart Nikola Vasilj in der Nachspielzeit innerhalb weniger Sekunden die Ampelkarte gezeigt bekam, hatten die Fans genug. Exner musste mit Regenschirmen in die Katakomben geleitet werden, da einige Anh\u00e4nger der Kiezkicker den Unparteiischen mit Bechern bewarfen. Nun wird er also ans Millerntor zur\u00fcckkehren. Denn Exner wird die Partei zwischen St. Pauli und RB Leipzig (Samstag, 15.30 Uhr, Liveticker auf MOPO.de) als Unparteiischer leiten. Sein Team wird von Nikolai Kimmeyer, Mitja Stegemann und Felix Bickel vervollst\u00e4ndigt. Video-Schiedrichter wird Pascal M\u00fcller sein. Sollten die St. Pauli-Fans sein letztes Spiel in Hamburg nicht vergessen haben, d\u00fcrfte es f\u00fcr Exner, der am Samstag sein 19. Bundesliga-Spiel leitet, ein sehr unangenehmer Nachmittag werden.<\/p>\n","protected":false},"excerpt":{"rendered":"Das letzte Mal, als er den Kiezklub in der Bundesliga pfiff, gab es gro\u00dfen \u00c4rger im Millerntor-Stadion. Bei&hellip;\n","protected":false},"author":2,"featured_media":422224,"comment_status":"","ping_status":"","sticky":false,"template":"","format":"standard","meta":{"footnotes":"","_share_on_mastodon":"0"},"categories":[1832],"tags":[3364,29,162140,30,71,162141,1655,859,482,162142],"class_list":["post-702305","post","type-post","status-publish","format-standard","has-post-thumbnail","category-leipzig","tag-de","tag-deutschland","tag-florian-exner","tag-germany","tag-leipzig","tag-pascal-mueller","tag-rb-leipzig","tag-sachsen","tag-schiedsrichter","tag-schiedsrichteransetzung"],"share_on_mastodon":{"url":"https:\/\/pubeurope.com\/@de\/115858837760430631","error":""},"_links":{"self":[{"href":"https:\/\/www.europesays.com\/de\/wp-json\/wp\/v2\/posts\/702305","targetHints":{"allow":["GET"]}}],"collection":[{"href":"https:\/\/www.europesays.com\/de\/wp-json\/wp\/v2\/posts"}],"about":[{"href":"https:\/\/www.europesays.com\/de\/wp-json\/wp\/v2\/types\/post"}],"author":[{"embeddable":true,"href":"https:\/\/www.europesays.com\/de\/wp-json\/wp\/v2\/users\/2"}],"replies":[{"embeddable":true,"href":"https:\/\/www.europesays.com\/de\/wp-json\/wp\/v2\/comments?post=702305"}],"version-history":[{"count":0,"href":"https:\/\/www.europesays.com\/de\/wp-json\/wp\/v2\/posts\/702305\/revisions"}],"wp:featuredmedia":[{"embeddable":true,"href":"https:\/\/www.europesays.com\/de\/wp-json\/wp\/v2\/media\/422224"}],"wp:attachment":[{"href":"https:\/\/www.europesays.com\/de\/wp-json\/wp\/v2\/media?parent=702305"}],"wp:term":[{"taxonomy":"category","embeddable":true,"href":"https:\/\/www.europesays.com\/de\/wp-json\/wp\/v2\/categories?post=702305"},{"taxonomy":"post_tag","embeddable":true,"href":"https:\/\/www.europesays.com\/de\/wp-json\/wp\/v2\/tags?post=702305"}],"curies":[{"name":"wp","href":"https:\/\/api.w.org\/{rel}","templated":true}]}}