{"id":702538,"date":"2026-01-08T11:55:15","date_gmt":"2026-01-08T11:55:15","guid":{"rendered":"https:\/\/www.europesays.com\/de\/702538\/"},"modified":"2026-01-08T11:55:15","modified_gmt":"2026-01-08T11:55:15","slug":"ring-des-nibelungen-geht-in-wuppertal-weiter","status":"publish","type":"post","link":"https:\/\/www.europesays.com\/de\/702538\/","title":{"rendered":"&#8222;Ring des Nibelungen&#8220; geht in Wuppertal weiter"},"content":{"rendered":"<p>            <a href=\"https:\/\/supertipp-online.de\/wp-content\/uploads\/2026\/01\/Das-Rheingold_20251019_c-SOW_Yannick-Dietrich_12.jpg\" data-caption=\"Patrick Hahn in \u203aDas Rheingold\u2039. Foto: Sinfonieorchester Wuppertal \/ Yannick Dietrich\" target=\"_blank\" rel=\"noopener\"><img loading=\"lazy\" decoding=\"async\" width=\"696\" height=\"464\" class=\"entry-thumb td-modal-image\" src=\"data:image\/svg+xml,%3Csvg%20xmlns=\" http:=\"\" data-lazy- data-lazy- alt=\"Patrick Hahn in \u203aDas Rheingold\u2039. Foto: Sinfonieorchester Wuppertal \/ Yannick Dietrich\" title=\"Das Rheingold_20251019_(c) SOW_Yannick Dietrich_12\" data-lazy-src=\"https:\/\/www.europesays.com\/de\/wp-content\/uploads\/2026\/01\/Das-Rheingold_20251019_c-SOW_Yannick-Dietrich_12-696x464.jpg\"\/><\/a>Patrick Hahn in \u203aDas Rheingold\u2039. Foto: Sinfonieorchester Wuppertal \/ Yannick Dietrich<\/p>\n<p><strong>Wuppertal. Generalmusikdirektor Patrick Hahn und das Sinfonieorchester Wuppertal <\/strong><strong>setzen ihren konzertanten \u201cRing des Nibelungen\u201d am Sonntag, 18. Januar, ab 16 Uhr mit Richard Wagners \u201cDie Walk\u00fcre\u201d in der Historischen Stadthalle Wuppertal fort. <\/strong><\/p>\n<p>Nach dem gro\u00dfen Erfolg zum Auftakt mit \u203aDas Rheingold\u2039, der vom Publikum begeistert aufgenommen wurde, verspricht der erste Tag des B\u00fchnenfestspiels erneut ein musikalisch und atmosph\u00e4risch herausragendes Konzerterlebnis zu werden. Daf\u00fcr sorgen eindrucksvolle Lichtstimmungen sowie international renommierte S\u00e4ngerinnen und S\u00e4nger, darunter Michael Kupfer-Radecky, St\u00e9phanie M\u00fcther, Maximilian Schmitt und Kurt Rydl.<\/p>\n<p>Der erste Tag des B\u00fchnenfestspiels ist gezeichnet von Lebensgef\u00fchlen in Ausnahmesituationen: Wotans stark ausgepr\u00e4gte v\u00e4terliche Liebe zu seiner Lieblingstochter Br\u00fcnnhilde sowie die inzestu\u00f6se Beziehung zwischen Siegmund und Sieglinde, ebenfalls Kinder Wotans, bilden den Kernkonflikt der \u203aWalk\u00fcre\u2039. G\u00f6ttermutter Fricka, Wotans Frau und H\u00fcterin der Ehe, zwingt ihren Mann, dem Geschwisterpaar seinen Schutz zu entziehen. Sollten sie die Regeln der G\u00f6tter weiterhin missachten, w\u00fcrden diese ihre Glaubw\u00fcrdigkeit gegen\u00fcber den Menschen verlieren. Schweren Herzens \u00fcbertr\u00e4gt Wotan Br\u00fcnnhilde die Aufgabe, das Schlachtlos gegen Siegmund zu wenden. Sie sp\u00fcrt jedoch die innere Zerrissenheit ihres Vaters und missachtet den Befehl. Da Br\u00fcnnhilde ihre Halbschwester<br \/>Sieglinde \u2013 mittlerweile schwanger von Siegmund \u2013 sch\u00fctzt, ist Wotan gezwungen, auch Br\u00fcnnhilde zu bestrafen. Auf einem von Flammen umloderten Felsen liegt Br\u00fcnnhilde nun im ewigen Schlaf, bis sie vom \u00bbfurchtlos freiesten Helden\u00ab geweckt wird.<\/p>\n<p>Mit seinem \u203aRing des Nibelungen\u2039 bereitet Richard Wagner den Weg f\u00fcr ein monumentales<br \/>Musikdrama, das die Grenzen von Oper als Gesamtkunstwerk neu definiert. Jetzt, 150 Jahre sp\u00e4ter und etwa 40 Jahre nach der letzten Inszenierung in Wuppertal, f\u00fchren die Musikerinnen und Musiker des Sinfonieorchester Wuppertal mit Patrick Hahn an vier Konzertabenden ausnahmsweise \u00bbRegie\u00ab. Denn Richard Wagner vollbringt in seinem \u203aRing\u2039 eine musikalische Pionierleistung: Noch nie wurden Gef\u00fchle, Pers\u00f6nlichkeiten, Objekte und Orte so eng mit den Melodien der Partitur verwoben und kehren in Form von Leitmotiven in einer solchen dramaturgischen Dichte zur\u00fcck.<\/p>\n<p>Zu den vier Konzertabenden gibt es ein Begleitprogramm, welches das \u203aRing\u2039-Erlebnis abrundet. So stehen jeweils eine Woche vorher Audioeinf\u00fchrungen mit Patrick Hahn und Dramaturg Fabio Rickenmann auf der Website des Sinfonieorchester Wuppertal zur Verf\u00fcgung. Studierende der Bergischen Universit\u00e4t Wuppertal stellen an den Abenden au\u00dferdem Grafiken aus, die von Richard Wagners Musik inspiriert sind. F\u00fcr die kulinarische Begleitung sorgt die Culinaria in der Historischen Stadthalle Wuppertal mit einem erweiterten Angebot vielf\u00e4ltiger Speisen und Getr\u00e4nke.<\/p>\n<p>Restkarten f\u00fcr die konzertante Auff\u00fchrung sind bei der Kultur-Karte oder unter <a href=\"http:\/\/sinfonieorchester-wuppertal.de\/ring\" target=\"_blank\" rel=\"nofollow noopener\">sinfonieorchester-wuppertal.de\/ring<\/a> erh\u00e4ltlich.<\/p>\n<p><a href=\"https:\/\/supertipp-online.de\/author\/avolkmann\" target=\"_blank\" rel=\"noopener\"><img loading=\"lazy\" decoding=\"async\" src=\"data:image\/svg+xml,%3Csvg%20xmlns=\" http:=\"\" width=\"200\" height=\"200\" alt=\"\" itemprop=\"image\" data-lazy-src=\"https:\/\/www.europesays.com\/de\/wp-content\/uploads\/2025\/04\/AndreVolkmann.jpg\"\/><\/a><\/p>\n<p>\u2026knipst oft Fotos in Schr\u00e4glage, um die Lokalnachrichten aus dem Kreis Mettmann zu bebildern und nennt das dann \u201cFotokunst\u201d. Spezialgebiete sind Rechtsthemen, Internet, Technik und Unterhaltung. Er ist mit der Kamera oft in Neviges unterwegs. Spielt Brettspiele und Videogames.<\/p>\n<p><strong>Motto<\/strong>: \u201cOnline ist f\u00fcr alles Platz\u201d<\/p>\n<p><strong>Mag<\/strong>: <a href=\"http:\/\/spielpunkt.net\" rel=\"noopener\" target=\"_blank\">Spiele<\/a>| <a href=\"https:\/\/supertipp-online.de\/tag\/oepnv\" rel=\"noopener\" target=\"_blank\">\u00d6PNV<\/a> | <a href=\"https:\/\/supertipp-online.de\/tag\/wetter\" rel=\"noopener\" target=\"_blank\">Wetter<\/a> | <a href=\"https:\/\/supertipp-online.de\/tag\/natur\" target=\"_blank\" rel=\"noopener\">Natur<\/a><\/p>\n<p>Sie m\u00f6chten w\u00f6chentlich den Gru\u00df aus der Redaktion erhalten? Abonnieren Sie unseren Newsletter: <a href=\"https:\/\/supertipp-online.de\/newsletter\" rel=\"noopener\" target=\"_blank\">Kostenlos dabei sein<\/a>.<\/p>\n","protected":false},"excerpt":{"rendered":"Patrick Hahn in \u203aDas Rheingold\u2039. Foto: Sinfonieorchester Wuppertal \/ Yannick Dietrich Wuppertal. Generalmusikdirektor Patrick Hahn und das Sinfonieorchester&hellip;\n","protected":false},"author":2,"featured_media":702539,"comment_status":"","ping_status":"","sticky":false,"template":"","format":"standard","meta":{"footnotes":""},"categories":[1840],"tags":[3364,29,30,1209,4418],"class_list":{"0":"post-702538","1":"post","2":"type-post","3":"status-publish","4":"format-standard","5":"has-post-thumbnail","7":"category-wuppertal","8":"tag-de","9":"tag-deutschland","10":"tag-germany","11":"tag-nordrhein-westfalen","12":"tag-wuppertal"},"share_on_mastodon":{"url":"https:\/\/pubeurope.com\/@de\/115859352978259133","error":""},"_links":{"self":[{"href":"https:\/\/www.europesays.com\/de\/wp-json\/wp\/v2\/posts\/702538","targetHints":{"allow":["GET"]}}],"collection":[{"href":"https:\/\/www.europesays.com\/de\/wp-json\/wp\/v2\/posts"}],"about":[{"href":"https:\/\/www.europesays.com\/de\/wp-json\/wp\/v2\/types\/post"}],"author":[{"embeddable":true,"href":"https:\/\/www.europesays.com\/de\/wp-json\/wp\/v2\/users\/2"}],"replies":[{"embeddable":true,"href":"https:\/\/www.europesays.com\/de\/wp-json\/wp\/v2\/comments?post=702538"}],"version-history":[{"count":0,"href":"https:\/\/www.europesays.com\/de\/wp-json\/wp\/v2\/posts\/702538\/revisions"}],"wp:featuredmedia":[{"embeddable":true,"href":"https:\/\/www.europesays.com\/de\/wp-json\/wp\/v2\/media\/702539"}],"wp:attachment":[{"href":"https:\/\/www.europesays.com\/de\/wp-json\/wp\/v2\/media?parent=702538"}],"wp:term":[{"taxonomy":"category","embeddable":true,"href":"https:\/\/www.europesays.com\/de\/wp-json\/wp\/v2\/categories?post=702538"},{"taxonomy":"post_tag","embeddable":true,"href":"https:\/\/www.europesays.com\/de\/wp-json\/wp\/v2\/tags?post=702538"}],"curies":[{"name":"wp","href":"https:\/\/api.w.org\/{rel}","templated":true}]}}