{"id":702554,"date":"2026-01-08T12:05:11","date_gmt":"2026-01-08T12:05:11","guid":{"rendered":"https:\/\/www.europesays.com\/de\/702554\/"},"modified":"2026-01-08T12:05:11","modified_gmt":"2026-01-08T12:05:11","slug":"jetzt-fuerchten-sogar-geheimdienste-den-amoc-kipppunkt-fuer-europa","status":"publish","type":"post","link":"https:\/\/www.europesays.com\/de\/702554\/","title":{"rendered":"Jetzt f\u00fcrchten sogar Geheimdienste den Amoc-Kipppunkt f\u00fcr Europa"},"content":{"rendered":"<p>Jetzt f\u00fcrchten sogar Geheimdienste den Amoc-Kipppunkt f\u00fcr Europa<\/p>\n<p>Der Kollaps einer der wichtigsten Meeresstr\u00f6mungen der Erde gilt nicht mehr als fernes unrealistisches Risiko. Neue Studien, Geheimdienst-Berichte und nationale Sicherheitsanalysen schlagen Alarm: Von Island bis London wird die Amoc zum geopolitischen Faktor \u2013 mit potenziell drastischen Folgen f\u00fcr Europa.<\/p>\n","protected":false},"excerpt":{"rendered":"Jetzt f\u00fcrchten sogar Geheimdienste den Amoc-Kipppunkt f\u00fcr Europa Der Kollaps einer der wichtigsten Meeresstr\u00f6mungen der Erde gilt nicht&hellip;\n","protected":false},"author":2,"featured_media":702555,"comment_status":"","ping_status":"","sticky":false,"template":"","format":"standard","meta":{"footnotes":""},"categories":[3933],"tags":[331,332,548,663,158,3934,3935,13,40201,3676,14,15,12,5329,5788],"class_list":{"0":"post-702554","1":"post","2":"type-post","3":"status-publish","4":"format-standard","5":"has-post-thumbnail","7":"category-eu","8":"tag-aktuelle-nachrichten","9":"tag-aktuelle-news","10":"tag-eu","11":"tag-europa","12":"tag-europaeische-union","13":"tag-europe","14":"tag-european-union","15":"tag-headlines","16":"tag-kategorien","17":"tag-mediathek","18":"tag-nachrichten","19":"tag-news","20":"tag-schlagzeilen","21":"tag-video","22":"tag-videos"},"share_on_mastodon":{"url":"https:\/\/pubeurope.com\/@de\/115859392053527913","error":""},"_links":{"self":[{"href":"https:\/\/www.europesays.com\/de\/wp-json\/wp\/v2\/posts\/702554","targetHints":{"allow":["GET"]}}],"collection":[{"href":"https:\/\/www.europesays.com\/de\/wp-json\/wp\/v2\/posts"}],"about":[{"href":"https:\/\/www.europesays.com\/de\/wp-json\/wp\/v2\/types\/post"}],"author":[{"embeddable":true,"href":"https:\/\/www.europesays.com\/de\/wp-json\/wp\/v2\/users\/2"}],"replies":[{"embeddable":true,"href":"https:\/\/www.europesays.com\/de\/wp-json\/wp\/v2\/comments?post=702554"}],"version-history":[{"count":0,"href":"https:\/\/www.europesays.com\/de\/wp-json\/wp\/v2\/posts\/702554\/revisions"}],"wp:featuredmedia":[{"embeddable":true,"href":"https:\/\/www.europesays.com\/de\/wp-json\/wp\/v2\/media\/702555"}],"wp:attachment":[{"href":"https:\/\/www.europesays.com\/de\/wp-json\/wp\/v2\/media?parent=702554"}],"wp:term":[{"taxonomy":"category","embeddable":true,"href":"https:\/\/www.europesays.com\/de\/wp-json\/wp\/v2\/categories?post=702554"},{"taxonomy":"post_tag","embeddable":true,"href":"https:\/\/www.europesays.com\/de\/wp-json\/wp\/v2\/tags?post=702554"}],"curies":[{"name":"wp","href":"https:\/\/api.w.org\/{rel}","templated":true}]}}