{"id":702562,"date":"2026-01-08T12:10:12","date_gmt":"2026-01-08T12:10:12","guid":{"rendered":"https:\/\/www.europesays.com\/de\/702562\/"},"modified":"2026-01-08T12:10:12","modified_gmt":"2026-01-08T12:10:12","slug":"dritt-und-viertklaessler-trainieren-ki","status":"publish","type":"post","link":"https:\/\/www.europesays.com\/de\/702562\/","title":{"rendered":"Dritt- und Viertkl\u00e4ssler trainieren KI"},"content":{"rendered":"<p class=\"text_ohne_einzug richtext text-em-55 !leading-serif mx-6 desktop:mx-0\">Wie funktioniert k\u00fcnstliche Intelligenz? Das ist eine der zentralen Fragen, mit der sich derzeit Dritt- und Viertkl\u00e4ssler der Adelheidisschule in Vilich besch\u00e4ftigen. F\u00fcr ihr aktuelles Projekt wurden die Beueler Grundschule sowie drei weitere Schulen aus NRW f\u00fcr den neuen KI-Schulpreis 2025 nominiert, auf den sich rund 190 Schulen aus NRW beworben haben. Der bundesweite Wettbewerb wird vom Verein \u201eDeutschland \u2013 Land der Ideen\u201c der Deutschen Telekom Stiftung und der Dieter Schwarz Stiftung gef\u00f6rdert und zeichnet Schulen aus, die KI innovativ und p\u00e4dagogisch sinnvoll im Unterricht, in der Schule oder zur individuellen F\u00f6rderung von Sch\u00fclern einsetzen.<\/p>\n","protected":false},"excerpt":{"rendered":"Wie funktioniert k\u00fcnstliche Intelligenz? Das ist eine der zentralen Fragen, mit der sich derzeit Dritt- und Viertkl\u00e4ssler der&hellip;\n","protected":false},"author":2,"featured_media":702563,"comment_status":"","ping_status":"","sticky":false,"template":"","format":"standard","meta":{"footnotes":""},"categories":[1842],"tags":[1741,3364,29,30,1209],"class_list":{"0":"post-702562","1":"post","2":"type-post","3":"status-publish","4":"format-standard","5":"has-post-thumbnail","7":"category-bonn","8":"tag-bonn","9":"tag-de","10":"tag-deutschland","11":"tag-germany","12":"tag-nordrhein-westfalen"},"share_on_mastodon":{"url":"https:\/\/pubeurope.com\/@de\/115859411704431585","error":""},"_links":{"self":[{"href":"https:\/\/www.europesays.com\/de\/wp-json\/wp\/v2\/posts\/702562","targetHints":{"allow":["GET"]}}],"collection":[{"href":"https:\/\/www.europesays.com\/de\/wp-json\/wp\/v2\/posts"}],"about":[{"href":"https:\/\/www.europesays.com\/de\/wp-json\/wp\/v2\/types\/post"}],"author":[{"embeddable":true,"href":"https:\/\/www.europesays.com\/de\/wp-json\/wp\/v2\/users\/2"}],"replies":[{"embeddable":true,"href":"https:\/\/www.europesays.com\/de\/wp-json\/wp\/v2\/comments?post=702562"}],"version-history":[{"count":0,"href":"https:\/\/www.europesays.com\/de\/wp-json\/wp\/v2\/posts\/702562\/revisions"}],"wp:featuredmedia":[{"embeddable":true,"href":"https:\/\/www.europesays.com\/de\/wp-json\/wp\/v2\/media\/702563"}],"wp:attachment":[{"href":"https:\/\/www.europesays.com\/de\/wp-json\/wp\/v2\/media?parent=702562"}],"wp:term":[{"taxonomy":"category","embeddable":true,"href":"https:\/\/www.europesays.com\/de\/wp-json\/wp\/v2\/categories?post=702562"},{"taxonomy":"post_tag","embeddable":true,"href":"https:\/\/www.europesays.com\/de\/wp-json\/wp\/v2\/tags?post=702562"}],"curies":[{"name":"wp","href":"https:\/\/api.w.org\/{rel}","templated":true}]}}