{"id":702757,"date":"2026-01-08T14:00:21","date_gmt":"2026-01-08T14:00:21","guid":{"rendered":"https:\/\/www.europesays.com\/de\/702757\/"},"modified":"2026-01-08T14:00:21","modified_gmt":"2026-01-08T14:00:21","slug":"kultur-hochburg-landkreis-muenchen-landkreis-muenchen","status":"publish","type":"post","link":"https:\/\/www.europesays.com\/de\/702757\/","title":{"rendered":"Kultur-Hochburg Landkreis M\u00fcnchen: &#8211; Landkreis M\u00fcnchen"},"content":{"rendered":"<p data-manual=\"paragraph\" data-schema-org-speakable=\"true\" class=\"css-1eosz7k\">Der Begriff \u201eKultur\u201c \u00f6ffnet das Tor zu einem Reich an Bedeutungen und Definitionen. Jenseits der trendig-inflation\u00e4ren Verwendung des Worts als Form einer gesellschaftlichen Verhaltenstechnik\u00a0\u2013 Kultur der Achtsamkeit, Willkommenskultur, Kultur des Hinschauens oder des Wegschauens \u2013 leuchtet die konkrete Bestimmung der Kultur als Pflege des menschlichen Geistes (lateinisch Cultura:\u00a0 Pflege, Bebauung, Urbarmachung) in einem Spannungsverh\u00e4ltnis zur Natur ein. Diese geistige Pflege ist inspiriert durch und eingebettet in den Kontext von Kultur als Synonym f\u00fcr die sch\u00f6nen K\u00fcnste \u2013 Literatur, Musik, Bildende Kunst\u00a0\u2013\u00a0sowie als Heimat identit\u00e4tsstiftender Traditionen.<\/p>\n<p data-manual=\"paragraph\" data-schema-org-speakable=\"true\" class=\"css-1eosz7k\">Der bev\u00f6lkerungsreichste Landkreis Bayerns ist in dieser Hinsicht gut aufgestellt: Im <a href=\"https:\/\/www.sueddeutsche.de\/thema\/Landkreis_M%C3%BCnchen\" target=\"_blank\" rel=\"noopener\">Landkreis M\u00fcnchen<\/a> gibt es etwa 35 Theatervereine und 28 Museen. Hinzu kommen 30 Musikschulen, aber auch 18 Trachtenvereine sowie 27 Blaskapellen und Spielmannsz\u00fcge, ist in der neuen Statistik-Brosch\u00fcre des Landratsamtes M\u00fcnchen zu lesen. Viele der 29 Kommunen haben \u00fcberdies B\u00fcrgerh\u00e4user mit anspruchsvollen, teils \u00fcppigen Kulturprogrammen, es gibt 31 \u00f6ffentliche Bibliotheken und B\u00fcchereien.<\/p>\n<p data-manual=\"paragraph\" data-schema-org-speakable=\"true\" class=\"css-1eosz7k\">\u201eKultur ist Ausdruck von Vielfalt und Zusammenhalt, sie erm\u00f6glicht Reflexion und f\u00f6rdert das Verst\u00e4ndnis f\u00fcreinander\u201c, erkl\u00e4rt Landrat Christoph G\u00f6bel. \u201eKultur ist mehr als Unterhaltung: Sie ist ein Fundament f\u00fcr Demokratie und gesellschaftlichen Wandel. Sie tr\u00e4gt entscheidend zur Lebensqualit\u00e4t und Attraktivit\u00e4t unseres Landkreises bei\u201c, f\u00fcgt der CSU-Politiker im Vorwort zur neuen Ausgabe der Brosch\u00fcrenreihe \u201eAuf einen Blick\u201c hinzu, die das Landratsamt einmal im Jahr herausgibt. <a href=\"https:\/\/www.landkreis-muenchen.de\/artikel\/kultur-auf-einen-blick\/\" target=\"_blank\" rel=\"noopener\">Die Brosch\u00fcre<\/a>, die aktuelle Zahlen und Hintergr\u00fcnde, Statistiken und Grafiken zu unterschiedlichen Themenbereichen im Landkreis M\u00fcnchen \u2013 von Bev\u00f6lkerung und Finanzen bis hin zu Gesundheit, Katastrophenschutz und Umwelt \u2013 versammelt, widmet sich diesmal schwerpunktm\u00e4\u00dfig der Kultur.<\/p>\n<p data-manual=\"paragraph\" data-schema-org-speakable=\"true\" class=\"css-1eosz7k\">\u00dcber die oben bereits genannten Zahlen hinaus erf\u00e4hrt der Leser etwa, dass es sage und schreibe 460 Vereine f\u00fcr Kunst, Kultur und Brauchtum gibt. Getoppt wird das im Landkreis M\u00fcnchen mit seinen rund 1250 Vereinen nur von den 475 Sport- und Freizeitklubs. Zu den besonderen Vereinen geh\u00f6ren solche wie der Schnupfclub Ismaning oder die Literarische Gesellschaft Gr\u00e4felfing. Zudem gibt es 619 Baudenkm\u00e4ler im Landkreis plus acht Denkmal-Ensembles sowie zahlreiche Bodendenkm\u00e4ler.<\/p>\n<p data-manual=\"paragraph\" data-schema-org-speakable=\"true\" class=\"css-1eosz7k\">W\u00e4hrend hier unter anderem die Expertise des ehrenamtlichen Kreisdenkmalpflegers Rolf Katzendobler gefragt ist, hat der Landkreis M\u00fcnchen als einer der wenigen Kreise in Bayern zudem einen eigenen Kulturreferenten: Rainer Klier, er hat seit 2020 dieses Amt inne. \u201eKultur lebt von der Interaktion\u201c ist eine seiner Maximen, er sieht sich als Br\u00fcckenbauer zwischen Verwaltung und Kulturszene, zwischen Ehrenamtlichen und Profis, zwischen Tradition und Moderne sowie zwischen den Kommunen untereinander. Akzentuiert wird die Arbeit des Kulturreferats durch eigene Veranstaltungsformate wie den Tag der Blasmusik, Volkstanzabende oder das Sommerprojekt \u201eDahoam im Landkreis\u201c.<\/p>\n<p><img decoding=\"async\" src=\"https:\/\/www.europesays.com\/de\/wp-content\/uploads\/2026\/01\/c6b8012c-6d67-41c8-a7f1-b6c734ca36b6.jpeg\"   alt=\"Tag der Blasmusik des Landkreises M\u00fcnchen: Hier musizieren und und marschieren Mitglieder der Blasmusik Aschheim beim Treffen in Ismaning 2024.\u00a0\u00a0\" loading=\"lazy\" class=\"css-8atqhb\"\/>Tag der Blasmusik des Landkreises M\u00fcnchen: Hier musizieren und und marschieren Mitglieder der Blasmusik Aschheim beim Treffen in Ismaning 2024.\u00a0\u00a0 (Foto: Florian Peljak)<\/p>\n<p data-manual=\"paragraph\" data-schema-org-speakable=\"true\" class=\"css-1eosz7k\">Wer der Kultur \u2013 wie in den Zeiten der Corona-Pandemie \u2013 die Systemrelevanz in Abrede stellt oder gar den Spruch \u201eIt\u2019s\u00a0the economy, stupid!\u201c zitiert, dem k\u00f6nnte man entgegenhalten: Die Kultur- und Kreativwirtschaft ist im Landkreis M\u00fcnchen ein bedeutender Wirtschaftsfaktor und, wie in der Brosch\u00fcre des Landratsamtes erkl\u00e4rt wird, \u201egleichzeitig ein Motor f\u00fcr Innovation und gesellschaftlichen Zusammenhalt\u201c. In Bereichen wie Design, Architektur, Musik, Film, Theater, Games, digitale Medienproduktion, Rundfunk, Fernsehen, Presse oder Werbung f\u00e4nden hier \u201ezahlreiche Menschen Arbeit und Perspektiven\u201c. Insgesamt arbeiten 12,25 Prozent der Menschen im Landkreis M\u00fcnchen in der Kultur- und Kreativwirtschaft. Herausragend in diesem Kontext sind der Mediencluster in <a href=\"https:\/\/www.sueddeutsche.de\/thema\/Unterf%C3%B6hring\" target=\"_blank\" rel=\"noopener\">Unterf\u00f6hring<\/a> und Ismaning mit zahlreichen Rundfunk- und Fernsehsendern sowie Produktionsfirmen oder auch die Bavaria-Filmstudios in Gr\u00fcnwald.<\/p>\n<p data-manual=\"paragraph\" data-schema-org-speakable=\"true\" class=\"css-1eosz7k\">Generell d\u00fcrfte der Kultur gerade in unsicheren Zeiten wie diesen eine \u201ebesondere Bedeutung\u201c zukommen, weil sie, wie Landrat Christoph G\u00f6bel betont, \u201eIdentit\u00e4t stiftet und R\u00e4ume der Begegnung schafft\u201c. Die Veranstalter, Kulturmacher, K\u00fcnstler und Kommunen im heterogenen Landkreis M\u00fcnchen haben jedenfalls auch f\u00fcr 2026 Angebote und Programme auf die Beine gestellt, die zahlreiche W\u00fcnsche befriedigen d\u00fcrften. Hohe Qualit\u00e4t und Vielfalt sind dabei gleichsam eine Selbstverst\u00e4ndlichkeit in einer wohlhabenden Region mit anspruchsvollem Kulturpublikum, wobei die Konkurrenz von ambitionierten H\u00e4usern in den Nachbargemeinden oder das reiche Angebot der nahen Gro\u00dfstadt ein \u00dcbriges tun.<\/p>\n<p>Zwei Kulturtempel feiern runde Geburtstage<\/p>\n<p data-manual=\"paragraph\" data-schema-org-speakable=\"true\" class=\"css-1eosz7k\">Unter anderem feiern 2026 zwei besondere \u201eKulturtempel\u201c des Landkreises runde Geburtstage. Das <a href=\"https:\/\/www.buergerhaus-pullach.de\/\" target=\"_blank\" rel=\"noopener\">Pullacher B\u00fcrgerhaus<\/a>\u00a0wurde 1996 er\u00f6ffnet, Leiterin Hannah Stegmayer will das Publikum nicht nur erneut mit einem \u201eleidenschaftlichen Programm\u201c fesseln, sondern pr\u00e4sentiert im April auch eine Jubil\u00e4ums-Variet\u00e9-Show (\u201e30 Jahre B\u00fcrgerhaus\u201c) mit dem im Isartal lebenden Zauberer und Gedankenleser Thorsten Havener. Das <a href=\"https:\/\/wfh-ottobrunn.de\/\" target=\"_blank\" rel=\"noopener\">Wolf-Ferrari-Haus<\/a> in <a href=\"https:\/\/www.sueddeutsche.de\/thema\/Ottobrunn\" target=\"_blank\" rel=\"noopener\">Ottobrunn<\/a> wird 2026 bereits 40 Jahre alt (und der Namensgeber, der deutsch-italienische Komponist Ermanno Wolf-Ferrari, h\u00e4tte heuer seinen 150. Geburtstag gefeiert). Neben dem klassischen Programm ist das Haus nicht zuletzt als Schauplatz der \u201eOttobrunner Konzerte\u201c bekannt. Kein B\u00fcrgerhaus, sondern die ganze Gemeinde feiert in Baierbrunn 2026 Jubil\u00e4um. Die 1250-Jahrfeier des Ortes zieht sich \u00fcber zw\u00f6lf Monate, die Hochsaison der Festivit\u00e4ten ist von Mai bis Juli mit Zeltfest, Konzerten, Mittelaltermarkt und Drohnenshow.<\/p>\n<p><img decoding=\"async\" src=\"https:\/\/www.europesays.com\/de\/wp-content\/uploads\/2026\/01\/6299bc58-148d-46cc-98ce-21785f55ec97.jpg\"   alt=\"Barbara Schulte-Rief hat als Leiterin des Kulturamtes Unterf\u00f6hring zum Jahreswechsel aufgeh\u00f6rt. Ihr Nachfolger ist der bisherige Stellvertreter Florian Nagel\" loading=\"lazy\" class=\"css-8atqhb\"\/>Barbara Schulte-Rief hat als Leiterin des Kulturamtes Unterf\u00f6hring zum Jahreswechsel aufgeh\u00f6rt. Ihr Nachfolger ist der bisherige Stellvertreter Florian Nagel (Foto: Robert Haas)<\/p>\n<p data-manual=\"paragraph\" data-schema-org-speakable=\"true\" class=\"css-1eosz7k\">Gar kein Jubil\u00e4um wird in Unterf\u00f6hring begangen \u2013 das gro\u00dfe, optisch eindrucksvolle B\u00fcrgerhaus wurde 2010 er\u00f6ffnet \u2013 aber daf\u00fcr bringt das neue Jahr einen Wechsel an der Spitze: Die langj\u00e4hrige Kulturamtsleiterin Barbara Schulte-Rief, die das Haus schon als Baustelle begleitete und sukzessive im Kulturleben der Region etablierte und mit dem internationalen Jazz-Weekend auch \u00fcberregionalen Glanz in die Gemeinde holte, hat zum Jahresende den Stab an ihren bisherigen Stellvertreter Florian Nagel weitergereicht. \u201eDas B\u00fcrgerhaus wei\u00df ich in den besten H\u00e4nden\u201c, erkl\u00e4rt die 48-J\u00e4hrige, die nach Wangen ins Allg\u00e4u umsiedelt und dort ein Konzept f\u00fcr die Nachnutzung von ehemaligen Landesgartenschaufl\u00e4chen erstellen soll. Der Grund f\u00fcr ihren Abschied nach 15 Jahren? Sie wolle noch mal etwas \u201eNeues wagen\u201c. Und: \u201eEs wurde einfach Zeit.\u201c<\/p>\n<p data-manual=\"paragraph\" data-schema-org-speakable=\"true\" class=\"css-1eosz7k\">Etwas Neues wagen\u00a0\u2013\u00a0das ist nat\u00fcrlich generell ein gutes Motto f\u00fcrs neue Jahr. Das f\u00e4ngt schon im Kleinen an: Sei es, mal wieder ins Theater zu gehen. Oder ein Jazz-Konzert zu besuchen. Ein Bild malen. Oder Mitglied im Schnupfclub werden.<\/p>\n","protected":false},"excerpt":{"rendered":"Der Begriff \u201eKultur\u201c \u00f6ffnet das Tor zu einem Reich an Bedeutungen und Definitionen. Jenseits der trendig-inflation\u00e4ren Verwendung des&hellip;\n","protected":false},"author":2,"featured_media":702758,"comment_status":"","ping_status":"","sticky":false,"template":"","format":"standard","meta":{"footnotes":""},"categories":[1827],"tags":[772,29,30,11243,2527,1268,2339,14535,11382,149,11383],"class_list":{"0":"post-702757","1":"post","2":"type-post","3":"status-publish","4":"format-standard","5":"has-post-thumbnail","7":"category-muenchen","8":"tag-bayern","9":"tag-deutschland","10":"tag-germany","11":"tag-kultur-im-landkreis-muenchen","12":"tag-landkreis-muenchen","13":"tag-muenchen","14":"tag-oberbayern","15":"tag-ottobrunn","16":"tag-pullach","17":"tag-sueddeutsche-zeitung","18":"tag-unterfoehring"},"share_on_mastodon":{"url":"https:\/\/pubeurope.com\/@de\/115859844387411100","error":""},"_links":{"self":[{"href":"https:\/\/www.europesays.com\/de\/wp-json\/wp\/v2\/posts\/702757","targetHints":{"allow":["GET"]}}],"collection":[{"href":"https:\/\/www.europesays.com\/de\/wp-json\/wp\/v2\/posts"}],"about":[{"href":"https:\/\/www.europesays.com\/de\/wp-json\/wp\/v2\/types\/post"}],"author":[{"embeddable":true,"href":"https:\/\/www.europesays.com\/de\/wp-json\/wp\/v2\/users\/2"}],"replies":[{"embeddable":true,"href":"https:\/\/www.europesays.com\/de\/wp-json\/wp\/v2\/comments?post=702757"}],"version-history":[{"count":0,"href":"https:\/\/www.europesays.com\/de\/wp-json\/wp\/v2\/posts\/702757\/revisions"}],"wp:featuredmedia":[{"embeddable":true,"href":"https:\/\/www.europesays.com\/de\/wp-json\/wp\/v2\/media\/702758"}],"wp:attachment":[{"href":"https:\/\/www.europesays.com\/de\/wp-json\/wp\/v2\/media?parent=702757"}],"wp:term":[{"taxonomy":"category","embeddable":true,"href":"https:\/\/www.europesays.com\/de\/wp-json\/wp\/v2\/categories?post=702757"},{"taxonomy":"post_tag","embeddable":true,"href":"https:\/\/www.europesays.com\/de\/wp-json\/wp\/v2\/tags?post=702757"}],"curies":[{"name":"wp","href":"https:\/\/api.w.org\/{rel}","templated":true}]}}