{"id":702975,"date":"2026-01-08T16:02:13","date_gmt":"2026-01-08T16:02:13","guid":{"rendered":"https:\/\/www.europesays.com\/de\/702975\/"},"modified":"2026-01-08T16:02:13","modified_gmt":"2026-01-08T16:02:13","slug":"testspiel-gegen-hansa-rostock-verlegt-arminia-bielefeld-hat-etwas-zu-verbergen-fussball","status":"publish","type":"post","link":"https:\/\/www.europesays.com\/de\/702975\/","title":{"rendered":"Testspiel gegen Hansa Rostock verlegt: Arminia Bielefeld hat etwas zu verbergen | Fussball"},"content":{"rendered":"<p id=\"absatz1\" class=\"em_text\">Bielefeld. Arminia Bielefeld bestreitet im Vorfeld der R\u00fcckrunde in der 2. Fu\u00dfball-Bundesliga lediglich ein Testspiel. An diesem Freitag (9. Januar) gastiert der Drittligist FC Hansa Rostock in Ostwestfalen.<\/p>\n<p id=\"absatz2\" class=\"em_text\">Die Partie beginnt aufgrund der besonderen Witterungsverh\u00e4ltnisse jedoch nicht wie urspr\u00fcnglich geplant um 14 Uhr, sondern bereits um 12 Uhr. Die Spieldauer betr\u00e4gt insgesamt 120 Minuten (45+45+30).<\/p>\n<p id=\"absatz3\" class=\"em_text\">Der Livestream des DSC und auch unser Liveticker k\u00f6nnen jedoch erst um circa 12.45 Uhr beginnen. Da sowohl Arminias Trainer Mitch Kniat als auch Hansa-Coach Daniel Brinkmann etwas Wichtiges ausprobieren m\u00f6chten, wird die \u00d6ffentlichkeit von den ersten 45 Minuten komplett ausgeschlossen.<\/p>\n<p>Hansa will aufsteigen, Arminia nicht absteigen<\/p>\n<p id=\"absatz4\" class=\"em_text\">Zuschauer sind am Trainingszentrum an der Friedrich-Hagemann-Stra\u00dfe ohnehin nicht zugelassen.<\/p>\n<p id=\"absatz5\" class=\"em_text\">Die vom ehemaligen Arminia-Profi Brinkmann trainierten Rostocker belegen in der 3. Liga Tabellenplatz f\u00fcnf und befinden sich damit in Schlagdistanz zu den Aufstiegspl\u00e4tzen. Bielefeld ist in der 2. Liga 14. und hat nur noch zwei Z\u00e4hler Vorsprung auf Relegationsrang 16.<\/p>\n<p id=\"absatz6\" class=\"em_text\">Hansa startet am Samstag, 17. Januar, mit einem Heimspiel gegen Erzgebirge Aue in die R\u00fcckrunde, Arminia bereits am Freitag, 16. Januar, mit einem Ausw\u00e4rtsspiel bei Fortuna D\u00fcsseldorf.<\/p>\n<p>Kniat spricht von einem \u201eTest auf Zweitliganiveau\u201c<\/p>\n<p id=\"absatz7\" class=\"em_text\">\u201eRostock ist eine Mannschaft, die hochintensiv spielt, eine, die sich hier nicht verstecken wird. Sie geh\u00f6ren zu den Topmannschaften der 3. Liga. Das hei\u00dft, wir testen mehr oder weniger auf Zweitliganiveau\u201c, sagt Kniat. Er komme mit FCH-Trainer Brinkmann \u201esuper aus, darum waren die Wege sehr kurz. Es ist ein optimaler Gegner f\u00fcr eine Generalprobe. Und bei einer Generalprobe l\u00e4sst man normalerweise ziemlich viel so spielen, wie es auch eine Woche sp\u00e4ter sein wird.\u201c<\/p>\n<p id=\"absatz8\" class=\"em_text\">Verzichten muss Kniat allerdings auf Offensivspieler Jannik Rochelt. Die Winter-Leihgabe von Hannover 96 f\u00e4llt krankheitsbedingt aus.<\/p>\n<p id=\"absatz9\" class=\"em_text\">Die Rostocker, die bereits am Donnerstag nach Ostwestfalen reisen, fahren nach dem Abpfiff direkt wieder in die Heimat, wo sie am Samstag um 13 Uhr noch ein weiteres Testspiel gegen den Regionalligisten BFC Preussen bestreiten werden. <\/p>\n","protected":false},"excerpt":{"rendered":"Bielefeld. Arminia Bielefeld bestreitet im Vorfeld der R\u00fcckrunde in der 2. Fu\u00dfball-Bundesliga lediglich ein Testspiel. An diesem Freitag&hellip;\n","protected":false},"author":2,"featured_media":702976,"comment_status":"","ping_status":"","sticky":false,"template":"","format":"standard","meta":{"footnotes":""},"categories":[1841],"tags":[2368,1605,3364,29,8401,30,4158,729,1613,1209,3144,68531,583,4279,11460,57305],"class_list":{"0":"post-702975","1":"post","2":"type-post","3":"status-publish","4":"format-standard","5":"has-post-thumbnail","7":"category-bielefeld","8":"tag-arminia-bielefeld","9":"tag-bielefeld","10":"tag-de","11":"tag-deutschland","12":"tag-fuball-bundesliga","13":"tag-germany","14":"tag-hansa-rostock","15":"tag-label_s-50","16":"tag-meta_userneeds_informieremich","17":"tag-nordrhein-westfalen","18":"tag-ostwestfalen","19":"tag-rckrunde","20":"tag-rostock","21":"tag-serie_nlarminia","22":"tag-testspiel","23":"tag-vorbereitungsspiel"},"share_on_mastodon":{"url":"https:\/\/pubeurope.com\/@de\/115860324009741031","error":""},"_links":{"self":[{"href":"https:\/\/www.europesays.com\/de\/wp-json\/wp\/v2\/posts\/702975","targetHints":{"allow":["GET"]}}],"collection":[{"href":"https:\/\/www.europesays.com\/de\/wp-json\/wp\/v2\/posts"}],"about":[{"href":"https:\/\/www.europesays.com\/de\/wp-json\/wp\/v2\/types\/post"}],"author":[{"embeddable":true,"href":"https:\/\/www.europesays.com\/de\/wp-json\/wp\/v2\/users\/2"}],"replies":[{"embeddable":true,"href":"https:\/\/www.europesays.com\/de\/wp-json\/wp\/v2\/comments?post=702975"}],"version-history":[{"count":0,"href":"https:\/\/www.europesays.com\/de\/wp-json\/wp\/v2\/posts\/702975\/revisions"}],"wp:featuredmedia":[{"embeddable":true,"href":"https:\/\/www.europesays.com\/de\/wp-json\/wp\/v2\/media\/702976"}],"wp:attachment":[{"href":"https:\/\/www.europesays.com\/de\/wp-json\/wp\/v2\/media?parent=702975"}],"wp:term":[{"taxonomy":"category","embeddable":true,"href":"https:\/\/www.europesays.com\/de\/wp-json\/wp\/v2\/categories?post=702975"},{"taxonomy":"post_tag","embeddable":true,"href":"https:\/\/www.europesays.com\/de\/wp-json\/wp\/v2\/tags?post=702975"}],"curies":[{"name":"wp","href":"https:\/\/api.w.org\/{rel}","templated":true}]}}