{"id":703037,"date":"2026-01-08T16:35:10","date_gmt":"2026-01-08T16:35:10","guid":{"rendered":"https:\/\/www.europesays.com\/de\/703037\/"},"modified":"2026-01-08T16:35:10","modified_gmt":"2026-01-08T16:35:10","slug":"duesseldorfer-rotarier-sprechen-mit-schuelern-ueber-tops-und-flops-ihrer-karrieren","status":"publish","type":"post","link":"https:\/\/www.europesays.com\/de\/703037\/","title":{"rendered":"D\u00fcsseldorfer Rotarier sprechen mit Sch\u00fclern \u00fcber Tops und Flops ihrer Karrieren"},"content":{"rendered":"<p class=\"text_ohne_einzug richtext text-em-55 !leading-serif mx-6 desktop:mx-0\">Die D\u00fcsseldorfer Rotarier wollen Heranwachsenden in der Landeshauptstadt m\u00f6glichst ungeschminkte Einblicke in interessante Berufsbiografien erm\u00f6glichen. \u201eWir wollen die Berufsorientierung ehrlich machen und versuchen, echte berufliche Werdeg\u00e4nge direkt in die Schulen zu tragen \u2013 offen, pers\u00f6nlich und ohne Werbefilter\u201c, schreiben die Vertreter der D\u00fcsseldorfer Clubs.<\/p>\n<p class=\"richtext text-em-55 !leading-serif mx-6 desktop:mx-0\">In der Reihe \u201eRotary meets school\u201c, die in der kommenden Woche startet, wollen Mitglieder der Clubs mit Sch\u00fclern jenseits des Unterrichts \u00fcber ihre Tops und Flops ins Gespr\u00e4ch kommen. Die Studien- und Berufswahl geh\u00f6re zu den schwierigsten Entscheidungen im Leben junger Menschen \u2013 und werde, so die Organisatoren, oft auf Infotage und Hochglanzbrosch\u00fcren reduziert. Hier wollten die Rotarier bewusst einen anderen Weg einschlagen.<\/p>\n<p class=\"richtext text-em-55 !leading-serif mx-6 desktop:mx-0\">Geplant sind zwischen 12. Januar und 5. Februar Beratungsabende an zehn D\u00fcsseldorfer Gymnasien und Gesamtschulen, die immer um 19 Uhr beginnen und jeweils auf ein bestimmtes Thema fokussiert sind. Eine Anmeldung ist nicht erforderlich. Eingeladen sind alle Oberstufensch\u00fclerinnen und -sch\u00fcler, die \u2013 jenseits von Rankings und Marketingversprechen \u2013 Orientierung suchen.<\/p>\n<p class=\"richtext text-em-55 !leading-serif mx-6 desktop:mx-0\">Dabei soll die Beratung nicht frontal erfolgen, sondern im Dialog. Erfahrene Rotarier aus Medizin, Recht, Ingenieurwesen, IT, Wirtschaft, Naturwissenschaften, Kunst und <a href=\"https:\/\/rp-online.de\/thema\/handwerk\/\" target=\"_blank\" rel=\"noopener\">Handwerk<\/a> sprechen \u00fcber ihre Karrieren inklusive der damit einhergehenden Umwege, Fehlentscheidungen und Zweifeln. \u201eWir erz\u00e4hlen dann nicht nur von Erfolgen, sondern berichten auch \u00fcber Br\u00fcche und Richtungswechsel\u201c, sagt Hanno Brandes, Mitorganisator von \u201eRotary meets school\u201c. Viele Sch\u00fcler seien erleichtert, zu h\u00f6ren, dass Lebensl\u00e4ufe selten geradlinig verliefen. Neben fachlichen Anforderungen w\u00fcrden deshalb an den Abenden bewusst auch die weichen Faktoren thematisiert: Motivation, Durchhalteverm\u00f6gen, Selbstreflexion, aber auch die Frage, welche F\u00e4higkeiten sich im Laufe eines Berufslebens tats\u00e4chlich als entscheidend erweisen. <\/p>\n","protected":false},"excerpt":{"rendered":"Die D\u00fcsseldorfer Rotarier wollen Heranwachsenden in der Landeshauptstadt m\u00f6glichst ungeschminkte Einblicke in interessante Berufsbiografien erm\u00f6glichen. \u201eWir wollen die&hellip;\n","protected":false},"author":2,"featured_media":703038,"comment_status":"","ping_status":"","sticky":false,"template":"","format":"standard","meta":{"footnotes":""},"categories":[1831],"tags":[36716,10614,3364,29,3405,18859,30,81348,1209,46453,99011,155144,162253,27129,17592],"class_list":{"0":"post-703037","1":"post","2":"type-post","3":"status-publish","4":"format-standard","5":"has-post-thumbnail","7":"category-duesseldorf","8":"tag-berufsorientierung","9":"tag-bewusst","10":"tag-de","11":"tag-deutschland","12":"tag-duesseldorf","13":"tag-erfolgen","14":"tag-germany","15":"tag-meets","16":"tag-nordrhein-westfalen","17":"tag-organisatoren","18":"tag-orientierung","19":"tag-rotarier","20":"tag-rotarierinnen","21":"tag-rotary","22":"tag-school"},"share_on_mastodon":{"url":"https:\/\/pubeurope.com\/@de\/115860455719894828","error":""},"_links":{"self":[{"href":"https:\/\/www.europesays.com\/de\/wp-json\/wp\/v2\/posts\/703037","targetHints":{"allow":["GET"]}}],"collection":[{"href":"https:\/\/www.europesays.com\/de\/wp-json\/wp\/v2\/posts"}],"about":[{"href":"https:\/\/www.europesays.com\/de\/wp-json\/wp\/v2\/types\/post"}],"author":[{"embeddable":true,"href":"https:\/\/www.europesays.com\/de\/wp-json\/wp\/v2\/users\/2"}],"replies":[{"embeddable":true,"href":"https:\/\/www.europesays.com\/de\/wp-json\/wp\/v2\/comments?post=703037"}],"version-history":[{"count":0,"href":"https:\/\/www.europesays.com\/de\/wp-json\/wp\/v2\/posts\/703037\/revisions"}],"wp:featuredmedia":[{"embeddable":true,"href":"https:\/\/www.europesays.com\/de\/wp-json\/wp\/v2\/media\/703038"}],"wp:attachment":[{"href":"https:\/\/www.europesays.com\/de\/wp-json\/wp\/v2\/media?parent=703037"}],"wp:term":[{"taxonomy":"category","embeddable":true,"href":"https:\/\/www.europesays.com\/de\/wp-json\/wp\/v2\/categories?post=703037"},{"taxonomy":"post_tag","embeddable":true,"href":"https:\/\/www.europesays.com\/de\/wp-json\/wp\/v2\/tags?post=703037"}],"curies":[{"name":"wp","href":"https:\/\/api.w.org\/{rel}","templated":true}]}}