{"id":703157,"date":"2026-01-08T17:39:09","date_gmt":"2026-01-08T17:39:09","guid":{"rendered":"https:\/\/www.europesays.com\/de\/703157\/"},"modified":"2026-01-08T17:39:09","modified_gmt":"2026-01-08T17:39:09","slug":"fusion-geplatzt-bethanien-bleibt-selbststaendig","status":"publish","type":"post","link":"https:\/\/www.europesays.com\/de\/703157\/","title":{"rendered":"Fusion geplatzt \u2013 Bethanien bleibt selbstst\u00e4ndig"},"content":{"rendered":"<p class=\"text_ohne_einzug richtext text-em-55 !leading-serif mx-6 desktop:mx-0\"> Die Mitarbeiter haben es am Mittwoch erfahren: Das \u201eBethanien\u201c bleibt bis auf Weiteres selbstst\u00e4ndig. Das hei\u00df: Es gibt vorerst keine Fusion mit den beiden in Tr\u00e4gerschaft der Ategris stehenden evangelischen Krankenh\u00e4usern M\u00fclheim und <a href=\"https:\/\/rp-online.de\/thema\/oberhausen\/\" rel=\"nofollow noopener\" target=\"_blank\">Oberhausen<\/a>. Das hat Stiftungsvorstand Ralf Engels am Donnerstag im Gespr\u00e4ch mit der Redaktion best\u00e4tigt.<\/p>\n","protected":false},"excerpt":{"rendered":"Die Mitarbeiter haben es am Mittwoch erfahren: Das \u201eBethanien\u201c bleibt bis auf Weiteres selbstst\u00e4ndig. Das hei\u00df: Es gibt&hellip;\n","protected":false},"author":2,"featured_media":703158,"comment_status":"","ping_status":"","sticky":false,"template":"","format":"standard","meta":{"footnotes":"","_share_on_mastodon":"0"},"categories":[1838],"tags":[3807,35721,3364,29,3715,31162,25560,30,21858,3263,10701,162278,99479,162277,12813,1209,3728,19978],"class_list":["post-703157","post","type-post","status-publish","format-standard","has-post-thumbnail","category-duisburg","tag-moers","tag-bethanien","tag-de","tag-deutschland","tag-duisburg","tag-evangelischen","tag-fusion","tag-germany","tag-josef","tag-krankenhaus","tag-krankenhaeuser","tag-krankenhauslandschaft","tag-krankenhausplanung","tag-krankenhaustraeger","tag-muelheim","tag-nordrhein-westfalen","tag-oberhausen","tag-verbund"],"share_on_mastodon":{"url":"https:\/\/pubeurope.com\/@de\/115860705537517260","error":""},"_links":{"self":[{"href":"https:\/\/www.europesays.com\/de\/wp-json\/wp\/v2\/posts\/703157","targetHints":{"allow":["GET"]}}],"collection":[{"href":"https:\/\/www.europesays.com\/de\/wp-json\/wp\/v2\/posts"}],"about":[{"href":"https:\/\/www.europesays.com\/de\/wp-json\/wp\/v2\/types\/post"}],"author":[{"embeddable":true,"href":"https:\/\/www.europesays.com\/de\/wp-json\/wp\/v2\/users\/2"}],"replies":[{"embeddable":true,"href":"https:\/\/www.europesays.com\/de\/wp-json\/wp\/v2\/comments?post=703157"}],"version-history":[{"count":0,"href":"https:\/\/www.europesays.com\/de\/wp-json\/wp\/v2\/posts\/703157\/revisions"}],"wp:featuredmedia":[{"embeddable":true,"href":"https:\/\/www.europesays.com\/de\/wp-json\/wp\/v2\/media\/703158"}],"wp:attachment":[{"href":"https:\/\/www.europesays.com\/de\/wp-json\/wp\/v2\/media?parent=703157"}],"wp:term":[{"taxonomy":"category","embeddable":true,"href":"https:\/\/www.europesays.com\/de\/wp-json\/wp\/v2\/categories?post=703157"},{"taxonomy":"post_tag","embeddable":true,"href":"https:\/\/www.europesays.com\/de\/wp-json\/wp\/v2\/tags?post=703157"}],"curies":[{"name":"wp","href":"https:\/\/api.w.org\/{rel}","templated":true}]}}