{"id":703747,"date":"2026-01-08T23:04:52","date_gmt":"2026-01-08T23:04:52","guid":{"rendered":"https:\/\/www.europesays.com\/de\/703747\/"},"modified":"2026-01-08T23:04:52","modified_gmt":"2026-01-08T23:04:52","slug":"malle-ole-in-duisburg-so-geht-es-im-ersten-ballermann-musical-zu","status":"publish","type":"post","link":"https:\/\/www.europesays.com\/de\/703747\/","title":{"rendered":"Malle Ol\u00e9 in Duisburg &#8211; So geht es im ersten Ballermann-Musical zu"},"content":{"rendered":"<p class=\"ft-text\">Ich finde ja Musicals ungef\u00e4hr <strong>so spannend wie Synchronschwimmen.<\/strong> Einige musste ich schon \u00fcber mich ergehen lassen. Doch f\u00fcr <strong>&#8222;Malle Ol\u00e9 &#8211; das Musical&#8230; das ballert&#8220;<\/strong> melde ich mich freiwillig. Denn es handelt von meinem Beritt: dem <a class=\"ft-link ft-link--decoration\" href=\"https:\/\/www.mallorcazeitung.es\/tags\/ballermann\/\" target=\"_blank\" rel=\"noopener\">Ballermann<\/a>. Ich bin Ballermann-Experte. Mein Chefredakteur nennt mich <a class=\"ft-link ft-link--decoration\" href=\"https:\/\/www.mallorcazeitung.es\/boulevard\/2025\/06\/19\/das-17-sommerland-podcast-ingo-wohlfeil-118787203.html\" target=\"_blank\" rel=\"noopener\">Playa-Reporter<\/a>. Ich wei\u00df nicht, ob das ein Kompliment ist.<\/p>\n<p class=\"ft-text\">Duisburg am Mittwochabend (7.1.). Dichtes Schneetreiben. Der Wind weht eisig durch den Ruhrpott. <strong>Die gef\u00fchlte Temperatur liegt bei -8 Grad.<\/strong> Wer w\u00fcnscht sich da nicht einen kurzen Trip nach Mallorca? Doch Insel und W\u00e4rme liegen dieser Tage n\u00e4her als gedacht. Sonne, Suff und Ballermann finden sich mitten im Herzen der einstigen Montan-Metropole, im Theater am Marientor. Seit dem 3. Januar t\u00f6nen wahrlich theaterferne Kl\u00e4nge durch das moderne Festspielhaus mit einer Kapazit\u00e4t von 1.527 Sitzpl\u00e4tzen. <strong>Premiere <\/strong>ist<strong> <\/strong>an diesem Donnerstag (8.1.) Dann steigt das erste Ballermann-Musical, das je das Licht der Welt erblickte, auch offiziell: &#8222;<strong>Malle Ol\u00e9 &#8211; das Musical&#8230; das ballert&#8220;.<\/strong><\/p>\n<p>Darum geht&#8217;s<\/p>\n<p class=\"ft-text\">Die Handlung: Alex und Laura sind frisch getrennt. Und doch <strong>begegnen sie sich zuf\u00e4llig am Flughafen.<\/strong> Er will nach Malle, um sich mit seinen beiden besten Kumpels den Helm zu lackieren. Laura will mit ihren besten Freundinnen aus \u00e4hnlichen Gr\u00fcnden dorthin. Da taucht Viktor (ein schn\u00f6seliger Nachfahre von <a class=\"ft-link ft-link--decoration\" href=\"https:\/\/www.mallorcazeitung.es\/kultur\/buhne\/2022\/11\/28\/erzherzog-oper-teatre-principal-palma-rezension-79239810.html\" target=\"_blank\" rel=\"noopener\">Erzherzog Ludwig Salvator<\/a>) am Airport auf. Er will den Ballermann vernichten, um &#8222;die Insel vom Partypack zu befreien&#8220;. Viktor tr\u00e4umt von einem Luxus-Ressort. Und davon, <strong>Laura zu seiner angetrauten Putzfrau machen. <\/strong><\/p>\n<p class=\"ft-text\">Soweit die Handlung, die kein Ballermann-Klischee ausl\u00e4sst: <strong>der Sauf-Eimer, die Nacht im Malle-Knast (&#8222;besser als unser Hotelzimmer&#8220;), der Junggesellinnen-Abschied (&#8222;Die letzte Nacht in Freiheit, die feiern wir in Geilheit&#8220;).<\/strong> Blo\u00df nicht zu viel Tiefsinn, es geht ja um den Ballermann. Da st\u00f6ren doppelte B\u00f6den oder hintergr\u00fcndige Botschaften. Und so ist die Story auch nicht allzu wichtig. Es f\u00fchlt sich so an, als w\u00e4re sie alleine vorhanden, <strong>um sich von einem Ballermann-Hit zum n\u00e4chsten zu hangeln. <\/strong><\/p>\n<p class=\"ft-text\">Denn <strong>der wahre Star des Musicals ist der Sound. <\/strong>Und so erzittert das Festspielhaus unter den Kl\u00e4ngen von &#8222;Johnny D\u00e4pp&#8220;, &#8222;Inselfieber&#8220;, &#8222;Mama Lauda&#8220; oder &#8222;Mallorca, da bin ich daheim&#8220;. Alles neu arrangiert und faszinierend anders. &#8222;Schatzi, Schenk mir ein Foto&#8220; erklingt in einer Swing-Version, <strong>&#8222;Layla&#8220; wird von einem Prostituierten-Chor gesungen, <\/strong>&#8222;Blau wie das Meer&#8220; ert\u00f6nt mit Mandolinen-Begleitung. Das ist alles<strong> toll gemacht<\/strong>. Ebenso die authentischen Asi-Outfits und das B\u00fchnenbild, dass vollst\u00e4ndig KI-generiert ist. &#8222;Ansonsten h\u00e4tte das mindestens eine Million Euro gekostet&#8220;, sagt Autor und Produzent Sven-Oliver M\u00fcller (59).<\/p>\n<p><img decoding=\"async\" src=\"https:\/\/www.europesays.com\/de\/wp-content\/uploads\/2026\/01\/e6e927a6-24e5-4b88-8f6a-99ffbc73b82b_alta-libre-aspect-ratio_default_0.jpg\" width=\"1200\" height=\"900\" alt=\"Die Malle-Musical-Macher: Harald Reitlinger und Sven-Oliver M\u00fcller\" class=\"ft-helper-img-rd\" loading=\"lazy\"\/><\/p>\n<p class=\"ft-helper-fontColor-quaternary ft-helper-fontSize-body-S ft-helper-spacer-t-xxs\">Die Malle-Musical-Macher: Harald Reitlinger und Sven-Oliver M\u00fcller  \/ Ingo Wohlfeil<\/p>\n<p>Von Anfang an wird mitgesungen<\/p>\n<p class=\"ft-text\">Bis vor einem Jahr hatte er nichts mit der Ballermann-Szene zu tun. Dann musste sich der TV-Redakteur und Autor in die Materie einarbeiten. <strong>Herausgekommen ist ein zweieinhalbst\u00fcndiges St\u00fcck, das das Publikum von den St\u00fchlen rei\u00dft. <\/strong>Von Anfang wird mitgesungen, mitgeklatscht, mitgefeiert. Und das, obwohl (alkoholische) Getr\u00e4nke im Saal verboten sind.<\/p>\n<p class=\"ft-text\">Richtig gefeiert werden darf danach bei der After-Show-Party mit DJ. Begeistert von dem 16-k\u00f6pfigen Ensemble, einige in Mehrfach-Rollen, springt auch Christa aus Herne nach kurzer Zeit vom Sitz.<strong> Die 75-J\u00e4hrige war das <\/strong><a class=\"ft-link ft-link--decoration\" href=\"https:\/\/www.mallorcazeitung.es\/boulevard\/szene\/2022\/04\/15\/50-jahre-ballermann-das-sind-65006345.html\" target=\"_blank\" rel=\"noopener\"><strong>erste Mal am Ballermann, als er noch gar nicht so hie\u00df<\/strong><\/a><strong>. Das war 1971. <\/strong>Seitdem kommt sie jedes Jahr. Ein absoluter Party-Profi. Im Schlepptau die halbe Familie. &#8222;Wir machen M\u00e4delsabend&#8220;, lacht sie.<\/p>\n<p><img decoding=\"async\" src=\"https:\/\/www.europesays.com\/de\/wp-content\/uploads\/2026\/01\/2d767bd5-ef87-4732-a674-b43e26c4c7c5_alta-libre-aspect-ratio_default_0.jpg\" width=\"1200\" height=\"900\" alt=\"Netter M\u00e4delsabend beim Malle-Musical: Christa (75), Antje (45), Angelique (38) und Ute (61) aus Herne\" class=\"ft-helper-img-rd\" loading=\"lazy\"\/><\/p>\n<p class=\"ft-helper-fontColor-quaternary ft-helper-fontSize-body-S ft-helper-spacer-t-xxs\">Netter M\u00e4delsabend beim Malle-Musical: Christa (75), Antje (45), Angelique (38) und Ute (61) aus Herne.  \/ Ingo Wohlfeild<\/p>\n<p class=\"ft-text\">Besucher mit weniger Ballermann-Kenntnissen d\u00fcrften hingegen schockiert sein.<strong> Auf der B\u00fchne geht es verbal um Kotzen, Saufen, Ficken und Blasen. <\/strong>Und um Wichser. Dieser Wichser ist der schn\u00f6selige Viktor. So benimmt er sich auch gegen\u00fcber dem Publikum: &#8222;Verpisst euch in die Pause, ihr Kackbratzen&#8220;, schreit er uns nach einer Stunde Spielzeit an.<\/p>\n<p class=\"ft-text\">Derber Ton, derbe Scherze, die manchmal nicht so ganz den Weg ins Publikum finden. Die Pointen verpuffen h\u00e4ufig. Das liegt an der Akustik, aber auch am Timing. Das ist aber nicht dramatisch. Es geht um Musik, es geht um das besondere Ballermann-Gef\u00fchl und <strong>es geht auch ein bisschen darum, sich selbst wiederzuerkennen \u2013 im peinlichen Party-Urlaub. <\/strong>Einige Besucher outen sich als fachkundig durch ihre Kleidung. Sie tragen Bierk\u00f6nig- und Megapark-T-Shirts.<\/p>\n<p>Martina schie\u00dft den Vogel ab<\/p>\n<p class=\"ft-text\">Martina (65) schie\u00dft den Vogel ab mit ihrem Shirt voller Aufkleber:<strong> &#8222;Stiftung Bumsbar: Testsieger Sexgott&#8220;, &#8222;Malle Schlauch Kombo&#8220; oder &#8222;Alki&#8220; im Stil des Aldi-Logos kleben auf ihrer Brust. <\/strong>Unterschrieben ist das Shirt von Ballermann-S\u00e4nger <strong>Sch\u00e4fer Heinrich.<\/strong> Martina ist schon zum zweiten Mal in &#8222;Malle Ol\u00e9&#8220;, obwohl es erst seit ein paar Tagen l\u00e4uft. Sie wird zum Bierk\u00f6nig-Opening wieder an den Ballermann kommen und h\u00e4lt sich bis dahin mit Musicalbesuchen fit. Sie hat ihre Freundin Manuela (60) dabei, die gar keine Ahnung vom Ballermann hat.<\/p>\n<p><img decoding=\"async\" src=\"https:\/\/www.europesays.com\/de\/wp-content\/uploads\/2026\/01\/ff634fd7-03a9-4678-981c-7fab28376949_alta-libre-aspect-ratio_default_0.jpg\" width=\"1200\" height=\"900\" alt=\"Musical-Besucher Manuela (60) und Martina (65) aus Oberhausen\" class=\"ft-helper-img-rd\" loading=\"lazy\"\/><\/p>\n<p class=\"ft-helper-fontColor-quaternary ft-helper-fontSize-body-S ft-helper-spacer-t-xxs\">Musical-Besucher Manuela (60) und Martina (65) aus Oberhausen  \/ Ingo Wohlfeil<\/p>\n<p class=\"ft-text\">Manuela ist eine Ausnahme im Auditorium, das verschiedene Ballermann-Generationen vereint.<strong> Sie bleibt konsequent sitzen, w\u00e4hrend um sie herum Jung und Alt lautstark singt und tanzt. <\/strong>Mit ihrem Fazit &#8222;Geht so&#8220; bleibt sie ebenfalls eine absolute Minderheit. &#8222;Das war Klasse&#8220;, sagt Ballermann-Urgestein Christa. &#8222;Das macht Vorfreude, Mitte Mai geht es wieder nach Mallorca&#8220;, sagt die Rentnerin und stapft durch den Schnee davon.<\/p>\n<p class=\"ft-text\">Bis zum 21.2 l\u00e4uft &#8222;Malle Ol\u00e9&#8220; nahezu zweimal t\u00e4glich im Theater am Marientor. Doch schon jetzt denkt Sven-Oliver M\u00fcller weiter. <strong>Mindestens bis April k\u00f6nne es in Duisburg klappen.<\/strong> &#8222;Wir haben hier ein Einzugsgebiet von 14 Millionen Menschen, viele davon mit Ballermann-Affinit\u00e4t.&#8220; Und er hat noch die passende Vision parat: <strong>&#8222;&#8218;Malle Ol\u00e9&#8216; als klassen\u00fcbergreifendes &#8218;Volksmusical\u2018. Das w\u00e4re doch was.&#8220; <\/strong><\/p>\n<p>Das sagt der Ballermann-Experte (der \u00fcbrigens auch sitzen geblieben ist)<\/p>\n<p class=\"ft-text\">F\u00fcr Ballermann-Fans eine sch\u00f6ne \u00dcberbr\u00fcckung, bis die Saison wieder losgeht. Allen anderen sei <strong>vorbeugendes Vorgl\u00fchen empfohlen oder zumindest der Download der erfolgreichsten <\/strong><a class=\"ft-link ft-link--decoration\" href=\"https:\/\/www.mallorcazeitung.es\/boulevard\/szene\/2022\/06\/18\/domonik-leon-partyschlager-produzent-summerfield-67321381.html\" target=\"_blank\" rel=\"noopener\"><strong>Ballermann-Hits<\/strong><\/a><strong> der letzten 30 Jahre. <\/strong>Ansonsten k\u00f6nnten Teile dieses Musicals Besucher verunsichern. Auch sollten Kinder vorher einen Grundkurs in Vulg\u00e4r-Kultur absolviert haben. Wahlweise h\u00e4lt man ihnen die Ohren zu.<\/p>\n<p>\\n\\u003Cscript async custom-template=\\&#8220;amp-mustache\\&#8220; src=\\&#8220;https:\/\/cdn.ampproject.org\/v0\/amp-mustache-0.2.js\\&#8220; data-type=\\&#8220;custom-ads\\&#8220;>\\u003C\/script>\\n\\u003C!&#8211; fin etiquetas &#8211;>&#8220;,&#8220;.sync-ad-pixel{margin:0px;padding:0px;}\\n.site-header .site-header__content{top:0;}\\namp-ad:not(amp-ad[type=&#8220;doubleclick&#8220;]):before{display:none;}\\n.ad-container amp-embed+span.ad-signature{display:none;}\\namp-ad[hidden]+.ad-signature{display:none;}\\n.ft-ad&#8211;roba:has(amp-ad[type=&#8220;teads&#8220;],amp-ad[type=&#8220;sunmedia&#8220;],amp-ad[type=&#8220;teads&#8220;],amp-embed) {min-height: 0;max-width: unset;}\\n.ft-ad:has(amp-ad[type=&#8220;teads&#8220;],amp-ad[type=&#8220;sunmedia&#8220;],amp-ad[type=&#8220;teads&#8220;],amp-embed)::before {display:none;}\\n\\n\/* interstitial adgage v3 *\/\\n@keyframes setFullPage {0%,95% {transform: translateY(0);height: calc(25vh &#8211; 1px);}100% {transform: translateY(-75vh);height: 100vh;}}amp-iframe#adk_iframe[height=\\&#8220;363\\&#8220;] {max-width: 100%;max-height: 56vw;min-height: 56vw;transform: scale(0.93);opacity: 1;bottom: 100px;}amp-list#adk-interstitial-list {right: auto;left: 0;top: calc(310vh + 400px);position: absolute;min-height: 1px;width: 100%;}#adk_interstitial amp-iframe,#adk_interstitial amp-iframe[height=\\&#8220;1027\\&#8220;] {top: calc(75vh + 1px);z-index: -1;}amp-list#adk-interstitial-list:has(amp-iframe:not([height=\\&#8220;1027\\&#8220;])) {z-index: 2147483647;}amp-list#adk-interstitial-list #adk_interstitial amp-iframe[height=\\&#8220;1027\\&#8220;] {animation-name: setFullPage;animation-duration: 0.2s;animation-delay: 1s;animation-fill-mode: forwards;}amp-list#adk-interstitial-list.closed {display: none;}#adk_interstitial amp-iframe {position: fixed;bottom: 0;margin: 0;overflow: visible;min-width: 100%;opacity: 0;}#adk_interstitial amp-iframe[height=\\&#8220;1024\\&#8220;],#adk_interstitial amp-iframe[height=\\&#8220;1025\\&#8220;] {top: 0;max-height: 100%;max-width: 100%;opacity: 1;z-index: 2147483647;}amp-iframe#adk_iframe div#interstitialClosingBarDX,amp-iframe#adk_iframe div#interstitialClosingBarSX {top: 0;z-index: 2147483647;width: 20vw;height: 12.5vh;background: 0 0;visibility: visible;}amp-iframe#adk_iframe[height=\\&#8220;363\\&#8220;] #interstitialClosingBarDX,amp-iframe#adk_iframe[height=\\&#8220;363\\&#8220;] #interstitialClosingBarSX {z-index: 2147483647;width: 20vw;height: 50px;}amp-iframe#adk_iframe div#interstitialClosingBarSX,amp-iframe#adk_iframe[height=\\&#8220;363\\&#8220;] #interstitialClosingBarSX {left: 0;}amp-iframe#adk_iframe div#interstitialClosingBarDX,amp-iframe#adk_iframe[height=\\&#8220;363\\&#8220;] #interstitialClosingBarDX {right: 0;}\\n\/* fin interstitial adgage *\/&#8220;,&#8220;1000046&#8243;,{&#8222;name&#8220;:1570,&#8220;positions&#8220;:1571,&#8220;id&#8220;:1636,&#8220;published&#8220;:9,&#8220;typeAlias&#8220;:1474,&#8220;config&#8220;:1637,&#8220;adMapId&#8220;:1638},&#8220;all &#8211; web &#8211; noticia suscriptor&#8220;,{&#8222;footer&#8220;:1572,&#8220;pageStealers&#8220;:-1,&#8220;columns&#8220;:1584,&#8220;htmls&#8220;:-1,&#8220;header&#8220;:1605,&#8220;skies&#8220;:1617,&#8220;repeatPattern&#8220;:-1,&#8220;banners&#8220;:-1},[1573],{&#8222;data&#8220;:1574,&#8220;name&#8220;:1352,&#8220;id&#8220;:1353,&#8220;published&#8220;:9,&#8220;typeAlias&#8220;:1354,&#8220;config&#8220;:1583,&#8220;adPositionId&#8220;:1358,&#8220;slotBitMask&#8220;:1359},{&#8222;targeting&#8220;:1575,&#8220;mapping&#8220;:1577,&#8220;sizes&#8220;:1350,&#8220;slot&#8220;:1332,&#8220;type&#8220;:1351},[1576],{&#8222;value&#8220;:1332,&#8220;key&#8220;:1333},[1578,1579,1580,1581,1582],{&#8222;value&#8220;:1336,&#8220;key&#8220;:1337},{&#8222;value&#8220;:1339,&#8220;key&#8220;:1340},{&#8222;value&#8220;:1342,&#8220;key&#8220;:1343},{&#8222;value&#8220;:1345,&#8220;key&#8220;:1346},{&#8222;value&#8220;:1348,&#8220;key&#8220;:1349},{&#8222;delay&#8220;:9,&#8220;locationMobile&#8220;:-1,&#8220;orderMobile&#8220;:1356,&#8220;lazyLoad&#8220;:8,&#8220;order&#8220;:1356,&#8220;enabledForRegistered&#8220;:9,&#8220;enabledForAnonymous&#8220;:9,&#8220;enabledForSubscribers&#8220;:9,&#8220;enabledForBitMask&#8220;:1357},{&#8222;right&#8220;:1585},[1586,1595],{&#8222;data&#8220;:1587,&#8220;name&#8220;:1375,&#8220;id&#8220;:1376,&#8220;published&#8220;:9,&#8220;typeAlias&#8220;:1354,&#8220;config&#8220;:1593,&#8220;adPositionId&#8220;:1381,&#8220;slotBitMask&#8220;:1594},{&#8222;targeting&#8220;:1588,&#8220;mapping&#8220;:1590,&#8220;sizes&#8220;:1350,&#8220;slot&#8220;:1373,&#8220;type&#8220;:1374},[1589],{&#8222;value&#8220;:1366,&#8220;key&#8220;:1333},[1591,1592],{&#8222;value&#8220;:1369,&#8220;key&#8220;:1370},{&#8222;value&#8220;:1372,&#8220;key&#8220;:1349},{&#8222;delay&#8220;:8,&#8220;locationMobile&#8220;:1378,&#8220;orderMobile&#8220;:1379,&#8220;lazyLoad&#8220;:8,&#8220;order&#8220;:1380,&#8220;enabledForRegistered&#8220;:8,&#8220;enabledForAnonymous&#8220;:8,&#8220;enabledForSubscribers&#8220;:9,&#8220;enabledForBitMask&#8220;:1506},&#8220;300dcha-4&#8243;,{&#8222;data&#8220;:1596,&#8220;name&#8220;:1375,&#8220;id&#8220;:1376,&#8220;published&#8220;:9,&#8220;typeAlias&#8220;:1354,&#8220;config&#8220;:1602,&#8220;adPositionId&#8220;:1381,&#8220;slotBitMask&#8220;:1604},{&#8222;targeting&#8220;:1597,&#8220;mapping&#8220;:1599,&#8220;sizes&#8220;:1350,&#8220;slot&#8220;:1373,&#8220;type&#8220;:1374},[1598],{&#8222;value&#8220;:1366,&#8220;key&#8220;:1333},[1600,1601],{&#8222;value&#8220;:1369,&#8220;key&#8220;:1370},{&#8222;value&#8220;:1372,&#8220;key&#8220;:1349},{&#8222;delay&#8220;:8,&#8220;locationMobile&#8220;:1603,&#8220;orderMobile&#8220;:1356,&#8220;lazyLoad&#8220;:8,&#8220;order&#8220;:1380,&#8220;enabledForRegistered&#8220;:9,&#8220;enabledForAnonymous&#8220;:9,&#8220;enabledForSubscribers&#8220;:8,&#8220;enabledForBitMask&#8220;:1396},&#8220;Bajo temas destacados&#8220;,&#8220;300dcha-3&#8243;,[1606],{&#8222;data&#8220;:1607,&#8220;name&#8220;:1433,&#8220;id&#8220;:1434,&#8220;published&#8220;:9,&#8220;typeAlias&#8220;:1354,&#8220;config&#8220;:1616,&#8220;adPositionId&#8220;:1436,&#8220;slotBitMask&#8220;:1437},{&#8222;targeting&#8220;:1608,&#8220;mapping&#8220;:1610,&#8220;sizes&#8220;:1350,&#8220;slot&#8220;:1432,&#8220;type&#8220;:1374},[1609],{&#8222;value&#8220;:1420,&#8220;key&#8220;:1333},[1611,1612,1613,1614,1615],{&#8222;value&#8220;:1423,&#8220;key&#8220;:1337},{&#8222;value&#8220;:1425,&#8220;key&#8220;:1340},{&#8222;value&#8220;:1427,&#8220;key&#8220;:1343},{&#8222;value&#8220;:1429,&#8220;key&#8220;:1346},{&#8222;value&#8220;:1431,&#8220;key&#8220;:1349},{&#8222;delay&#8220;:8,&#8220;locationMobile&#8220;:-1,&#8220;orderMobile&#8220;:1356,&#8220;lazyLoad&#8220;:8,&#8220;order&#8220;:1356,&#8220;enabledForRegistered&#8220;:9,&#8220;enabledForAnonymous&#8220;:9,&#8220;enabledForSubscribers&#8220;:9,&#8220;enabledForBitMask&#8220;:1357},{&#8222;left&#8220;:1618,&#8220;right&#8220;:1627},[1619],{&#8222;data&#8220;:1620,&#8220;name&#8220;:1452,&#8220;id&#8220;:1453,&#8220;published&#8220;:9,&#8220;typeAlias&#8220;:1354,&#8220;config&#8220;:1626,&#8220;adPositionId&#8220;:1455,&#8220;slotBitMask&#8220;:1456},{&#8222;targeting&#8220;:1621,&#8220;mapping&#8220;:1623,&#8220;sizes&#8220;:1350,&#8220;slot&#8220;:1451,&#8220;type&#8220;:1374},[1622],{&#8222;value&#8220;:1444,&#8220;key&#8220;:1333},[1624,1625],{&#8222;value&#8220;:1447,&#8220;key&#8220;:1448},{&#8222;value&#8220;:1450,&#8220;key&#8220;:1349},{&#8222;delay&#8220;:8,&#8220;locationMobile&#8220;:-1,&#8220;orderMobile&#8220;:1356,&#8220;lazyLoad&#8220;:8,&#8220;order&#8220;:1356,&#8220;enabledForRegistered&#8220;:9,&#8220;enabledForAnonymous&#8220;:9,&#8220;enabledForSubscribers&#8220;:9,&#8220;enabledForBitMask&#8220;:1357},[1628],{&#8222;data&#8220;:1629,&#8220;name&#8220;:1468,&#8220;id&#8220;:1469,&#8220;published&#8220;:9,&#8220;typeAlias&#8220;:1354,&#8220;config&#8220;:1635,&#8220;adPositionId&#8220;:1471,&#8220;slotBitMask&#8220;:1472},{&#8222;targeting&#8220;:1630,&#8220;mapping&#8220;:1632,&#8220;sizes&#8220;:1350,&#8220;slot&#8220;:1467,&#8220;type&#8220;:1374},[1631],{&#8222;value&#8220;:1462,&#8220;key&#8220;:1333},[1633,1634],{&#8222;value&#8220;:1465,&#8220;key&#8220;:1448},{&#8222;value&#8220;:1450,&#8220;key&#8220;:1349},{&#8222;delay&#8220;:8,&#8220;locationMobile&#8220;:-1,&#8220;orderMobile&#8220;:1356,&#8220;lazyLoad&#8220;:8,&#8220;order&#8220;:1356,&#8220;enabledForRegistered&#8220;:9,&#8220;enabledForAnonymous&#8220;:9,&#8220;enabledForSubscribers&#8220;:9,&#8220;enabledForBitMask&#8220;:1357},&#8220;bb4dc358-8ac8-3b9a-b506-df2ed52aa87d&#8220;,{&#8222;lazyLoadSensibilityDesktop&#8220;:1380,&#8220;headScripts&#8220;:-1,&#8220;customStyles&#8220;:-1,&#8220;lazyLoadSensibilityMobile&#8220;:1379},&#8220;1000060&#8243;,{&#8222;name&#8220;:1640,&#8220;positions&#8220;:1641,&#8220;id&#8220;:1672,&#8220;published&#8220;:9,&#8220;typeAlias&#8220;:1564,&#8220;config&#8220;:1673,&#8220;adMapId&#8220;:1676},&#8220;mz &#8211; amp &#8211; noticia registrado&#8220;,{&#8222;footer&#8220;:1642,&#8220;pageStealers&#8220;:-1,&#8220;columns&#8220;:-1,&#8220;htmls&#8220;:1647,&#8220;header&#8220;:1655,&#8220;skies&#8220;:-1,&#8220;repeatPattern&#8220;:-1,&#8220;banners&#8220;:1660},[1643],{&#8222;data&#8220;:1644,&#8220;name&#8220;:1485,&#8220;id&#8220;:1486,&#8220;published&#8220;:9,&#8220;typeAlias&#8220;:1487,&#8220;config&#8220;:-1,&#8220;adPositionId&#8220;:1488,&#8220;slotBitMask&#8220;:-1},{&#8222;targeting&#8220;:1645,&#8220;html&#8220;:1484,&#8220;type&#8220;:1351},[1646],{&#8222;value&#8220;:1332,&#8220;key&#8220;:1333},{&#8222;bodyStart&#8220;:1648},[1649],{&#8222;data&#8220;:1650,&#8220;name&#8220;:1652,&#8220;id&#8220;:1653,&#8220;published&#8220;:9,&#8220;typeAlias&#8220;:1543,&#8220;config&#8220;:-1,&#8220;adPositionId&#8220;:1654,&#8220;slotBitMask&#8220;:-1},{&#8222;html&#8220;:1651},&#8220;\\u003Camp-iframe width=\\&#8220;auto\\&#8220; title=\\&#8220;User Sync\\&#8220; height=1 layout=\\&#8220;fixed-height\\&#8220; sandbox=\\&#8220;allow-scripts allow-same-origin\\&#8220; frameborder=\\&#8220;0\\&#8220; class=\\&#8220;sync-ad-pixel iframe-pixel-richaudience\\&#8220; src=\\&#8220;https:\/\/sync.richaudience.com\/3a786fc1b019f44a8b7d3e216dc4ac53\/\\&#8220;>\\u003Camp-img layout=\\&#8220;fill\\&#8220; src=\\&#8220;data:image\/gif;base64,R0lGODlhAQABAIAAAP\/\/\/wAAACH5BAEAAAAALAAAAAABAAEAAAICRAEAOw==\\&#8220; placeholder>\\u003C\/amp-img>\\u003C\/amp-iframe>&#8220;,&#8220;all &#8211; amp &#8211; user sync&#8220;,&#8220;d3859510-8b75-3534-a76f-4c62c4970731&#8243;,&#8220;1000089&#8243;,[1656],{&#8222;data&#8220;:1657,&#8220;name&#8220;:1551,&#8220;id&#8220;:1552,&#8220;published&#8220;:9,&#8220;typeAlias&#8220;:1487,&#8220;config&#8220;:-1,&#8220;adPositionId&#8220;:1553,&#8220;slotBitMask&#8220;:-1},{&#8222;targeting&#8220;:1658,&#8220;html&#8220;:1550,&#8220;type&#8220;:1374},[1659],{&#8222;value&#8220;:1420,&#8220;key&#8220;:1333},{&#8222;underTag&#8220;:1661},[1662,1667],{&#8222;data&#8220;:1663,&#8220;name&#8220;:1496,&#8220;id&#8220;:1497,&#8220;published&#8220;:9,&#8220;typeAlias&#8220;:1487,&#8220;config&#8220;:1666,&#8220;adPositionId&#8220;:1499,&#8220;slotBitMask&#8220;:-1},{&#8222;targeting&#8220;:1664,&#8220;html&#8220;:1495,&#8220;type&#8220;:1374},[1665],{&#8222;value&#8220;:1366,&#8220;key&#8220;:1333},{&#8222;delay&#8220;:8,&#8220;locationMobile&#8220;:-1,&#8220;orderMobile&#8220;:1356,&#8220;lazyLoad&#8220;:8,&#8220;order&#8220;:1380,&#8220;enabledForRegistered&#8220;:8,&#8220;enabledForAnonymous&#8220;:8,&#8220;enabledForSubscribers&#8220;:8,&#8220;enabledForBitMask&#8220;:1356},{&#8222;data&#8220;:1668,&#8220;name&#8220;:1513,&#8220;id&#8220;:1514,&#8220;published&#8220;:9,&#8220;typeAlias&#8220;:1487,&#8220;config&#8220;:1671,&#8220;adPositionId&#8220;:1516,&#8220;slotBitMask&#8220;:-1},{&#8222;targeting&#8220;:1669,&#8220;html&#8220;:1512,&#8220;type&#8220;:1351},[1670],{&#8222;value&#8220;:1387,&#8220;key&#8220;:1333},{&#8222;delay&#8220;:8,&#8220;locationMobile&#8220;:-1,&#8220;orderMobile&#8220;:1356,&#8220;lazyLoad&#8220;:8,&#8220;order&#8220;:1379,&#8220;enabledForRegistered&#8220;:8,&#8220;enabledForAnonymous&#8220;:8,&#8220;enabledForSubscribers&#8220;:8,&#8220;enabledForBitMask&#8220;:1356},&#8220;6327ec94-5274-3e3f-9b86-8fea9dc01f23&#8243;,{&#8222;lazyLoadSensibilityDesktop&#8220;:-1,&#8220;headScripts&#8220;:1674,&#8220;customStyles&#8220;:1675,&#8220;lazyLoadSensibilityMobile&#8220;:-1},&#8220;\\u003Cscript src=\\&#8220;https:\/\/cdn.ampproject.org\/v0\/amp-next-page-1.0.js\\&#8220; custom-element=\\&#8220;amp-next-page\\&#8220; async>\\u003C\/script>&#8220;,&#8220;.sync-ad-pixel{margin:0px;padding:0px;}\\n.site-header .site-header__content{top:0;}\\namp-ad:not(amp-ad[type=&#8220;doubleclick&#8220;]):before{display:none;}\\n.ad-container amp-embed+span.ad-signature{display:none;}\\namp-ad[hidden]+.ad-signature{display:none;}\\n.ft-ad&#8211;roba:has(amp-ad[type=&#8220;teads&#8220;],amp-ad[type=&#8220;sunmedia&#8220;],amp-ad[type=&#8220;teads&#8220;],amp-embed) {min-height: 0;max-width: unset;}\\n.ft-ad:has(amp-ad[type=&#8220;teads&#8220;],amp-ad[type=&#8220;sunmedia&#8220;],amp-ad[type=&#8220;teads&#8220;],amp-embed)::before {display:none;}&#8220;,&#8220;1000085&#8243;,{&#8222;prerollAmp&#8220;:1678,&#8220;premium&#8220;:1679,&#8220;preroll&#8220;:1680,&#8220;main&#8220;:1679},&#8220;mz\/mz-generico\/vc\/amp&#8220;,&#8220;mz\/servicios&#8220;,&#8220;mz\/mz-generico\/vc&#8220;,{&#8222;ampVastUrl&#8220;:1682},&#8220;https:\/\/pubads.g.doubleclick.net\/gampad\/ads?sz=640&#215;360|640&#215;480|480&#215;360|480&#215;361|480&#215;70|300&#215;50&#038;iu=\/138855687\/nacional-[adunit-video-amp]&#038;ciu_szs&#038;impl=s&#038;cust_params=p%3Dcpm_preroll%26platform%3Damp%26plcmt%3D1%26[custom_params]&#038;gdfp_req=1&#038;env=vp&#038;ad_rule=1&#038;output=vmap&#038;unviewed_position_start=1&#038;plcmt=1&#038;vpmute=0&#038;url=[url]&#038;description_url=[url]&#038;correlator=[timestamp]&#8220;,&#8220;{\\n  \\&#8220;admessage\\&#8220;: \\&#8220;El anuncio terminar\u00e1 en xx s\\&#8220;,\\n  \\&#8220;adscheduleid\\&#8220;: \\&#8220;WCsW6FRA\\&#8220;,\\n  \\&#8220;client\\&#8220;: \\&#8220;googima\\&#8220;,\\n  \\&#8220;cuetext\\&#8220;: \\&#8220;Anuncio\\&#8220;,\\n  \\&#8220;schedule\\&#8220;: [\\n    {\\n      \\&#8220;offset\\&#8220;: \\&#8220;pre\\&#8220;,\\n      \\&#8220;tag\\&#8220;: \\&#8220;https:\/\/pubads.g.doubleclick.net\/gampad\/ads?sz=640&#215;360|640&#215;480|480&#215;360|480&#215;361|480&#215;70|300&#215;50&#038;iu=\/138855687\/nacional-[adunit-video]&#038;ciu_szs=1&#215;1,728&#215;90,970&#215;90,980&#215;90,970&#215;250,980&#215;250,620&#215;72,300&#215;250,300&#215;600,980&#215;45,320&#215;50,320&#215;100&#038;impl=s&#038;cust_params=p%3Dcpm_preroll%26plcmt%3D1%26[custom_params]&#038;gdfp_req=1&#038;env=vp&#038;ad_rule=0&#038;output=vast&#038;vpos=preroll&#038;plcmt=1&#038;vpmute=0&#038;unviewed_position_start=1&#038;url=[url]&#038;description_url=[url]&#038;gdpr=__gdpr__&#038;gdpr_consent=__gdpr_consent__&#038;correlator=__random-number__\\&#8220;,\\n      \\&#8220;type\\&#8220;: \\&#8220;linear\\&#8220;\\n    },\\n    {\\n      \\&#8220;offset\\&#8220;: \\&#8220;post\\&#8220;,\\n      \\&#8220;tag\\&#8220;: \\&#8220;https:\/\/pubads.g.doubleclick.net\/gampad\/ads?sz=640&#215;360|640&#215;480|480&#215;360|480&#215;361|480&#215;70|300&#215;50&#038;iu=\/138855687\/nacional-[adunit-video]&#038;ciu_szs=1&#215;1,728&#215;90,970&#215;90,980&#215;90,970&#215;250,980&#215;250,620&#215;72,300&#215;250,300&#215;600,980&#215;45,320&#215;50,320&#215;100&#038;impl=s&#038;cust_params=p%3Dcpm_preroll%26plcmt%3D1%26[custom_params]&#038;gdfp_req=1&#038;env=vp&#038;ad_rule=0&#038;output=vast&#038;vpos=postroll&#038;plcmt=1&#038;vpmute=0&#038;unviewed_position_start=1&#038;url=[url]&#038;description_url=[url]&#038;gdpr=__gdpr__&#038;gdpr_consent=__gdpr_consent__&#038;correlator=__random-number__\\&#8220;,\\n      \\&#8220;type\\&#8220;: \\&#8220;linear\\&#8220;\\n    }\\n  ],\\n  \\&#8220;skipmessage\\&#8220;: \\&#8220;Saltar en xx s\\&#8220;,\\n  \\&#8220;vpaidcontrols\\&#8220;: true,\\n  \\&#8220;vpaidmode\\&#8220;: \\&#8220;insecure\\&#8220;\\n}&#8220;,&#8220;138855687&#8243;,{&#8222;premiumKicker&#8220;:-1,&#8220;premiumShowButton&#8220;:8,&#8220;premiumButtonUrl&#8220;:-1,&#8220;premiumShowKicker&#8220;:8},{&#8222;hideRelations&#8220;:8,&#8220;oldContent&#8220;:8},[],{&#8222;expirationMinutes&#8220;:1252,&#8220;isPersistent&#8220;:8,&#8220;appOptions&#8220;:1689,&#8220;webOptions&#8220;:1691,&#8220;title&#8220;:1693,&#8220;body&#8220;:426},{&#8222;sendPush&#8220;:8,&#8220;notificationButtons&#8220;:1690},[],{&#8222;sendPush&#8220;:8,&#8220;notificationButtons&#8220;:1692},[],&#8220;\\&#8220;Verpisst euch in die Pause\\&#8220;: Was wirklich beim Ballermann-M&#8220;,{&#8222;origin&#8220;:-1,&#8220;type&#8220;:-1,&#8220;editor&#8220;:1260,&#8220;category&#8220;:1695,&#8220;agencies&#8220;:1696,&#8220;adsTypes&#8220;:1697,&#8220;format&#8220;:1698,&#8220;variant&#8220;:1699},&#8220;ocio&#8220;,[],[],&#8220;Noticia&#8220;,&#8220;N\/A&#8220;,{&#8222;header&#8220;:1701,&#8220;bodyEnd&#8220;:1702},&#8220;\\u003C!&#8211; PIMe Collect &#8211;>\\n\\u003Cscript type=\\&#8220;text\/javascript\\&#8220; src=\\&#8220;https:\/\/analytics-cdn.mallorcazeitung.es\/static\/javascript\/mo_wp.min.js\\&#8220; async>\\u003C\/script>\\n\\n\\u003C!&#8211; Activar Cabecera Piano &#8211;>\\n\\u003Cscript>var enableHeroPianoSticky=true;\\u003C\/script>\\n\\n\\u003C!&#8211; ID5 &#8211;>\\n\\u003Cscript>window.ID5EspConfig={partnerId:1326};\\u003C\/script>\\n\\n\\u003C!&#8211; Start Marfeel AB Test &#8211;>\\n\\u003Cscript>if(window.location.pathname===\\&#8220;\/\\&#8220;){var s1=document.createElement(\\&#8220;script\\&#8220;);s1.type=\\&#8220;module\\&#8220;;s1.src=\\&#8220;https:\/\/marfeelexperimentsexperienceengine.mrf.io\/experimentsexperience\/render?siteId=5600&#038;url=https:\/\/www.mallorcazeitung.es\/&#038;experimentType=HeadlineAB&#038;lang=es&#038;version=esnext\\&#8220;;s1.async=!0;document.head.appendChild(s1);var s2=document.createElement(\\&#8220;script\\&#8220;);s2.type=\\&#8220;application\/javascript\\&#8220;;s2.src=\\&#8220;https:\/\/marfeelexperimentsexperienceengine.mrf.io\/experimentsexperience\/render?siteId=5600&#038;url=https:\/\/www.mallorcazeitung.es\/&#038;experimentType=HeadlineAB&#038;lang=es&#038;version=legacy\\&#8220;;s2.setAttribute(\\&#8220;nomodule\\&#8220;,\\&#8220;\\&#8220;);s2.async=!0;document.head.appendChild(s2);}\\u003C\/script>\\n\\u003C!&#8211; End Marfeel AB Test &#8211;>\\n\\n\\u003C!&#8211; start gtm &#8211;>\\n\\u003Cscript>(function(w,d,s,l,i){w[l]=w[l]||[];w[l].push({&#8218;gtm.start&#8216;:\\nnew Date().getTime(),event:&#8217;gtm.js&#8216;});var f=d.getElementsByTagName(s)[0],\\nj=d.createElement(s),dl=l!=&#8217;dataLayer&#8216;?&#8217;&#038;l=&#8220;+l:&#8220;&#8218;;j.async=true;j.src=\\n&#8217;https:\/\/www.googletagmanager.com\/gtm.js?id=&#8217;+i+dl;f.parentNode.insertBefore(j,f);\\n})(window,document,&#8217;script&#8216;,&#8217;dataLayer&#8216;,&#8217;GTM-K3F8ZWT&#8216;);\\u003C\/script>\\n\\u003C!&#8211; end gtm &#8211;>\\n\\n\\u003Cscript>\\n    (function () {\\n        window.googletag = window.googletag || { cmd: [] };\\n        var slotsFirstCallPI = [\\n            &#8218;300izdad&#8216;,\\n            &#8218;cpm_fmega&#8216;,\\n            &#8218;980&#8216;,\\n            &#8218;cpm_me&#8217;\\n        ];\\n        var executePostMessage = function () {\\n            if (!googletag.pubadsReady || googletag.pubads().getSlots().length \\u003C 2) {\\n                setTimeout(executePostMessage, 200);\\n                console.log(\\&#8220;googletag.pubadsReady undefined, waiting&#8230;\\&#8220;);\\n                return;\\n            }\\n            console.log(\\&#8220;[PUBLICIDAD] execute post message fired\\&#8220;);\\n            var prefix = screen &#038;&#038; screen.width \\u003C 768 ? \\&#8220;movil-\\&#8220; : \\&#8220;pc-\\&#8220;;\\n            googletag.cmd.push(function () {\\n                slotsFirstCallPI.forEach(function (slot) {\\n                    var slot_refresh = prefix + \\&#8220;div-gpt-ad_\\&#8220; + slot;\\n                    googletag.pubads().getSlots()\\n                        .filter(function (s) {\\n                            return s.getSlotElementId() == slot_refresh;\\n                        })\\n                        .forEach(\\n                            function (s) {\\n                                googletag.pubads().refresh([s], { changeCorrelator: false });\\n                            }\\n                        );\\n                });\\n            });\\n        }\\n\\n        var enableRefreshAds = function () {\\n            if (window.app &#038;&#038; window.app.ads &#038;&#038; window.app.ads.adMap) {\\n                app.ads.adMap.disableRefreshAd = false;\\n            }\\n            if (typeof module != \\&#8220;undefined\\&#8220; &#038;&#038; module.siteConfigOptions) {\\n                module.siteConfigOptions.disableRefresh = false;\\n            }\\n            googletag.enableServices();\\n        }\\n\\n        if (!location.pathname.match(\/\\\\\/fotos\\\\\/.*\\\\.html\/)) {\\n            console.log(\\&#8220;[PUBLICIDAD] no es url de fotos\\&#8220;);\\n\\n            if (window.app &#038;&#038; window.app.ads) {\\n                app.ads.flagManager.subscribe(app.ads.flagManager.flags.CMP_READY | app.ads.flagManager.flags.ADS_INITIALIZED, function () {\\n                    executePostMessage();\\n                });\\n            } else {\\n                executePostMessage();\\n            }\\n\\n            window.ADNPM = window.ADNPM || {}; ADNPM.cmd = ADNPM.cmd || [];\\n            var script = document.createElement(\\&#8220;script\\&#8220;);\\n            script.type = \\&#8220;text\/javascript\\&#8220;;\\n            script.src = \\&#8220;https:\/\/cdn.netpoint-media.de\/1270735.js\\&#8220;;\\n            document.getElementsByTagName(\\&#8220;head\\&#8220;)[0].appendChild(script);\\n        } else {\\n            \/\/ esta parte se ejecuta en bitban todav\u00eda\\n            console.log(\\&#8220;[PUBLICIDAD] es url de fotos\\&#8220;);\\n            enableRefreshAds();\\n            if (window.app &#038;&#038; window.app.ads) {\\n                app.ads.flagManager.subscribe(app.ads.flagManager.flags.CMP_READY | app.ads.flagManager.flags.ADS_INITIALIZED, function () {\\n                    googletag.pubads().refresh();\\n                });\\n            } else {\\n                googletag.pubads().refresh();\\n            }\\n        }\\n    })();\\n\\u003C\/script>\\n\\u003Cstyle>\\n    div[id*=&#8217;div-gpt-ad_&#8216;] {\\n        min-height: 0px !important;\\n    }\\n\\n    #pc-div-gpt-ad_728 {\\n        text-align: center\\n    }\\n\\u003C\/style>\\n\\u003C!&#8211; Meta Pixel Code &#8211;>\\n\\u003Cscript>\\n!function(f,b,e,v,n,t,s)\\n{if(f.fbq)return;n=f.fbq=function(){n.callMethod?\\nn.callMethod.apply(n,arguments):n.queue.push(arguments)};\\nif(!f._fbq)f._fbq=n;n.push=n;n.loaded=!0;n.version=&#8217;2.0&#8242;;\\nn.queue=[];t=b.createElement(e);t.async=!0;\\nt.src=v;s=b.getElementsByTagName(e)[0];\\ns.parentNode.insertBefore(t,s)}(window, document,&#8217;script&#8216;,\\n&#8217;https:\/\/connect.facebook.net\/en_US\/fbevents.js&#8216;);\\nfbq(&#8218;init&#8216;, &#8218;785493233455956&#8216;);\\nfbq(&#8218;track&#8216;, &#8218;PageView&#8216;);\\n\\u003C\/script>\\n\\u003Cnoscript>\\u003Cimg height=\\&#8220;1\\&#8220; width=\\&#8220;1\\&#8220; style=\\&#8220;display:none\\&#8220;\\nsrc=\\&#8220;https:\/\/www.facebook.com\/tr?id=785493233455956&#038;ev=PageView&#038;noscript=1\\&#8220;\\n\/>\\u003C\/noscript>\\n\\u003C!&#8211; End Meta Pixel Code &#8211;>&#8220;,&#8220;\\u003Cscript>\\n(function () {\\nvar incluir_secciones = [\\&#8220;all\\&#8220;];\\nvar seccion_default = \\&#8220;all\\&#8220;;\\nvar seccion_portada = seccion_default;\\nvar portadas = {\\n    \\&#8220;all\\&#8220;: &#8218;\\u003Caside class=\\&#8220;new new__related\\&#8220;>\\u003Ca href=\\&#8220;https:\/\/www.mallorcazeitung.es\/?marketing=portadas-secciones\\&#8220; title=\\&#8220;Lesen Sie hier alle Nachrichten der Mallorca Zeitung\\&#8220; class=\\&#8220;new__media\\&#8220;>\\u003Cpicture class=\\&#8220;image\\&#8220;>\\u003Cimg alt=\\&#8220;Lesen Sie hier alle Nachrichten der Mallorca Zeitung\\&#8220; src=\\&#8220;\/clip\/f6aef173-1b0d-48f1-8f87-4ede2b548cfa_source-aspect-ratio_default_0.jpg\\&#8220;>\\u003C\/picture>\\u003C\/a>\\u003Cheader>\\u003Ca href=\\&#8220;https:\/\/www.mallorcazeitung.es\/?marketing=portadas-secciones\\&#8220; title=\\&#8220;Lesen Sie hier alle Nachrichten der Mallorca Zeitung\\&#8220; class=\\&#8220;new__headline\\&#8220;>\\u003Ch2>Lesen Sie hier alle Nachrichten der Mallorca Zeitung\\u003C\/h2>\\u003C\/a>\\u003C\/header>\\u003C\/aside>&#8217;\\n    };\\nif (incluir_secciones.includes(seccion_portada))\\n{\\n    var html_portada = portadas[seccion_default];\\n    if (seccion_portada in portadas)\\n        html_portada = portadas[seccion_portada];\\n    var parrafos = document.querySelectorAll(&#8218;.article-body&#8211;seo-closed p.article-body__text&#8216;);\\n    if (parrafos.length > 1)\\n    {\\n        if (parrafos[parrafos.length-2])\\n        {\\n            parrafos[parrafos.length-2].insertAdjacentHTML(\\&#8220;afterend\\&#8220;, html_portada);\\n        }\\n    }\\n}\\n} ());\\n\\u003C\/script>&#8220;,{&#8222;thematicContents&#8220;:1704,&#8220;relatedContents&#8220;:1705,&#8220;internalTags&#8220;:2147,&#8220;playersSummaries&#8220;:2152,&#8220;relatedDataSheets&#8220;:2153,&#8220;featuredHtml&#8220;:-1,&#8220;externalRelatedContents&#8220;:2154},[],[1706,1836,2006],{&#8222;authors&#8220;:1707,&#8220;contentId&#8220;:1714,&#8220;contentType&#8220;:141,&#8220;dates&#8220;:1715,&#8220;id&#8220;:1719,&#8220;multimediaType&#8220;:596,&#8220;options&#8220;:1720,&#8220;originalId&#8220;:1714,&#8220;photoClippings&#8220;:1738,&#8220;published&#8220;:9,&#8220;sections&#8220;:1805,&#8220;liveOptions&#8220;:-1,&#8220;signature&#8220;:-1,&#8220;sponsorship&#8220;:-1,&#8220;subtitle&#8220;:-1,&#8220;epigraph&#8220;:-1,&#8220;tags&#8220;:1810,&#8220;hyperlocalisms&#8220;:1833,&#8220;title&#8220;:1732,&#8220;type&#8220;:141,&#8220;url&#8220;:1834,&#8220;urls&#8220;:1835,&#8220;order&#8220;:1380},[1708],{&#8222;name&#8220;:1709,&#8220;id&#8220;:1710,&#8220;originalId&#8220;:1711,&#8220;title&#8220;:1709,&#8220;url&#8220;:1712,&#8220;image&#8220;:-1,&#8220;description&#8220;:-1,&#8220;authorInformation&#8220;:-1,&#8220;active&#8220;:9,&#8220;urls&#8220;:1713},&#8220;dpa&#8220;,&#8220;c7e83601-343c-3f4f-977a-11d4676889e0&#8243;,&#8220;1907856&#8243;,&#8220;\/autores\/dpa.html&#8220;,{&#8222;mainUrl&#8220;:1712,&#8220;epigraphUrl&#8220;:-1,&#8220;redirectUrl&#8220;:-1,&#8220;sourceUrl&#8220;:-1},&#8220;124784033&#8243;,{&#8222;updateDate&#8220;:1716,&#8220;createDate&#8220;:1717,&#8220;releaseDate&#8220;:1718,&#8220;lastModifiedDate&#8220;:-1},[&#8222;Date&#8220;,&#8220;2025-12-14T19:55:51.000Z&#8220;],[&#8222;Date&#8220;,&#8220;2025-12-14T19:36:24.000Z&#8220;],[&#8222;Date&#8220;,&#8220;2025-12-14T19:55:51.000Z&#8220;],&#8220;37a4b43b-a5fc-34ec-b901-4ac0ebe49a4b&#8220;,{&#8222;accessType&#8220;:1318,&#8220;interviewOptions&#8220;:1721,&#8220;frontOptions&#8220;:1722,&#8220;basicOptions&#8220;:1723,&#8220;adsOptions&#8220;:-1,&#8220;premiumOptions&#8220;:1724,&#8220;appearanceOptions&#8220;:1725,&#8220;countries&#8220;:1726,&#8220;notificationOptions&#8220;:1727,&#8220;type&#8220;:-1,&#8220;editionType&#8220;:-1,&#8220;redirectFollow&#8220;:9,&#8220;analyticsOptions&#8220;:1734,&#8220;communityOptions&#8220;:-1,&#8220;freeformHtmls&#8220;:-1,&#8220;sportsOptions&#8220;:-1},{&#8222;interviewKicker&#8220;:-1,&#8220;intervieweeRole&#8220;:-1,&#8220;isInterview&#8220;:8,&#8220;interviewee&#8220;:-1},{&#8222;showLiveIcon&#8220;:8,&#8220;excludeFromAutomaticModules&#8220;:-1,&#8220;hideColumnistStyle&#8220;:8,&#8220;showVideoIcon&#8220;:8,&#8220;showPhotoGalleryIcon&#8220;:8,&#8220;showImageSignature&#8220;:8,&#8220;specialKicker&#8220;:-1,&#8220;showSignature&#8220;:9,&#8220;hidePhoto&#8220;:8,&#8220;hideMediaReportStyle&#8220;:8,&#8220;titleSize&#8220;:-1,&#8220;showPlace&#8220;:8,&#8220;showPreTitle&#8220;:8},{&#8222;appearanceHideRelations&#8220;:8,&#8220;disablePageRefresh&#8220;:8,&#8220;appearanceHideInTagListings&#8220;:8,&#8220;denyComments&#8220;:8,&#8220;doNotGenerateAmpVersion&#8220;:8,&#8220;oldContent&#8220;:8,&#8220;sourceIsAgency&#8220;:8,&#8220;hideInLastContents&#8220;:8,&#8220;hideInTagPages&#8220;:8,&#8220;hideInMostViewed&#8220;:8,&#8220;hideInAllListings&#8220;:8,&#8220;source&#8220;:1247,&#8220;disableAmp&#8220;:8,&#8220;cxenseEnabled&#8220;:9,&#8220;isOpinion&#8220;:8},{&#8222;premiumKicker&#8220;:-1,&#8220;premiumShowButton&#8220;:8,&#8220;premiumButtonUrl&#8220;:-1,&#8220;premiumShowKicker&#8220;:8},{&#8222;hideRelations&#8220;:8,&#8220;oldContent&#8220;:8},[],{&#8222;expirationMinutes&#8220;:1252,&#8220;isPersistent&#8220;:8,&#8220;appOptions&#8220;:1728,&#8220;webOptions&#8220;:1730,&#8220;title&#8220;:1732,&#8220;body&#8220;:1733},{&#8222;sendPush&#8220;:8,&#8220;notificationButtons&#8220;:1729},[],{&#8222;sendPush&#8220;:8,&#8220;notificationButtons&#8220;:1731},[],&#8220;Mallorca-Musical probt in leeren R\u00e4umen von Einkaufszentrum&#8220;,&#8220;In gut einem Monat soll \\&#8220;Mallorca Ol\u00e9\\&#8220; Premiere feiern&#8220;,{&#8222;origin&#8220;:-1,&#8220;type&#8220;:-1,&#8220;editor&#8220;:1735,&#8220;category&#8220;:-1,&#8220;agencies&#8220;:1736,&#8220;adsTypes&#8220;:1737,&#8220;format&#8220;:1698,&#8220;variant&#8220;:1699},&#8220;ck&#8220;,[],[],[1739,1748,1757,1761,1768,1777,1784,1796],{&#8222;width&#8220;:432,&#8220;url&#8220;:1740,&#8220;height&#8220;:868,&#8220;quality&#8220;:70,&#8220;childPhotoClippings&#8220;:1741,&#8220;type&#8220;:530,&#8220;cropped&#8220;:8},&#8220;https:\/\/estaticos-cdn.prensaiberica.es\/clip\/463acd03-1747-4e4a-89b3-1712b6e21baf_alta-libre-aspect-ratio_default_0.jpg&#8220;,[1742,1745],{&#8222;width&#8220;:519,&#8220;url&#8220;:1743,&#8220;height&#8220;:803,&#8220;quality&#8220;:522,&#8220;childPhotoClippings&#8220;:1744,&#8220;type&#8220;:524,&#8220;cropped&#8220;:8},&#8220;https:\/\/estaticos-cdn.prensaiberica.es\/clip\/463acd03-1747-4e4a-89b3-1712b6e21baf_alta-libre-aspect-ratio_640w_0.jpg&#8220;,[],{&#8222;width&#8220;:526,&#8220;url&#8220;:1746,&#8220;height&#8220;:875,&#8220;quality&#8220;:522,&#8220;childPhotoClippings&#8220;:1747,&#8220;type&#8220;:524,&#8220;cropped&#8220;:8},&#8220;https:\/\/estaticos-cdn.prensaiberica.es\/clip\/463acd03-1747-4e4a-89b3-1712b6e21baf_alta-libre-aspect-ratio_320w_0.jpg&#8220;,[],{&#8222;width&#8220;:532,&#8220;url&#8220;:1749,&#8220;height&#8220;:811,&#8220;quality&#8220;:73,&#8220;childPhotoClippings&#8220;:1750,&#8220;type&#8220;:530,&#8220;cropped&#8220;:8},&#8220;https:\/\/estaticos-cdn.prensaiberica.es\/clip\/463acd03-1747-4e4a-89b3-1712b6e21baf_media-libre-aspect-ratio_default_0.jpg&#8220;,[1751,1754],{&#8222;width&#8220;:519,&#8220;url&#8220;:1752,&#8220;height&#8220;:803,&#8220;quality&#8220;:538,&#8220;childPhotoClippings&#8220;:1753,&#8220;type&#8220;:524,&#8220;cropped&#8220;:8},&#8220;https:\/\/estaticos-cdn.prensaiberica.es\/clip\/463acd03-1747-4e4a-89b3-1712b6e21baf_media-libre-aspect-ratio_640w_0.jpg&#8220;,[],{&#8222;width&#8220;:526,&#8220;url&#8220;:1755,&#8220;height&#8220;:807,&#8220;quality&#8220;:538,&#8220;childPhotoClippings&#8220;:1756,&#8220;type&#8220;:524,&#8220;cropped&#8220;:8},&#8220;https:\/\/estaticos-cdn.prensaiberica.es\/clip\/463acd03-1747-4e4a-89b3-1712b6e21baf_media-libre-aspect-ratio_320w_0.jpg&#8220;,[],{&#8222;width&#8220;:544,&#8220;url&#8220;:1758,&#8220;height&#8220;:1759,&#8220;quality&#8220;:547,&#8220;childPhotoClippings&#8220;:1760,&#8220;type&#8220;:530,&#8220;cropped&#8220;:8},&#8220;https:\/\/estaticos-cdn.prensaiberica.es\/clip\/463acd03-1747-4e4a-89b3-1712b6e21baf_baja-libre-aspect-ratio_default_0.jpg&#8220;,&#8220;200&#8243;,[],{&#8222;width&#8220;:550,&#8220;url&#8220;:1762,&#8220;height&#8220;:1763,&#8220;quality&#8220;:553,&#8220;childPhotoClippings&#8220;:1764,&#8220;type&#8220;:530,&#8220;cropped&#8220;:8},&#8220;https:\/\/estaticos-cdn.prensaiberica.es\/clip\/463acd03-1747-4e4a-89b3-1712b6e21baf_mobile-ep-aspect-ratio_default_0.jpg&#8220;,&#8220;280&#8243;,[1765],{&#8222;width&#8220;:526,&#8220;url&#8220;:1766,&#8220;height&#8220;:807,&#8220;quality&#8220;:557,&#8220;childPhotoClippings&#8220;:1767,&#8220;type&#8220;:524,&#8220;cropped&#8220;:8},&#8220;https:\/\/estaticos-cdn.prensaiberica.es\/clip\/463acd03-1747-4e4a-89b3-1712b6e21baf_mobile-ep-aspect-ratio_320w_0.jpg&#8220;,[],{&#8222;width&#8220;:519,&#8220;url&#8220;:1769,&#8220;height&#8220;:803,&#8220;quality&#8220;:561,&#8220;childPhotoClippings&#8220;:1770,&#8220;type&#8220;:530,&#8220;cropped&#8220;:8},&#8220;https:\/\/estaticos-cdn.prensaiberica.es\/clip\/463acd03-1747-4e4a-89b3-1712b6e21baf_mobile-sp-libre-aspect-ratio_default_0.jpg&#8220;,[1771,1774],{&#8222;width&#8220;:519,&#8220;url&#8220;:1772,&#8220;height&#8220;:803,&#8220;quality&#8220;:565,&#8220;childPhotoClippings&#8220;:1773,&#8220;type&#8220;:524,&#8220;cropped&#8220;:8},&#8220;https:\/\/estaticos-cdn.prensaiberica.es\/clip\/463acd03-1747-4e4a-89b3-1712b6e21baf_mobile-sp-libre-aspect-ratio_640w_0.jpg&#8220;,[],{&#8222;width&#8220;:526,&#8220;url&#8220;:1775,&#8220;height&#8220;:875,&#8220;quality&#8220;:565,&#8220;childPhotoClippings&#8220;:1776,&#8220;type&#8220;:524,&#8220;cropped&#8220;:8},&#8220;https:\/\/estaticos-cdn.prensaiberica.es\/clip\/463acd03-1747-4e4a-89b3-1712b6e21baf_mobile-sp-libre-aspect-ratio_320w_0.jpg&#8220;,[],{&#8222;width&#8220;:571,&#8220;url&#8220;:1778,&#8220;height&#8220;:1779,&#8220;quality&#8220;:574,&#8220;childPhotoClippings&#8220;:1780,&#8220;type&#8220;:530,&#8220;cropped&#8220;:8},&#8220;https:\/\/estaticos-cdn.prensaiberica.es\/clip\/463acd03-1747-4e4a-89b3-1712b6e21baf_portada-ep-libre-aspect-ratio_default_0.jpg&#8220;,&#8220;259&#8243;,[1781],{&#8222;width&#8220;:526,&#8220;url&#8220;:1782,&#8220;height&#8220;:875,&#8220;quality&#8220;:578,&#8220;childPhotoClippings&#8220;:1783,&#8220;type&#8220;:524,&#8220;cropped&#8220;:8},&#8220;https:\/\/estaticos-cdn.prensaiberica.es\/clip\/463acd03-1747-4e4a-89b3-1712b6e21baf_portada-ep-libre-aspect-ratio_320w_0.jpg&#8220;,[],{&#8222;width&#8220;:1785,&#8220;url&#8220;:1786,&#8220;height&#8220;:1787,&#8220;quality&#8220;:530,&#8220;childPhotoClippings&#8220;:1788,&#8220;type&#8220;:530,&#8220;cropped&#8220;:8},&#8220;1024&#8243;,&#8220;https:\/\/estaticos-cdn.prensaiberica.es\/clip\/463acd03-1747-4e4a-89b3-1712b6e21baf_original-libre-aspect-ratio_default_0.jpg&#8220;,&#8220;683&#8243;,[1789,1793],{&#8222;width&#8220;:519,&#8220;url&#8220;:1790,&#8220;height&#8220;:803,&#8220;quality&#8220;:1791,&#8220;childPhotoClippings&#8220;:1792,&#8220;type&#8220;:524,&#8220;cropped&#8220;:8},&#8220;https:\/\/estaticos-cdn.prensaiberica.es\/clip\/463acd03-1747-4e4a-89b3-1712b6e21baf_original-libre-aspect-ratio_640w_0.jpg&#8220;,&#8220;original-libre-aspect-ratio&#8220;,[],{&#8222;width&#8220;:526,&#8220;url&#8220;:1794,&#8220;height&#8220;:807,&#8220;quality&#8220;:1791,&#8220;childPhotoClippings&#8220;:1795,&#8220;type&#8220;:524,&#8220;cropped&#8220;:8},&#8220;https:\/\/estaticos-cdn.prensaiberica.es\/clip\/463acd03-1747-4e4a-89b3-1712b6e21baf_original-libre-aspect-ratio_320w_0.jpg&#8220;,[],{&#8222;width&#8220;:432,&#8220;url&#8220;:1797,&#8220;height&#8220;:435,&#8220;quality&#8220;:72,&#8220;childPhotoClippings&#8220;:1798,&#8220;type&#8220;:524,&#8220;cropped&#8220;:8},&#8220;https:\/\/estaticos-cdn.prensaiberica.es\/clip\/463acd03-1747-4e4a-89b3-1712b6e21baf_16-9-discover-aspect-ratio_default_0.jpg&#8220;,[1799,1802],{&#8222;width&#8220;:519,&#8220;url&#8220;:1800,&#8220;height&#8220;:823,&#8220;quality&#8220;:824,&#8220;childPhotoClippings&#8220;:1801,&#8220;type&#8220;:524,&#8220;cropped&#8220;:8},&#8220;https:\/\/estaticos-cdn.prensaiberica.es\/clip\/463acd03-1747-4e4a-89b3-1712b6e21baf_16-9-discover-aspect-ratio_640w_0.jpg&#8220;,[],{&#8222;width&#8220;:526,&#8220;url&#8220;:1803,&#8220;height&#8220;:828,&#8220;quality&#8220;:824,&#8220;childPhotoClippings&#8220;:1804,&#8220;type&#8220;:524,&#8220;cropped&#8220;:8},&#8220;https:\/\/estaticos-cdn.prensaiberica.es\/clip\/463acd03-1747-4e4a-89b3-1712b6e21baf_16-9-discover-aspect-ratio_320w_0.jpg&#8220;,[],[1806,1808],{&#8222;name&#8220;:448,&#8220;id&#8220;:1224,&#8220;originalId&#8220;:1225,&#8220;title&#8220;:448,&#8220;url&#8220;:1226,&#8220;urls&#8220;:1807,&#8220;childUrl&#8220;:-1,&#8220;parentUrl&#8220;:-1,&#8220;active&#8220;:9,&#8220;archived&#8220;:8},{&#8222;mainUrl&#8220;:1226,&#8220;epigraphUrl&#8220;:-1,&#8220;redirectUrl&#8220;:-1,&#8220;sourceUrl&#8220;:-1},{&#8222;name&#8220;:1229,&#8220;id&#8220;:1230,&#8220;originalId&#8220;:1231,&#8220;title&#8220;:1229,&#8220;url&#8220;:1232,&#8220;urls&#8220;:1809,&#8220;childUrl&#8220;:-1,&#8220;parentUrl&#8220;:-1,&#8220;active&#8220;:9,&#8220;archived&#8220;:8},{&#8222;mainUrl&#8220;:1232,&#8220;epigraphUrl&#8220;:-1,&#8220;redirectUrl&#8220;:-1,&#8220;sourceUrl&#8220;:-1},[1811,1813,1819,1825,1827],{&#8222;name&#8220;:1298,&#8220;id&#8220;:1299,&#8220;originalId&#8220;:1300,&#8220;title&#8220;:1298,&#8220;url&#8220;:1301,&#8220;urls&#8220;:1812,&#8220;active&#8220;:9},{&#8222;mainUrl&#8220;:1301,&#8220;epigraphUrl&#8220;:-1,&#8220;redirectUrl&#8220;:-1,&#8220;sourceUrl&#8220;:-1},{&#8222;name&#8220;:1814,&#8220;id&#8220;:1815,&#8220;originalId&#8220;:1816,&#8220;title&#8220;:1814,&#8220;url&#8220;:1817,&#8220;urls&#8220;:1818,&#8220;active&#8220;:9},&#8220;Partyschlager&#8220;,&#8220;d9d6a539-f16a-3e11-98af-cb8a708e3ab9&#8243;,&#8220;REGIONALES_1832354&#8243;,&#8220;\/tags\/partyschlager\/&#8220;,{&#8222;mainUrl&#8220;:1817,&#8220;epigraphUrl&#8220;:-1,&#8220;redirectUrl&#8220;:-1,&#8220;sourceUrl&#8220;:-1},{&#8222;name&#8220;:1820,&#8220;id&#8220;:1821,&#8220;originalId&#8220;:1822,&#8220;title&#8220;:1820,&#8220;url&#8220;:1823,&#8220;urls&#8220;:1824,&#8220;active&#8220;:9},&#8220;Partytourismus&#8220;,&#8220;19cfcc7a-d43f-3c71-a5c9-0c5b372f5f5b&#8220;,&#8220;REGIONALES_1949007&#8243;,&#8220;\/tags\/partytourismus\/&#8220;,{&#8222;mainUrl&#8220;:1823,&#8220;epigraphUrl&#8220;:-1,&#8220;redirectUrl&#8220;:-1,&#8220;sourceUrl&#8220;:-1},{&#8222;name&#8220;:1236,&#8220;id&#8220;:1237,&#8220;originalId&#8220;:1238,&#8220;title&#8220;:1236,&#8220;url&#8220;:1239,&#8220;urls&#8220;:1826,&#8220;active&#8220;:9},{&#8222;mainUrl&#8220;:1239,&#8220;epigraphUrl&#8220;:-1,&#8220;redirectUrl&#8220;:-1,&#8220;sourceUrl&#8220;:-1},{&#8222;name&#8220;:1828,&#8220;id&#8220;:1829,&#8220;originalId&#8220;:1830,&#8220;title&#8220;:1828,&#8220;url&#8220;:1831,&#8220;urls&#8220;:1832,&#8220;active&#8220;:9},&#8220;Schlager&#8220;,&#8220;0c5fe643-ea96-3b6f-aff8-a0b80094b6d0&#8243;,&#8220;REGIONALES_1585773&#8243;,&#8220;\/tags\/schlager\/&#8220;,{&#8222;mainUrl&#8220;:1831,&#8220;epigraphUrl&#8220;:-1,&#8220;redirectUrl&#8220;:-1,&#8220;sourceUrl&#8220;:-1},[],&#8220;\/boulevard\/szene\/2025\/12\/14\/mallorca-ole-musical-proben-duisburg-124784033.html&#8220;,{&#8222;mainUrl&#8220;:1834,&#8220;epigraphUrl&#8220;:-1,&#8220;redirectUrl&#8220;:-1,&#8220;sourceUrl&#8220;:-1},{&#8222;authors&#8220;:1837,&#8220;contentId&#8220;:1852,&#8220;contentType&#8220;:141,&#8220;dates&#8220;:1853,&#8220;id&#8220;:1857,&#8220;multimediaType&#8220;:596,&#8220;options&#8220;:1858,&#8220;originalId&#8220;:1852,&#8220;photoClippings&#8220;:1877,&#8220;published&#8220;:9,&#8220;sections&#8220;:1939,&#8220;liveOptions&#8220;:-1,&#8220;signature&#8220;:-1,&#8220;sponsorship&#8220;:-1,&#8220;subtitle&#8220;:-1,&#8220;epigraph&#8220;:-1,&#8220;tags&#8220;:1952,&#8220;hyperlocalisms&#8220;:2002,&#8220;title&#8220;:2003,&#8220;type&#8220;:141,&#8220;url&#8220;:2004,&#8220;urls&#8220;:2005,&#8220;order&#8220;:1379},[1838,1846],{&#8222;name&#8220;:1839,&#8220;id&#8220;:1840,&#8220;originalId&#8220;:1841,&#8220;title&#8220;:1839,&#8220;url&#8220;:1842,&#8220;image&#8220;:1843,&#8220;description&#8220;:1844,&#8220;authorInformation&#8220;:-1,&#8220;active&#8220;:9,&#8220;urls&#8220;:1845},&#8220;Brigitte Rohm&#8220;,&#8220;e74d5ac8-2548-3055-ac7d-46b1b76cb4ac&#8220;,&#8220;28519&#8243;,&#8220;\/autoren\/brigitte-rohm.html&#8220;,&#8220;https:\/\/estaticos-cdn.prensaiberica.es\/clip\/5b1503b4-2ffb-453f-8c2c-abeebca6611a_source-aspect-ratio_320w_0.jpg&#8220;,&#8220;\\u003Cp>Geboren in Stuttgart. Nach einem Studium in internationaler Kunstgeschichte und Museologie sowie Spanisch in Freiburg, Madrid, Paris und Heidelberg folgte ein Volontariat in M\u00fcnchen und dort einige Zeit als Online-Redakteurin. Seit 2020 mit viel Begeisterung f\u00fcr Kultur-Themen der Mallorca Zeitung zust\u00e4ndig.\\u003C\/p>&#8220;,{&#8222;mainUrl&#8220;:1842,&#8220;epigraphUrl&#8220;:-1,&#8220;redirectUrl&#8220;:-1,&#8220;sourceUrl&#8220;:-1},{&#8222;name&#8220;:1847,&#8220;id&#8220;:1848,&#8220;originalId&#8220;:1849,&#8220;title&#8220;:1847,&#8220;url&#8220;:1850,&#8220;image&#8220;:-1,&#8220;description&#8220;:-1,&#8220;authorInformation&#8220;:-1,&#8220;active&#8220;:9,&#8220;urls&#8220;:1851},&#8220;Juan A. Moreno&#8220;,&#8220;8162f545-68b9-39e7-9821-2f679ce78054&#8243;,&#8220;2162720&#8243;,&#8220;\/autores\/juan-a-moreno.html&#8220;,{&#8222;mainUrl&#8220;:1850,&#8220;epigraphUrl&#8220;:-1,&#8220;redirectUrl&#8220;:-1,&#8220;sourceUrl&#8220;:-1},&#8220;124239374&#8243;,{&#8222;updateDate&#8220;:1854,&#8220;createDate&#8220;:1855,&#8220;releaseDate&#8220;:1856,&#8220;lastModifiedDate&#8220;:-1},[&#8222;Date&#8220;,&#8220;2025-12-01T15:20:23.000Z&#8220;],[&#8222;Date&#8220;,&#8220;2025-11-28T14:52:27.000Z&#8220;],[&#8222;Date&#8220;,&#8220;2025-11-28T18:09:29.000Z&#8220;],&#8220;083e71a6-9c49-305e-8829-4e3ecc9ecfd3&#8243;,{&#8222;accessType&#8220;:1859,&#8220;interviewOptions&#8220;:1860,&#8220;frontOptions&#8220;:1861,&#8220;basicOptions&#8220;:1862,&#8220;adsOptions&#8220;:-1,&#8220;premiumOptions&#8220;:1863,&#8220;appearanceOptions&#8220;:1864,&#8220;countries&#8220;:1865,&#8220;notificationOptions&#8220;:1866,&#8220;type&#8220;:-1,&#8220;editionType&#8220;:-1,&#8220;redirectFollow&#8220;:9,&#8220;analyticsOptions&#8220;:1873,&#8220;communityOptions&#8220;:-1,&#8220;freeformHtmls&#8220;:-1,&#8220;sportsOptions&#8220;:-1},&#8220;T_PAY&#8220;,{&#8222;interviewKicker&#8220;:-1,&#8220;intervieweeRole&#8220;:-1,&#8220;isInterview&#8220;:8,&#8220;interviewee&#8220;:-1},{&#8222;showLiveIcon&#8220;:8,&#8220;excludeFromAutomaticModules&#8220;:-1,&#8220;hideColumnistStyle&#8220;:8,&#8220;showVideoIcon&#8220;:8,&#8220;showPhotoGalleryIcon&#8220;:8,&#8220;showImageSignature&#8220;:8,&#8220;specialKicker&#8220;:-1,&#8220;showSignature&#8220;:9,&#8220;hidePhoto&#8220;:8,&#8220;hideMediaReportStyle&#8220;:8,&#8220;titleSize&#8220;:-1,&#8220;showPlace&#8220;:8,&#8220;showPreTitle&#8220;:8},{&#8222;appearanceHideRelations&#8220;:8,&#8220;disablePageRefresh&#8220;:8,&#8220;appearanceHideInTagListings&#8220;:8,&#8220;denyComments&#8220;:8,&#8220;doNotGenerateAmpVersion&#8220;:8,&#8220;oldContent&#8220;:8,&#8220;sourceIsAgency&#8220;:8,&#8220;hideInLastContents&#8220;:8,&#8220;hideInTagPages&#8220;:8,&#8220;hideInMostViewed&#8220;:8,&#8220;hideInAllListings&#8220;:8,&#8220;source&#8220;:1247,&#8220;disableAmp&#8220;:8,&#8220;cxenseEnabled&#8220;:9,&#8220;isOpinion&#8220;:8},{&#8222;premiumKicker&#8220;:-1,&#8220;premiumShowButton&#8220;:8,&#8220;premiumButtonUrl&#8220;:-1,&#8220;premiumShowKicker&#8220;:8},{&#8222;hideRelations&#8220;:8,&#8220;oldContent&#8220;:8},[],{&#8222;expirationMinutes&#8220;:1252,&#8220;isPersistent&#8220;:8,&#8220;appOptions&#8220;:1867,&#8220;webOptions&#8220;:1869,&#8220;title&#8220;:1871,&#8220;body&#8220;:1872},{&#8222;sendPush&#8220;:8,&#8220;notificationButtons&#8220;:1868},[],{&#8222;sendPush&#8220;:8,&#8220;notificationButtons&#8220;:1870},[],&#8220;Eine K\u00fcnstlerresidenz namens \\&#8220;Saufausreden\\&#8220; unterwandert ger&#8220;,&#8220;Am Samstag (29.11.) er\u00f6ffnet im Rahmen der Initiative die Ausstellung \\&#8220;Dreamland\\&#8220; von Lloren\u00e7 Garrit. Bei seinem Kunstprojekt an der Playa de Palma projizierte er Bilder zwischen Gruppen betrunkener Urlauber&#8220;,{&#8222;origin&#8220;:-1,&#8220;type&#8220;:-1,&#8220;editor&#8220;:1874,&#8220;category&#8220;:-1,&#8220;agencies&#8220;:1875,&#8220;adsTypes&#8220;:1876,&#8220;format&#8220;:1698,&#8220;variant&#8220;:1699},&#8220;rohm&#8220;,[],[],[1878,1887,1896,1899,1905,1914,1920,1930],{&#8222;width&#8220;:432,&#8220;url&#8220;:1879,&#8220;height&#8220;:516,&#8220;quality&#8220;:70,&#8220;childPhotoClippings&#8220;:1880,&#8220;type&#8220;:530,&#8220;cropped&#8220;:8},&#8220;https:\/\/estaticos-cdn.prensaiberica.es\/clip\/6e49f290-4b86-4781-9205-f6bf67dc63b4_alta-libre-aspect-ratio_default_0.jpg&#8220;,[1881,1884],{&#8222;width&#8220;:519,&#8220;url&#8220;:1882,&#8220;height&#8220;:521,&#8220;quality&#8220;:522,&#8220;childPhotoClippings&#8220;:1883,&#8220;type&#8220;:524,&#8220;cropped&#8220;:8},&#8220;https:\/\/estaticos-cdn.prensaiberica.es\/clip\/6e49f290-4b86-4781-9205-f6bf67dc63b4_alta-libre-aspect-ratio_640w_0.jpg&#8220;,[],{&#8222;width&#8220;:526,&#8220;url&#8220;:1885,&#8220;height&#8220;:528,&#8220;quality&#8220;:522,&#8220;childPhotoClippings&#8220;:1886,&#8220;type&#8220;:524,&#8220;cropped&#8220;:8},&#8220;https:\/\/estaticos-cdn.prensaiberica.es\/clip\/6e49f290-4b86-4781-9205-f6bf67dc63b4_alta-libre-aspect-ratio_320w_0.jpg&#8220;,[],{&#8222;width&#8220;:532,&#8220;url&#8220;:1888,&#8220;height&#8220;:534,&#8220;quality&#8220;:73,&#8220;childPhotoClippings&#8220;:1889,&#8220;type&#8220;:530,&#8220;cropped&#8220;:8},&#8220;https:\/\/estaticos-cdn.prensaiberica.es\/clip\/6e49f290-4b86-4781-9205-f6bf67dc63b4_media-libre-aspect-ratio_default_0.jpg&#8220;,[1890,1893],{&#8222;width&#8220;:519,&#8220;url&#8220;:1891,&#8220;height&#8220;:521,&#8220;quality&#8220;:538,&#8220;childPhotoClippings&#8220;:1892,&#8220;type&#8220;:524,&#8220;cropped&#8220;:8},&#8220;https:\/\/estaticos-cdn.prensaiberica.es\/clip\/6e49f290-4b86-4781-9205-f6bf67dc63b4_media-libre-aspect-ratio_640w_0.jpg&#8220;,[],{&#8222;width&#8220;:526,&#8220;url&#8220;:1894,&#8220;height&#8220;:528,&#8220;quality&#8220;:538,&#8220;childPhotoClippings&#8220;:1895,&#8220;type&#8220;:524,&#8220;cropped&#8220;:8},&#8220;https:\/\/estaticos-cdn.prensaiberica.es\/clip\/6e49f290-4b86-4781-9205-f6bf67dc63b4_media-libre-aspect-ratio_320w_0.jpg&#8220;,[],{&#8222;width&#8220;:544,&#8220;url&#8220;:1897,&#8220;height&#8220;:546,&#8220;quality&#8220;:547,&#8220;childPhotoClippings&#8220;:1898,&#8220;type&#8220;:530,&#8220;cropped&#8220;:8},&#8220;https:\/\/estaticos-cdn.prensaiberica.es\/clip\/6e49f290-4b86-4781-9205-f6bf67dc63b4_baja-libre-aspect-ratio_default_0.jpg&#8220;,[],{&#8222;width&#8220;:550,&#8220;url&#8220;:1900,&#8220;height&#8220;:552,&#8220;quality&#8220;:553,&#8220;childPhotoClippings&#8220;:1901,&#8220;type&#8220;:530,&#8220;cropped&#8220;:8},&#8220;https:\/\/estaticos-cdn.prensaiberica.es\/clip\/6e49f290-4b86-4781-9205-f6bf67dc63b4_mobile-ep-aspect-ratio_default_0.jpg&#8220;,[1902],{&#8222;width&#8220;:526,&#8220;url&#8220;:1903,&#8220;height&#8220;:528,&#8220;quality&#8220;:557,&#8220;childPhotoClippings&#8220;:1904,&#8220;type&#8220;:524,&#8220;cropped&#8220;:8},&#8220;https:\/\/estaticos-cdn.prensaiberica.es\/clip\/6e49f290-4b86-4781-9205-f6bf67dc63b4_mobile-ep-aspect-ratio_320w_0.jpg&#8220;,[],{&#8222;width&#8220;:519,&#8220;url&#8220;:1906,&#8220;height&#8220;:521,&#8220;quality&#8220;:561,&#8220;childPhotoClippings&#8220;:1907,&#8220;type&#8220;:530,&#8220;cropped&#8220;:8},&#8220;https:\/\/estaticos-cdn.prensaiberica.es\/clip\/6e49f290-4b86-4781-9205-f6bf67dc63b4_mobile-sp-libre-aspect-ratio_default_0.jpg&#8220;,[1908,1911],{&#8222;width&#8220;:519,&#8220;url&#8220;:1909,&#8220;height&#8220;:521,&#8220;quality&#8220;:565,&#8220;childPhotoClippings&#8220;:1910,&#8220;type&#8220;:524,&#8220;cropped&#8220;:8},&#8220;https:\/\/estaticos-cdn.prensaiberica.es\/clip\/6e49f290-4b86-4781-9205-f6bf67dc63b4_mobile-sp-libre-aspect-ratio_640w_0.jpg&#8220;,[],{&#8222;width&#8220;:526,&#8220;url&#8220;:1912,&#8220;height&#8220;:528,&#8220;quality&#8220;:565,&#8220;childPhotoClippings&#8220;:1913,&#8220;type&#8220;:524,&#8220;cropped&#8220;:8},&#8220;https:\/\/estaticos-cdn.prensaiberica.es\/clip\/6e49f290-4b86-4781-9205-f6bf67dc63b4_mobile-sp-libre-aspect-ratio_320w_0.jpg&#8220;,[],{&#8222;width&#8220;:571,&#8220;url&#8220;:1915,&#8220;height&#8220;:573,&#8220;quality&#8220;:574,&#8220;childPhotoClippings&#8220;:1916,&#8220;type&#8220;:530,&#8220;cropped&#8220;:8},&#8220;https:\/\/estaticos-cdn.prensaiberica.es\/clip\/6e49f290-4b86-4781-9205-f6bf67dc63b4_portada-ep-libre-aspect-ratio_default_0.jpg&#8220;,[1917],{&#8222;width&#8220;:526,&#8220;url&#8220;:1918,&#8220;height&#8220;:528,&#8220;quality&#8220;:578,&#8220;childPhotoClippings&#8220;:1919,&#8220;type&#8220;:524,&#8220;cropped&#8220;:8},&#8220;https:\/\/estaticos-cdn.prensaiberica.es\/clip\/6e49f290-4b86-4781-9205-f6bf67dc63b4_portada-ep-libre-aspect-ratio_320w_0.jpg&#8220;,[],{&#8222;width&#8220;:1785,&#8220;url&#8220;:1921,&#8220;height&#8220;:1922,&#8220;quality&#8220;:530,&#8220;childPhotoClippings&#8220;:1923,&#8220;type&#8220;:530,&#8220;cropped&#8220;:8},&#8220;https:\/\/estaticos-cdn.prensaiberica.es\/clip\/6e49f290-4b86-4781-9205-f6bf67dc63b4_original-libre-aspect-ratio_default_0.jpg&#8220;,&#8220;768&#8243;,[1924,1927],{&#8222;width&#8220;:519,&#8220;url&#8220;:1925,&#8220;height&#8220;:521,&#8220;quality&#8220;:1791,&#8220;childPhotoClippings&#8220;:1926,&#8220;type&#8220;:524,&#8220;cropped&#8220;:8},&#8220;https:\/\/estaticos-cdn.prensaiberica.es\/clip\/6e49f290-4b86-4781-9205-f6bf67dc63b4_original-libre-aspect-ratio_640w_0.jpg&#8220;,[],{&#8222;width&#8220;:526,&#8220;url&#8220;:1928,&#8220;height&#8220;:528,&#8220;quality&#8220;:1791,&#8220;childPhotoClippings&#8220;:1929,&#8220;type&#8220;:524,&#8220;cropped&#8220;:8},&#8220;https:\/\/estaticos-cdn.prensaiberica.es\/clip\/6e49f290-4b86-4781-9205-f6bf67dc63b4_original-libre-aspect-ratio_320w_0.jpg&#8220;,[],{&#8222;width&#8220;:432,&#8220;url&#8220;:1931,&#8220;height&#8220;:435,&#8220;quality&#8220;:72,&#8220;childPhotoClippings&#8220;:1932,&#8220;type&#8220;:524,&#8220;cropped&#8220;:8},&#8220;https:\/\/estaticos-cdn.prensaiberica.es\/clip\/6e49f290-4b86-4781-9205-f6bf67dc63b4_16-9-discover-aspect-ratio_default_0.jpg&#8220;,[1933,1936],{&#8222;width&#8220;:519,&#8220;url&#8220;:1934,&#8220;height&#8220;:823,&#8220;quality&#8220;:824,&#8220;childPhotoClippings&#8220;:1935,&#8220;type&#8220;:524,&#8220;cropped&#8220;:8},&#8220;https:\/\/estaticos-cdn.prensaiberica.es\/clip\/6e49f290-4b86-4781-9205-f6bf67dc63b4_16-9-discover-aspect-ratio_640w_0.jpg&#8220;,[],{&#8222;width&#8220;:526,&#8220;url&#8220;:1937,&#8220;height&#8220;:828,&#8220;quality&#8220;:824,&#8220;childPhotoClippings&#8220;:1938,&#8220;type&#8220;:524,&#8220;cropped&#8220;:8},&#8220;https:\/\/estaticos-cdn.prensaiberica.es\/clip\/6e49f290-4b86-4781-9205-f6bf67dc63b4_16-9-discover-aspect-ratio_320w_0.jpg&#8220;,[],[1940,1946],{&#8222;name&#8220;:1941,&#8220;id&#8220;:1942,&#8220;originalId&#8220;:1943,&#8220;title&#8220;:1941,&#8220;url&#8220;:1944,&#8220;urls&#8220;:1945,&#8220;childUrl&#8220;:-1,&#8220;parentUrl&#8220;:-1,&#8220;active&#8220;:9,&#8220;archived&#8220;:8},&#8220;Kunst&#8220;,&#8220;4f2ae4a4-3fe4-3bec-9081-5d6b146a066e&#8220;,&#8220;REGIONALES_1588764&#8243;,&#8220;\/kultur\/kunst\/&#8220;,{&#8222;mainUrl&#8220;:1944,&#8220;epigraphUrl&#8220;:-1,&#8220;redirectUrl&#8220;:-1,&#8220;sourceUrl&#8220;:-1},{&#8222;name&#8220;:1947,&#8220;id&#8220;:1948,&#8220;originalId&#8220;:1949,&#8220;title&#8220;:1947,&#8220;url&#8220;:1950,&#8220;urls&#8220;:1951,&#8220;childUrl&#8220;:-1,&#8220;parentUrl&#8220;:-1,&#8220;active&#8220;:9,&#8220;archived&#8220;:8},&#8220;Kultur&#8220;,&#8220;419cc8e2-d536-391a-b441-00705fb40581&#8243;,&#8220;REGIONALES_28003&#8243;,&#8220;https:\/\/www.mallorcazeitung.es\/kultur\/&#8220;,{&#8222;mainUrl&#8220;:1950,&#8220;epigraphUrl&#8220;:-1,&#8220;redirectUrl&#8220;:-1,&#8220;sourceUrl&#8220;:-1},[1953,1958,1964,1966,1972,1978,1984,1990,1996],{&#8222;name&#8220;:1941,&#8220;id&#8220;:1954,&#8220;originalId&#8220;:1955,&#8220;title&#8220;:1941,&#8220;url&#8220;:1956,&#8220;urls&#8220;:1957,&#8220;active&#8220;:9},&#8220;918e8178-8e4f-33ff-90d5-83c228882d16&#8243;,&#8220;REGIONALES_1584301&#8243;,&#8220;\/tag\/kunst\/&#8220;,{&#8222;mainUrl&#8220;:1956,&#8220;epigraphUrl&#8220;:-1,&#8220;redirectUrl&#8220;:-1,&#8220;sourceUrl&#8220;:-1},{&#8222;name&#8220;:1959,&#8220;id&#8220;:1960,&#8220;originalId&#8220;:1961,&#8220;title&#8220;:1959,&#8220;url&#8220;:1962,&#8220;urls&#8220;:1963,&#8220;active&#8220;:9},&#8220;zeitgen\u00f6ssische Kunst&#8220;,&#8220;72021555-ba8d-38e8-8bf7-a960c054eeed&#8220;,&#8220;REGIONALES_1586750&#8243;,&#8220;\/tags\/zeitgenoessische-kunst\/&#8220;,{&#8222;mainUrl&#8220;:1962,&#8220;epigraphUrl&#8220;:-1,&#8220;redirectUrl&#8220;:-1,&#8220;sourceUrl&#8220;:-1},{&#8222;name&#8220;:1236,&#8220;id&#8220;:1237,&#8220;originalId&#8220;:1238,&#8220;title&#8220;:1236,&#8220;url&#8220;:1239,&#8220;urls&#8220;:1965,&#8220;active&#8220;:9},{&#8222;mainUrl&#8220;:1239,&#8220;epigraphUrl&#8220;:-1,&#8220;redirectUrl&#8220;:-1,&#8220;sourceUrl&#8220;:-1},{&#8222;name&#8220;:1967,&#8220;id&#8220;:1968,&#8220;originalId&#8220;:1969,&#8220;title&#8220;:1967,&#8220;url&#8220;:1970,&#8220;urls&#8220;:1971,&#8220;active&#8220;:9},&#8220;Playa de Palma&#8220;,&#8220;27c435ab-c8d0-3d4b-8ffb-66dd2d2debbf&#8220;,&#8220;REGIONALES_1585293&#8243;,&#8220;\/tags\/playa-de-palma\/&#8220;,{&#8222;mainUrl&#8220;:1970,&#8220;epigraphUrl&#8220;:-1,&#8220;redirectUrl&#8220;:-1,&#8220;sourceUrl&#8220;:-1},{&#8222;name&#8220;:1973,&#8220;id&#8220;:1974,&#8220;originalId&#8220;:1975,&#8220;title&#8220;:1973,&#8220;url&#8220;:1976,&#8220;urls&#8220;:1977,&#8220;active&#8220;:9},&#8220;Sauftourismus&#8220;,&#8220;d58f751f-fb87-3be8-85ae-37201dbfe9c8&#8243;,&#8220;REGIONALES_1585744&#8243;,&#8220;\/tags\/sauftourismus\/&#8220;,{&#8222;mainUrl&#8220;:1976,&#8220;epigraphUrl&#8220;:-1,&#8220;redirectUrl&#8220;:-1,&#8220;sourceUrl&#8220;:-1},{&#8222;name&#8220;:1979,&#8220;id&#8220;:1980,&#8220;originalId&#8220;:1981,&#8220;title&#8220;:1979,&#8220;url&#8220;:1982,&#8220;urls&#8220;:1983,&#8220;active&#8220;:9},&#8220;Exzesse&#8220;,&#8220;b00c0847-8090-319a-aa60-a50a70aff26f&#8220;,&#8220;REGIONALES_1583249&#8243;,&#8220;\/tags\/exzesse\/&#8220;,{&#8222;mainUrl&#8220;:1982,&#8220;epigraphUrl&#8220;:-1,&#8220;redirectUrl&#8220;:-1,&#8220;sourceUrl&#8220;:-1},{&#8222;name&#8220;:1985,&#8220;id&#8220;:1986,&#8220;originalId&#8220;:1987,&#8220;title&#8220;:1985,&#8220;url&#8220;:1988,&#8220;urls&#8220;:1989,&#8220;active&#8220;:9},&#8220;Urlauber&#8220;,&#8220;6a254494-dd83-3f36-9870-06dfc71d4a6c&#8220;,&#8220;REGIONALES_1586483&#8243;,&#8220;\/tags\/urlauber\/&#8220;,{&#8222;mainUrl&#8220;:1988,&#8220;epigraphUrl&#8220;:-1,&#8220;redirectUrl&#8220;:-1,&#8220;sourceUrl&#8220;:-1},{&#8222;name&#8220;:1991,&#8220;id&#8220;:1992,&#8220;originalId&#8220;:1993,&#8220;title&#8220;:1991,&#8220;url&#8220;:1994,&#8220;urls&#8220;:1995,&#8220;active&#8220;:9},&#8220;Deutsche Urlauber&#8220;,&#8220;714479bb-6a6f-3e09-a77d-f54e910fb2b8&#8243;,&#8220;REGIONALES_1582999&#8243;,&#8220;\/tags\/deutsche-urlauber\/&#8220;,{&#8222;mainUrl&#8220;:1994,&#8220;epigraphUrl&#8220;:-1,&#8220;redirectUrl&#8220;:-1,&#8220;sourceUrl&#8220;:-1},{&#8222;name&#8220;:1997,&#8220;id&#8220;:1998,&#8220;originalId&#8220;:1999,&#8220;title&#8220;:1997,&#8220;url&#8220;:2000,&#8220;urls&#8220;:2001,&#8220;active&#8220;:9},&#8220;Mallorquiner&#8220;,&#8220;8ec37e92-2de5-3877-9bdc-ad507beee760&#8243;,&#8220;REGIONALES_1584565&#8243;,&#8220;\/tags\/mallorquiner\/&#8220;,{&#8222;mainUrl&#8220;:2000,&#8220;epigraphUrl&#8220;:-1,&#8220;redirectUrl&#8220;:-1,&#8220;sourceUrl&#8220;:-1},[],&#8220;Eine K\u00fcnstlerresidenz namens \\&#8220;Saufausreden\\&#8220; unterwandert gerade den Ballermann&#8220;,&#8220;\/kultur\/kunst\/2025\/11\/28\/eine-kunstlerresidenz-namens-saufausreden-unterwandert-124239374.html&#8220;,{&#8222;mainUrl&#8220;:2004,&#8220;epigraphUrl&#8220;:-1,&#8220;redirectUrl&#8220;:-1,&#8220;sourceUrl&#8220;:-1},{&#8222;authors&#8220;:2007,&#8220;contentId&#8220;:2016,&#8220;contentType&#8220;:141,&#8220;dates&#8220;:2017,&#8220;id&#8220;:2021,&#8220;multimediaType&#8220;:596,&#8220;options&#8220;:2022,&#8220;originalId&#8220;:2016,&#8220;photoClippings&#8220;:2040,&#8220;published&#8220;:9,&#8220;sections&#8220;:2101,&#8220;liveOptions&#8220;:-1,&#8220;signature&#8220;:-1,&#8220;sponsorship&#8220;:-1,&#8220;subtitle&#8220;:-1,&#8220;epigraph&#8220;:-1,&#8220;tags&#8220;:2106,&#8220;hyperlocalisms&#8220;:2137,&#8220;title&#8220;:2144,&#8220;type&#8220;:141,&#8220;url&#8220;:2145,&#8220;urls&#8220;:2146,&#8220;order&#8220;:1396},[2008],{&#8222;name&#8220;:418,&#8220;id&#8220;:2009,&#8220;originalId&#8220;:2010,&#8220;title&#8220;:418,&#8220;url&#8220;:2011,&#8220;image&#8220;:2012,&#8220;description&#8220;:2013,&#8220;authorInformation&#8220;:2014,&#8220;active&#8220;:9,&#8220;urls&#8220;:2015},&#8220;98797d02-f7e4-3fec-98de-0380fa7fa67d&#8220;,&#8220;28528&#8243;,&#8220;https:\/\/www.mallorcazeitung.es\/autores\/ingo-wohlfeil.html&#8220;,&#8220;https:\/\/estaticos-cdn.prensaiberica.es\/clip\/ee9a900f-3c4f-4f80-9f1b-4c58ebff3d10_source-aspect-ratio_320w_0.jpg&#8220;,&#8220;\\u003Cp>Ingo Wohlfeil, gelernter Radiomann aus Oldenburg, war mal bei Kiss FM in Berlin und kam 2007 als Chefreporter der \\&#8220;Bild\\&#8220; nach Mallorca. Seither kommt er von der Insel nicht mehr los. Schreibt und berichtet mit Vorliebe von den Licht- und Schattenseiten der Playa de Palma.\\u003C\/p>&#8220;,{&#8222;position&#8220;:-1,&#8220;twitterUsername&#8220;:-1,&#8220;socialNetworks&#8220;:-1},{&#8222;mainUrl&#8220;:2011,&#8220;epigraphUrl&#8220;:-1,&#8220;redirectUrl&#8220;:-1,&#8220;sourceUrl&#8220;:-1},&#8220;123314685&#8243;,{&#8222;updateDate&#8220;:2018,&#8220;createDate&#8220;:2019,&#8220;releaseDate&#8220;:2020,&#8220;lastModifiedDate&#8220;:-1},[&#8222;Date&#8220;,&#8220;2025-11-03T15:22:05.000Z&#8220;],[&#8222;Date&#8220;,&#8220;2025-11-03T15:08:40.000Z&#8220;],[&#8222;Date&#8220;,&#8220;2025-11-03T15:22:05.000Z&#8220;],&#8220;8d1af638-bfc7-3cbb-b626-8ea3367ad01b&#8220;,{&#8222;accessType&#8220;:1859,&#8220;interviewOptions&#8220;:2023,&#8220;frontOptions&#8220;:2024,&#8220;basicOptions&#8220;:2025,&#8220;adsOptions&#8220;:-1,&#8220;premiumOptions&#8220;:2026,&#8220;appearanceOptions&#8220;:2027,&#8220;countries&#8220;:2028,&#8220;notificationOptions&#8220;:2029,&#8220;type&#8220;:-1,&#8220;editionType&#8220;:-1,&#8220;redirectFollow&#8220;:9,&#8220;analyticsOptions&#8220;:2036,&#8220;communityOptions&#8220;:-1,&#8220;freeformHtmls&#8220;:-1,&#8220;sportsOptions&#8220;:-1},{&#8222;interviewKicker&#8220;:-1,&#8220;intervieweeRole&#8220;:-1,&#8220;isInterview&#8220;:8,&#8220;interviewee&#8220;:-1},{&#8222;showLiveIcon&#8220;:8,&#8220;excludeFromAutomaticModules&#8220;:-1,&#8220;hideColumnistStyle&#8220;:8,&#8220;showVideoIcon&#8220;:8,&#8220;showPhotoGalleryIcon&#8220;:8,&#8220;showImageSignature&#8220;:8,&#8220;specialKicker&#8220;:-1,&#8220;showSignature&#8220;:9,&#8220;hidePhoto&#8220;:8,&#8220;hideMediaReportStyle&#8220;:8,&#8220;titleSize&#8220;:-1,&#8220;showPlace&#8220;:8,&#8220;showPreTitle&#8220;:8},{&#8222;appearanceHideRelations&#8220;:8,&#8220;disablePageRefresh&#8220;:8,&#8220;appearanceHideInTagListings&#8220;:8,&#8220;denyComments&#8220;:8,&#8220;doNotGenerateAmpVersion&#8220;:8,&#8220;oldContent&#8220;:8,&#8220;sourceIsAgency&#8220;:8,&#8220;hideInLastContents&#8220;:8,&#8220;hideInTagPages&#8220;:8,&#8220;hideInMostViewed&#8220;:8,&#8220;hideInAllListings&#8220;:8,&#8220;source&#8220;:1247,&#8220;disableAmp&#8220;:8,&#8220;cxenseEnabled&#8220;:9,&#8220;isOpinion&#8220;:8},{&#8222;premiumKicker&#8220;:-1,&#8220;premiumShowButton&#8220;:8,&#8220;premiumButtonUrl&#8220;:-1,&#8220;premiumShowKicker&#8220;:8},{&#8222;hideRelations&#8220;:8,&#8220;oldContent&#8220;:8},[],{&#8222;expirationMinutes&#8220;:1252,&#8220;isPersistent&#8220;:8,&#8220;appOptions&#8220;:2030,&#8220;webOptions&#8220;:2032,&#8220;title&#8220;:2034,&#8220;body&#8220;:2035},{&#8222;sendPush&#8220;:8,&#8220;notificationButtons&#8220;:2031},[],{&#8222;sendPush&#8220;:8,&#8220;notificationButtons&#8220;:2033},[],&#8220;Seitenwechsel, Saisonhits und ausbleibende Exzesse: Das war &#8222;,&#8220;Die Saison an der Playa de Palma ist vorbei und nun kehrt erstmal Ruhe ein. Zeit f\u00fcr einen R\u00fcckblick auf turbulente sieben Monate Party&#8220;,{&#8222;origin&#8220;:-1,&#8220;type&#8220;:-1,&#8220;editor&#8220;:2037,&#8220;category&#8220;:-1,&#8220;agencies&#8220;:2038,&#8220;adsTypes&#8220;:2039,&#8220;format&#8220;:1698,&#8220;variant&#8220;:1699},&#8220;ralf&#8220;,[],[],[2041,2050,2059,2062,2068,2077,2083,2092],{&#8222;width&#8220;:432,&#8220;url&#8220;:2042,&#8220;height&#8220;:516,&#8220;quality&#8220;:70,&#8220;childPhotoClippings&#8220;:2043,&#8220;type&#8220;:530,&#8220;cropped&#8220;:8},&#8220;https:\/\/estaticos-cdn.prensaiberica.es\/clip\/fd582234-e311-4d5a-b504-12a2af059ef6_alta-libre-aspect-ratio_default_0.jpg&#8220;,[2044,2047],{&#8222;width&#8220;:519,&#8220;url&#8220;:2045,&#8220;height&#8220;:521,&#8220;quality&#8220;:522,&#8220;childPhotoClippings&#8220;:2046,&#8220;type&#8220;:524,&#8220;cropped&#8220;:8},&#8220;https:\/\/estaticos-cdn.prensaiberica.es\/clip\/fd582234-e311-4d5a-b504-12a2af059ef6_alta-libre-aspect-ratio_640w_0.jpg&#8220;,[],{&#8222;width&#8220;:526,&#8220;url&#8220;:2048,&#8220;height&#8220;:528,&#8220;quality&#8220;:522,&#8220;childPhotoClippings&#8220;:2049,&#8220;type&#8220;:524,&#8220;cropped&#8220;:8},&#8220;https:\/\/estaticos-cdn.prensaiberica.es\/clip\/fd582234-e311-4d5a-b504-12a2af059ef6_alta-libre-aspect-ratio_320w_0.jpg&#8220;,[],{&#8222;width&#8220;:532,&#8220;url&#8220;:2051,&#8220;height&#8220;:534,&#8220;quality&#8220;:73,&#8220;childPhotoClippings&#8220;:2052,&#8220;type&#8220;:530,&#8220;cropped&#8220;:8},&#8220;https:\/\/estaticos-cdn.prensaiberica.es\/clip\/fd582234-e311-4d5a-b504-12a2af059ef6_media-libre-aspect-ratio_default_0.jpg&#8220;,[2053,2056],{&#8222;width&#8220;:519,&#8220;url&#8220;:2054,&#8220;height&#8220;:521,&#8220;quality&#8220;:538,&#8220;childPhotoClippings&#8220;:2055,&#8220;type&#8220;:524,&#8220;cropped&#8220;:8},&#8220;https:\/\/estaticos-cdn.prensaiberica.es\/clip\/fd582234-e311-4d5a-b504-12a2af059ef6_media-libre-aspect-ratio_640w_0.jpg&#8220;,[],{&#8222;width&#8220;:526,&#8220;url&#8220;:2057,&#8220;height&#8220;:528,&#8220;quality&#8220;:538,&#8220;childPhotoClippings&#8220;:2058,&#8220;type&#8220;:524,&#8220;cropped&#8220;:8},&#8220;https:\/\/estaticos-cdn.prensaiberica.es\/clip\/fd582234-e311-4d5a-b504-12a2af059ef6_media-libre-aspect-ratio_320w_0.jpg&#8220;,[],{&#8222;width&#8220;:544,&#8220;url&#8220;:2060,&#8220;height&#8220;:546,&#8220;quality&#8220;:547,&#8220;childPhotoClippings&#8220;:2061,&#8220;type&#8220;:530,&#8220;cropped&#8220;:8},&#8220;https:\/\/estaticos-cdn.prensaiberica.es\/clip\/fd582234-e311-4d5a-b504-12a2af059ef6_baja-libre-aspect-ratio_default_0.jpg&#8220;,[],{&#8222;width&#8220;:550,&#8220;url&#8220;:2063,&#8220;height&#8220;:552,&#8220;quality&#8220;:553,&#8220;childPhotoClippings&#8220;:2064,&#8220;type&#8220;:530,&#8220;cropped&#8220;:8},&#8220;https:\/\/estaticos-cdn.prensaiberica.es\/clip\/fd582234-e311-4d5a-b504-12a2af059ef6_mobile-ep-aspect-ratio_default_0.jpg&#8220;,[2065],{&#8222;width&#8220;:526,&#8220;url&#8220;:2066,&#8220;height&#8220;:528,&#8220;quality&#8220;:557,&#8220;childPhotoClippings&#8220;:2067,&#8220;type&#8220;:524,&#8220;cropped&#8220;:8},&#8220;https:\/\/estaticos-cdn.prensaiberica.es\/clip\/fd582234-e311-4d5a-b504-12a2af059ef6_mobile-ep-aspect-ratio_320w_0.jpg&#8220;,[],{&#8222;width&#8220;:519,&#8220;url&#8220;:2069,&#8220;height&#8220;:521,&#8220;quality&#8220;:561,&#8220;childPhotoClippings&#8220;:2070,&#8220;type&#8220;:530,&#8220;cropped&#8220;:8},&#8220;https:\/\/estaticos-cdn.prensaiberica.es\/clip\/fd582234-e311-4d5a-b504-12a2af059ef6_mobile-sp-libre-aspect-ratio_default_0.jpg&#8220;,[2071,2074],{&#8222;width&#8220;:519,&#8220;url&#8220;:2072,&#8220;height&#8220;:521,&#8220;quality&#8220;:565,&#8220;childPhotoClippings&#8220;:2073,&#8220;type&#8220;:524,&#8220;cropped&#8220;:8},&#8220;https:\/\/estaticos-cdn.prensaiberica.es\/clip\/fd582234-e311-4d5a-b504-12a2af059ef6_mobile-sp-libre-aspect-ratio_640w_0.jpg&#8220;,[],{&#8222;width&#8220;:526,&#8220;url&#8220;:2075,&#8220;height&#8220;:528,&#8220;quality&#8220;:565,&#8220;childPhotoClippings&#8220;:2076,&#8220;type&#8220;:524,&#8220;cropped&#8220;:8},&#8220;https:\/\/estaticos-cdn.prensaiberica.es\/clip\/fd582234-e311-4d5a-b504-12a2af059ef6_mobile-sp-libre-aspect-ratio_320w_0.jpg&#8220;,[],{&#8222;width&#8220;:571,&#8220;url&#8220;:2078,&#8220;height&#8220;:573,&#8220;quality&#8220;:574,&#8220;childPhotoClippings&#8220;:2079,&#8220;type&#8220;:530,&#8220;cropped&#8220;:8},&#8220;https:\/\/estaticos-cdn.prensaiberica.es\/clip\/fd582234-e311-4d5a-b504-12a2af059ef6_portada-ep-libre-aspect-ratio_default_0.jpg&#8220;,[2080],{&#8222;width&#8220;:526,&#8220;url&#8220;:2081,&#8220;height&#8220;:528,&#8220;quality&#8220;:578,&#8220;childPhotoClippings&#8220;:2082,&#8220;type&#8220;:524,&#8220;cropped&#8220;:8},&#8220;https:\/\/estaticos-cdn.prensaiberica.es\/clip\/fd582234-e311-4d5a-b504-12a2af059ef6_portada-ep-libre-aspect-ratio_320w_0.jpg&#8220;,[],{&#8222;width&#8220;:1785,&#8220;url&#8220;:2084,&#8220;height&#8220;:1922,&#8220;quality&#8220;:530,&#8220;childPhotoClippings&#8220;:2085,&#8220;type&#8220;:530,&#8220;cropped&#8220;:8},&#8220;https:\/\/estaticos-cdn.prensaiberica.es\/clip\/fd582234-e311-4d5a-b504-12a2af059ef6_original-libre-aspect-ratio_default_0.jpg&#8220;,[2086,2089],{&#8222;width&#8220;:519,&#8220;url&#8220;:2087,&#8220;height&#8220;:521,&#8220;quality&#8220;:1791,&#8220;childPhotoClippings&#8220;:2088,&#8220;type&#8220;:524,&#8220;cropped&#8220;:8},&#8220;https:\/\/estaticos-cdn.prensaiberica.es\/clip\/fd582234-e311-4d5a-b504-12a2af059ef6_original-libre-aspect-ratio_640w_0.jpg&#8220;,[],{&#8222;width&#8220;:526,&#8220;url&#8220;:2090,&#8220;height&#8220;:528,&#8220;quality&#8220;:1791,&#8220;childPhotoClippings&#8220;:2091,&#8220;type&#8220;:524,&#8220;cropped&#8220;:8},&#8220;https:\/\/estaticos-cdn.prensaiberica.es\/clip\/fd582234-e311-4d5a-b504-12a2af059ef6_original-libre-aspect-ratio_320w_0.jpg&#8220;,[],{&#8222;width&#8220;:432,&#8220;url&#8220;:2093,&#8220;height&#8220;:435,&#8220;quality&#8220;:72,&#8220;childPhotoClippings&#8220;:2094,&#8220;type&#8220;:524,&#8220;cropped&#8220;:8},&#8220;https:\/\/estaticos-cdn.prensaiberica.es\/clip\/fd582234-e311-4d5a-b504-12a2af059ef6_16-9-discover-aspect-ratio_default_0.jpg&#8220;,[2095,2098],{&#8222;width&#8220;:519,&#8220;url&#8220;:2096,&#8220;height&#8220;:823,&#8220;quality&#8220;:824,&#8220;childPhotoClippings&#8220;:2097,&#8220;type&#8220;:524,&#8220;cropped&#8220;:8},&#8220;https:\/\/estaticos-cdn.prensaiberica.es\/clip\/fd582234-e311-4d5a-b504-12a2af059ef6_16-9-discover-aspect-ratio_640w_0.jpg&#8220;,[],{&#8222;width&#8220;:526,&#8220;url&#8220;:2099,&#8220;height&#8220;:828,&#8220;quality&#8220;:824,&#8220;childPhotoClippings&#8220;:2100,&#8220;type&#8220;:524,&#8220;cropped&#8220;:8},&#8220;https:\/\/estaticos-cdn.prensaiberica.es\/clip\/fd582234-e311-4d5a-b504-12a2af059ef6_16-9-discover-aspect-ratio_320w_0.jpg&#8220;,[],[2102,2104],{&#8222;name&#8220;:448,&#8220;id&#8220;:1224,&#8220;originalId&#8220;:1225,&#8220;title&#8220;:448,&#8220;url&#8220;:1226,&#8220;urls&#8220;:2103,&#8220;childUrl&#8220;:-1,&#8220;parentUrl&#8220;:-1,&#8220;active&#8220;:9,&#8220;archived&#8220;:8},{&#8222;mainUrl&#8220;:1226,&#8220;epigraphUrl&#8220;:-1,&#8220;redirectUrl&#8220;:-1,&#8220;sourceUrl&#8220;:-1},{&#8222;name&#8220;:1229,&#8220;id&#8220;:1230,&#8220;originalId&#8220;:1231,&#8220;title&#8220;:1229,&#8220;url&#8220;:1232,&#8220;urls&#8220;:2105,&#8220;childUrl&#8220;:-1,&#8220;parentUrl&#8220;:-1,&#8220;active&#8220;:9,&#8220;archived&#8220;:8},{&#8222;mainUrl&#8220;:1232,&#8220;epigraphUrl&#8220;:-1,&#8220;redirectUrl&#8220;:-1,&#8220;sourceUrl&#8220;:-1},[2107,2113,2119,2121,2123,2125,2131],{&#8222;name&#8220;:2108,&#8220;id&#8220;:2109,&#8220;originalId&#8220;:2110,&#8220;title&#8220;:2108,&#8220;url&#8220;:2111,&#8220;urls&#8220;:2112,&#8220;active&#8220;:9},&#8220;Megapark&#8220;,&#8220;29d00b72-75ec-3efc-b640-e359d80e3f93&#8243;,&#8220;REGIONALES_1584713&#8243;,&#8220;\/tags\/megapark\/&#8220;,{&#8222;mainUrl&#8220;:2111,&#8220;epigraphUrl&#8220;:-1,&#8220;redirectUrl&#8220;:-1,&#8220;sourceUrl&#8220;:-1},{&#8222;name&#8220;:2114,&#8220;id&#8220;:2115,&#8220;originalId&#8220;:2116,&#8220;title&#8220;:2114,&#8220;url&#8220;:2117,&#8220;urls&#8220;:2118,&#8220;active&#8220;:9},&#8220;saison&#8220;,&#8220;82c9125c-3f82-3cce-917b-3939b067554d&#8220;,&#8220;REGIONALES_1585680&#8243;,&#8220;\/tags\/saison\/&#8220;,{&#8222;mainUrl&#8220;:2117,&#8220;epigraphUrl&#8220;:-1,&#8220;redirectUrl&#8220;:-1,&#8220;sourceUrl&#8220;:-1},{&#8222;name&#8220;:1304,&#8220;id&#8220;:1305,&#8220;originalId&#8220;:1306,&#8220;title&#8220;:1304,&#8220;url&#8220;:1307,&#8220;urls&#8220;:2120,&#8220;active&#8220;:9},{&#8222;mainUrl&#8220;:1307,&#8220;epigraphUrl&#8220;:-1,&#8220;redirectUrl&#8220;:-1,&#8220;sourceUrl&#8220;:-1},{&#8222;name&#8220;:1236,&#8220;id&#8220;:1237,&#8220;originalId&#8220;:1238,&#8220;title&#8220;:1236,&#8220;url&#8220;:1239,&#8220;urls&#8220;:2122,&#8220;active&#8220;:9},{&#8222;mainUrl&#8220;:1239,&#8220;epigraphUrl&#8220;:-1,&#8220;redirectUrl&#8220;:-1,&#8220;sourceUrl&#8220;:-1},{&#8222;name&#8220;:1979,&#8220;id&#8220;:1980,&#8220;originalId&#8220;:1981,&#8220;title&#8220;:1979,&#8220;url&#8220;:1982,&#8220;urls&#8220;:2124,&#8220;active&#8220;:9},{&#8222;mainUrl&#8220;:1982,&#8220;epigraphUrl&#8220;:-1,&#8220;redirectUrl&#8220;:-1,&#8220;sourceUrl&#8220;:-1},{&#8222;name&#8220;:2126,&#8220;id&#8220;:2127,&#8220;originalId&#8220;:2128,&#8220;title&#8220;:2126,&#8220;url&#8220;:2129,&#8220;urls&#8220;:2130,&#8220;active&#8220;:9},&#8220;Mia Julia&#8220;,&#8220;f838df8d-c2a1-30cf-abed-df38c8234dde&#8220;,&#8220;REGIONALES_1584755&#8243;,&#8220;\/tags\/mia-julia\/&#8220;,{&#8222;mainUrl&#8220;:2129,&#8220;epigraphUrl&#8220;:-1,&#8220;redirectUrl&#8220;:-1,&#8220;sourceUrl&#8220;:-1},{&#8222;name&#8220;:2132,&#8220;id&#8220;:2133,&#8220;originalId&#8220;:2134,&#8220;title&#8220;:2132,&#8220;url&#8220;:2135,&#8220;urls&#8220;:2136,&#8220;active&#8220;:9},&#8220;Isi Gl\u00fcck&#8220;,&#8220;6d33646a-b2e5-3889-98cc-e97786a01cf9&#8243;,&#8220;REGIONALES_1583954&#8243;,&#8220;\/tags\/isi-gluck\/&#8220;,{&#8222;mainUrl&#8220;:2135,&#8220;epigraphUrl&#8220;:-1,&#8220;redirectUrl&#8220;:-1,&#8220;sourceUrl&#8220;:-1},[2138],{&#8222;name&#8220;:2139,&#8220;id&#8220;:2140,&#8220;originalId&#8220;:2141,&#8220;title&#8220;:2139,&#8220;url&#8220;:-1,&#8220;urls&#8220;:2142,&#8220;type&#8220;:2143,&#8220;breadcrumb&#8220;:-1,&#8220;active&#8220;:9},&#8220;Palma de Mallorca&#8220;,&#8220;fd2c9dc6-704c-3fd6-b4a7-479320118404&#8243;,&#8220;REGIONALES_29052&#8243;,{&#8222;sourceUrl&#8220;:-1,&#8220;redirectUrl&#8220;:-1,&#8220;mainUrl&#8220;:-1,&#8220;epigraphUrl&#8220;:-1},&#8220;city&#8220;,&#8220;Seitenwechsel, Saisonhits und ausbleibende Exzesse: Das war das Partyjahr am Ballermann 2025&#8243;,&#8220;\/boulevard\/szene\/2025\/11\/03\/seitenwechsel-saisonhits-und-ausbleibende-exzesse-party-fazit-ballermann-playa-de-palma-123314685.html&#8220;,{&#8222;mainUrl&#8220;:2145,&#8220;epigraphUrl&#8220;:-1,&#8220;redirectUrl&#8220;:-1,&#8220;sourceUrl&#8220;:-1},[2148],{&#8222;internalTagId&#8220;:1269,&#8220;published&#8220;:9,&#8220;name&#8220;:1270,&#8220;dates&#8220;:2149,&#8220;id&#8220;:1274,&#8220;originalId&#8220;:1275,&#8220;description&#8220;:-1,&#8220;parent&#8220;:-1},{&#8222;updateDate&#8220;:2150,&#8220;createDate&#8220;:2151,&#8220;releaseDate&#8220;:-1,&#8220;lastModifiedDate&#8220;:-1},[&#8222;Date&#8220;,&#8220;2021-06-25T08:45:56.000Z&#8220;],[&#8222;Date&#8220;,&#8220;2021-06-25T08:45:56.000Z&#8220;],[],[],[],[2156],{&#8222;name&#8220;:418,&#8220;id&#8220;:2009,&#8220;originalId&#8220;:2010,&#8220;title&#8220;:418,&#8220;url&#8220;:2011,&#8220;image&#8220;:2012,&#8220;description&#8220;:2013,&#8220;authorInformation&#8220;:2157,&#8220;active&#8220;:9,&#8220;urls&#8220;:2158},{&#8222;position&#8220;:-1,&#8220;twitterUsername&#8220;:-1,&#8220;socialNetworks&#8220;:-1},{&#8222;mainUrl&#8220;:2011,&#8220;epigraphUrl&#8220;:-1,&#8220;redirectUrl&#8220;:-1,&#8220;sourceUrl&#8220;:-1},{&#8222;css&#8220;:2160,&#8220;header&#8220;:-1,&#8220;js&#8220;:-1,&#8220;headerUrls&#8220;:2161},[],[],{&#8222;Surrogate-Key&#8220;:2163,&#8220;xkey&#8220;:2163},&#8220;maz_4a5b5c66-a4a5-38fe-9dd4-83360b84e4b0 maz_f701ffb1-61f6-3a8b-ba96-2d7f2bfbb4c6_bc maz_section_explicitContent_f701ffb1-61f6-3a8b-ba96-2d7f2bfbb4c6 maz_section_networkCode_f701ffb1-61f6-3a8b-ba96-2d7f2bfbb4c6 maz_section_disableAdvertisings_f701ffb1-61f6-3a8b-ba96-2d7f2bfbb4c6 maz_section_content_admap_f701ffb1-61f6-3a8b-ba96-2d7f2bfbb4c6 maz_section_articleAmp_admap_f701ffb1-61f6-3a8b-ba96-2d7f2bfbb4c6 maz_section_contentPremium_admap_f701ffb1-61f6-3a8b-ba96-2d7f2bfbb4c6 maz_section_contentPremiumAmp_admap_f701ffb1-61f6-3a8b-ba96-2d7f2bfbb4c6 maz_section_content_adunit_f701ffb1-61f6-3a8b-ba96-2d7f2bfbb4c6 maz_section_contentPremium_adunit_f701ffb1-61f6-3a8b-ba96-2d7f2bfbb4c6 maz_section_video_adunit_f701ffb1-61f6-3a8b-ba96-2d7f2bfbb4c6 maz_section_videoAmp_adunit_f701ffb1-61f6-3a8b-ba96-2d7f2bfbb4c6 maz_section_vastUrl_f701ffb1-61f6-3a8b-ba96-2d7f2bfbb4c6 maz_section_ampVastUrl_f701ffb1-61f6-3a8b-ba96-2d7f2bfbb4c6 maz_section_adScheduleVideo_f701ffb1-61f6-3a8b-ba96-2d7f2bfbb4c6 maz_section_geoblock_f701ffb1-61f6-3a8b-ba96-2d7f2bfbb4c6 maz_section_analyticsCategory_f701ffb1-61f6-3a8b-ba96-2d7f2bfbb4c6 maz_section_freeformHtmls_f701ffb1-61f6-3a8b-ba96-2d7f2bfbb4c6 maz_section_customization_f701ffb1-61f6-3a8b-ba96-2d7f2bfbb4c6 maz_section_categoryContents_f701ffb1-61f6-3a8b-ba96-2d7f2bfbb4c6 maz_2026-01-08 maz-all&#8220;,{&#8222;id&#8220;:2165,&#8220;categoryId&#8220;:1224,&#8220;links&#8220;:2166},&#8220;f701ffb1-61f6-3a8b-ba96-2d7f2bfbb4c6_bc&#8220;,[2167,2169],{&#8222;id&#8220;:1230,&#8220;name&#8220;:1229,&#8220;type&#8220;:-1,&#8220;level&#8220;:1380,&#8220;url&#8220;:1232,&#8220;urls&#8220;:2168,&#8220;active&#8220;:9,&#8220;archived&#8220;:8},{&#8222;mainUrl&#8220;:1232,&#8220;epigraphUrl&#8220;:-1,&#8220;redirectUrl&#8220;:-1,&#8220;sourceUrl&#8220;:-1},{&#8222;id&#8220;:1224,&#8220;name&#8220;:448,&#8220;type&#8220;:-1,&#8220;level&#8220;:1379,&#8220;url&#8220;:1226,&#8220;urls&#8220;:2170,&#8220;active&#8220;:9,&#8220;archived&#8220;:8},{&#8222;mainUrl&#8220;:1226,&#8220;epigraphUrl&#8220;:-1,&#8220;redirectUrl&#8220;:-1,&#8220;sourceUrl&#8220;:-1},[&#8222;ShallowRef&#8220;,1380],[&#8222;EmptyShallowRef&#8220;,387],[&#8222;EmptyShallowRef&#8220;,387],[&#8222;ShallowRef&#8220;,2175],[2176,2221,2283,2398,2513,2613,2674,2794,2898,2996,3094,3216,3320,3406,3526,3634,3701,3771,3851,3970,4063,4146,4223,4302,4410,4481,4566,4643,4720,4825,4916,4981,5064,5119,5209,5295,5368,5453,5548,5633,5719,5816,5926,6018,6097,6185,6258,6358,6444,6532],{&#8222;footballInfo&#8220;:-1,&#8220;firstMessages&#8220;:2177,&#8220;multimediaType&#8220;:596,&#8220;contentType&#8220;:1281,&#8220;id&#8220;:1280,&#8220;contentId&#8220;:1263,&#8220;title&#8220;:773,&#8220;subtitle&#8220;:-1,&#8220;subtitleTwo&#8220;:-1,&#8220;photoClippings&#8220;:2178,&#8220;urls&#8220;:2185,&#8220;url&#8220;:1221,&#8220;sponsorship&#8220;:2186,&#8220;authors&#8220;:2187,&#8220;signature&#8220;:2188,&#8220;photoSignature&#8220;:2189,&#8220;qualityUrls&#8220;:-1,&#8220;embedInfo&#8220;:2190,&#8220;tags&#8220;:2191,&#8220;hyperlocalisms&#8220;:2194,&#8220;options&#8220;:2195,&#8220;externalOptions&#8220;:-1,&#8220;dates&#8220;:2210,&#8220;player&#8220;:-1,&#8220;originalId&#8220;:1263,&#8220;liveOptions&#8220;:-1,&#8220;epigraph&#8220;:-1,&#8220;photoDescription&#8220;:-1,&#8220;sections&#8220;:2214,&#8220;relatedContents&#8220;:2219,&#8220;kicker&#8220;:2220,&#8220;published&#8220;:9,&#8220;featuredHtml&#8220;:-1},[],[2179],{&#8222;width&#8220;:532,&#8220;url&#8220;:810,&#8220;height&#8220;:811,&#8220;quality&#8220;:73,&#8220;childPhotoClippings&#8220;:2180,&#8220;type&#8220;:524,&#8220;cropped&#8220;:8},[2181,2183],{&#8222;width&#8220;:519,&#8220;url&#8220;:814,&#8220;height&#8220;:803,&#8220;quality&#8220;:538,&#8220;childPhotoClippings&#8220;:2182,&#8220;type&#8220;:524,&#8220;cropped&#8220;:8},[],{&#8222;width&#8220;:526,&#8220;url&#8220;:817,&#8220;height&#8220;:807,&#8220;quality&#8220;:538,&#8220;childPhotoClippings&#8220;:2184,&#8220;type&#8220;:524,&#8220;cropped&#8220;:8},[],{&#8222;mainUrl&#8220;:1221,&#8220;epigraphUrl&#8220;:-1,&#8220;redirectUrl&#8220;:-1,&#8220;sourceUrl&#8220;:-1},{&#8222;follow&#8220;:8,&#8220;linkTarget&#8220;:-1,&#8220;trackingCode&#8220;:-1,&#8220;trackingCodeAmp&#8220;:-1,&#8220;text&#8220;:-1,&#8220;url&#8220;:-1},[],{&#8222;name&#8220;:785,&#8220;place&#8220;:-1,&#8220;source&#8220;:-1,&#8220;authorText&#8220;:-1},{&#8222;name&#8220;:785,&#8220;place&#8220;:-1,&#8220;source&#8220;:-1,&#8220;authorText&#8220;:-1},{&#8222;html&#8220;:-1,&#8220;url&#8220;:-1},[2192],{&#8222;name&#8220;:1236,&#8220;id&#8220;:1237,&#8220;originalId&#8220;:1238,&#8220;title&#8220;:1236,&#8220;url&#8220;:1239,&#8220;urls&#8220;:2193,&#8220;active&#8220;:9},{&#8222;mainUrl&#8220;:1239,&#8220;epigraphUrl&#8220;:-1,&#8220;redirectUrl&#8220;:-1,&#8220;sourceUrl&#8220;:-1},[],{&#8222;accessType&#8220;:-1,&#8220;interviewOptions&#8220;:2196,&#8220;frontOptions&#8220;:2197,&#8220;basicOptions&#8220;:2198,&#8220;adsOptions&#8220;:-1,&#8220;premiumOptions&#8220;:2199,&#8220;appearanceOptions&#8220;:2200,&#8220;countries&#8220;:2201,&#8220;notificationOptions&#8220;:2202,&#8220;type&#8220;:1258,&#8220;editionType&#8220;:-1,&#8220;redirectFollow&#8220;:9,&#8220;analyticsOptions&#8220;:2207,&#8220;communityOptions&#8220;:-1,&#8220;freeformHtmls&#8220;:-1,&#8220;sportsOptions&#8220;:-1},{&#8222;interviewKicker&#8220;:-1,&#8220;intervieweeRole&#8220;:-1,&#8220;isInterview&#8220;:8,&#8220;interviewee&#8220;:-1},{&#8222;showLiveIcon&#8220;:8,&#8220;excludeFromAutomaticModules&#8220;:-1,&#8220;hideColumnistStyle&#8220;:8,&#8220;showVideoIcon&#8220;:8,&#8220;showPhotoGalleryIcon&#8220;:8,&#8220;showImageSignature&#8220;:8,&#8220;specialKicker&#8220;:-1,&#8220;showSignature&#8220;:8,&#8220;hidePhoto&#8220;:8,&#8220;hideMediaReportStyle&#8220;:8,&#8220;titleSize&#8220;:-1,&#8220;showPlace&#8220;:8,&#8220;showPreTitle&#8220;:8},{&#8222;appearanceHideRelations&#8220;:8,&#8220;disablePageRefresh&#8220;:8,&#8220;appearanceHideInTagListings&#8220;:8,&#8220;denyComments&#8220;:8,&#8220;doNotGenerateAmpVersion&#8220;:8,&#8220;oldContent&#8220;:8,&#8220;sourceIsAgency&#8220;:8,&#8220;hideInLastContents&#8220;:8,&#8220;hideInTagPages&#8220;:8,&#8220;hideInMostViewed&#8220;:8,&#8220;hideInAllListings&#8220;:8,&#8220;source&#8220;:1247,&#8220;disableAmp&#8220;:8,&#8220;cxenseEnabled&#8220;:8,&#8220;isOpinion&#8220;:8},{&#8222;premiumKicker&#8220;:-1,&#8220;premiumShowButton&#8220;:8,&#8220;premiumButtonUrl&#8220;:-1,&#8220;premiumShowKicker&#8220;:8},{&#8222;hideRelations&#8220;:8,&#8220;oldContent&#8220;:8},[],{&#8222;expirationMinutes&#8220;:1252,&#8220;isPersistent&#8220;:8,&#8220;appOptions&#8220;:2203,&#8220;webOptions&#8220;:2205,&#8220;title&#8220;:1257,&#8220;body&#8220;:-1},{&#8222;sendPush&#8220;:8,&#8220;notificationButtons&#8220;:2204},[],{&#8222;sendPush&#8220;:8,&#8220;notificationButtons&#8220;:2206},[],{&#8222;origin&#8220;:-1,&#8220;type&#8220;:-1,&#8220;editor&#8220;:1260,&#8220;category&#8220;:-1,&#8220;agencies&#8220;:2208,&#8220;adsTypes&#8220;:2209,&#8220;format&#8220;:-1,&#8220;variant&#8220;:-1},[],[],{&#8222;updateDate&#8220;:2211,&#8220;createDate&#8220;:2212,&#8220;releaseDate&#8220;:2213,&#8220;lastModifiedDate&#8220;:-1},[&#8222;Date&#8220;,&#8220;2026-01-08T10:43:26.000Z&#8220;],[&#8222;Date&#8220;,&#8220;2026-01-08T10:40:11.000Z&#8220;],[&#8222;Date&#8220;,&#8220;2026-01-08T10:43:26.000Z&#8220;],[2215,2217],{&#8222;name&#8220;:448,&#8220;id&#8220;:1224,&#8220;originalId&#8220;:1225,&#8220;title&#8220;:448,&#8220;url&#8220;:1226,&#8220;urls&#8220;:2216,&#8220;childUrl&#8220;:-1,&#8220;parentUrl&#8220;:-1,&#8220;active&#8220;:9,&#8220;archived&#8220;:8},{&#8222;mainUrl&#8220;:1226,&#8220;epigraphUrl&#8220;:-1,&#8220;redirectUrl&#8220;:-1,&#8220;sourceUrl&#8220;:-1},{&#8222;name&#8220;:1229,&#8220;id&#8220;:1230,&#8220;originalId&#8220;:1231,&#8220;title&#8220;:1229,&#8220;url&#8220;:1232,&#8220;urls&#8220;:2218,&#8220;childUrl&#8220;:-1,&#8220;parentUrl&#8220;:-1,&#8220;active&#8220;:9,&#8220;archived&#8220;:8},{&#8222;mainUrl&#8220;:1232,&#8220;epigraphUrl&#8220;:-1,&#8220;redirectUrl&#8220;:-1,&#8220;sourceUrl&#8220;:-1},[],{&#8222;specialText&#8220;:-1,&#8220;text&#8220;:-1},{&#8222;footballInfo&#8220;:-1,&#8220;firstMessages&#8220;:2222,&#8220;multimediaType&#8220;:1281,&#8220;contentType&#8220;:141,&#8220;id&#8220;:2223,&#8220;contentId&#8220;:477,&#8220;title&#8220;:423,&#8220;subtitle&#8220;:-1,&#8220;subtitleTwo&#8220;:-1,&#8220;photoClippings&#8220;:2224,&#8220;urls&#8220;:2237,&#8220;url&#8220;:19,&#8220;sponsorship&#8220;:2238,&#8220;authors&#8220;:2239,&#8220;signature&#8220;:-1,&#8220;photoSignature&#8220;:2243,&#8220;qualityUrls&#8220;:-1,&#8220;embedInfo&#8220;:2244,&#8220;tags&#8220;:2245,&#8220;hyperlocalisms&#8220;:2256,&#8220;options&#8220;:2257,&#8220;externalOptions&#8220;:-1,&#8220;dates&#8220;:2272,&#8220;player&#8220;:-1,&#8220;originalId&#8220;:477,&#8220;liveOptions&#8220;:-1,&#8220;epigraph&#8220;:-1,&#8220;photoDescription&#8220;:-1,&#8220;sections&#8220;:2276,&#8220;relatedContents&#8220;:2281,&#8220;kicker&#8220;:2282,&#8220;published&#8220;:9,&#8220;featuredHtml&#8220;:-1},[],&#8220;4a5b5c66-a4a5-38fe-9dd4-83360b84e4b0&#8243;,[2225,2231],{&#8222;width&#8220;:432,&#8220;url&#8220;:429,&#8220;height&#8220;:435,&#8220;quality&#8220;:72,&#8220;childPhotoClippings&#8220;:2226,&#8220;type&#8220;:524,&#8220;cropped&#8220;:8},[2227,2229],{&#8222;width&#8220;:519,&#8220;url&#8220;:822,&#8220;height&#8220;:823,&#8220;quality&#8220;:824,&#8220;childPhotoClippings&#8220;:2228,&#8220;type&#8220;:524,&#8220;cropped&#8220;:8},[],{&#8222;width&#8220;:526,&#8220;url&#8220;:827,&#8220;height&#8220;:828,&#8220;quality&#8220;:824,&#8220;childPhotoClippings&#8220;:2230,&#8220;type&#8220;:524,&#8220;cropped&#8220;:8},[],{&#8222;width&#8220;:532,&#8220;url&#8220;:810,&#8220;height&#8220;:811,&#8220;quality&#8220;:73,&#8220;childPhotoClippings&#8220;:2232,&#8220;type&#8220;:524,&#8220;cropped&#8220;:8},[2233,2235],{&#8222;width&#8220;:519,&#8220;url&#8220;:814,&#8220;height&#8220;:803,&#8220;quality&#8220;:538,&#8220;childPhotoClippings&#8220;:2234,&#8220;type&#8220;:524,&#8220;cropped&#8220;:8},[],{&#8222;width&#8220;:526,&#8220;url&#8220;:817,&#8220;height&#8220;:807,&#8220;quality&#8220;:538,&#8220;childPhotoClippings&#8220;:2236,&#8220;type&#8220;:524,&#8220;cropped&#8220;:8},[],{&#8222;mainUrl&#8220;:19,&#8220;epigraphUrl&#8220;:-1,&#8220;redirectUrl&#8220;:-1,&#8220;sourceUrl&#8220;:-1},{&#8222;follow&#8220;:8,&#8220;linkTarget&#8220;:-1,&#8220;trackingCode&#8220;:-1,&#8220;trackingCodeAmp&#8220;:-1,&#8220;text&#8220;:-1,&#8220;url&#8220;:-1},[2240],{&#8222;name&#8220;:418,&#8220;id&#8220;:2009,&#8220;originalId&#8220;:2010,&#8220;title&#8220;:418,&#8220;url&#8220;:2011,&#8220;image&#8220;:2012,&#8220;description&#8220;:2013,&#8220;authorInformation&#8220;:2241,&#8220;active&#8220;:9,&#8220;urls&#8220;:2242},{&#8222;position&#8220;:-1,&#8220;twitterUsername&#8220;:-1,&#8220;socialNetworks&#8220;:-1},{&#8222;mainUrl&#8220;:2011,&#8220;epigraphUrl&#8220;:-1,&#8220;redirectUrl&#8220;:-1,&#8220;sourceUrl&#8220;:-1},{&#8222;name&#8220;:785,&#8220;place&#8220;:-1,&#8220;source&#8220;:-1,&#8220;authorText&#8220;:-1},{&#8222;html&#8220;:-1,&#8220;url&#8220;:-1},[2246,2248,2250,2252,2254],{&#8222;name&#8220;:1236,&#8220;id&#8220;:1237,&#8220;originalId&#8220;:1238,&#8220;title&#8220;:1236,&#8220;url&#8220;:1239,&#8220;urls&#8220;:2247,&#8220;active&#8220;:9},{&#8222;mainUrl&#8220;:1239,&#8220;epigraphUrl&#8220;:-1,&#8220;redirectUrl&#8220;:-1,&#8220;sourceUrl&#8220;:-1},{&#8222;name&#8220;:29,&#8220;id&#8220;:1293,&#8220;originalId&#8220;:1294,&#8220;title&#8220;:29,&#8220;url&#8220;:1295,&#8220;urls&#8220;:2249,&#8220;active&#8220;:9},{&#8222;mainUrl&#8220;:1295,&#8220;epigraphUrl&#8220;:-1,&#8220;redirectUrl&#8220;:-1,&#8220;sourceUrl&#8220;:-1},{&#8222;name&#8220;:1298,&#8220;id&#8220;:1299,&#8220;originalId&#8220;:1300,&#8220;title&#8220;:1298,&#8220;url&#8220;:1301,&#8220;urls&#8220;:2251,&#8220;active&#8220;:9},{&#8222;mainUrl&#8220;:1301,&#8220;epigraphUrl&#8220;:-1,&#8220;redirectUrl&#8220;:-1,&#8220;sourceUrl&#8220;:-1},{&#8222;name&#8220;:1304,&#8220;id&#8220;:1305,&#8220;originalId&#8220;:1306,&#8220;title&#8220;:1304,&#8220;url&#8220;:1307,&#8220;urls&#8220;:2253,&#8220;active&#8220;:9},{&#8222;mainUrl&#8220;:1307,&#8220;epigraphUrl&#8220;:-1,&#8220;redirectUrl&#8220;:-1,&#8220;sourceUrl&#8220;:-1},{&#8222;name&#8220;:1310,&#8220;id&#8220;:1311,&#8220;originalId&#8220;:1312,&#8220;title&#8220;:1310,&#8220;url&#8220;:1313,&#8220;urls&#8220;:2255,&#8220;active&#8220;:9},{&#8222;mainUrl&#8220;:1313,&#8220;epigraphUrl&#8220;:-1,&#8220;redirectUrl&#8220;:-1,&#8220;sourceUrl&#8220;:-1},[],{&#8222;accessType&#8220;:1318,&#8220;interviewOptions&#8220;:2258,&#8220;frontOptions&#8220;:2259,&#8220;basicOptions&#8220;:2260,&#8220;adsOptions&#8220;:-1,&#8220;premiumOptions&#8220;:2261,&#8220;appearanceOptions&#8220;:2262,&#8220;countries&#8220;:2263,&#8220;notificationOptions&#8220;:2264,&#8220;type&#8220;:-1,&#8220;editionType&#8220;:-1,&#8220;redirectFollow&#8220;:9,&#8220;analyticsOptions&#8220;:2269,&#8220;communityOptions&#8220;:-1,&#8220;freeformHtmls&#8220;:-1,&#8220;sportsOptions&#8220;:-1},{&#8222;interviewKicker&#8220;:-1,&#8220;intervieweeRole&#8220;:-1,&#8220;isInterview&#8220;:8,&#8220;interviewee&#8220;:-1},{&#8222;showLiveIcon&#8220;:8,&#8220;excludeFromAutomaticModules&#8220;:-1,&#8220;hideColumnistStyle&#8220;:8,&#8220;showVideoIcon&#8220;:8,&#8220;showPhotoGalleryIcon&#8220;:9,&#8220;showImageSignature&#8220;:8,&#8220;specialKicker&#8220;:-1,&#8220;showSignature&#8220;:9,&#8220;hidePhoto&#8220;:8,&#8220;hideMediaReportStyle&#8220;:8,&#8220;titleSize&#8220;:-1,&#8220;showPlace&#8220;:8,&#8220;showPreTitle&#8220;:8},{&#8222;appearanceHideRelations&#8220;:8,&#8220;disablePageRefresh&#8220;:8,&#8220;appearanceHideInTagListings&#8220;:8,&#8220;denyComments&#8220;:8,&#8220;doNotGenerateAmpVersion&#8220;:8,&#8220;oldContent&#8220;:8,&#8220;sourceIsAgency&#8220;:8,&#8220;hideInLastContents&#8220;:8,&#8220;hideInTagPages&#8220;:8,&#8220;hideInMostViewed&#8220;:8,&#8220;hideInAllListings&#8220;:8,&#8220;source&#8220;:1247,&#8220;disableAmp&#8220;:8,&#8220;cxenseEnabled&#8220;:9,&#8220;isOpinion&#8220;:8},{&#8222;premiumKicker&#8220;:-1,&#8220;premiumShowButton&#8220;:8,&#8220;premiumButtonUrl&#8220;:-1,&#8220;premiumShowKicker&#8220;:8},{&#8222;hideRelations&#8220;:8,&#8220;oldContent&#8220;:8},[],{&#8222;expirationMinutes&#8220;:1252,&#8220;isPersistent&#8220;:8,&#8220;appOptions&#8220;:2265,&#8220;webOptions&#8220;:2267,&#8220;title&#8220;:1693,&#8220;body&#8220;:426},{&#8222;sendPush&#8220;:8,&#8220;notificationButtons&#8220;:2266},[],{&#8222;sendPush&#8220;:8,&#8220;notificationButtons&#8220;:2268},[],{&#8222;origin&#8220;:-1,&#8220;type&#8220;:-1,&#8220;editor&#8220;:1260,&#8220;category&#8220;:-1,&#8220;agencies&#8220;:2270,&#8220;adsTypes&#8220;:2271,&#8220;format&#8220;:1698,&#8220;variant&#8220;:1699},[],[],{&#8222;updateDate&#8220;:2273,&#8220;createDate&#8220;:2274,&#8220;releaseDate&#8220;:2275,&#8220;lastModifiedDate&#8220;:-1},[&#8222;Date&#8220;,&#8220;2026-01-08T12:43:31.000Z&#8220;],[&#8222;Date&#8220;,&#8220;2026-01-08T10:03:05.000Z&#8220;],[&#8222;Date&#8220;,&#8220;2026-01-08T10:33:49.000Z&#8220;],[2277,2279],{&#8222;name&#8220;:448,&#8220;id&#8220;:1224,&#8220;originalId&#8220;:1225,&#8220;title&#8220;:448,&#8220;url&#8220;:1226,&#8220;urls&#8220;:2278,&#8220;childUrl&#8220;:-1,&#8220;parentUrl&#8220;:-1,&#8220;active&#8220;:9,&#8220;archived&#8220;:8},{&#8222;mainUrl&#8220;:1226,&#8220;epigraphUrl&#8220;:-1,&#8220;redirectUrl&#8220;:-1,&#8220;sourceUrl&#8220;:-1},{&#8222;name&#8220;:1229,&#8220;id&#8220;:1230,&#8220;originalId&#8220;:1231,&#8220;title&#8220;:1229,&#8220;url&#8220;:1232,&#8220;urls&#8220;:2280,&#8220;childUrl&#8220;:-1,&#8220;parentUrl&#8220;:-1,&#8220;active&#8220;:9,&#8220;archived&#8220;:8},{&#8222;mainUrl&#8220;:1232,&#8220;epigraphUrl&#8220;:-1,&#8220;redirectUrl&#8220;:-1,&#8220;sourceUrl&#8220;:-1},[],{&#8222;specialText&#8220;:486,&#8220;text&#8220;:-1,&#8220;type&#8220;:-1},{&#8222;footballInfo&#8220;:-1,&#8220;firstMessages&#8220;:2284,&#8220;multimediaType&#8220;:596,&#8220;contentType&#8220;:141,&#8220;id&#8220;:2285,&#8220;contentId&#8220;:2286,&#8220;title&#8220;:2287,&#8220;subtitle&#8220;:-1,&#8220;subtitleTwo&#8220;:-1,&#8220;photoClippings&#8220;:2288,&#8220;urls&#8220;:2308,&#8220;url&#8220;:2309,&#8220;sponsorship&#8220;:2310,&#8220;authors&#8220;:2311,&#8220;signature&#8220;:-1,&#8220;photoSignature&#8220;:2327,&#8220;qualityUrls&#8220;:-1,&#8220;embedInfo&#8220;:2329,&#8220;tags&#8220;:2330,&#8220;hyperlocalisms&#8220;:2367,&#8220;options&#8220;:2370,&#8220;externalOptions&#8220;:-1,&#8220;dates&#8220;:2387,&#8220;player&#8220;:-1,&#8220;originalId&#8220;:2286,&#8220;liveOptions&#8220;:-1,&#8220;epigraph&#8220;:-1,&#8220;photoDescription&#8220;:-1,&#8220;sections&#8220;:2391,&#8220;relatedContents&#8220;:2396,&#8220;kicker&#8220;:2397,&#8220;published&#8220;:9,&#8220;featuredHtml&#8220;:-1},[],&#8220;83e40630-1c8f-32c1-91e0-15fed016888e&#8220;,&#8220;125436451&#8243;,&#8220;Schluss mit dem L\u00e4rm: Das Partylokal Three Lions in Palma verliert die Lizenz&#8220;,[2289,2298],{&#8222;width&#8220;:432,&#8220;url&#8220;:2290,&#8220;height&#8220;:435,&#8220;quality&#8220;:72,&#8220;childPhotoClippings&#8220;:2291,&#8220;type&#8220;:524,&#8220;cropped&#8220;:8},&#8220;https:\/\/estaticos-cdn.prensaiberica.es\/clip\/aadfbc67-e3a5-419b-b6c4-f2afb4deeef6_16-9-discover-aspect-ratio_default_0.jpg&#8220;,[2292,2295],{&#8222;width&#8220;:519,&#8220;url&#8220;:2293,&#8220;height&#8220;:823,&#8220;quality&#8220;:824,&#8220;childPhotoClippings&#8220;:2294,&#8220;type&#8220;:524,&#8220;cropped&#8220;:8},&#8220;https:\/\/estaticos-cdn.prensaiberica.es\/clip\/aadfbc67-e3a5-419b-b6c4-f2afb4deeef6_16-9-discover-aspect-ratio_640w_0.jpg&#8220;,[],{&#8222;width&#8220;:526,&#8220;url&#8220;:2296,&#8220;height&#8220;:828,&#8220;quality&#8220;:824,&#8220;childPhotoClippings&#8220;:2297,&#8220;type&#8220;:524,&#8220;cropped&#8220;:8},&#8220;https:\/\/estaticos-cdn.prensaiberica.es\/clip\/aadfbc67-e3a5-419b-b6c4-f2afb4deeef6_16-9-discover-aspect-ratio_320w_0.jpg&#8220;,[],{&#8222;width&#8220;:532,&#8220;url&#8220;:2299,&#8220;height&#8220;:2300,&#8220;quality&#8220;:73,&#8220;childPhotoClippings&#8220;:2301,&#8220;type&#8220;:530,&#8220;cropped&#8220;:8},&#8220;https:\/\/estaticos-cdn.prensaiberica.es\/clip\/aadfbc67-e3a5-419b-b6c4-f2afb4deeef6_media-libre-aspect-ratio_default_0.jpg&#8220;,&#8220;371&#8243;,[2302,2305],{&#8222;width&#8220;:519,&#8220;url&#8220;:2303,&#8220;height&#8220;:823,&#8220;quality&#8220;:538,&#8220;childPhotoClippings&#8220;:2304,&#8220;type&#8220;:524,&#8220;cropped&#8220;:8},&#8220;https:\/\/estaticos-cdn.prensaiberica.es\/clip\/aadfbc67-e3a5-419b-b6c4-f2afb4deeef6_media-libre-aspect-ratio_640w_0.jpg&#8220;,[],{&#8222;width&#8220;:526,&#8220;url&#8220;:2306,&#8220;height&#8220;:828,&#8220;quality&#8220;:538,&#8220;childPhotoClippings&#8220;:2307,&#8220;type&#8220;:524,&#8220;cropped&#8220;:8},&#8220;https:\/\/estaticos-cdn.prensaiberica.es\/clip\/aadfbc67-e3a5-419b-b6c4-f2afb4deeef6_media-libre-aspect-ratio_320w_0.jpg&#8220;,[],{&#8222;mainUrl&#8220;:2309,&#8220;epigraphUrl&#8220;:-1,&#8220;redirectUrl&#8220;:-1,&#8220;sourceUrl&#8220;:-1},&#8220;\/boulevard\/szene\/2026\/01\/07\/three-lions-palma-verliert-lizenz-125436451.html&#8220;,{&#8222;follow&#8220;:8,&#8220;linkTarget&#8220;:-1,&#8220;trackingCode&#8220;:-1,&#8220;trackingCodeAmp&#8220;:-1,&#8220;text&#8220;:-1,&#8220;url&#8220;:-1},[2312,2319],{&#8222;name&#8220;:2313,&#8220;id&#8220;:2314,&#8220;originalId&#8220;:2315,&#8220;title&#8220;:2313,&#8220;url&#8220;:2316,&#8220;image&#8220;:2317,&#8220;description&#8220;:-1,&#8220;authorInformation&#8220;:-1,&#8220;active&#8220;:9,&#8220;urls&#8220;:2318},&#8220;Miguel Vicens&#8220;,&#8220;eb528c31-6e60-39c4-8c4a-0d2aa924e324&#8243;,&#8220;1862601&#8243;,&#8220;\/autores\/miguel-vicens.html&#8220;,&#8220;https:\/\/estaticos-cdn.prensaiberica.es\/clip\/de21c5a4-54db-48c5-bd55-6cbdd929800a_source-aspect-ratio_320w_0.jpeg&#8220;,{&#8222;mainUrl&#8220;:2316,&#8220;epigraphUrl&#8220;:-1,&#8220;redirectUrl&#8220;:-1,&#8220;sourceUrl&#8220;:-1},{&#8222;name&#8220;:2320,&#8220;id&#8220;:2321,&#8220;originalId&#8220;:2322,&#8220;title&#8220;:2320,&#8220;url&#8220;:2323,&#8220;image&#8220;:2324,&#8220;description&#8220;:2325,&#8220;authorInformation&#8220;:-1,&#8220;active&#8220;:9,&#8220;urls&#8220;:2326},&#8220;Patrick Schirmer Sastre&#8220;,&#8220;b4ba6316-0772-3b8f-828a-9ef234197d81&#8243;,&#8220;28506&#8243;,&#8220;\/autoren\/patrick-schirmer-sastre.html&#8220;,&#8220;https:\/\/estaticos-cdn.prensaiberica.es\/clip\/6701edf4-4999-4cdb-b5ea-5f518cf83cc4_source-aspect-ratio_320w_0.jpeg&#8220;,&#8220;\\u003Cp>Online-Journalist mit ausgepr\u00e4gtem Interesse an Mode und Kriminalit\u00e4t \u2013 am liebsten in Verbindung mit Politik. Darf in Spanien w\u00e4hlen und wei\u00df, wie man das mallorquinische Kartenspiel Truc spielt. Hat einen Abschluss von einer Kunst-Uni, zeichnet aber eher mittelm\u00e4\u00dfig. Kann erkl\u00e4ren, wie die Verm\u00f6gensteuer funktioniert, muss sie aber nicht zahlen. H\u00e4lt in der K\u00fcche viel von frischen Kr\u00e4utern und Zitrusfr\u00fcchten. H\u00f6rt sich gerne Ihre musikalischen Empfehlungen an.\\u003C\/p>&#8220;,{&#8222;mainUrl&#8220;:2323,&#8220;epigraphUrl&#8220;:-1,&#8220;redirectUrl&#8220;:-1,&#8220;sourceUrl&#8220;:-1},{&#8222;name&#8220;:2328,&#8220;place&#8220;:-1,&#8220;source&#8220;:-1,&#8220;authorText&#8220;:-1},&#8220;M.V.&#8220;,{&#8222;html&#8220;:-1,&#8220;url&#8220;:-1},[2331,2337,2343,2349,2355,2361],{&#8222;name&#8220;:2332,&#8220;id&#8220;:2333,&#8220;originalId&#8220;:2334,&#8220;title&#8220;:2332,&#8220;url&#8220;:2335,&#8220;urls&#8220;:2336,&#8220;active&#8220;:9},&#8220;Anwohner&#8220;,&#8220;c73dae63-2175-362e-813b-1ed089846fa8&#8243;,&#8220;REGIONALES_1582249&#8243;,&#8220;\/tags\/anwohner\/&#8220;,{&#8222;mainUrl&#8220;:2335,&#8220;epigraphUrl&#8220;:-1,&#8220;redirectUrl&#8220;:-1,&#8220;sourceUrl&#8220;:-1},{&#8222;name&#8220;:2338,&#8220;id&#8220;:2339,&#8220;originalId&#8220;:2340,&#8220;title&#8220;:2338,&#8220;url&#8220;:2341,&#8220;urls&#8220;:2342,&#8220;active&#8220;:9},&#8220;Shamrock&#8220;,&#8220;ee34d259-ba3c-34af-970e-209182471e3c&#8220;,&#8220;REGIONALES_1585892&#8243;,&#8220;\/tags\/shamrock\/&#8220;,{&#8222;mainUrl&#8220;:2341,&#8220;epigraphUrl&#8220;:-1,&#8220;redirectUrl&#8220;:-1,&#8220;sourceUrl&#8220;:-1},{&#8222;name&#8220;:2344,&#8220;id&#8220;:2345,&#8220;originalId&#8220;:2346,&#8220;title&#8220;:2344,&#8220;url&#8220;:2347,&#8220;urls&#8220;:2348,&#8220;active&#8220;:9},&#8220;Paseo Mar\u00edtimo&#8220;,&#8220;5cca852e-1424-3e0a-b347-5fb53355a8f6&#8243;,&#8220;REGIONALES_1585160&#8243;,&#8220;\/tags\/paseo-maritimo\/&#8220;,{&#8222;mainUrl&#8220;:2347,&#8220;epigraphUrl&#8220;:-1,&#8220;redirectUrl&#8220;:-1,&#8220;sourceUrl&#8220;:-1},{&#8222;name&#8220;:2350,&#8220;id&#8220;:2351,&#8220;originalId&#8220;:2352,&#8220;title&#8220;:2350,&#8220;url&#8220;:2353,&#8220;urls&#8220;:2354,&#8220;active&#8220;:9},&#8220;Betreiber&#8220;,&#8220;6af5b26a-a22f-330c-ac41-c226b80a40ee&#8220;,&#8220;REGIONALES_1582517&#8243;,&#8220;\/tags\/betreiber\/&#8220;,{&#8222;mainUrl&#8220;:2353,&#8220;epigraphUrl&#8220;:-1,&#8220;redirectUrl&#8220;:-1,&#8220;sourceUrl&#8220;:-1},{&#8222;name&#8220;:2356,&#8220;id&#8220;:2357,&#8220;originalId&#8220;:2358,&#8220;title&#8220;:2356,&#8220;url&#8220;:2359,&#8220;urls&#8220;:2360,&#8220;active&#8220;:9},&#8220;larmbelastigung&#8220;,&#8220;6b6bda50-681b-3c3e-83c5-a10e0f83c97c&#8220;,&#8220;REGIONALES_1584363&#8243;,&#8220;\/tags\/larmbelastigung\/&#8220;,{&#8222;mainUrl&#8220;:2359,&#8220;epigraphUrl&#8220;:-1,&#8220;redirectUrl&#8220;:-1,&#8220;sourceUrl&#8220;:-1},{&#8222;name&#8220;:2362,&#8220;id&#8220;:2363,&#8220;originalId&#8220;:2364,&#8220;title&#8220;:2362,&#8220;url&#8220;:2365,&#8220;urls&#8220;:2366,&#8220;active&#8220;:9},&#8220;larm&#8220;,&#8220;55169f96-6006-3ed0-9084-4383588c1fe9&#8243;,&#8220;REGIONALES_1584362&#8243;,&#8220;\/tags\/larm\/&#8220;,{&#8222;mainUrl&#8220;:2365,&#8220;epigraphUrl&#8220;:-1,&#8220;redirectUrl&#8220;:-1,&#8220;sourceUrl&#8220;:-1},[2368],{&#8222;name&#8220;:2139,&#8220;id&#8220;:2140,&#8220;originalId&#8220;:2141,&#8220;title&#8220;:2139,&#8220;url&#8220;:-1,&#8220;urls&#8220;:2369,&#8220;type&#8220;:2143,&#8220;breadcrumb&#8220;:-1,&#8220;active&#8220;:9},{&#8222;sourceUrl&#8220;:-1,&#8220;redirectUrl&#8220;:-1,&#8220;mainUrl&#8220;:-1,&#8220;epigraphUrl&#8220;:-1},{&#8222;accessType&#8220;:1859,&#8220;interviewOptions&#8220;:2371,&#8220;frontOptions&#8220;:2372,&#8220;basicOptions&#8220;:2373,&#8220;adsOptions&#8220;:-1,&#8220;premiumOptions&#8220;:2374,&#8220;appearanceOptions&#8220;:2375,&#8220;countries&#8220;:2376,&#8220;notificationOptions&#8220;:2377,&#8220;type&#8220;:-1,&#8220;editionType&#8220;:-1,&#8220;redirectFollow&#8220;:9,&#8220;analyticsOptions&#8220;:2384,&#8220;communityOptions&#8220;:-1,&#8220;freeformHtmls&#8220;:-1,&#8220;sportsOptions&#8220;:-1},{&#8222;interviewKicker&#8220;:-1,&#8220;intervieweeRole&#8220;:-1,&#8220;isInterview&#8220;:8,&#8220;interviewee&#8220;:-1},{&#8222;showLiveIcon&#8220;:8,&#8220;excludeFromAutomaticModules&#8220;:-1,&#8220;hideColumnistStyle&#8220;:8,&#8220;showVideoIcon&#8220;:8,&#8220;showPhotoGalleryIcon&#8220;:8,&#8220;showImageSignature&#8220;:8,&#8220;specialKicker&#8220;:-1,&#8220;showSignature&#8220;:9,&#8220;hidePhoto&#8220;:8,&#8220;hideMediaReportStyle&#8220;:8,&#8220;titleSize&#8220;:-1,&#8220;showPlace&#8220;:8,&#8220;showPreTitle&#8220;:8},{&#8222;appearanceHideRelations&#8220;:8,&#8220;disablePageRefresh&#8220;:8,&#8220;appearanceHideInTagListings&#8220;:8,&#8220;denyComments&#8220;:8,&#8220;doNotGenerateAmpVersion&#8220;:8,&#8220;oldContent&#8220;:8,&#8220;sourceIsAgency&#8220;:8,&#8220;hideInLastContents&#8220;:8,&#8220;hideInTagPages&#8220;:8,&#8220;hideInMostViewed&#8220;:8,&#8220;hideInAllListings&#8220;:8,&#8220;source&#8220;:1247,&#8220;disableAmp&#8220;:8,&#8220;cxenseEnabled&#8220;:9,&#8220;isOpinion&#8220;:8},{&#8222;premiumKicker&#8220;:-1,&#8220;premiumShowButton&#8220;:8,&#8220;premiumButtonUrl&#8220;:-1,&#8220;premiumShowKicker&#8220;:8},{&#8222;hideRelations&#8220;:8,&#8220;oldContent&#8220;:8},[],{&#8222;expirationMinutes&#8220;:1252,&#8220;isPersistent&#8220;:8,&#8220;appOptions&#8220;:2378,&#8220;webOptions&#8220;:2380,&#8220;title&#8220;:2382,&#8220;body&#8220;:2383},{&#8222;sendPush&#8220;:8,&#8220;notificationButtons&#8220;:2379},[],{&#8222;sendPush&#8220;:8,&#8220;notificationButtons&#8220;:2381},[],&#8220;Schluss mit dem L\u00e4rm: Das Partylokal Three Lions in Palma ve&#8220;,&#8220;Die Anwohner haben sich nach einem jahrelangen Kampf durchgesetzt. Das Lokal darf unter neuen Bedingungen wiederer\u00f6ffnen&#8220;,{&#8222;origin&#8220;:-1,&#8220;type&#8220;:-1,&#8220;editor&#8220;:1260,&#8220;category&#8220;:-1,&#8220;agencies&#8220;:2385,&#8220;adsTypes&#8220;:2386,&#8220;format&#8220;:1698,&#8220;variant&#8220;:1699},[],[],{&#8222;updateDate&#8220;:2388,&#8220;createDate&#8220;:2389,&#8220;releaseDate&#8220;:2390,&#8220;lastModifiedDate&#8220;:-1},[&#8222;Date&#8220;,&#8220;2026-01-07T08:54:19.000Z&#8220;],[&#8222;Date&#8220;,&#8220;2026-01-07T08:25:43.000Z&#8220;],[&#8222;Date&#8220;,&#8220;2026-01-07T08:54:19.000Z&#8220;],[2392,2394],{&#8222;name&#8220;:448,&#8220;id&#8220;:1224,&#8220;originalId&#8220;:1225,&#8220;title&#8220;:448,&#8220;url&#8220;:1226,&#8220;urls&#8220;:2393,&#8220;childUrl&#8220;:-1,&#8220;parentUrl&#8220;:-1,&#8220;active&#8220;:9,&#8220;archived&#8220;:8},{&#8222;mainUrl&#8220;:1226,&#8220;epigraphUrl&#8220;:-1,&#8220;redirectUrl&#8220;:-1,&#8220;sourceUrl&#8220;:-1},{&#8222;name&#8220;:1229,&#8220;id&#8220;:1230,&#8220;originalId&#8220;:1231,&#8220;title&#8220;:1229,&#8220;url&#8220;:1232,&#8220;urls&#8220;:2395,&#8220;childUrl&#8220;:-1,&#8220;parentUrl&#8220;:-1,&#8220;active&#8220;:9,&#8220;archived&#8220;:8},{&#8222;mainUrl&#8220;:1232,&#8220;epigraphUrl&#8220;:-1,&#8220;redirectUrl&#8220;:-1,&#8220;sourceUrl&#8220;:-1},[],{&#8222;specialText&#8220;:486,&#8220;text&#8220;:-1,&#8220;type&#8220;:-1},{&#8222;footballInfo&#8220;:-1,&#8220;firstMessages&#8220;:2399,&#8220;multimediaType&#8220;:596,&#8220;contentType&#8220;:141,&#8220;id&#8220;:2400,&#8220;contentId&#8220;:2401,&#8220;title&#8220;:2402,&#8220;subtitle&#8220;:-1,&#8220;subtitleTwo&#8220;:-1,&#8220;photoClippings&#8220;:2403,&#8220;urls&#8220;:2422,&#8220;url&#8220;:2423,&#8220;sponsorship&#8220;:2424,&#8220;authors&#8220;:2425,&#8220;signature&#8220;:-1,&#8220;photoSignature&#8220;:2434,&#8220;qualityUrls&#8220;:-1,&#8220;embedInfo&#8220;:2436,&#8220;tags&#8220;:2437,&#8220;hyperlocalisms&#8220;:2482,&#8220;options&#8220;:2483,&#8220;externalOptions&#8220;:-1,&#8220;dates&#8220;:2502,&#8220;player&#8220;:-1,&#8220;originalId&#8220;:2401,&#8220;liveOptions&#8220;:-1,&#8220;epigraph&#8220;:-1,&#8220;photoDescription&#8220;:-1,&#8220;sections&#8220;:2506,&#8220;relatedContents&#8220;:2511,&#8220;kicker&#8220;:2512,&#8220;published&#8220;:9,&#8220;featuredHtml&#8220;:-1},[],&#8220;881f3433-6da8-3ac5-963e-291a189349b0&#8243;,&#8220;125270890&#8243;,&#8220;Das Highlight des Jahres 2026 auf Mallorca dauert noch nicht einmal zwei Minuten&#8220;,[2404,2413],{&#8222;width&#8220;:432,&#8220;url&#8220;:2405,&#8220;height&#8220;:435,&#8220;quality&#8220;:72,&#8220;childPhotoClippings&#8220;:2406,&#8220;type&#8220;:524,&#8220;cropped&#8220;:8},&#8220;https:\/\/estaticos-cdn.prensaiberica.es\/clip\/f02eab95-6d58-499e-8764-ba8ae26a8705_16-9-discover-aspect-ratio_default_0.jpg&#8220;,[2407,2410],{&#8222;width&#8220;:519,&#8220;url&#8220;:2408,&#8220;height&#8220;:823,&#8220;quality&#8220;:824,&#8220;childPhotoClippings&#8220;:2409,&#8220;type&#8220;:524,&#8220;cropped&#8220;:8},&#8220;https:\/\/estaticos-cdn.prensaiberica.es\/clip\/f02eab95-6d58-499e-8764-ba8ae26a8705_16-9-discover-aspect-ratio_640w_0.jpg&#8220;,[],{&#8222;width&#8220;:526,&#8220;url&#8220;:2411,&#8220;height&#8220;:828,&#8220;quality&#8220;:824,&#8220;childPhotoClippings&#8220;:2412,&#8220;type&#8220;:524,&#8220;cropped&#8220;:8},&#8220;https:\/\/estaticos-cdn.prensaiberica.es\/clip\/f02eab95-6d58-499e-8764-ba8ae26a8705_16-9-discover-aspect-ratio_320w_0.jpg&#8220;,[],{&#8222;width&#8220;:532,&#8220;url&#8220;:2414,&#8220;height&#8220;:811,&#8220;quality&#8220;:73,&#8220;childPhotoClippings&#8220;:2415,&#8220;type&#8220;:530,&#8220;cropped&#8220;:8},&#8220;https:\/\/estaticos-cdn.prensaiberica.es\/clip\/f02eab95-6d58-499e-8764-ba8ae26a8705_media-libre-aspect-ratio_default_0.jpg&#8220;,[2416,2419],{&#8222;width&#8220;:519,&#8220;url&#8220;:2417,&#8220;height&#8220;:803,&#8220;quality&#8220;:538,&#8220;childPhotoClippings&#8220;:2418,&#8220;type&#8220;:524,&#8220;cropped&#8220;:8},&#8220;https:\/\/estaticos-cdn.prensaiberica.es\/clip\/f02eab95-6d58-499e-8764-ba8ae26a8705_media-libre-aspect-ratio_640w_0.jpg&#8220;,[],{&#8222;width&#8220;:526,&#8220;url&#8220;:2420,&#8220;height&#8220;:807,&#8220;quality&#8220;:538,&#8220;childPhotoClippings&#8220;:2421,&#8220;type&#8220;:524,&#8220;cropped&#8220;:8},&#8220;https:\/\/estaticos-cdn.prensaiberica.es\/clip\/f02eab95-6d58-499e-8764-ba8ae26a8705_media-libre-aspect-ratio_320w_0.jpg&#8220;,[],{&#8222;mainUrl&#8220;:2423,&#8220;epigraphUrl&#8220;:-1,&#8220;redirectUrl&#8220;:-1,&#8220;sourceUrl&#8220;:-1},&#8220;\/boulevard\/szene\/2026\/01\/01\/viel-aufregung-totale-sonnenfinsternis-2026-125270890.html&#8220;,{&#8222;follow&#8220;:8,&#8220;linkTarget&#8220;:-1,&#8220;trackingCode&#8220;:-1,&#8220;trackingCodeAmp&#8220;:-1,&#8220;text&#8220;:-1,&#8220;url&#8220;:-1},[2426],{&#8222;name&#8220;:2427,&#8220;id&#8220;:2428,&#8220;originalId&#8220;:2429,&#8220;title&#8220;:2427,&#8220;url&#8220;:2430,&#8220;image&#8220;:2431,&#8220;description&#8220;:2432,&#8220;authorInformation&#8220;:-1,&#8220;active&#8220;:9,&#8220;urls&#8220;:2433},&#8220;Simone Werner&#8220;,&#8220;152a304a-a64c-333a-8a4f-7e3f974a1770&#8243;,&#8220;28518&#8243;,&#8220;\/autoren\/simone-werner.html&#8220;,&#8220;https:\/\/estaticos-cdn.prensaiberica.es\/clip\/034afe8a-f203-48bc-bf03-f3266dcb4274_source-aspect-ratio_320w_0.jpg&#8220;,&#8220;\\u003Cp>Journalistin werden wollte ich schon seit der 9. Klasse. Meine Geschichte bei der Mallorca Zeitung begann dann 2011. Damals durfte ich dank des besten EU-Programms (Erasmus) ein Semester auf der Insel verbringen. Nach weiteren Abstechern auf dem spanischen Festland \u2013 immer bei deutschen Zeitungen \u2013 n\u00e4mlich an der Costa Blanca (Costa Blanca Nachrichten) und in M\u00e1laga (Sur, deutsche Ausgabe) bin ich 2018 fest und mit deutlich besseren Spanisch-Skills zur MZ zur\u00fcckgekommen. Themen, die mit Ausfl\u00fcgen, Str\u00e4nden, Palmas Trendviertel Santa Catalina, neuen Apps oder auch ganz praktischen Informationen f\u00fcr Urlauber und Residenten zu tun haben, landen oft automatisch bei mir. Sie haben ein Thema, das mich interessieren k\u00f6nnte, oder eine Anmerkung zu einem meiner Artikel? Ich freue mich auf Ihre E-Mail!\\u003C\/p>&#8220;,{&#8222;mainUrl&#8220;:2430,&#8220;epigraphUrl&#8220;:-1,&#8220;redirectUrl&#8220;:-1,&#8220;sourceUrl&#8220;:-1},{&#8222;name&#8220;:2435,&#8220;place&#8220;:-1,&#8220;source&#8220;:-1,&#8220;authorText&#8220;:-1},&#8220;DPA&#8220;,{&#8222;html&#8220;:-1,&#8220;url&#8220;:-1},[2438,2440,2446,2452,2458,2464,2470,2476],{&#8222;name&#8220;:29,&#8220;id&#8220;:1293,&#8220;originalId&#8220;:1294,&#8220;title&#8220;:29,&#8220;url&#8220;:1295,&#8220;urls&#8220;:2439,&#8220;active&#8220;:9},{&#8222;mainUrl&#8220;:1295,&#8220;epigraphUrl&#8220;:-1,&#8220;redirectUrl&#8220;:-1,&#8220;sourceUrl&#8220;:-1},{&#8222;name&#8220;:2441,&#8220;id&#8220;:2442,&#8220;originalId&#8220;:2443,&#8220;title&#8220;:2441,&#8220;url&#8220;:2444,&#8220;urls&#8220;:2445,&#8220;active&#8220;:9},&#8220;Sommer&#8220;,&#8220;c60c520e-3ef5-3ccd-8af6-dc30e47e555a&#8220;,&#8220;REGIONALES_1585952&#8243;,&#8220;\/tags\/sommer\/&#8220;,{&#8222;mainUrl&#8220;:2444,&#8220;epigraphUrl&#8220;:-1,&#8220;redirectUrl&#8220;:-1,&#8220;sourceUrl&#8220;:-1},{&#8222;name&#8220;:2447,&#8220;id&#8220;:2448,&#8220;originalId&#8220;:2449,&#8220;title&#8220;:2447,&#8220;url&#8220;:2450,&#8220;urls&#8220;:2451,&#8220;active&#8220;:9},&#8220;S\u00f3ller&#8220;,&#8220;6e578df3-ca82-3883-aed1-2b84cba45d3b&#8220;,&#8220;REGIONALES_1585945&#8243;,&#8220;\/tags\/soller\/&#8220;,{&#8222;mainUrl&#8220;:2450,&#8220;epigraphUrl&#8220;:-1,&#8220;redirectUrl&#8220;:-1,&#8220;sourceUrl&#8220;:-1},{&#8222;name&#8220;:2453,&#8220;id&#8220;:2454,&#8220;originalId&#8220;:2455,&#8220;title&#8220;:2453,&#8220;url&#8220;:2456,&#8220;urls&#8220;:2457,&#8220;active&#8220;:9},&#8220;Tramuntana&#8220;,&#8220;292408cc-cc35-3639-b129-a32dbb62525c&#8220;,&#8220;REGIONALES_1586385&#8243;,&#8220;\/tags\/tramuntana\/&#8220;,{&#8222;mainUrl&#8220;:2456,&#8220;epigraphUrl&#8220;:-1,&#8220;redirectUrl&#8220;:-1,&#8220;sourceUrl&#8220;:-1},{&#8222;name&#8220;:2459,&#8220;id&#8220;:2460,&#8220;originalId&#8220;:2461,&#8220;title&#8220;:2459,&#8220;url&#8220;:2462,&#8220;urls&#8220;:2463,&#8220;active&#8220;:9},&#8220;Sonne&#8220;,&#8220;366a4721-7155-3b97-89d3-5924b6835da9&#8243;,&#8220;REGIONALES_1586012&#8243;,&#8220;\/tags\/sonne\/&#8220;,{&#8222;mainUrl&#8220;:2462,&#8220;epigraphUrl&#8220;:-1,&#8220;redirectUrl&#8220;:-1,&#8220;sourceUrl&#8220;:-1},{&#8222;name&#8220;:2465,&#8220;id&#8220;:2466,&#8220;originalId&#8220;:2467,&#8220;title&#8220;:2465,&#8220;url&#8220;:2468,&#8220;urls&#8220;:2469,&#8220;active&#8220;:9},&#8220;Mond&#8220;,&#8220;e169646a-d342-37d1-8643-b31868760566&#8243;,&#8220;REGIONALES_1584858&#8243;,&#8220;\/tags\/mond\/&#8220;,{&#8222;mainUrl&#8220;:2468,&#8220;epigraphUrl&#8220;:-1,&#8220;redirectUrl&#8220;:-1,&#8220;sourceUrl&#8220;:-1},{&#8222;name&#8220;:2471,&#8220;id&#8220;:2472,&#8220;originalId&#8220;:2473,&#8220;title&#8220;:2471,&#8220;url&#8220;:2474,&#8220;urls&#8220;:2475,&#8220;active&#8220;:9},&#8220;Hotel&#8220;,&#8220;33904ce4-e191-3536-9a4b-9e4361ef26d2&#8243;,&#8220;REGIONALES_1583810&#8243;,&#8220;\/tags\/hotel\/&#8220;,{&#8222;mainUrl&#8220;:2474,&#8220;epigraphUrl&#8220;:-1,&#8220;redirectUrl&#8220;:-1,&#8220;sourceUrl&#8220;:-1},{&#8222;name&#8220;:2477,&#8220;id&#8220;:2478,&#8220;originalId&#8220;:2479,&#8220;title&#8220;:2477,&#8220;url&#8220;:2480,&#8220;urls&#8220;:2481,&#8220;active&#8220;:9},&#8220;Hotels&#8220;,&#8220;e6433b33-a2a0-3a02-ace3-8537ef5b331b&#8220;,&#8220;REGIONALES_1583830&#8243;,&#8220;\/tags\/hotels\/&#8220;,{&#8222;mainUrl&#8220;:2480,&#8220;epigraphUrl&#8220;:-1,&#8220;redirectUrl&#8220;:-1,&#8220;sourceUrl&#8220;:-1},[],{&#8222;accessType&#8220;:1859,&#8220;interviewOptions&#8220;:2484,&#8220;frontOptions&#8220;:2485,&#8220;basicOptions&#8220;:2486,&#8220;adsOptions&#8220;:-1,&#8220;premiumOptions&#8220;:2488,&#8220;appearanceOptions&#8220;:2489,&#8220;countries&#8220;:2490,&#8220;notificationOptions&#8220;:2491,&#8220;type&#8220;:-1,&#8220;editionType&#8220;:-1,&#8220;redirectFollow&#8220;:9,&#8220;analyticsOptions&#8220;:2498,&#8220;communityOptions&#8220;:-1,&#8220;freeformHtmls&#8220;:-1,&#8220;sportsOptions&#8220;:-1},{&#8222;interviewKicker&#8220;:-1,&#8220;intervieweeRole&#8220;:-1,&#8220;isInterview&#8220;:8,&#8220;interviewee&#8220;:-1},{&#8222;showLiveIcon&#8220;:8,&#8220;excludeFromAutomaticModules&#8220;:-1,&#8220;hideColumnistStyle&#8220;:8,&#8220;showVideoIcon&#8220;:8,&#8220;showPhotoGalleryIcon&#8220;:8,&#8220;showImageSignature&#8220;:8,&#8220;specialKicker&#8220;:-1,&#8220;showSignature&#8220;:9,&#8220;hidePhoto&#8220;:8,&#8220;hideMediaReportStyle&#8220;:8,&#8220;titleSize&#8220;:-1,&#8220;showPlace&#8220;:8,&#8220;showPreTitle&#8220;:8},{&#8222;appearanceHideRelations&#8220;:8,&#8220;disablePageRefresh&#8220;:8,&#8220;appearanceHideInTagListings&#8220;:8,&#8220;denyComments&#8220;:8,&#8220;doNotGenerateAmpVersion&#8220;:8,&#8220;oldContent&#8220;:8,&#8220;sourceIsAgency&#8220;:8,&#8220;hideInLastContents&#8220;:8,&#8220;hideInTagPages&#8220;:8,&#8220;hideInMostViewed&#8220;:8,&#8220;hideInAllListings&#8220;:8,&#8220;source&#8220;:2487,&#8220;disableAmp&#8220;:8,&#8220;cxenseEnabled&#8220;:9,&#8220;isOpinion&#8220;:8},&#8220;PRINT&#8220;,{&#8222;premiumKicker&#8220;:-1,&#8220;premiumShowButton&#8220;:8,&#8220;premiumButtonUrl&#8220;:-1,&#8220;premiumShowKicker&#8220;:8},{&#8222;hideRelations&#8220;:8,&#8220;oldContent&#8220;:8},[],{&#8222;expirationMinutes&#8220;:1252,&#8220;isPersistent&#8220;:8,&#8220;appOptions&#8220;:2492,&#8220;webOptions&#8220;:2494,&#8220;title&#8220;:2496,&#8220;body&#8220;:2497},{&#8222;sendPush&#8220;:8,&#8220;notificationButtons&#8220;:2493},[],{&#8222;sendPush&#8220;:8,&#8220;notificationButtons&#8220;:2495},[],&#8220;Das Highlight des Jahres 2026 auf Mallorca dauert noch nicht&#8220;,&#8220;Im Sommer verdunkelt sich der Himmel \u00fcber der Insel. Hoteliers, Hobby-Astronomen und Beh\u00f6rden bereiten sich schon seit Monaten auf die totale Sonnenfinsternis vor&#8220;,{&#8222;origin&#8220;:-1,&#8220;type&#8220;:-1,&#8220;editor&#8220;:2499,&#8220;category&#8220;:-1,&#8220;agencies&#8220;:2500,&#8220;adsTypes&#8220;:2501,&#8220;format&#8220;:1698,&#8220;variant&#8220;:1699},&#8220;redactor_bot&#8220;,[],[],{&#8222;updateDate&#8220;:2503,&#8220;createDate&#8220;:2504,&#8220;releaseDate&#8220;:2505,&#8220;lastModifiedDate&#8220;:-1},[&#8222;Date&#8220;,&#8220;2026-01-01T15:18:58.000Z&#8220;],[&#8222;Date&#8220;,&#8220;2025-12-31T06:50:45.000Z&#8220;],[&#8222;Date&#8220;,&#8220;2026-01-01T15:16:48.000Z&#8220;],[2507,2509],{&#8222;name&#8220;:448,&#8220;id&#8220;:1224,&#8220;originalId&#8220;:1225,&#8220;title&#8220;:448,&#8220;url&#8220;:1226,&#8220;urls&#8220;:2508,&#8220;childUrl&#8220;:-1,&#8220;parentUrl&#8220;:-1,&#8220;active&#8220;:9,&#8220;archived&#8220;:8},{&#8222;mainUrl&#8220;:1226,&#8220;epigraphUrl&#8220;:-1,&#8220;redirectUrl&#8220;:-1,&#8220;sourceUrl&#8220;:-1},{&#8222;name&#8220;:1229,&#8220;id&#8220;:1230,&#8220;originalId&#8220;:1231,&#8220;title&#8220;:1229,&#8220;url&#8220;:1232,&#8220;urls&#8220;:2510,&#8220;childUrl&#8220;:-1,&#8220;parentUrl&#8220;:-1,&#8220;active&#8220;:9,&#8220;archived&#8220;:8},{&#8222;mainUrl&#8220;:1232,&#8220;epigraphUrl&#8220;:-1,&#8220;redirectUrl&#8220;:-1,&#8220;sourceUrl&#8220;:-1},[],{&#8222;specialText&#8220;:486,&#8220;text&#8220;:-1,&#8220;type&#8220;:-1},{&#8222;footballInfo&#8220;:-1,&#8220;firstMessages&#8220;:2514,&#8220;multimediaType&#8220;:596,&#8220;contentType&#8220;:141,&#8220;id&#8220;:2515,&#8220;contentId&#8220;:2516,&#8220;title&#8220;:2517,&#8220;subtitle&#8220;:-1,&#8220;subtitleTwo&#8220;:-1,&#8220;photoClippings&#8220;:2518,&#8220;urls&#8220;:2542,&#8220;url&#8220;:2543,&#8220;sponsorship&#8220;:2544,&#8220;authors&#8220;:2545,&#8220;signature&#8220;:-1,&#8220;photoSignature&#8220;:2553,&#8220;qualityUrls&#8220;:-1,&#8220;embedInfo&#8220;:2555,&#8220;tags&#8220;:2556,&#8220;hyperlocalisms&#8220;:2583,&#8220;options&#8220;:2584,&#8220;externalOptions&#8220;:-1,&#8220;dates&#8220;:2602,&#8220;player&#8220;:-1,&#8220;originalId&#8220;:2516,&#8220;liveOptions&#8220;:-1,&#8220;epigraph&#8220;:-1,&#8220;photoDescription&#8220;:-1,&#8220;sections&#8220;:2606,&#8220;relatedContents&#8220;:2611,&#8220;kicker&#8220;:2612,&#8220;published&#8220;:9,&#8220;featuredHtml&#8220;:-1},[],&#8220;32267a8b-7471-36a7-b96b-0224af01a716&#8243;,&#8220;124956860&#8243;,&#8220;Neue Attraktionen 2025: Das sind Mallorcas spannendste Er\u00f6ffnungen&#8220;,[2519,2530],{&#8222;width&#8220;:2520,&#8220;url&#8220;:2521,&#8220;height&#8220;:534,&#8220;quality&#8220;:2522,&#8220;childPhotoClippings&#8220;:2523,&#8220;type&#8220;:524,&#8220;cropped&#8220;:8},&#8220;880&#8243;,&#8220;https:\/\/estaticos-cdn.prensaiberica.es\/clip\/c9bd71f4-3cfd-4e44-aa23-4f8f3fdf126a_16-9-aspect-ratio_default_0.jpg&#8220;,&#8220;16_9_large&#8220;,[2524,2527],{&#8222;width&#8220;:519,&#8220;url&#8220;:2525,&#8220;height&#8220;:823,&#8220;quality&#8220;:73,&#8220;childPhotoClippings&#8220;:2526,&#8220;type&#8220;:524,&#8220;cropped&#8220;:8},&#8220;https:\/\/estaticos-cdn.prensaiberica.es\/clip\/c9bd71f4-3cfd-4e44-aa23-4f8f3fdf126a_16-9-aspect-ratio_640w_0.jpg&#8220;,[],{&#8222;width&#8220;:526,&#8220;url&#8220;:2528,&#8220;height&#8220;:828,&#8220;quality&#8220;:73,&#8220;childPhotoClippings&#8220;:2529,&#8220;type&#8220;:524,&#8220;cropped&#8220;:8},&#8220;https:\/\/estaticos-cdn.prensaiberica.es\/clip\/c9bd71f4-3cfd-4e44-aa23-4f8f3fdf126a_16-9-aspect-ratio_320w_0.jpg&#8220;,[],{&#8222;width&#8220;:532,&#8220;url&#8220;:2531,&#8220;height&#8220;:2532,&#8220;quality&#8220;:73,&#8220;childPhotoClippings&#8220;:2533,&#8220;type&#8220;:530,&#8220;cropped&#8220;:8},&#8220;https:\/\/estaticos-cdn.prensaiberica.es\/clip\/c9bd71f4-3cfd-4e44-aa23-4f8f3fdf126a_media-libre-aspect-ratio_default_0.jpg&#8220;,&#8220;477&#8243;,[2534,2538],{&#8222;width&#8220;:519,&#8220;url&#8220;:2535,&#8220;height&#8220;:2536,&#8220;quality&#8220;:538,&#8220;childPhotoClippings&#8220;:2537,&#8220;type&#8220;:524,&#8220;cropped&#8220;:8},&#8220;https:\/\/estaticos-cdn.prensaiberica.es\/clip\/c9bd71f4-3cfd-4e44-aa23-4f8f3fdf126a_media-libre-aspect-ratio_640w_0.jpg&#8220;,&#8220;463&#8243;,[],{&#8222;width&#8220;:526,&#8220;url&#8220;:2539,&#8220;height&#8220;:2540,&#8220;quality&#8220;:538,&#8220;childPhotoClippings&#8220;:2541,&#8220;type&#8220;:524,&#8220;cropped&#8220;:8},&#8220;https:\/\/estaticos-cdn.prensaiberica.es\/clip\/c9bd71f4-3cfd-4e44-aa23-4f8f3fdf126a_media-libre-aspect-ratio_320w_0.jpg&#8220;,&#8220;231&#8243;,[],{&#8222;mainUrl&#8220;:2543,&#8220;epigraphUrl&#8220;:-1,&#8220;redirectUrl&#8220;:-1,&#8220;sourceUrl&#8220;:-1},&#8220;\/boulevard\/szene\/2025\/12\/28\/neue-attraktionen-2025-das-sind-124956860.html&#8220;,{&#8222;follow&#8220;:8,&#8220;linkTarget&#8220;:-1,&#8220;trackingCode&#8220;:-1,&#8220;trackingCodeAmp&#8220;:-1,&#8220;text&#8220;:-1,&#8220;url&#8220;:-1},[2546],{&#8222;name&#8220;:2547,&#8220;id&#8220;:2548,&#8220;originalId&#8220;:2549,&#8220;title&#8220;:2547,&#8220;url&#8220;:2550,&#8220;image&#8220;:2551,&#8220;description&#8220;:-1,&#8220;authorInformation&#8220;:-1,&#8220;active&#8220;:9,&#8220;urls&#8220;:2552},&#8220;Redaktion MZ&#8220;,&#8220;4ad1c19c-6879-3535-b8f2-5f846a4f5652&#8243;,&#8220;1895057&#8243;,&#8220;\/autores\/redaktion-mz.html&#8220;,&#8220;https:\/\/estaticos-cdn.prensaiberica.es\/clip\/41e3d7ff-1e4f-419a-9056-eef436aca82a_source-aspect-ratio_320w_0.jpg&#8220;,{&#8222;mainUrl&#8220;:2550,&#8220;epigraphUrl&#8220;:-1,&#8220;redirectUrl&#8220;:-1,&#8220;sourceUrl&#8220;:-1},{&#8222;name&#8220;:2554,&#8220;place&#8220;:-1,&#8220;source&#8220;:-1,&#8220;authorText&#8220;:-1},&#8220;Manu Mielniezuk&#8220;,{&#8222;html&#8220;:-1,&#8220;url&#8220;:-1},[2557,2563,2569,2575,2581],{&#8222;name&#8220;:2558,&#8220;id&#8220;:2559,&#8220;originalId&#8220;:2560,&#8220;title&#8220;:2558,&#8220;url&#8220;:2561,&#8220;urls&#8220;:2562,&#8220;active&#8220;:9},&#8220;Camping&#8220;,&#8220;1ac55c9c-1a81-3db7-9b81-5eef6b78e60c&#8220;,&#8220;REGIONALES_1582730&#8243;,&#8220;\/tags\/camping\/&#8220;,{&#8222;mainUrl&#8220;:2561,&#8220;epigraphUrl&#8220;:-1,&#8220;redirectUrl&#8220;:-1,&#8220;sourceUrl&#8220;:-1},{&#8222;name&#8220;:2564,&#8220;id&#8220;:2565,&#8220;originalId&#8220;:2566,&#8220;title&#8220;:2564,&#8220;url&#8220;:2567,&#8220;urls&#8220;:2568,&#8220;active&#8220;:9},&#8220;Camper&#8220;,&#8220;bae4113d-3929-3621-abc8-e012b257ce3d&#8220;,&#8220;REGIONALES_1582729&#8243;,&#8220;\/tags\/camper\/&#8220;,{&#8222;mainUrl&#8220;:2567,&#8220;epigraphUrl&#8220;:-1,&#8220;redirectUrl&#8220;:-1,&#8220;sourceUrl&#8220;:-1},{&#8222;name&#8220;:2570,&#8220;id&#8220;:2571,&#8220;originalId&#8220;:2572,&#8220;title&#8220;:2570,&#8220;url&#8220;:2573,&#8220;urls&#8220;:2574,&#8220;active&#8220;:9},&#8220;Klettern&#8220;,&#8220;6651455a-0981-3462-9b6d-13cafab85d4f&#8220;,&#8220;REGIONALES_1584203&#8243;,&#8220;\/tags\/klettern\/&#8220;,{&#8222;mainUrl&#8220;:2573,&#8220;epigraphUrl&#8220;:-1,&#8220;redirectUrl&#8220;:-1,&#8220;sourceUrl&#8220;:-1},{&#8222;name&#8220;:2576,&#8220;id&#8220;:2577,&#8220;originalId&#8220;:2578,&#8220;title&#8220;:2576,&#8220;url&#8220;:2579,&#8220;urls&#8220;:2580,&#8220;active&#8220;:9},&#8220;Autos&#8220;,&#8220;81b413b3-eb41-32c2-924c-644cc8c3c158&#8243;,&#8220;REGIONALES_1582362&#8243;,&#8220;\/tags\/autos\/&#8220;,{&#8222;mainUrl&#8220;:2579,&#8220;epigraphUrl&#8220;:-1,&#8220;redirectUrl&#8220;:-1,&#8220;sourceUrl&#8220;:-1},{&#8222;name&#8220;:29,&#8220;id&#8220;:1293,&#8220;originalId&#8220;:1294,&#8220;title&#8220;:29,&#8220;url&#8220;:1295,&#8220;urls&#8220;:2582,&#8220;active&#8220;:9},{&#8222;mainUrl&#8220;:1295,&#8220;epigraphUrl&#8220;:-1,&#8220;redirectUrl&#8220;:-1,&#8220;sourceUrl&#8220;:-1},[],{&#8222;accessType&#8220;:1318,&#8220;interviewOptions&#8220;:2585,&#8220;frontOptions&#8220;:2586,&#8220;basicOptions&#8220;:2587,&#8220;adsOptions&#8220;:-1,&#8220;premiumOptions&#8220;:2588,&#8220;appearanceOptions&#8220;:2589,&#8220;countries&#8220;:2590,&#8220;notificationOptions&#8220;:2591,&#8220;type&#8220;:-1,&#8220;editionType&#8220;:-1,&#8220;redirectFollow&#8220;:9,&#8220;analyticsOptions&#8220;:2598,&#8220;communityOptions&#8220;:-1,&#8220;freeformHtmls&#8220;:-1,&#8220;sportsOptions&#8220;:-1},{&#8222;interviewKicker&#8220;:-1,&#8220;intervieweeRole&#8220;:-1,&#8220;isInterview&#8220;:8,&#8220;interviewee&#8220;:-1},{&#8222;showLiveIcon&#8220;:8,&#8220;excludeFromAutomaticModules&#8220;:-1,&#8220;hideColumnistStyle&#8220;:8,&#8220;showVideoIcon&#8220;:8,&#8220;showPhotoGalleryIcon&#8220;:8,&#8220;showImageSignature&#8220;:8,&#8220;specialKicker&#8220;:-1,&#8220;showSignature&#8220;:9,&#8220;hidePhoto&#8220;:8,&#8220;hideMediaReportStyle&#8220;:8,&#8220;titleSize&#8220;:-1,&#8220;showPlace&#8220;:8,&#8220;showPreTitle&#8220;:8},{&#8222;appearanceHideRelations&#8220;:8,&#8220;disablePageRefresh&#8220;:8,&#8220;appearanceHideInTagListings&#8220;:8,&#8220;denyComments&#8220;:8,&#8220;doNotGenerateAmpVersion&#8220;:8,&#8220;oldContent&#8220;:8,&#8220;sourceIsAgency&#8220;:8,&#8220;hideInLastContents&#8220;:8,&#8220;hideInTagPages&#8220;:8,&#8220;hideInMostViewed&#8220;:8,&#8220;hideInAllListings&#8220;:8,&#8220;source&#8220;:1247,&#8220;disableAmp&#8220;:8,&#8220;cxenseEnabled&#8220;:9,&#8220;isOpinion&#8220;:8},{&#8222;premiumKicker&#8220;:-1,&#8220;premiumShowButton&#8220;:8,&#8220;premiumButtonUrl&#8220;:-1,&#8220;premiumShowKicker&#8220;:8},{&#8222;hideRelations&#8220;:8,&#8220;oldContent&#8220;:8},[],{&#8222;expirationMinutes&#8220;:1252,&#8220;isPersistent&#8220;:8,&#8220;appOptions&#8220;:2592,&#8220;webOptions&#8220;:2594,&#8220;title&#8220;:2596,&#8220;body&#8220;:2597},{&#8222;sendPush&#8220;:8,&#8220;notificationButtons&#8220;:2593},[],{&#8222;sendPush&#8220;:8,&#8220;notificationButtons&#8220;:2595},[],&#8220;Neue Attraktionen 2025: Das sind Mallorcas spannendste Er\u00f6ff&#8220;,&#8220;Kino, Klettern, Camper: Auf Mallorca gibt es 2025 viele neue Freizeitm\u00f6glichkeiten \u2013 diese Highlights sollten Sie nicht verpassen&#8220;,{&#8222;origin&#8220;:-1,&#8220;type&#8220;:-1,&#8220;editor&#8220;:2599,&#8220;category&#8220;:-1,&#8220;agencies&#8220;:2600,&#8220;adsTypes&#8220;:2601,&#8220;format&#8220;:1698,&#8220;variant&#8220;:1699},&#8220;sophie&#8220;,[],[],{&#8222;updateDate&#8220;:2603,&#8220;createDate&#8220;:2604,&#8220;releaseDate&#8220;:2605,&#8220;lastModifiedDate&#8220;:-1},[&#8222;Date&#8220;,&#8220;2025-12-28T15:26:15.000Z&#8220;],[&#8222;Date&#8220;,&#8220;2025-12-19T10:24:51.000Z&#8220;],[&#8222;Date&#8220;,&#8220;2025-12-28T15:26:15.000Z&#8220;],[2607,2609],{&#8222;name&#8220;:448,&#8220;id&#8220;:1224,&#8220;originalId&#8220;:1225,&#8220;title&#8220;:448,&#8220;url&#8220;:1226,&#8220;urls&#8220;:2608,&#8220;childUrl&#8220;:-1,&#8220;parentUrl&#8220;:-1,&#8220;active&#8220;:9,&#8220;archived&#8220;:8},{&#8222;mainUrl&#8220;:1226,&#8220;epigraphUrl&#8220;:-1,&#8220;redirectUrl&#8220;:-1,&#8220;sourceUrl&#8220;:-1},{&#8222;name&#8220;:1229,&#8220;id&#8220;:1230,&#8220;originalId&#8220;:1231,&#8220;title&#8220;:1229,&#8220;url&#8220;:1232,&#8220;urls&#8220;:2610,&#8220;childUrl&#8220;:-1,&#8220;parentUrl&#8220;:-1,&#8220;active&#8220;:9,&#8220;archived&#8220;:8},{&#8222;mainUrl&#8220;:1232,&#8220;epigraphUrl&#8220;:-1,&#8220;redirectUrl&#8220;:-1,&#8220;sourceUrl&#8220;:-1},[],{&#8222;specialText&#8220;:486,&#8220;text&#8220;:-1,&#8220;type&#8220;:-1},{&#8222;footballInfo&#8220;:-1,&#8220;firstMessages&#8220;:2614,&#8220;multimediaType&#8220;:596,&#8220;contentType&#8220;:141,&#8220;id&#8220;:1719,&#8220;contentId&#8220;:1714,&#8220;title&#8220;:1732,&#8220;subtitle&#8220;:-1,&#8220;subtitleTwo&#8220;:-1,&#8220;photoClippings&#8220;:2615,&#8220;urls&#8220;:2628,&#8220;url&#8220;:1834,&#8220;sponsorship&#8220;:2629,&#8220;authors&#8220;:2630,&#8220;signature&#8220;:-1,&#8220;photoSignature&#8220;:2633,&#8220;qualityUrls&#8220;:-1,&#8220;embedInfo&#8220;:2635,&#8220;tags&#8220;:2636,&#8220;hyperlocalisms&#8220;:2647,&#8220;options&#8220;:2648,&#8220;externalOptions&#8220;:-1,&#8220;dates&#8220;:2663,&#8220;player&#8220;:-1,&#8220;originalId&#8220;:1714,&#8220;liveOptions&#8220;:-1,&#8220;epigraph&#8220;:-1,&#8220;photoDescription&#8220;:-1,&#8220;sections&#8220;:2667,&#8220;relatedContents&#8220;:2672,&#8220;kicker&#8220;:2673,&#8220;published&#8220;:9,&#8220;featuredHtml&#8220;:-1},[],[2616,2622],{&#8222;width&#8220;:432,&#8220;url&#8220;:1797,&#8220;height&#8220;:435,&#8220;quality&#8220;:72,&#8220;childPhotoClippings&#8220;:2617,&#8220;type&#8220;:524,&#8220;cropped&#8220;:8},[2618,2620],{&#8222;width&#8220;:519,&#8220;url&#8220;:1800,&#8220;height&#8220;:823,&#8220;quality&#8220;:824,&#8220;childPhotoClippings&#8220;:2619,&#8220;type&#8220;:524,&#8220;cropped&#8220;:8},[],{&#8222;width&#8220;:526,&#8220;url&#8220;:1803,&#8220;height&#8220;:828,&#8220;quality&#8220;:824,&#8220;childPhotoClippings&#8220;:2621,&#8220;type&#8220;:524,&#8220;cropped&#8220;:8},[],{&#8222;width&#8220;:532,&#8220;url&#8220;:1749,&#8220;height&#8220;:811,&#8220;quality&#8220;:73,&#8220;childPhotoClippings&#8220;:2623,&#8220;type&#8220;:530,&#8220;cropped&#8220;:8},[2624,2626],{&#8222;width&#8220;:519,&#8220;url&#8220;:1752,&#8220;height&#8220;:803,&#8220;quality&#8220;:538,&#8220;childPhotoClippings&#8220;:2625,&#8220;type&#8220;:524,&#8220;cropped&#8220;:8},[],{&#8222;width&#8220;:526,&#8220;url&#8220;:1755,&#8220;height&#8220;:807,&#8220;quality&#8220;:538,&#8220;childPhotoClippings&#8220;:2627,&#8220;type&#8220;:524,&#8220;cropped&#8220;:8},[],{&#8222;mainUrl&#8220;:1834,&#8220;epigraphUrl&#8220;:-1,&#8220;redirectUrl&#8220;:-1,&#8220;sourceUrl&#8220;:-1},{&#8222;follow&#8220;:8,&#8220;linkTarget&#8220;:-1,&#8220;trackingCode&#8220;:-1,&#8220;trackingCodeAmp&#8220;:-1,&#8220;text&#8220;:-1,&#8220;url&#8220;:-1},[2631],{&#8222;name&#8220;:1709,&#8220;id&#8220;:1710,&#8220;originalId&#8220;:1711,&#8220;title&#8220;:1709,&#8220;url&#8220;:1712,&#8220;image&#8220;:-1,&#8220;description&#8220;:-1,&#8220;authorInformation&#8220;:-1,&#8220;active&#8220;:9,&#8220;urls&#8220;:2632},{&#8222;mainUrl&#8220;:1712,&#8220;epigraphUrl&#8220;:-1,&#8220;redirectUrl&#8220;:-1,&#8220;sourceUrl&#8220;:-1},{&#8222;name&#8220;:2634,&#8220;place&#8220;:-1,&#8220;source&#8220;:-1,&#8220;authorText&#8220;:-1},&#8220;Christoph Reichwein (dpa)&#8220;,{&#8222;html&#8220;:-1,&#8220;url&#8220;:-1},[2637,2639,2641,2643,2645],{&#8222;name&#8220;:1298,&#8220;id&#8220;:1299,&#8220;originalId&#8220;:1300,&#8220;title&#8220;:1298,&#8220;url&#8220;:1301,&#8220;urls&#8220;:2638,&#8220;active&#8220;:9},{&#8222;mainUrl&#8220;:1301,&#8220;epigraphUrl&#8220;:-1,&#8220;redirectUrl&#8220;:-1,&#8220;sourceUrl&#8220;:-1},{&#8222;name&#8220;:1814,&#8220;id&#8220;:1815,&#8220;originalId&#8220;:1816,&#8220;title&#8220;:1814,&#8220;url&#8220;:1817,&#8220;urls&#8220;:2640,&#8220;active&#8220;:9},{&#8222;mainUrl&#8220;:1817,&#8220;epigraphUrl&#8220;:-1,&#8220;redirectUrl&#8220;:-1,&#8220;sourceUrl&#8220;:-1},{&#8222;name&#8220;:1820,&#8220;id&#8220;:1821,&#8220;originalId&#8220;:1822,&#8220;title&#8220;:1820,&#8220;url&#8220;:1823,&#8220;urls&#8220;:2642,&#8220;active&#8220;:9},{&#8222;mainUrl&#8220;:1823,&#8220;epigraphUrl&#8220;:-1,&#8220;redirectUrl&#8220;:-1,&#8220;sourceUrl&#8220;:-1},{&#8222;name&#8220;:1236,&#8220;id&#8220;:1237,&#8220;originalId&#8220;:1238,&#8220;title&#8220;:1236,&#8220;url&#8220;:1239,&#8220;urls&#8220;:2644,&#8220;active&#8220;:9},{&#8222;mainUrl&#8220;:1239,&#8220;epigraphUrl&#8220;:-1,&#8220;redirectUrl&#8220;:-1,&#8220;sourceUrl&#8220;:-1},{&#8222;name&#8220;:1828,&#8220;id&#8220;:1829,&#8220;originalId&#8220;:1830,&#8220;title&#8220;:1828,&#8220;url&#8220;:1831,&#8220;urls&#8220;:2646,&#8220;active&#8220;:9},{&#8222;mainUrl&#8220;:1831,&#8220;epigraphUrl&#8220;:-1,&#8220;redirectUrl&#8220;:-1,&#8220;sourceUrl&#8220;:-1},[],{&#8222;accessType&#8220;:1318,&#8220;interviewOptions&#8220;:2649,&#8220;frontOptions&#8220;:2650,&#8220;basicOptions&#8220;:2651,&#8220;adsOptions&#8220;:-1,&#8220;premiumOptions&#8220;:2652,&#8220;appearanceOptions&#8220;:2653,&#8220;countries&#8220;:2654,&#8220;notificationOptions&#8220;:2655,&#8220;type&#8220;:-1,&#8220;editionType&#8220;:-1,&#8220;redirectFollow&#8220;:9,&#8220;analyticsOptions&#8220;:2660,&#8220;communityOptions&#8220;:-1,&#8220;freeformHtmls&#8220;:-1,&#8220;sportsOptions&#8220;:-1},{&#8222;interviewKicker&#8220;:-1,&#8220;intervieweeRole&#8220;:-1,&#8220;isInterview&#8220;:8,&#8220;interviewee&#8220;:-1},{&#8222;showLiveIcon&#8220;:8,&#8220;excludeFromAutomaticModules&#8220;:-1,&#8220;hideColumnistStyle&#8220;:8,&#8220;showVideoIcon&#8220;:8,&#8220;showPhotoGalleryIcon&#8220;:8,&#8220;showImageSignature&#8220;:8,&#8220;specialKicker&#8220;:-1,&#8220;showSignature&#8220;:9,&#8220;hidePhoto&#8220;:8,&#8220;hideMediaReportStyle&#8220;:8,&#8220;titleSize&#8220;:-1,&#8220;showPlace&#8220;:8,&#8220;showPreTitle&#8220;:8},{&#8222;appearanceHideRelations&#8220;:8,&#8220;disablePageRefresh&#8220;:8,&#8220;appearanceHideInTagListings&#8220;:8,&#8220;denyComments&#8220;:8,&#8220;doNotGenerateAmpVersion&#8220;:8,&#8220;oldContent&#8220;:8,&#8220;sourceIsAgency&#8220;:8,&#8220;hideInLastContents&#8220;:8,&#8220;hideInTagPages&#8220;:8,&#8220;hideInMostViewed&#8220;:8,&#8220;hideInAllListings&#8220;:8,&#8220;source&#8220;:1247,&#8220;disableAmp&#8220;:8,&#8220;cxenseEnabled&#8220;:9,&#8220;isOpinion&#8220;:8},{&#8222;premiumKicker&#8220;:-1,&#8220;premiumShowButton&#8220;:8,&#8220;premiumButtonUrl&#8220;:-1,&#8220;premiumShowKicker&#8220;:8},{&#8222;hideRelations&#8220;:8,&#8220;oldContent&#8220;:8},[],{&#8222;expirationMinutes&#8220;:1252,&#8220;isPersistent&#8220;:8,&#8220;appOptions&#8220;:2656,&#8220;webOptions&#8220;:2658,&#8220;title&#8220;:1732,&#8220;body&#8220;:1733},{&#8222;sendPush&#8220;:8,&#8220;notificationButtons&#8220;:2657},[],{&#8222;sendPush&#8220;:8,&#8220;notificationButtons&#8220;:2659},[],{&#8222;origin&#8220;:-1,&#8220;type&#8220;:-1,&#8220;editor&#8220;:1735,&#8220;category&#8220;:-1,&#8220;agencies&#8220;:2661,&#8220;adsTypes&#8220;:2662,&#8220;format&#8220;:1698,&#8220;variant&#8220;:1699},[],[],{&#8222;updateDate&#8220;:2664,&#8220;createDate&#8220;:2665,&#8220;releaseDate&#8220;:2666,&#8220;lastModifiedDate&#8220;:-1},[&#8222;Date&#8220;,&#8220;2025-12-14T19:55:51.000Z&#8220;],[&#8222;Date&#8220;,&#8220;2025-12-14T19:36:24.000Z&#8220;],[&#8222;Date&#8220;,&#8220;2025-12-14T19:55:51.000Z&#8220;],[2668,2670],{&#8222;name&#8220;:448,&#8220;id&#8220;:1224,&#8220;originalId&#8220;:1225,&#8220;title&#8220;:448,&#8220;url&#8220;:1226,&#8220;urls&#8220;:2669,&#8220;childUrl&#8220;:-1,&#8220;parentUrl&#8220;:-1,&#8220;active&#8220;:9,&#8220;archived&#8220;:8},{&#8222;mainUrl&#8220;:1226,&#8220;epigraphUrl&#8220;:-1,&#8220;redirectUrl&#8220;:-1,&#8220;sourceUrl&#8220;:-1},{&#8222;name&#8220;:1229,&#8220;id&#8220;:1230,&#8220;originalId&#8220;:1231,&#8220;title&#8220;:1229,&#8220;url&#8220;:1232,&#8220;urls&#8220;:2671,&#8220;childUrl&#8220;:-1,&#8220;parentUrl&#8220;:-1,&#8220;active&#8220;:9,&#8220;archived&#8220;:8},{&#8222;mainUrl&#8220;:1232,&#8220;epigraphUrl&#8220;:-1,&#8220;redirectUrl&#8220;:-1,&#8220;sourceUrl&#8220;:-1},[],{&#8222;specialText&#8220;:486,&#8220;text&#8220;:-1,&#8220;type&#8220;:-1},{&#8222;footballInfo&#8220;:-1,&#8220;firstMessages&#8220;:2675,&#8220;multimediaType&#8220;:596,&#8220;contentType&#8220;:141,&#8220;id&#8220;:2676,&#8220;contentId&#8220;:2677,&#8220;title&#8220;:2678,&#8220;subtitle&#8220;:-1,&#8220;subtitleTwo&#8220;:-1,&#8220;photoClippings&#8220;:2679,&#8220;urls&#8220;:2700,&#8220;url&#8220;:2701,&#8220;sponsorship&#8220;:2702,&#8220;authors&#8220;:2703,&#8220;signature&#8220;:-1,&#8220;photoSignature&#8220;:2706,&#8220;qualityUrls&#8220;:-1,&#8220;embedInfo&#8220;:2708,&#8220;tags&#8220;:2709,&#8220;hyperlocalisms&#8220;:2765,&#8220;options&#8220;:2766,&#8220;externalOptions&#8220;:-1,&#8220;dates&#8220;:2783,&#8220;player&#8220;:-1,&#8220;originalId&#8220;:2677,&#8220;liveOptions&#8220;:-1,&#8220;epigraph&#8220;:-1,&#8220;photoDescription&#8220;:-1,&#8220;sections&#8220;:2787,&#8220;relatedContents&#8220;:2792,&#8220;kicker&#8220;:2793,&#8220;published&#8220;:9,&#8220;featuredHtml&#8220;:-1},[],&#8220;abff9b5f-ec01-3a7a-84f3-7a2353f36af2&#8243;,&#8220;124667827&#8243;,&#8220;Die Gothic-Szene auf Mallorca: Comeback einer Pionierband \u2013 und eine Spurensuche bis zum Ursprung&#8220;,[2680,2689],{&#8222;width&#8220;:2520,&#8220;url&#8220;:2681,&#8220;height&#8220;:534,&#8220;quality&#8220;:2522,&#8220;childPhotoClippings&#8220;:2682,&#8220;type&#8220;:524,&#8220;cropped&#8220;:8},&#8220;https:\/\/estaticos-cdn.prensaiberica.es\/clip\/7a021630-f615-4d03-81d5-1e6acc243581_16-9-aspect-ratio_default_0.jpg&#8220;,[2683,2686],{&#8222;width&#8220;:519,&#8220;url&#8220;:2684,&#8220;height&#8220;:823,&#8220;quality&#8220;:73,&#8220;childPhotoClippings&#8220;:2685,&#8220;type&#8220;:524,&#8220;cropped&#8220;:8},&#8220;https:\/\/estaticos-cdn.prensaiberica.es\/clip\/7a021630-f615-4d03-81d5-1e6acc243581_16-9-aspect-ratio_640w_0.jpg&#8220;,[],{&#8222;width&#8220;:526,&#8220;url&#8220;:2687,&#8220;height&#8220;:828,&#8220;quality&#8220;:73,&#8220;childPhotoClippings&#8220;:2688,&#8220;type&#8220;:524,&#8220;cropped&#8220;:8},&#8220;https:\/\/estaticos-cdn.prensaiberica.es\/clip\/7a021630-f615-4d03-81d5-1e6acc243581_16-9-aspect-ratio_320w_0.jpg&#8220;,[],{&#8222;width&#8220;:532,&#8220;url&#8220;:2690,&#8220;height&#8220;:2691,&#8220;quality&#8220;:73,&#8220;childPhotoClippings&#8220;:2692,&#8220;type&#8220;:530,&#8220;cropped&#8220;:8},&#8220;https:\/\/estaticos-cdn.prensaiberica.es\/clip\/7a021630-f615-4d03-81d5-1e6acc243581_media-libre-aspect-ratio_default_0.jpg&#8220;,&#8220;412&#8243;,[2693,2697],{&#8222;width&#8220;:519,&#8220;url&#8220;:2694,&#8220;height&#8220;:2695,&#8220;quality&#8220;:538,&#8220;childPhotoClippings&#8220;:2696,&#8220;type&#8220;:524,&#8220;cropped&#8220;:8},&#8220;https:\/\/estaticos-cdn.prensaiberica.es\/clip\/7a021630-f615-4d03-81d5-1e6acc243581_media-libre-aspect-ratio_640w_0.jpg&#8220;,&#8220;400&#8243;,[],{&#8222;width&#8220;:526,&#8220;url&#8220;:2698,&#8220;height&#8220;:1759,&#8220;quality&#8220;:538,&#8220;childPhotoClippings&#8220;:2699,&#8220;type&#8220;:524,&#8220;cropped&#8220;:8},&#8220;https:\/\/estaticos-cdn.prensaiberica.es\/clip\/7a021630-f615-4d03-81d5-1e6acc243581_media-libre-aspect-ratio_320w_0.jpg&#8220;,[],{&#8222;mainUrl&#8220;:2701,&#8220;epigraphUrl&#8220;:-1,&#8220;redirectUrl&#8220;:-1,&#8220;sourceUrl&#8220;:-1},&#8220;\/boulevard\/szene\/2025\/12\/12\/gothic-szene-mallorca-nachtleben-ursprung-124667827.html&#8220;,{&#8222;follow&#8220;:8,&#8220;linkTarget&#8220;:-1,&#8220;trackingCode&#8220;:-1,&#8220;trackingCodeAmp&#8220;:-1,&#8220;text&#8220;:-1,&#8220;url&#8220;:-1},[2704],{&#8222;name&#8220;:1839,&#8220;id&#8220;:1840,&#8220;originalId&#8220;:1841,&#8220;title&#8220;:1839,&#8220;url&#8220;:1842,&#8220;image&#8220;:1843,&#8220;description&#8220;:1844,&#8220;authorInformation&#8220;:-1,&#8220;active&#8220;:9,&#8220;urls&#8220;:2705},{&#8222;mainUrl&#8220;:1842,&#8220;epigraphUrl&#8220;:-1,&#8220;redirectUrl&#8220;:-1,&#8220;sourceUrl&#8220;:-1},{&#8222;name&#8220;:2707,&#8220;place&#8220;:-1,&#8220;source&#8220;:-1,&#8220;authorText&#8220;:-1},&#8220;Gothic Virus Culture (mit KI erstelltes Bild)&#8220;,{&#8222;html&#8220;:-1,&#8220;url&#8220;:-1},[2710,2712,2718,2724,2730,2736,2742,2748,2754,2760],{&#8222;name&#8220;:29,&#8220;id&#8220;:1293,&#8220;originalId&#8220;:1294,&#8220;title&#8220;:29,&#8220;url&#8220;:1295,&#8220;urls&#8220;:2711,&#8220;active&#8220;:9},{&#8222;mainUrl&#8220;:1295,&#8220;epigraphUrl&#8220;:-1,&#8220;redirectUrl&#8220;:-1,&#8220;sourceUrl&#8220;:-1},{&#8222;name&#8220;:2713,&#8220;id&#8220;:2714,&#8220;originalId&#8220;:2715,&#8220;title&#8220;:2713,&#8220;url&#8220;:2716,&#8220;urls&#8220;:2717,&#8220;active&#8220;:9},&#8220;Virus&#8220;,&#8220;bda5adfb-eba8-342f-9ce8-57bf3db0b08a&#8220;,&#8220;REGIONALES_1586574&#8243;,&#8220;\/tags\/virus\/&#8220;,{&#8222;mainUrl&#8220;:2716,&#8220;epigraphUrl&#8220;:-1,&#8220;redirectUrl&#8220;:-1,&#8220;sourceUrl&#8220;:-1},{&#8222;name&#8220;:2719,&#8220;id&#8220;:2720,&#8220;originalId&#8220;:2721,&#8220;title&#8220;:2719,&#8220;url&#8220;:2722,&#8220;urls&#8220;:2723,&#8220;active&#8220;:9},&#8220;Partys&#8220;,&#8220;3f54d0f3-737c-363e-a4fa-39788f9794ab&#8220;,&#8220;REGIONALES_1585159&#8243;,&#8220;\/tags\/partys\/&#8220;,{&#8222;mainUrl&#8220;:2722,&#8220;epigraphUrl&#8220;:-1,&#8220;redirectUrl&#8220;:-1,&#8220;sourceUrl&#8220;:-1},{&#8222;name&#8220;:2725,&#8220;id&#8220;:2726,&#8220;originalId&#8220;:2727,&#8220;title&#8220;:2725,&#8220;url&#8220;:2728,&#8220;urls&#8220;:2729,&#8220;active&#8220;:9},&#8220;Clubs&#8220;,&#8220;8c0b93c9-f442-39cb-9f9f-f07cd53e81e2&#8243;,&#8220;REGIONALES_1582884&#8243;,&#8220;\/tags\/clubs\/&#8220;,{&#8222;mainUrl&#8220;:2728,&#8220;epigraphUrl&#8220;:-1,&#8220;redirectUrl&#8220;:-1,&#8220;sourceUrl&#8220;:-1},{&#8222;name&#8220;:2731,&#8220;id&#8220;:2732,&#8220;originalId&#8220;:2733,&#8220;title&#8220;:2731,&#8220;url&#8220;:2734,&#8220;urls&#8220;:2735,&#8220;active&#8220;:9},&#8220;Nachtleben&#8220;,&#8220;763d7dd3-cb8a-34f9-8f72-2be0fab73410&#8243;,&#8220;REGIONALES_1584944&#8243;,&#8220;\/tags\/nachtleben\/&#8220;,{&#8222;mainUrl&#8220;:2734,&#8220;epigraphUrl&#8220;:-1,&#8220;redirectUrl&#8220;:-1,&#8220;sourceUrl&#8220;:-1},{&#8222;name&#8220;:2737,&#8220;id&#8220;:2738,&#8220;originalId&#8220;:2739,&#8220;title&#8220;:2737,&#8220;url&#8220;:2740,&#8220;urls&#8220;:2741,&#8220;active&#8220;:9},&#8220;Tunnel&#8220;,&#8220;52c3d41b-25b9-32de-898c-ddea69c55283&#8243;,&#8220;REGIONALES_1586418&#8243;,&#8220;\/tags\/tunnel\/&#8220;,{&#8222;mainUrl&#8220;:2740,&#8220;epigraphUrl&#8220;:-1,&#8220;redirectUrl&#8220;:-1,&#8220;sourceUrl&#8220;:-1},{&#8222;name&#8220;:2743,&#8220;id&#8220;:2744,&#8220;originalId&#8220;:2745,&#8220;title&#8220;:2743,&#8220;url&#8220;:2746,&#8220;urls&#8220;:2747,&#8220;active&#8220;:9},&#8220;Es Gremi&#8220;,&#8220;189c546a-b096-3084-9076-c8b160b9e193&#8243;,&#8220;REGIONALES_1583193&#8243;,&#8220;\/tags\/es-gremi\/&#8220;,{&#8222;mainUrl&#8220;:2746,&#8220;epigraphUrl&#8220;:-1,&#8220;redirectUrl&#8220;:-1,&#8220;sourceUrl&#8220;:-1},{&#8222;name&#8220;:2749,&#8220;id&#8220;:2750,&#8220;originalId&#8220;:2751,&#8220;title&#8220;:2749,&#8220;url&#8220;:2752,&#8220;urls&#8220;:2753,&#8220;active&#8220;:9},&#8220;Konzerte&#8220;,&#8220;2e69344d-7d16-37fa-952d-32ddbef7dd5b&#8220;,&#8220;REGIONALES_1584247&#8243;,&#8220;\/tags\/konzerte\/&#8220;,{&#8222;mainUrl&#8220;:2752,&#8220;epigraphUrl&#8220;:-1,&#8220;redirectUrl&#8220;:-1,&#8220;sourceUrl&#8220;:-1},{&#8222;name&#8220;:2755,&#8220;id&#8220;:2756,&#8220;originalId&#8220;:2757,&#8220;title&#8220;:2755,&#8220;url&#8220;:2758,&#8220;urls&#8220;:2759,&#8220;active&#8220;:9},&#8220;Punk&#8220;,&#8220;6de34791-2393-31c6-b668-9dd1aedab8b0&#8243;,&#8220;REGIONALES_1617072&#8243;,&#8220;\/tags\/punk\/&#8220;,{&#8222;mainUrl&#8220;:2758,&#8220;epigraphUrl&#8220;:-1,&#8220;redirectUrl&#8220;:-1,&#8220;sourceUrl&#8220;:-1},{&#8222;name&#8220;:233,&#8220;id&#8220;:2761,&#8220;originalId&#8220;:2762,&#8220;title&#8220;:233,&#8220;url&#8220;:2763,&#8220;urls&#8220;:2764,&#8220;active&#8220;:9},&#8220;c10ef525-d2d1-3eed-b1b0-1b9c3d8bd743&#8243;,&#8220;REGIONALES_1583559&#8243;,&#8220;\/tags\/geschichte\/&#8220;,{&#8222;mainUrl&#8220;:2763,&#8220;epigraphUrl&#8220;:-1,&#8220;redirectUrl&#8220;:-1,&#8220;sourceUrl&#8220;:-1},[],{&#8222;accessType&#8220;:1859,&#8220;interviewOptions&#8220;:2767,&#8220;frontOptions&#8220;:2768,&#8220;basicOptions&#8220;:2769,&#8220;adsOptions&#8220;:-1,&#8220;premiumOptions&#8220;:2770,&#8220;appearanceOptions&#8220;:2771,&#8220;countries&#8220;:2772,&#8220;notificationOptions&#8220;:2773,&#8220;type&#8220;:-1,&#8220;editionType&#8220;:-1,&#8220;redirectFollow&#8220;:9,&#8220;analyticsOptions&#8220;:2780,&#8220;communityOptions&#8220;:-1,&#8220;freeformHtmls&#8220;:-1,&#8220;sportsOptions&#8220;:-1},{&#8222;interviewKicker&#8220;:-1,&#8220;intervieweeRole&#8220;:-1,&#8220;isInterview&#8220;:8,&#8220;interviewee&#8220;:-1},{&#8222;showLiveIcon&#8220;:8,&#8220;excludeFromAutomaticModules&#8220;:-1,&#8220;hideColumnistStyle&#8220;:8,&#8220;showVideoIcon&#8220;:8,&#8220;showPhotoGalleryIcon&#8220;:8,&#8220;showImageSignature&#8220;:8,&#8220;specialKicker&#8220;:-1,&#8220;showSignature&#8220;:9,&#8220;hidePhoto&#8220;:8,&#8220;hideMediaReportStyle&#8220;:8,&#8220;titleSize&#8220;:-1,&#8220;showPlace&#8220;:8,&#8220;showPreTitle&#8220;:8},{&#8222;appearanceHideRelations&#8220;:8,&#8220;disablePageRefresh&#8220;:8,&#8220;appearanceHideInTagListings&#8220;:8,&#8220;denyComments&#8220;:8,&#8220;doNotGenerateAmpVersion&#8220;:8,&#8220;oldContent&#8220;:8,&#8220;sourceIsAgency&#8220;:8,&#8220;hideInLastContents&#8220;:8,&#8220;hideInTagPages&#8220;:8,&#8220;hideInMostViewed&#8220;:8,&#8220;hideInAllListings&#8220;:8,&#8220;source&#8220;:2487,&#8220;disableAmp&#8220;:8,&#8220;cxenseEnabled&#8220;:9,&#8220;isOpinion&#8220;:8},{&#8222;premiumKicker&#8220;:-1,&#8220;premiumShowButton&#8220;:8,&#8220;premiumButtonUrl&#8220;:-1,&#8220;premiumShowKicker&#8220;:8},{&#8222;hideRelations&#8220;:8,&#8220;oldContent&#8220;:8},[],{&#8222;expirationMinutes&#8220;:1252,&#8220;isPersistent&#8220;:8,&#8220;appOptions&#8220;:2774,&#8220;webOptions&#8220;:2776,&#8220;title&#8220;:2778,&#8220;body&#8220;:2779},{&#8222;sendPush&#8220;:8,&#8220;notificationButtons&#8220;:2775},[],{&#8222;sendPush&#8220;:8,&#8220;notificationButtons&#8220;:2777},[],&#8220;Die Gothic-Szene auf Mallorca: Comeback einer Pionierband \u2013 &#8222;,&#8220;Sie mag ein Schattendasein f\u00fchren, doch auch auf Mallorca gibt es eine Gothic-Subkultur. Und eine Pionier-Band aus den 1990er-Jahren steht zum ersten Mal seit 25 Jahren wieder auf der B\u00fchne&#8220;,{&#8222;origin&#8220;:-1,&#8220;type&#8220;:-1,&#8220;editor&#8220;:2499,&#8220;category&#8220;:-1,&#8220;agencies&#8220;:2781,&#8220;adsTypes&#8220;:2782,&#8220;format&#8220;:1698,&#8220;variant&#8220;:1699},[],[],{&#8222;updateDate&#8220;:2784,&#8220;createDate&#8220;:2785,&#8220;releaseDate&#8220;:2786,&#8220;lastModifiedDate&#8220;:-1},[&#8222;Date&#8220;,&#8220;2025-12-13T11:50:23.000Z&#8220;],[&#8222;Date&#8220;,&#8220;2025-12-11T07:55:33.000Z&#8220;],[&#8222;Date&#8220;,&#8220;2025-12-12T09:14:50.000Z&#8220;],[2788,2790],{&#8222;name&#8220;:448,&#8220;id&#8220;:1224,&#8220;originalId&#8220;:1225,&#8220;title&#8220;:448,&#8220;url&#8220;:1226,&#8220;urls&#8220;:2789,&#8220;childUrl&#8220;:-1,&#8220;parentUrl&#8220;:-1,&#8220;active&#8220;:9,&#8220;archived&#8220;:8},{&#8222;mainUrl&#8220;:1226,&#8220;epigraphUrl&#8220;:-1,&#8220;redirectUrl&#8220;:-1,&#8220;sourceUrl&#8220;:-1},{&#8222;name&#8220;:1229,&#8220;id&#8220;:1230,&#8220;originalId&#8220;:1231,&#8220;title&#8220;:1229,&#8220;url&#8220;:1232,&#8220;urls&#8220;:2791,&#8220;childUrl&#8220;:-1,&#8220;parentUrl&#8220;:-1,&#8220;active&#8220;:9,&#8220;archived&#8220;:8},{&#8222;mainUrl&#8220;:1232,&#8220;epigraphUrl&#8220;:-1,&#8220;redirectUrl&#8220;:-1,&#8220;sourceUrl&#8220;:-1},[],{&#8222;specialText&#8220;:486,&#8220;text&#8220;:-1,&#8220;type&#8220;:-1},{&#8222;footballInfo&#8220;:-1,&#8220;firstMessages&#8220;:2795,&#8220;multimediaType&#8220;:596,&#8220;contentType&#8220;:141,&#8220;id&#8220;:2796,&#8220;contentId&#8220;:2797,&#8220;title&#8220;:2798,&#8220;subtitle&#8220;:-1,&#8220;subtitleTwo&#8220;:-1,&#8220;photoClippings&#8220;:2799,&#8220;urls&#8220;:2821,&#8220;url&#8220;:2822,&#8220;sponsorship&#8220;:2823,&#8220;authors&#8220;:2824,&#8220;signature&#8220;:-1,&#8220;photoSignature&#8220;:-1,&#8220;qualityUrls&#8220;:-1,&#8220;embedInfo&#8220;:2827,&#8220;tags&#8220;:2828,&#8220;hyperlocalisms&#8220;:2869,&#8220;options&#8220;:2870,&#8220;externalOptions&#8220;:-1,&#8220;dates&#8220;:2887,&#8220;player&#8220;:-1,&#8220;originalId&#8220;:2797,&#8220;liveOptions&#8220;:-1,&#8220;epigraph&#8220;:-1,&#8220;photoDescription&#8220;:-1,&#8220;sections&#8220;:2891,&#8220;relatedContents&#8220;:2896,&#8220;kicker&#8220;:2897,&#8220;published&#8220;:9,&#8220;featuredHtml&#8220;:-1},[],&#8220;f2ecb0a7-f6ee-3f7f-b360-3c77a93079cb&#8220;,&#8220;124431676&#8243;,&#8220;Ganz sch\u00f6n was los im Advent auf Mallorca: Das sind die MZ-Veranstaltungs-Tipps&#8220;,[2800,2809],{&#8222;width&#8220;:2520,&#8220;url&#8220;:2801,&#8220;height&#8220;:534,&#8220;quality&#8220;:2522,&#8220;childPhotoClippings&#8220;:2802,&#8220;type&#8220;:524,&#8220;cropped&#8220;:8},&#8220;https:\/\/estaticos-cdn.prensaiberica.es\/clip\/0ddef5c5-bac1-46bf-b4e7-cf2e5acbadd9_16-9-aspect-ratio_default_0.jpg&#8220;,[2803,2806],{&#8222;width&#8220;:519,&#8220;url&#8220;:2804,&#8220;height&#8220;:823,&#8220;quality&#8220;:73,&#8220;childPhotoClippings&#8220;:2805,&#8220;type&#8220;:524,&#8220;cropped&#8220;:8},&#8220;https:\/\/estaticos-cdn.prensaiberica.es\/clip\/0ddef5c5-bac1-46bf-b4e7-cf2e5acbadd9_16-9-aspect-ratio_640w_0.jpg&#8220;,[],{&#8222;width&#8220;:526,&#8220;url&#8220;:2807,&#8220;height&#8220;:828,&#8220;quality&#8220;:73,&#8220;childPhotoClippings&#8220;:2808,&#8220;type&#8220;:524,&#8220;cropped&#8220;:8},&#8220;https:\/\/estaticos-cdn.prensaiberica.es\/clip\/0ddef5c5-bac1-46bf-b4e7-cf2e5acbadd9_16-9-aspect-ratio_320w_0.jpg&#8220;,[],{&#8222;width&#8220;:532,&#8220;url&#8220;:2810,&#8220;height&#8220;:2811,&#8220;quality&#8220;:73,&#8220;childPhotoClippings&#8220;:2812,&#8220;type&#8220;:530,&#8220;cropped&#8220;:8},&#8220;https:\/\/estaticos-cdn.prensaiberica.es\/clip\/0ddef5c5-bac1-46bf-b4e7-cf2e5acbadd9_media-libre-aspect-ratio_default_0.jpg&#8220;,&#8220;511&#8243;,[2813,2817],{&#8222;width&#8220;:519,&#8220;url&#8220;:2814,&#8220;height&#8220;:2815,&#8220;quality&#8220;:538,&#8220;childPhotoClippings&#8220;:2816,&#8220;type&#8220;:524,&#8220;cropped&#8220;:8},&#8220;https:\/\/estaticos-cdn.prensaiberica.es\/clip\/0ddef5c5-bac1-46bf-b4e7-cf2e5acbadd9_media-libre-aspect-ratio_640w_0.jpg&#8220;,&#8220;496&#8243;,[],{&#8222;width&#8220;:526,&#8220;url&#8220;:2818,&#8220;height&#8220;:2819,&#8220;quality&#8220;:538,&#8220;childPhotoClippings&#8220;:2820,&#8220;type&#8220;:524,&#8220;cropped&#8220;:8},&#8220;https:\/\/estaticos-cdn.prensaiberica.es\/clip\/0ddef5c5-bac1-46bf-b4e7-cf2e5acbadd9_media-libre-aspect-ratio_320w_0.jpg&#8220;,&#8220;248&#8243;,[],{&#8222;mainUrl&#8220;:2822,&#8220;epigraphUrl&#8220;:-1,&#8220;redirectUrl&#8220;:-1,&#8220;sourceUrl&#8220;:-1},&#8220;\/boulevard\/szene\/2025\/12\/05\/veranstaltungen-weihnachtszeit-2025-124431676.html&#8220;,{&#8222;follow&#8220;:8,&#8220;linkTarget&#8220;:-1,&#8220;trackingCode&#8220;:-1,&#8220;trackingCodeAmp&#8220;:-1,&#8220;text&#8220;:-1,&#8220;url&#8220;:-1},[2825],{&#8222;name&#8220;:2427,&#8220;id&#8220;:2428,&#8220;originalId&#8220;:2429,&#8220;title&#8220;:2427,&#8220;url&#8220;:2430,&#8220;image&#8220;:2431,&#8220;description&#8220;:2432,&#8220;authorInformation&#8220;:-1,&#8220;active&#8220;:9,&#8220;urls&#8220;:2826},{&#8222;mainUrl&#8220;:2430,&#8220;epigraphUrl&#8220;:-1,&#8220;redirectUrl&#8220;:-1,&#8220;sourceUrl&#8220;:-1},{&#8222;html&#8220;:-1,&#8220;url&#8220;:-1},[2829,2831,2837,2839,2845,2851,2857,2863],{&#8222;name&#8220;:29,&#8220;id&#8220;:1293,&#8220;originalId&#8220;:1294,&#8220;title&#8220;:29,&#8220;url&#8220;:1295,&#8220;urls&#8220;:2830,&#8220;active&#8220;:9},{&#8222;mainUrl&#8220;:1295,&#8220;epigraphUrl&#8220;:-1,&#8220;redirectUrl&#8220;:-1,&#8220;sourceUrl&#8220;:-1},{&#8222;name&#8220;:2832,&#8220;id&#8220;:2833,&#8220;originalId&#8220;:2834,&#8220;title&#8220;:2832,&#8220;url&#8220;:2835,&#8220;urls&#8220;:2836,&#8220;active&#8220;:9},&#8220;Karten&#8220;,&#8220;b682cc5b-f1d2-3b5b-a41c-f5b26354eea8&#8243;,&#8220;REGIONALES_1584143&#8243;,&#8220;\/tags\/karten\/&#8220;,{&#8222;mainUrl&#8220;:2835,&#8220;epigraphUrl&#8220;:-1,&#8220;redirectUrl&#8220;:-1,&#8220;sourceUrl&#8220;:-1},{&#8222;name&#8220;:2471,&#8220;id&#8220;:2472,&#8220;originalId&#8220;:2473,&#8220;title&#8220;:2471,&#8220;url&#8220;:2474,&#8220;urls&#8220;:2838,&#8220;active&#8220;:9},{&#8222;mainUrl&#8220;:2474,&#8220;epigraphUrl&#8220;:-1,&#8220;redirectUrl&#8220;:-1,&#8220;sourceUrl&#8220;:-1},{&#8222;name&#8220;:2840,&#8220;id&#8220;:2841,&#8220;originalId&#8220;:2842,&#8220;title&#8220;:2840,&#8220;url&#8220;:2843,&#8220;urls&#8220;:2844,&#8220;active&#8220;:9},&#8220;Veranstaltungen&#8220;,&#8220;512e895f-13c3-3af5-bbbe-1ceba2a9c1ad&#8220;,&#8220;REGIONALES_1586516&#8243;,&#8220;\/tags\/veranstaltungen\/&#8220;,{&#8222;mainUrl&#8220;:2843,&#8220;epigraphUrl&#8220;:-1,&#8220;redirectUrl&#8220;:-1,&#8220;sourceUrl&#8220;:-1},{&#8222;name&#8220;:2846,&#8220;id&#8220;:2847,&#8220;originalId&#8220;:2848,&#8220;title&#8220;:2846,&#8220;url&#8220;:2849,&#8220;urls&#8220;:2850,&#8220;active&#8220;:9},&#8220;Ausgehtipps&#8220;,&#8220;6ef37f8a-a3ff-3b4b-bc5d-77e7676047b0&#8243;,&#8220;REGIONALES_1582343&#8243;,&#8220;\/tags\/ausgehtipps\/&#8220;,{&#8222;mainUrl&#8220;:2849,&#8220;epigraphUrl&#8220;:-1,&#8220;redirectUrl&#8220;:-1,&#8220;sourceUrl&#8220;:-1},{&#8222;name&#8220;:2852,&#8220;id&#8220;:2853,&#8220;originalId&#8220;:2854,&#8220;title&#8220;:2852,&#8220;url&#8220;:2855,&#8220;urls&#8220;:2856,&#8220;active&#8220;:9},&#8220;Ausgehen auf Mallorca&#8220;,&#8220;0b236cfa-2cb8-3073-976e-17e2a9f5b777&#8243;,&#8220;REGIONALES_1582342&#8243;,&#8220;\/tags\/ausgehen-auf-mallorca\/&#8220;,{&#8222;mainUrl&#8220;:2855,&#8220;epigraphUrl&#8220;:-1,&#8220;redirectUrl&#8220;:-1,&#8220;sourceUrl&#8220;:-1},{&#8222;name&#8220;:2858,&#8220;id&#8220;:2859,&#8220;originalId&#8220;:2860,&#8220;title&#8220;:2858,&#8220;url&#8220;:2861,&#8220;urls&#8220;:2862,&#8220;active&#8220;:9},&#8220;Weihnachtsm\u00e4rkte&#8220;,&#8220;2f0557d8-5bb9-349d-afc1-0222727a3867&#8243;,&#8220;REGIONALES_1586643&#8243;,&#8220;\/tags\/weihnachtsmarkte\/&#8220;,{&#8222;mainUrl&#8220;:2861,&#8220;epigraphUrl&#8220;:-1,&#8220;redirectUrl&#8220;:-1,&#8220;sourceUrl&#8220;:-1},{&#8222;name&#8220;:2864,&#8220;id&#8220;:2865,&#8220;originalId&#8220;:2866,&#8220;title&#8220;:2864,&#8220;url&#8220;:2867,&#8220;urls&#8220;:2868,&#8220;active&#8220;:9},&#8220;Weihnachten&#8220;,&#8220;2ffcc5c1-3631-303e-b337-5f5a343a3e03&#8243;,&#8220;REGIONALES_1586640&#8243;,&#8220;\/tags\/weihnachten\/&#8220;,{&#8222;mainUrl&#8220;:2867,&#8220;epigraphUrl&#8220;:-1,&#8220;redirectUrl&#8220;:-1,&#8220;sourceUrl&#8220;:-1},[],{&#8222;accessType&#8220;:1859,&#8220;interviewOptions&#8220;:2871,&#8220;frontOptions&#8220;:2872,&#8220;basicOptions&#8220;:2873,&#8220;adsOptions&#8220;:-1,&#8220;premiumOptions&#8220;:2874,&#8220;appearanceOptions&#8220;:2875,&#8220;countries&#8220;:2876,&#8220;notificationOptions&#8220;:2877,&#8220;type&#8220;:-1,&#8220;editionType&#8220;:-1,&#8220;redirectFollow&#8220;:9,&#8220;analyticsOptions&#8220;:2884,&#8220;communityOptions&#8220;:-1,&#8220;freeformHtmls&#8220;:-1,&#8220;sportsOptions&#8220;:-1},{&#8222;interviewKicker&#8220;:-1,&#8220;intervieweeRole&#8220;:-1,&#8220;isInterview&#8220;:8,&#8220;interviewee&#8220;:-1},{&#8222;showLiveIcon&#8220;:8,&#8220;excludeFromAutomaticModules&#8220;:-1,&#8220;hideColumnistStyle&#8220;:8,&#8220;showVideoIcon&#8220;:8,&#8220;showPhotoGalleryIcon&#8220;:8,&#8220;showImageSignature&#8220;:8,&#8220;specialKicker&#8220;:-1,&#8220;showSignature&#8220;:9,&#8220;hidePhoto&#8220;:8,&#8220;hideMediaReportStyle&#8220;:8,&#8220;titleSize&#8220;:-1,&#8220;showPlace&#8220;:8,&#8220;showPreTitle&#8220;:8},{&#8222;appearanceHideRelations&#8220;:8,&#8220;disablePageRefresh&#8220;:8,&#8220;appearanceHideInTagListings&#8220;:8,&#8220;denyComments&#8220;:8,&#8220;doNotGenerateAmpVersion&#8220;:8,&#8220;oldContent&#8220;:8,&#8220;sourceIsAgency&#8220;:8,&#8220;hideInLastContents&#8220;:8,&#8220;hideInTagPages&#8220;:8,&#8220;hideInMostViewed&#8220;:8,&#8220;hideInAllListings&#8220;:8,&#8220;source&#8220;:2487,&#8220;disableAmp&#8220;:8,&#8220;cxenseEnabled&#8220;:9,&#8220;isOpinion&#8220;:8},{&#8222;premiumKicker&#8220;:-1,&#8220;premiumShowButton&#8220;:8,&#8220;premiumButtonUrl&#8220;:-1,&#8220;premiumShowKicker&#8220;:8},{&#8222;hideRelations&#8220;:8,&#8220;oldContent&#8220;:8},[],{&#8222;expirationMinutes&#8220;:1252,&#8220;isPersistent&#8220;:8,&#8220;appOptions&#8220;:2878,&#8220;webOptions&#8220;:2880,&#8220;title&#8220;:2882,&#8220;body&#8220;:2883},{&#8222;sendPush&#8220;:8,&#8220;notificationButtons&#8220;:2879},[],{&#8222;sendPush&#8220;:8,&#8220;notificationButtons&#8220;:2881},[],&#8220;Ganz sch\u00f6n was los im Advent auf Mallorca: Das sind die MZ-V&#8220;,&#8220;Lesungen mit Promis, Floh- und weihnachtsm\u00e4rkte, beliebte und belebte Krippen, Lichtzirkus oder FreilufTkino im F\u00fcnf-Sterne-Hotel: Mallorca hat schon vor den eigentlichen Festtagen viel zu bieten&#8220;,{&#8222;origin&#8220;:-1,&#8220;type&#8220;:-1,&#8220;editor&#8220;:2499,&#8220;category&#8220;:-1,&#8220;agencies&#8220;:2885,&#8220;adsTypes&#8220;:2886,&#8220;format&#8220;:1698,&#8220;variant&#8220;:1699},[],[],{&#8222;updateDate&#8220;:2888,&#8220;createDate&#8220;:2889,&#8220;releaseDate&#8220;:2890,&#8220;lastModifiedDate&#8220;:-1},[&#8222;Date&#8220;,&#8220;2025-12-05T14:43:14.000Z&#8220;],[&#8222;Date&#8220;,&#8220;2025-12-04T08:15:32.000Z&#8220;],[&#8222;Date&#8220;,&#8220;2025-12-05T14:43:14.000Z&#8220;],[2892,2894],{&#8222;name&#8220;:448,&#8220;id&#8220;:1224,&#8220;originalId&#8220;:1225,&#8220;title&#8220;:448,&#8220;url&#8220;:1226,&#8220;urls&#8220;:2893,&#8220;childUrl&#8220;:-1,&#8220;parentUrl&#8220;:-1,&#8220;active&#8220;:9,&#8220;archived&#8220;:8},{&#8222;mainUrl&#8220;:1226,&#8220;epigraphUrl&#8220;:-1,&#8220;redirectUrl&#8220;:-1,&#8220;sourceUrl&#8220;:-1},{&#8222;name&#8220;:1229,&#8220;id&#8220;:1230,&#8220;originalId&#8220;:1231,&#8220;title&#8220;:1229,&#8220;url&#8220;:1232,&#8220;urls&#8220;:2895,&#8220;childUrl&#8220;:-1,&#8220;parentUrl&#8220;:-1,&#8220;active&#8220;:9,&#8220;archived&#8220;:8},{&#8222;mainUrl&#8220;:1232,&#8220;epigraphUrl&#8220;:-1,&#8220;redirectUrl&#8220;:-1,&#8220;sourceUrl&#8220;:-1},[],{&#8222;specialText&#8220;:486,&#8220;text&#8220;:-1,&#8220;type&#8220;:-1},{&#8222;footballInfo&#8220;:-1,&#8220;firstMessages&#8220;:2899,&#8220;multimediaType&#8220;:596,&#8220;contentType&#8220;:141,&#8220;id&#8220;:2900,&#8220;contentId&#8220;:2901,&#8220;title&#8220;:2902,&#8220;subtitle&#8220;:-1,&#8220;subtitleTwo&#8220;:-1,&#8220;photoClippings&#8220;:2903,&#8220;urls&#8220;:2922,&#8220;url&#8220;:2923,&#8220;sponsorship&#8220;:2924,&#8220;authors&#8220;:2925,&#8220;signature&#8220;:-1,&#8220;photoSignature&#8220;:2928,&#8220;qualityUrls&#8220;:-1,&#8220;embedInfo&#8220;:2930,&#8220;tags&#8220;:2931,&#8220;hyperlocalisms&#8220;:2964,&#8220;options&#8220;:2967,&#8220;externalOptions&#8220;:-1,&#8220;dates&#8220;:2985,&#8220;player&#8220;:-1,&#8220;originalId&#8220;:2901,&#8220;liveOptions&#8220;:-1,&#8220;epigraph&#8220;:-1,&#8220;photoDescription&#8220;:-1,&#8220;sections&#8220;:2989,&#8220;relatedContents&#8220;:2994,&#8220;kicker&#8220;:2995,&#8220;published&#8220;:9,&#8220;featuredHtml&#8220;:-1},[],&#8220;df9e6df6-7347-3a9f-b4a0-25c556a1e3f5&#8243;,&#8220;124109283&#8243;,&#8220;Weihnachten 2025 in Palma: So viele Veranstaltungen gab es noch nie&#8220;,[2904,2913],{&#8222;width&#8220;:432,&#8220;url&#8220;:2905,&#8220;height&#8220;:435,&#8220;quality&#8220;:72,&#8220;childPhotoClippings&#8220;:2906,&#8220;type&#8220;:524,&#8220;cropped&#8220;:8},&#8220;https:\/\/estaticos-cdn.prensaiberica.es\/clip\/6cd386a7-b5a6-4e36-9fc5-88b088ac70f8_16-9-discover-aspect-ratio_default_0.jpg&#8220;,[2907,2910],{&#8222;width&#8220;:519,&#8220;url&#8220;:2908,&#8220;height&#8220;:823,&#8220;quality&#8220;:824,&#8220;childPhotoClippings&#8220;:2909,&#8220;type&#8220;:524,&#8220;cropped&#8220;:8},&#8220;https:\/\/estaticos-cdn.prensaiberica.es\/clip\/6cd386a7-b5a6-4e36-9fc5-88b088ac70f8_16-9-discover-aspect-ratio_640w_0.jpg&#8220;,[],{&#8222;width&#8220;:526,&#8220;url&#8220;:2911,&#8220;height&#8220;:828,&#8220;quality&#8220;:824,&#8220;childPhotoClippings&#8220;:2912,&#8220;type&#8220;:524,&#8220;cropped&#8220;:8},&#8220;https:\/\/estaticos-cdn.prensaiberica.es\/clip\/6cd386a7-b5a6-4e36-9fc5-88b088ac70f8_16-9-discover-aspect-ratio_320w_0.jpg&#8220;,[],{&#8222;width&#8220;:532,&#8220;url&#8220;:2914,&#8220;height&#8220;:811,&#8220;quality&#8220;:73,&#8220;childPhotoClippings&#8220;:2915,&#8220;type&#8220;:530,&#8220;cropped&#8220;:8},&#8220;https:\/\/estaticos-cdn.prensaiberica.es\/clip\/6cd386a7-b5a6-4e36-9fc5-88b088ac70f8_media-libre-aspect-ratio_default_0.jpg&#8220;,[2916,2919],{&#8222;width&#8220;:519,&#8220;url&#8220;:2917,&#8220;height&#8220;:803,&#8220;quality&#8220;:538,&#8220;childPhotoClippings&#8220;:2918,&#8220;type&#8220;:524,&#8220;cropped&#8220;:8},&#8220;https:\/\/estaticos-cdn.prensaiberica.es\/clip\/6cd386a7-b5a6-4e36-9fc5-88b088ac70f8_media-libre-aspect-ratio_640w_0.jpg&#8220;,[],{&#8222;width&#8220;:526,&#8220;url&#8220;:2920,&#8220;height&#8220;:807,&#8220;quality&#8220;:538,&#8220;childPhotoClippings&#8220;:2921,&#8220;type&#8220;:524,&#8220;cropped&#8220;:8},&#8220;https:\/\/estaticos-cdn.prensaiberica.es\/clip\/6cd386a7-b5a6-4e36-9fc5-88b088ac70f8_media-libre-aspect-ratio_320w_0.jpg&#8220;,[],{&#8222;mainUrl&#8220;:2923,&#8220;epigraphUrl&#8220;:-1,&#8220;redirectUrl&#8220;:-1,&#8220;sourceUrl&#8220;:-1},&#8220;\/boulevard\/szene\/2025\/11\/25\/weihnachten-2025-palma-alle-veranstaltungen-124109283.html&#8220;,{&#8222;follow&#8220;:8,&#8220;linkTarget&#8220;:-1,&#8220;trackingCode&#8220;:-1,&#8220;trackingCodeAmp&#8220;:-1,&#8220;text&#8220;:-1,&#8220;url&#8220;:-1},[2926],{&#8222;name&#8220;:2427,&#8220;id&#8220;:2428,&#8220;originalId&#8220;:2429,&#8220;title&#8220;:2427,&#8220;url&#8220;:2430,&#8220;image&#8220;:2431,&#8220;description&#8220;:2432,&#8220;authorInformation&#8220;:-1,&#8220;active&#8220;:9,&#8220;urls&#8220;:2927},{&#8222;mainUrl&#8220;:2430,&#8220;epigraphUrl&#8220;:-1,&#8220;redirectUrl&#8220;:-1,&#8220;sourceUrl&#8220;:-1},{&#8222;name&#8220;:2929,&#8220;place&#8220;:-1,&#8220;source&#8220;:-1,&#8220;authorText&#8220;:-1},&#8220;Isaac Buj&#8220;,{&#8222;html&#8220;:-1,&#8220;url&#8220;:-1},[2932,2934,2936,2942,2944,2950,2952,2958],{&#8222;name&#8220;:2840,&#8220;id&#8220;:2841,&#8220;originalId&#8220;:2842,&#8220;title&#8220;:2840,&#8220;url&#8220;:2843,&#8220;urls&#8220;:2933,&#8220;active&#8220;:9},{&#8222;mainUrl&#8220;:2843,&#8220;epigraphUrl&#8220;:-1,&#8220;redirectUrl&#8220;:-1,&#8220;sourceUrl&#8220;:-1},{&#8222;name&#8220;:2864,&#8220;id&#8220;:2865,&#8220;originalId&#8220;:2866,&#8220;title&#8220;:2864,&#8220;url&#8220;:2867,&#8220;urls&#8220;:2935,&#8220;active&#8220;:9},{&#8222;mainUrl&#8220;:2867,&#8220;epigraphUrl&#8220;:-1,&#8220;redirectUrl&#8220;:-1,&#8220;sourceUrl&#8220;:-1},{&#8222;name&#8220;:2937,&#8220;id&#8220;:2938,&#8220;originalId&#8220;:2939,&#8220;title&#8220;:2937,&#8220;url&#8220;:2940,&#8220;urls&#8220;:2941,&#8220;active&#8220;:9},&#8220;Stra\u00dfen der Stadt&#8220;,&#8220;666e6b6a-6595-3339-9771-db3c05e24712&#8243;,&#8220;REGIONALES_1586147&#8243;,&#8220;\/tags\/strassen-der-stadt\/&#8220;,{&#8222;mainUrl&#8220;:2940,&#8220;epigraphUrl&#8220;:-1,&#8220;redirectUrl&#8220;:-1,&#8220;sourceUrl&#8220;:-1},{&#8222;name&#8220;:2749,&#8220;id&#8220;:2750,&#8220;originalId&#8220;:2751,&#8220;title&#8220;:2749,&#8220;url&#8220;:2752,&#8220;urls&#8220;:2943,&#8220;active&#8220;:9},{&#8222;mainUrl&#8220;:2752,&#8220;epigraphUrl&#8220;:-1,&#8220;redirectUrl&#8220;:-1,&#8220;sourceUrl&#8220;:-1},{&#8222;name&#8220;:2945,&#8220;id&#8220;:2946,&#8220;originalId&#8220;:2947,&#8220;title&#8220;:2945,&#8220;url&#8220;:2948,&#8220;urls&#8220;:2949,&#8220;active&#8220;:9},&#8220;Krippen&#8220;,&#8220;61e0b58c-6948-352b-9196-597fe929683c&#8220;,&#8220;REGIONALES_1584279&#8243;,&#8220;\/tags\/krippen\/&#8220;,{&#8222;mainUrl&#8220;:2948,&#8220;epigraphUrl&#8220;:-1,&#8220;redirectUrl&#8220;:-1,&#8220;sourceUrl&#8220;:-1},{&#8222;name&#8220;:2858,&#8220;id&#8220;:2859,&#8220;originalId&#8220;:2860,&#8220;title&#8220;:2858,&#8220;url&#8220;:2861,&#8220;urls&#8220;:2951,&#8220;active&#8220;:9},{&#8222;mainUrl&#8220;:2861,&#8220;epigraphUrl&#8220;:-1,&#8220;redirectUrl&#8220;:-1,&#8220;sourceUrl&#8220;:-1},{&#8222;name&#8220;:2953,&#8220;id&#8220;:2954,&#8220;originalId&#8220;:2955,&#8220;title&#8220;:2953,&#8220;url&#8220;:2956,&#8220;urls&#8220;:2957,&#8220;active&#8220;:9},&#8220;Weihnachtskonzert&#8220;,&#8220;a5459209-1c08-32a2-9a54-42112ad3fcd5&#8243;,&#8220;REGIONALES_2090989&#8243;,&#8220;\/tags\/weihnachtskonzert\/&#8220;,{&#8222;mainUrl&#8220;:2956,&#8220;epigraphUrl&#8220;:-1,&#8220;redirectUrl&#8220;:-1,&#8220;sourceUrl&#8220;:-1},{&#8222;name&#8220;:2959,&#8220;id&#8220;:2960,&#8220;originalId&#8220;:2961,&#8220;title&#8220;:2959,&#8220;url&#8220;:2962,&#8220;urls&#8220;:2963,&#8220;active&#8220;:9},&#8220;Weihnachtsbeleuchtung&#8220;,&#8220;9ef6c624-7c7e-3ca3-8f7f-b373250e8063&#8243;,&#8220;REGIONALES_1586641&#8243;,&#8220;\/tags\/weihnachtsbeleuchtung\/&#8220;,{&#8222;mainUrl&#8220;:2962,&#8220;epigraphUrl&#8220;:-1,&#8220;redirectUrl&#8220;:-1,&#8220;sourceUrl&#8220;:-1},[2965],{&#8222;name&#8220;:2139,&#8220;id&#8220;:2140,&#8220;originalId&#8220;:2141,&#8220;title&#8220;:2139,&#8220;url&#8220;:-1,&#8220;urls&#8220;:2966,&#8220;type&#8220;:2143,&#8220;breadcrumb&#8220;:-1,&#8220;active&#8220;:9},{&#8222;sourceUrl&#8220;:-1,&#8220;redirectUrl&#8220;:-1,&#8220;mainUrl&#8220;:-1,&#8220;epigraphUrl&#8220;:-1},{&#8222;accessType&#8220;:1318,&#8220;interviewOptions&#8220;:2968,&#8220;frontOptions&#8220;:2969,&#8220;basicOptions&#8220;:2970,&#8220;adsOptions&#8220;:-1,&#8220;premiumOptions&#8220;:2971,&#8220;appearanceOptions&#8220;:2972,&#8220;countries&#8220;:2973,&#8220;notificationOptions&#8220;:2974,&#8220;type&#8220;:-1,&#8220;editionType&#8220;:-1,&#8220;redirectFollow&#8220;:9,&#8220;analyticsOptions&#8220;:2981,&#8220;communityOptions&#8220;:-1,&#8220;freeformHtmls&#8220;:-1,&#8220;sportsOptions&#8220;:-1},{&#8222;interviewKicker&#8220;:-1,&#8220;intervieweeRole&#8220;:-1,&#8220;isInterview&#8220;:8,&#8220;interviewee&#8220;:-1},{&#8222;showLiveIcon&#8220;:8,&#8220;excludeFromAutomaticModules&#8220;:-1,&#8220;hideColumnistStyle&#8220;:8,&#8220;showVideoIcon&#8220;:8,&#8220;showPhotoGalleryIcon&#8220;:8,&#8220;showImageSignature&#8220;:8,&#8220;specialKicker&#8220;:-1,&#8220;showSignature&#8220;:9,&#8220;hidePhoto&#8220;:8,&#8220;hideMediaReportStyle&#8220;:8,&#8220;titleSize&#8220;:-1,&#8220;showPlace&#8220;:8,&#8220;showPreTitle&#8220;:8},{&#8222;appearanceHideRelations&#8220;:8,&#8220;disablePageRefresh&#8220;:8,&#8220;appearanceHideInTagListings&#8220;:8,&#8220;denyComments&#8220;:8,&#8220;doNotGenerateAmpVersion&#8220;:8,&#8220;oldContent&#8220;:8,&#8220;sourceIsAgency&#8220;:8,&#8220;hideInLastContents&#8220;:8,&#8220;hideInTagPages&#8220;:8,&#8220;hideInMostViewed&#8220;:8,&#8220;hideInAllListings&#8220;:8,&#8220;source&#8220;:1247,&#8220;disableAmp&#8220;:8,&#8220;cxenseEnabled&#8220;:9,&#8220;isOpinion&#8220;:8},{&#8222;premiumKicker&#8220;:-1,&#8220;premiumShowButton&#8220;:8,&#8220;premiumButtonUrl&#8220;:-1,&#8220;premiumShowKicker&#8220;:8},{&#8222;hideRelations&#8220;:8,&#8220;oldContent&#8220;:8},[],{&#8222;expirationMinutes&#8220;:1252,&#8220;isPersistent&#8220;:8,&#8220;appOptions&#8220;:2975,&#8220;webOptions&#8220;:2977,&#8220;title&#8220;:2979,&#8220;body&#8220;:2980},{&#8222;sendPush&#8220;:8,&#8220;notificationButtons&#8220;:2976},[],{&#8222;sendPush&#8220;:8,&#8220;notificationButtons&#8220;:2978},[],&#8220;Weihnachten 2025 in Palma: So viele Veranstaltungen gab es n&#8220;,&#8220;Damit den Bewohnern der Balearen-Hauptstadt und Urlaubern nicht langweilig wird, bietet die Stadtverwaltung in diesem Jahr deutlich mehr Aktivit\u00e4ten als in den Vorjahren&#8220;,{&#8222;origin&#8220;:-1,&#8220;type&#8220;:-1,&#8220;editor&#8220;:2982,&#8220;category&#8220;:-1,&#8220;agencies&#8220;:2983,&#8220;adsTypes&#8220;:2984,&#8220;format&#8220;:1698,&#8220;variant&#8220;:1699},&#8220;simone&#8220;,[],[],{&#8222;updateDate&#8220;:2986,&#8220;createDate&#8220;:2987,&#8220;releaseDate&#8220;:2988,&#8220;lastModifiedDate&#8220;:-1},[&#8222;Date&#8220;,&#8220;2025-11-25T17:14:44.000Z&#8220;],[&#8222;Date&#8220;,&#8220;2025-11-25T14:43:49.000Z&#8220;],[&#8222;Date&#8220;,&#8220;2025-11-25T17:14:44.000Z&#8220;],[2990,2992],{&#8222;name&#8220;:448,&#8220;id&#8220;:1224,&#8220;originalId&#8220;:1225,&#8220;title&#8220;:448,&#8220;url&#8220;:1226,&#8220;urls&#8220;:2991,&#8220;childUrl&#8220;:-1,&#8220;parentUrl&#8220;:-1,&#8220;active&#8220;:9,&#8220;archived&#8220;:8},{&#8222;mainUrl&#8220;:1226,&#8220;epigraphUrl&#8220;:-1,&#8220;redirectUrl&#8220;:-1,&#8220;sourceUrl&#8220;:-1},{&#8222;name&#8220;:1229,&#8220;id&#8220;:1230,&#8220;originalId&#8220;:1231,&#8220;title&#8220;:1229,&#8220;url&#8220;:1232,&#8220;urls&#8220;:2993,&#8220;childUrl&#8220;:-1,&#8220;parentUrl&#8220;:-1,&#8220;active&#8220;:9,&#8220;archived&#8220;:8},{&#8222;mainUrl&#8220;:1232,&#8220;epigraphUrl&#8220;:-1,&#8220;redirectUrl&#8220;:-1,&#8220;sourceUrl&#8220;:-1},[],{&#8222;specialText&#8220;:486,&#8220;text&#8220;:-1,&#8220;type&#8220;:-1},{&#8222;footballInfo&#8220;:-1,&#8220;firstMessages&#8220;:2997,&#8220;multimediaType&#8220;:596,&#8220;contentType&#8220;:141,&#8220;id&#8220;:2998,&#8220;contentId&#8220;:2999,&#8220;title&#8220;:3000,&#8220;subtitle&#8220;:-1,&#8220;subtitleTwo&#8220;:-1,&#8220;photoClippings&#8220;:3001,&#8220;urls&#8220;:3020,&#8220;url&#8220;:3021,&#8220;sponsorship&#8220;:3022,&#8220;authors&#8220;:3023,&#8220;signature&#8220;:-1,&#8220;photoSignature&#8220;:3026,&#8220;qualityUrls&#8220;:-1,&#8220;embedInfo&#8220;:3028,&#8220;tags&#8220;:3029,&#8220;hyperlocalisms&#8220;:3060,&#8220;options&#8220;:3066,&#8220;externalOptions&#8220;:-1,&#8220;dates&#8220;:3083,&#8220;player&#8220;:-1,&#8220;originalId&#8220;:2999,&#8220;liveOptions&#8220;:-1,&#8220;epigraph&#8220;:-1,&#8220;photoDescription&#8220;:-1,&#8220;sections&#8220;:3087,&#8220;relatedContents&#8220;:3092,&#8220;kicker&#8220;:3093,&#8220;published&#8220;:9,&#8220;featuredHtml&#8220;:-1},[],&#8220;d6af1f04-35eb-3bc8-94ad-259afc7dcc9a&#8220;,&#8220;124088566&#8243;,&#8220;Das kommt \u00fcberraschend: Son Amar l\u00e4dt trotz Teilschlie\u00dfung zu seinem Christmas Wonderland inklusive Show ein&#8220;,[3002,3011],{&#8222;width&#8220;:432,&#8220;url&#8220;:3003,&#8220;height&#8220;:435,&#8220;quality&#8220;:72,&#8220;childPhotoClippings&#8220;:3004,&#8220;type&#8220;:524,&#8220;cropped&#8220;:8},&#8220;https:\/\/estaticos-cdn.prensaiberica.es\/clip\/78bf1d53-c5fb-49e7-aacd-e457ed801358_16-9-discover-aspect-ratio_default_0.jpg&#8220;,[3005,3008],{&#8222;width&#8220;:519,&#8220;url&#8220;:3006,&#8220;height&#8220;:823,&#8220;quality&#8220;:824,&#8220;childPhotoClippings&#8220;:3007,&#8220;type&#8220;:524,&#8220;cropped&#8220;:8},&#8220;https:\/\/estaticos-cdn.prensaiberica.es\/clip\/78bf1d53-c5fb-49e7-aacd-e457ed801358_16-9-discover-aspect-ratio_640w_0.jpg&#8220;,[],{&#8222;width&#8220;:526,&#8220;url&#8220;:3009,&#8220;height&#8220;:828,&#8220;quality&#8220;:824,&#8220;childPhotoClippings&#8220;:3010,&#8220;type&#8220;:524,&#8220;cropped&#8220;:8},&#8220;https:\/\/estaticos-cdn.prensaiberica.es\/clip\/78bf1d53-c5fb-49e7-aacd-e457ed801358_16-9-discover-aspect-ratio_320w_0.jpg&#8220;,[],{&#8222;width&#8220;:532,&#8220;url&#8220;:3012,&#8220;height&#8220;:811,&#8220;quality&#8220;:73,&#8220;childPhotoClippings&#8220;:3013,&#8220;type&#8220;:530,&#8220;cropped&#8220;:8},&#8220;https:\/\/estaticos-cdn.prensaiberica.es\/clip\/78bf1d53-c5fb-49e7-aacd-e457ed801358_media-libre-aspect-ratio_default_0.jpg&#8220;,[3014,3017],{&#8222;width&#8220;:519,&#8220;url&#8220;:3015,&#8220;height&#8220;:803,&#8220;quality&#8220;:538,&#8220;childPhotoClippings&#8220;:3016,&#8220;type&#8220;:524,&#8220;cropped&#8220;:8},&#8220;https:\/\/estaticos-cdn.prensaiberica.es\/clip\/78bf1d53-c5fb-49e7-aacd-e457ed801358_media-libre-aspect-ratio_640w_0.jpg&#8220;,[],{&#8222;width&#8220;:526,&#8220;url&#8220;:3018,&#8220;height&#8220;:807,&#8220;quality&#8220;:538,&#8220;childPhotoClippings&#8220;:3019,&#8220;type&#8220;:524,&#8220;cropped&#8220;:8},&#8220;https:\/\/estaticos-cdn.prensaiberica.es\/clip\/78bf1d53-c5fb-49e7-aacd-e457ed801358_media-libre-aspect-ratio_320w_0.jpg&#8220;,[],{&#8222;mainUrl&#8220;:3021,&#8220;epigraphUrl&#8220;:-1,&#8220;redirectUrl&#8220;:-1,&#8220;sourceUrl&#8220;:-1},&#8220;\/boulevard\/szene\/2025\/11\/25\/son-amar-christmas-wonderland-2025-124088566.html&#8220;,{&#8222;follow&#8220;:8,&#8220;linkTarget&#8220;:-1,&#8220;trackingCode&#8220;:-1,&#8220;trackingCodeAmp&#8220;:-1,&#8220;text&#8220;:-1,&#8220;url&#8220;:-1},[3024],{&#8222;name&#8220;:2427,&#8220;id&#8220;:2428,&#8220;originalId&#8220;:2429,&#8220;title&#8220;:2427,&#8220;url&#8220;:2430,&#8220;image&#8220;:2431,&#8220;description&#8220;:2432,&#8220;authorInformation&#8220;:-1,&#8220;active&#8220;:9,&#8220;urls&#8220;:3025},{&#8222;mainUrl&#8220;:2430,&#8220;epigraphUrl&#8220;:-1,&#8220;redirectUrl&#8220;:-1,&#8220;sourceUrl&#8220;:-1},{&#8222;name&#8220;:3027,&#8220;place&#8220;:-1,&#8220;source&#8220;:-1,&#8220;authorText&#8220;:-1},&#8220;JASMIN KESSLER&#8220;,{&#8222;html&#8220;:-1,&#8220;url&#8220;:-1},[3030,3036,3042,3048,3050,3052,3058],{&#8222;name&#8220;:3031,&#8220;id&#8220;:3032,&#8220;originalId&#8220;:3033,&#8220;title&#8220;:3031,&#8220;url&#8220;:3034,&#8220;urls&#8220;:3035,&#8220;active&#8220;:9},&#8220;Son Amar&#8220;,&#8220;59b593ed-4e4c-37f6-a0f4-c3781d442f58&#8243;,&#8220;REGIONALES_1585958&#8243;,&#8220;\/tags\/son-amar\/&#8220;,{&#8222;mainUrl&#8220;:3034,&#8220;epigraphUrl&#8220;:-1,&#8220;redirectUrl&#8220;:-1,&#8220;sourceUrl&#8220;:-1},{&#8222;name&#8220;:3037,&#8220;id&#8220;:3038,&#8220;originalId&#8220;:3039,&#8220;title&#8220;:3037,&#8220;url&#8220;:3040,&#8220;urls&#8220;:3041,&#8220;active&#8220;:9},&#8220;Euro&#8220;,&#8220;4f0e6a96-a188-30a6-b610-5f1b9b8fb2f6&#8243;,&#8220;REGIONALES_1583227&#8243;,&#8220;\/tags\/euro\/&#8220;,{&#8222;mainUrl&#8220;:3040,&#8220;epigraphUrl&#8220;:-1,&#8220;redirectUrl&#8220;:-1,&#8220;sourceUrl&#8220;:-1},{&#8222;name&#8220;:3043,&#8220;id&#8220;:3044,&#8220;originalId&#8220;:3045,&#8220;title&#8220;:3043,&#8220;url&#8220;:3046,&#8220;urls&#8220;:3047,&#8220;active&#8220;:9},&#8220;Events&#8220;,&#8220;a7893335-1476-3517-a329-0a1a1b1be05d&#8220;,&#8220;REGIONALES_1583240&#8243;,&#8220;\/tags\/events\/&#8220;,{&#8222;mainUrl&#8220;:3046,&#8220;epigraphUrl&#8220;:-1,&#8220;redirectUrl&#8220;:-1,&#8220;sourceUrl&#8220;:-1},{&#8222;name&#8220;:2864,&#8220;id&#8220;:2865,&#8220;originalId&#8220;:2866,&#8220;title&#8220;:2864,&#8220;url&#8220;:2867,&#8220;urls&#8220;:3049,&#8220;active&#8220;:9},{&#8222;mainUrl&#8220;:2867,&#8220;epigraphUrl&#8220;:-1,&#8220;redirectUrl&#8220;:-1,&#8220;sourceUrl&#8220;:-1},{&#8222;name&#8220;:2858,&#8220;id&#8220;:2859,&#8220;originalId&#8220;:2860,&#8220;title&#8220;:2858,&#8220;url&#8220;:2861,&#8220;urls&#8220;:3051,&#8220;active&#8220;:9},{&#8222;mainUrl&#8220;:2861,&#8220;epigraphUrl&#8220;:-1,&#8220;redirectUrl&#8220;:-1,&#8220;sourceUrl&#8220;:-1},{&#8222;name&#8220;:3053,&#8220;id&#8220;:3054,&#8220;originalId&#8220;:3055,&#8220;title&#8220;:3053,&#8220;url&#8220;:3056,&#8220;urls&#8220;:3057,&#8220;active&#8220;:9},&#8220;Palmanyola&#8220;,&#8220;8f6945ba-10cc-3b58-b6ab-dae0372314bd&#8220;,&#8220;REGIONALES_1585124&#8243;,&#8220;\/tags\/palmanyola\/&#8220;,{&#8222;mainUrl&#8220;:3056,&#8220;epigraphUrl&#8220;:-1,&#8220;redirectUrl&#8220;:-1,&#8220;sourceUrl&#8220;:-1},{&#8222;name&#8220;:2959,&#8220;id&#8220;:2960,&#8220;originalId&#8220;:2961,&#8220;title&#8220;:2959,&#8220;url&#8220;:2962,&#8220;urls&#8220;:3059,&#8220;active&#8220;:9},{&#8222;mainUrl&#8220;:2962,&#8220;epigraphUrl&#8220;:-1,&#8220;redirectUrl&#8220;:-1,&#8220;sourceUrl&#8220;:-1},[3061],{&#8222;name&#8220;:3062,&#8220;id&#8220;:3063,&#8220;originalId&#8220;:3064,&#8220;title&#8220;:3062,&#8220;url&#8220;:-1,&#8220;urls&#8220;:3065,&#8220;type&#8220;:2143,&#8220;breadcrumb&#8220;:-1,&#8220;active&#8220;:9},&#8220;Bunyola&#8220;,&#8220;507be0b6-f506-38df-9b87-1351e7120cd6&#8243;,&#8220;REGIONALES_29022&#8243;,{&#8222;sourceUrl&#8220;:-1,&#8220;redirectUrl&#8220;:-1,&#8220;mainUrl&#8220;:-1,&#8220;epigraphUrl&#8220;:-1},{&#8222;accessType&#8220;:1859,&#8220;interviewOptions&#8220;:3067,&#8220;frontOptions&#8220;:3068,&#8220;basicOptions&#8220;:3069,&#8220;adsOptions&#8220;:-1,&#8220;premiumOptions&#8220;:3070,&#8220;appearanceOptions&#8220;:3071,&#8220;countries&#8220;:3072,&#8220;notificationOptions&#8220;:3073,&#8220;type&#8220;:-1,&#8220;editionType&#8220;:-1,&#8220;redirectFollow&#8220;:9,&#8220;analyticsOptions&#8220;:3080,&#8220;communityOptions&#8220;:-1,&#8220;freeformHtmls&#8220;:-1,&#8220;sportsOptions&#8220;:-1},{&#8222;interviewKicker&#8220;:-1,&#8220;intervieweeRole&#8220;:-1,&#8220;isInterview&#8220;:8,&#8220;interviewee&#8220;:-1},{&#8222;showLiveIcon&#8220;:8,&#8220;excludeFromAutomaticModules&#8220;:-1,&#8220;hideColumnistStyle&#8220;:8,&#8220;showVideoIcon&#8220;:8,&#8220;showPhotoGalleryIcon&#8220;:8,&#8220;showImageSignature&#8220;:8,&#8220;specialKicker&#8220;:-1,&#8220;showSignature&#8220;:9,&#8220;hidePhoto&#8220;:8,&#8220;hideMediaReportStyle&#8220;:8,&#8220;titleSize&#8220;:-1,&#8220;showPlace&#8220;:8,&#8220;showPreTitle&#8220;:8},{&#8222;appearanceHideRelations&#8220;:8,&#8220;disablePageRefresh&#8220;:8,&#8220;appearanceHideInTagListings&#8220;:8,&#8220;denyComments&#8220;:8,&#8220;doNotGenerateAmpVersion&#8220;:8,&#8220;oldContent&#8220;:8,&#8220;sourceIsAgency&#8220;:8,&#8220;hideInLastContents&#8220;:8,&#8220;hideInTagPages&#8220;:8,&#8220;hideInMostViewed&#8220;:8,&#8220;hideInAllListings&#8220;:8,&#8220;source&#8220;:1247,&#8220;disableAmp&#8220;:8,&#8220;cxenseEnabled&#8220;:9,&#8220;isOpinion&#8220;:8},{&#8222;premiumKicker&#8220;:-1,&#8220;premiumShowButton&#8220;:8,&#8220;premiumButtonUrl&#8220;:-1,&#8220;premiumShowKicker&#8220;:8},{&#8222;hideRelations&#8220;:8,&#8220;oldContent&#8220;:8},[],{&#8222;expirationMinutes&#8220;:1252,&#8220;isPersistent&#8220;:8,&#8220;appOptions&#8220;:3074,&#8220;webOptions&#8220;:3076,&#8220;title&#8220;:3078,&#8220;body&#8220;:3079},{&#8222;sendPush&#8220;:8,&#8220;notificationButtons&#8220;:3075},[],{&#8222;sendPush&#8220;:8,&#8220;notificationButtons&#8220;:3077},[],&#8220;Das kommt \u00fcberraschend: Son Amar l\u00e4dt trotz Teilschlie\u00dfung z&#8220;,&#8220;Vom 28. November bis 21. Dezember k\u00f6nnen sich Besucher auf der Event-Finca nahe Palmanyola wieder in Weihnachtsstimmung bringen&#8220;,{&#8222;origin&#8220;:-1,&#8220;type&#8220;:-1,&#8220;editor&#8220;:2982,&#8220;category&#8220;:-1,&#8220;agencies&#8220;:3081,&#8220;adsTypes&#8220;:3082,&#8220;format&#8220;:1698,&#8220;variant&#8220;:1699},[],[],{&#8222;updateDate&#8220;:3084,&#8220;createDate&#8220;:3085,&#8220;releaseDate&#8220;:3086,&#8220;lastModifiedDate&#8220;:-1},[&#8222;Date&#8220;,&#8220;2025-11-25T14:37:07.000Z&#8220;],[&#8222;Date&#8220;,&#8220;2025-11-25T08:26:02.000Z&#8220;],[&#8222;Date&#8220;,&#8220;2025-11-25T09:17:42.000Z&#8220;],[3088,3090],{&#8222;name&#8220;:448,&#8220;id&#8220;:1224,&#8220;originalId&#8220;:1225,&#8220;title&#8220;:448,&#8220;url&#8220;:1226,&#8220;urls&#8220;:3089,&#8220;childUrl&#8220;:-1,&#8220;parentUrl&#8220;:-1,&#8220;active&#8220;:9,&#8220;archived&#8220;:8},{&#8222;mainUrl&#8220;:1226,&#8220;epigraphUrl&#8220;:-1,&#8220;redirectUrl&#8220;:-1,&#8220;sourceUrl&#8220;:-1},{&#8222;name&#8220;:1229,&#8220;id&#8220;:1230,&#8220;originalId&#8220;:1231,&#8220;title&#8220;:1229,&#8220;url&#8220;:1232,&#8220;urls&#8220;:3091,&#8220;childUrl&#8220;:-1,&#8220;parentUrl&#8220;:-1,&#8220;active&#8220;:9,&#8220;archived&#8220;:8},{&#8222;mainUrl&#8220;:1232,&#8220;epigraphUrl&#8220;:-1,&#8220;redirectUrl&#8220;:-1,&#8220;sourceUrl&#8220;:-1},[],{&#8222;specialText&#8220;:486,&#8220;text&#8220;:-1,&#8220;type&#8220;:-1},{&#8222;footballInfo&#8220;:-1,&#8220;firstMessages&#8220;:3095,&#8220;multimediaType&#8220;:596,&#8220;contentType&#8220;:141,&#8220;id&#8220;:3096,&#8220;contentId&#8220;:3097,&#8220;title&#8220;:3098,&#8220;subtitle&#8220;:-1,&#8220;subtitleTwo&#8220;:-1,&#8220;photoClippings&#8220;:3099,&#8220;urls&#8220;:3118,&#8220;url&#8220;:3119,&#8220;sponsorship&#8220;:3120,&#8220;authors&#8220;:3121,&#8220;signature&#8220;:-1,&#8220;photoSignature&#8220;:3124,&#8220;qualityUrls&#8220;:-1,&#8220;embedInfo&#8220;:3125,&#8220;tags&#8220;:3126,&#8220;hyperlocalisms&#8220;:3185,&#8220;options&#8220;:3188,&#8220;externalOptions&#8220;:-1,&#8220;dates&#8220;:3205,&#8220;player&#8220;:-1,&#8220;originalId&#8220;:3097,&#8220;liveOptions&#8220;:-1,&#8220;epigraph&#8220;:-1,&#8220;photoDescription&#8220;:-1,&#8220;sections&#8220;:3209,&#8220;relatedContents&#8220;:3214,&#8220;kicker&#8220;:3215,&#8220;published&#8220;:9,&#8220;featuredHtml&#8220;:-1},[],&#8220;ea5f0401-2f8b-37aa-b060-5ac23ed56446&#8243;,&#8220;123922587&#8243;,&#8220;Deutschsprachige Christvesper an Heiligabend in der Kathedrale: So soll diesmal Chaos verhindert werden&#8220;,[3100,3109],{&#8222;width&#8220;:432,&#8220;url&#8220;:3101,&#8220;height&#8220;:435,&#8220;quality&#8220;:72,&#8220;childPhotoClippings&#8220;:3102,&#8220;type&#8220;:524,&#8220;cropped&#8220;:8},&#8220;https:\/\/estaticos-cdn.prensaiberica.es\/clip\/358c3c9e-8f17-46d2-a256-808215798943_16-9-discover-aspect-ratio_default_0.jpg&#8220;,[3103,3106],{&#8222;width&#8220;:519,&#8220;url&#8220;:3104,&#8220;height&#8220;:823,&#8220;quality&#8220;:824,&#8220;childPhotoClippings&#8220;:3105,&#8220;type&#8220;:524,&#8220;cropped&#8220;:8},&#8220;https:\/\/estaticos-cdn.prensaiberica.es\/clip\/358c3c9e-8f17-46d2-a256-808215798943_16-9-discover-aspect-ratio_640w_0.jpg&#8220;,[],{&#8222;width&#8220;:526,&#8220;url&#8220;:3107,&#8220;height&#8220;:828,&#8220;quality&#8220;:824,&#8220;childPhotoClippings&#8220;:3108,&#8220;type&#8220;:524,&#8220;cropped&#8220;:8},&#8220;https:\/\/estaticos-cdn.prensaiberica.es\/clip\/358c3c9e-8f17-46d2-a256-808215798943_16-9-discover-aspect-ratio_320w_0.jpg&#8220;,[],{&#8222;width&#8220;:532,&#8220;url&#8220;:3110,&#8220;height&#8220;:534,&#8220;quality&#8220;:73,&#8220;childPhotoClippings&#8220;:3111,&#8220;type&#8220;:530,&#8220;cropped&#8220;:8},&#8220;https:\/\/estaticos-cdn.prensaiberica.es\/clip\/358c3c9e-8f17-46d2-a256-808215798943_media-libre-aspect-ratio_default_0.jpg&#8220;,[3112,3115],{&#8222;width&#8220;:519,&#8220;url&#8220;:3113,&#8220;height&#8220;:521,&#8220;quality&#8220;:538,&#8220;childPhotoClippings&#8220;:3114,&#8220;type&#8220;:524,&#8220;cropped&#8220;:8},&#8220;https:\/\/estaticos-cdn.prensaiberica.es\/clip\/358c3c9e-8f17-46d2-a256-808215798943_media-libre-aspect-ratio_640w_0.jpg&#8220;,[],{&#8222;width&#8220;:526,&#8220;url&#8220;:3116,&#8220;height&#8220;:528,&#8220;quality&#8220;:538,&#8220;childPhotoClippings&#8220;:3117,&#8220;type&#8220;:524,&#8220;cropped&#8220;:8},&#8220;https:\/\/estaticos-cdn.prensaiberica.es\/clip\/358c3c9e-8f17-46d2-a256-808215798943_media-libre-aspect-ratio_320w_0.jpg&#8220;,[],{&#8222;mainUrl&#8220;:3119,&#8220;epigraphUrl&#8220;:-1,&#8220;redirectUrl&#8220;:-1,&#8220;sourceUrl&#8220;:-1},&#8220;\/boulevard\/szene\/2025\/11\/20\/deutschsprachige-christvesper-heiligabend-vorkehrungen-2025-123922587.html&#8220;,{&#8222;follow&#8220;:8,&#8220;linkTarget&#8220;:-1,&#8220;trackingCode&#8220;:-1,&#8220;trackingCodeAmp&#8220;:-1,&#8220;text&#8220;:-1,&#8220;url&#8220;:-1},[3122],{&#8222;name&#8220;:2427,&#8220;id&#8220;:2428,&#8220;originalId&#8220;:2429,&#8220;title&#8220;:2427,&#8220;url&#8220;:2430,&#8220;image&#8220;:2431,&#8220;description&#8220;:2432,&#8220;authorInformation&#8220;:-1,&#8220;active&#8220;:9,&#8220;urls&#8220;:3123},{&#8222;mainUrl&#8220;:2430,&#8220;epigraphUrl&#8220;:-1,&#8220;redirectUrl&#8220;:-1,&#8220;sourceUrl&#8220;:-1},{&#8222;name&#8220;:2427,&#8220;place&#8220;:-1,&#8220;source&#8220;:-1,&#8220;authorText&#8220;:-1},{&#8222;html&#8220;:-1,&#8220;url&#8220;:-1},[3127,3133,3139,3141,3147,3149,3155,3161,3167,3173,3179],{&#8222;name&#8220;:3128,&#8220;id&#8220;:3129,&#8220;originalId&#8220;:3130,&#8220;title&#8220;:3128,&#8220;url&#8220;:3131,&#8220;urls&#8220;:3132,&#8220;active&#8220;:9},&#8220;Kathedrale&#8220;,&#8220;32b2b217-74e1-3deb-bb07-e68be81ed7b8&#8243;,&#8220;REGIONALES_1584155&#8243;,&#8220;\/tags\/kathedrale\/&#8220;,{&#8222;mainUrl&#8220;:3131,&#8220;epigraphUrl&#8220;:-1,&#8220;redirectUrl&#8220;:-1,&#8220;sourceUrl&#8220;:-1},{&#8222;name&#8220;:3134,&#8220;id&#8220;:3135,&#8220;originalId&#8220;:3136,&#8220;title&#8220;:3134,&#8220;url&#8220;:3137,&#8220;urls&#8220;:3138,&#8220;active&#8220;:9},&#8220;Kirche&#8220;,&#8220;566d59e3-2796-3c9e-b425-aa02f0467f9f&#8220;,&#8220;REGIONALES_1584192&#8243;,&#8220;\/tags\/kirche\/&#8220;,{&#8222;mainUrl&#8220;:3137,&#8220;epigraphUrl&#8220;:-1,&#8220;redirectUrl&#8220;:-1,&#8220;sourceUrl&#8220;:-1},{&#8222;name&#8220;:1967,&#8220;id&#8220;:1968,&#8220;originalId&#8220;:1969,&#8220;title&#8220;:1967,&#8220;url&#8220;:1970,&#8220;urls&#8220;:3140,&#8220;active&#8220;:9},{&#8222;mainUrl&#8220;:1970,&#8220;epigraphUrl&#8220;:-1,&#8220;redirectUrl&#8220;:-1,&#8220;sourceUrl&#8220;:-1},{&#8222;name&#8220;:3142,&#8220;id&#8220;:3143,&#8220;originalId&#8220;:3144,&#8220;title&#8220;:3142,&#8220;url&#8220;:3145,&#8220;urls&#8220;:3146,&#8220;active&#8220;:9},&#8220;Residenten&#8220;,&#8220;1fa94bc4-f364-3b3c-b46f-ed8322092849&#8243;,&#8220;REGIONALES_1585550&#8243;,&#8220;\/tags\/residenten\/&#8220;,{&#8222;mainUrl&#8220;:3145,&#8220;epigraphUrl&#8220;:-1,&#8220;redirectUrl&#8220;:-1,&#8220;sourceUrl&#8220;:-1},{&#8222;name&#8220;:2864,&#8220;id&#8220;:2865,&#8220;originalId&#8220;:2866,&#8220;title&#8220;:2864,&#8220;url&#8220;:2867,&#8220;urls&#8220;:3148,&#8220;active&#8220;:9},{&#8222;mainUrl&#8220;:2867,&#8220;epigraphUrl&#8220;:-1,&#8220;redirectUrl&#8220;:-1,&#8220;sourceUrl&#8220;:-1},{&#8222;name&#8220;:3150,&#8220;id&#8220;:3151,&#8220;originalId&#8220;:3152,&#8220;title&#8220;:3150,&#8220;url&#8220;:3153,&#8220;urls&#8220;:3154,&#8220;active&#8220;:9},&#8220;La Seu&#8220;,&#8220;d3aee1d1-a091-34d0-978a-127c5801e3de&#8220;,&#8220;REGIONALES_1584337&#8243;,&#8220;\/tags\/la-seu\/&#8220;,{&#8222;mainUrl&#8220;:3153,&#8220;epigraphUrl&#8220;:-1,&#8220;redirectUrl&#8220;:-1,&#8220;sourceUrl&#8220;:-1},{&#8222;name&#8220;:3156,&#8220;id&#8220;:3157,&#8220;originalId&#8220;:3158,&#8220;title&#8220;:3156,&#8220;url&#8220;:3159,&#8220;urls&#8220;:3160,&#8220;active&#8220;:9},&#8220;Evangelische Gemeinde&#8220;,&#8220;289e5311-24a6-34db-b1ef-78d13bab9119&#8243;,&#8220;REGIONALES_1583237&#8243;,&#8220;\/tags\/evangelische-gemeinde\/&#8220;,{&#8222;mainUrl&#8220;:3159,&#8220;epigraphUrl&#8220;:-1,&#8220;redirectUrl&#8220;:-1,&#8220;sourceUrl&#8220;:-1},{&#8222;name&#8220;:3162,&#8220;id&#8220;:3163,&#8220;originalId&#8220;:3164,&#8220;title&#8220;:3162,&#8220;url&#8220;:3165,&#8220;urls&#8220;:3166,&#8220;active&#8220;:9},&#8220;deutschsprachige evangelische Gemeinde&#8220;,&#8220;b75ec0d9-3eef-3d29-823f-6ebee6b4b0ac&#8220;,&#8220;REGIONALES_1583007&#8243;,&#8220;\/tags\/deutschsprachige-evangelische-gemeinde\/&#8220;,{&#8222;mainUrl&#8220;:3165,&#8220;epigraphUrl&#8220;:-1,&#8220;redirectUrl&#8220;:-1,&#8220;sourceUrl&#8220;:-1},{&#8222;name&#8220;:3168,&#8220;id&#8220;:3169,&#8220;originalId&#8220;:3170,&#8220;title&#8220;:3168,&#8220;url&#8220;:3171,&#8220;urls&#8220;:3172,&#8220;active&#8220;:9},&#8220;Deutsche Katholische Gemeinde&#8220;,&#8220;72292f33-cc5e-32d5-ab01-c649437fd94b&#8220;,&#8220;REGIONALES_1582998&#8243;,&#8220;\/tags\/deutsche-katholische-gemeinde\/&#8220;,{&#8222;mainUrl&#8220;:3171,&#8220;epigraphUrl&#8220;:-1,&#8220;redirectUrl&#8220;:-1,&#8220;sourceUrl&#8220;:-1},{&#8222;name&#8220;:3174,&#8220;id&#8220;:3175,&#8220;originalId&#8220;:3176,&#8220;title&#8220;:3174,&#8220;url&#8220;:3177,&#8220;urls&#8220;:3178,&#8220;active&#8220;:9},&#8220;Katholischer Pfarrer&#8220;,&#8220;ebb8c737-4c8e-3c7c-8951-e9fd4b788e48&#8243;,&#8220;REGIONALES_1584158&#8243;,&#8220;\/tags\/katholischer-pfarrer\/&#8220;,{&#8222;mainUrl&#8220;:3177,&#8220;epigraphUrl&#8220;:-1,&#8220;redirectUrl&#8220;:-1,&#8220;sourceUrl&#8220;:-1},{&#8222;name&#8220;:3180,&#8220;id&#8220;:3181,&#8220;originalId&#8220;:3182,&#8220;title&#8220;:3180,&#8220;url&#8220;:3183,&#8220;urls&#8220;:3184,&#8220;active&#8220;:9},&#8220;Katholische Kirche&#8220;,&#8220;6a727753-fd0a-3cc9-892a-c4299d86da8f&#8220;,&#8220;REGIONALES_1584156&#8243;,&#8220;\/tags\/katholische-kirche\/&#8220;,{&#8222;mainUrl&#8220;:3183,&#8220;epigraphUrl&#8220;:-1,&#8220;redirectUrl&#8220;:-1,&#8220;sourceUrl&#8220;:-1},[3186],{&#8222;name&#8220;:2139,&#8220;id&#8220;:2140,&#8220;originalId&#8220;:2141,&#8220;title&#8220;:2139,&#8220;url&#8220;:-1,&#8220;urls&#8220;:3187,&#8220;type&#8220;:2143,&#8220;breadcrumb&#8220;:-1,&#8220;active&#8220;:9},{&#8222;sourceUrl&#8220;:-1,&#8220;redirectUrl&#8220;:-1,&#8220;mainUrl&#8220;:-1,&#8220;epigraphUrl&#8220;:-1},{&#8222;accessType&#8220;:1318,&#8220;interviewOptions&#8220;:3189,&#8220;frontOptions&#8220;:3190,&#8220;basicOptions&#8220;:3191,&#8220;adsOptions&#8220;:-1,&#8220;premiumOptions&#8220;:3192,&#8220;appearanceOptions&#8220;:3193,&#8220;countries&#8220;:3194,&#8220;notificationOptions&#8220;:3195,&#8220;type&#8220;:-1,&#8220;editionType&#8220;:-1,&#8220;redirectFollow&#8220;:9,&#8220;analyticsOptions&#8220;:3202,&#8220;communityOptions&#8220;:-1,&#8220;freeformHtmls&#8220;:-1,&#8220;sportsOptions&#8220;:-1},{&#8222;interviewKicker&#8220;:-1,&#8220;intervieweeRole&#8220;:-1,&#8220;isInterview&#8220;:8,&#8220;interviewee&#8220;:-1},{&#8222;showLiveIcon&#8220;:8,&#8220;excludeFromAutomaticModules&#8220;:-1,&#8220;hideColumnistStyle&#8220;:8,&#8220;showVideoIcon&#8220;:8,&#8220;showPhotoGalleryIcon&#8220;:8,&#8220;showImageSignature&#8220;:8,&#8220;specialKicker&#8220;:-1,&#8220;showSignature&#8220;:9,&#8220;hidePhoto&#8220;:8,&#8220;hideMediaReportStyle&#8220;:8,&#8220;titleSize&#8220;:-1,&#8220;showPlace&#8220;:8,&#8220;showPreTitle&#8220;:8},{&#8222;appearanceHideRelations&#8220;:8,&#8220;disablePageRefresh&#8220;:8,&#8220;appearanceHideInTagListings&#8220;:8,&#8220;denyComments&#8220;:8,&#8220;doNotGenerateAmpVersion&#8220;:8,&#8220;oldContent&#8220;:8,&#8220;sourceIsAgency&#8220;:8,&#8220;hideInLastContents&#8220;:8,&#8220;hideInTagPages&#8220;:8,&#8220;hideInMostViewed&#8220;:8,&#8220;hideInAllListings&#8220;:8,&#8220;source&#8220;:1247,&#8220;disableAmp&#8220;:8,&#8220;cxenseEnabled&#8220;:9,&#8220;isOpinion&#8220;:8},{&#8222;premiumKicker&#8220;:-1,&#8220;premiumShowButton&#8220;:8,&#8220;premiumButtonUrl&#8220;:-1,&#8220;premiumShowKicker&#8220;:8},{&#8222;hideRelations&#8220;:8,&#8220;oldContent&#8220;:8},[],{&#8222;expirationMinutes&#8220;:1252,&#8220;isPersistent&#8220;:8,&#8220;appOptions&#8220;:3196,&#8220;webOptions&#8220;:3198,&#8220;title&#8220;:3200,&#8220;body&#8220;:3201},{&#8222;sendPush&#8220;:8,&#8220;notificationButtons&#8220;:3197},[],{&#8222;sendPush&#8220;:8,&#8220;notificationButtons&#8220;:3199},[],&#8220;Deutschsprachige Christvesper an Heiligabend in der Kathedra&#8220;,&#8220;Der \u00f6kumenische Gottesdienst in der La Seu ist f\u00fcr viele Residenten und Urlauber ein zentraler Bestandteil des Weihnachtsfestes. Letztes Jahr mussten hunderte Besucher beim ersten Gottesdienst um 15.30 Uhr aufgrund des gro\u00dfen Andrangs drau\u00dfen bleiben&#8220;,{&#8222;origin&#8220;:-1,&#8220;type&#8220;:-1,&#8220;editor&#8220;:2982,&#8220;category&#8220;:-1,&#8220;agencies&#8220;:3203,&#8220;adsTypes&#8220;:3204,&#8220;format&#8220;:1698,&#8220;variant&#8220;:1699},[],[],{&#8222;updateDate&#8220;:3206,&#8220;createDate&#8220;:3207,&#8220;releaseDate&#8220;:3208,&#8220;lastModifiedDate&#8220;:-1},[&#8222;Date&#8220;,&#8220;2025-11-20T10:25:45.000Z&#8220;],[&#8222;Date&#8220;,&#8220;2025-11-20T09:20:46.000Z&#8220;],[&#8222;Date&#8220;,&#8220;2025-11-20T10:25:45.000Z&#8220;],[3210,3212],{&#8222;name&#8220;:448,&#8220;id&#8220;:1224,&#8220;originalId&#8220;:1225,&#8220;title&#8220;:448,&#8220;url&#8220;:1226,&#8220;urls&#8220;:3211,&#8220;childUrl&#8220;:-1,&#8220;parentUrl&#8220;:-1,&#8220;active&#8220;:9,&#8220;archived&#8220;:8},{&#8222;mainUrl&#8220;:1226,&#8220;epigraphUrl&#8220;:-1,&#8220;redirectUrl&#8220;:-1,&#8220;sourceUrl&#8220;:-1},{&#8222;name&#8220;:1229,&#8220;id&#8220;:1230,&#8220;originalId&#8220;:1231,&#8220;title&#8220;:1229,&#8220;url&#8220;:1232,&#8220;urls&#8220;:3213,&#8220;childUrl&#8220;:-1,&#8220;parentUrl&#8220;:-1,&#8220;active&#8220;:9,&#8220;archived&#8220;:8},{&#8222;mainUrl&#8220;:1232,&#8220;epigraphUrl&#8220;:-1,&#8220;redirectUrl&#8220;:-1,&#8220;sourceUrl&#8220;:-1},[],{&#8222;specialText&#8220;:486,&#8220;text&#8220;:-1,&#8220;type&#8220;:-1},{&#8222;footballInfo&#8220;:-1,&#8220;firstMessages&#8220;:3217,&#8220;multimediaType&#8220;:596,&#8220;contentType&#8220;:141,&#8220;id&#8220;:3218,&#8220;contentId&#8220;:3219,&#8220;title&#8220;:3220,&#8220;subtitle&#8220;:-1,&#8220;subtitleTwo&#8220;:-1,&#8220;photoClippings&#8220;:3221,&#8220;urls&#8220;:3243,&#8220;url&#8220;:3244,&#8220;sponsorship&#8220;:3245,&#8220;authors&#8220;:3246,&#8220;signature&#8220;:-1,&#8220;photoSignature&#8220;:3249,&#8220;qualityUrls&#8220;:-1,&#8220;embedInfo&#8220;:3250,&#8220;tags&#8220;:3251,&#8220;hyperlocalisms&#8220;:3286,&#8220;options&#8220;:3292,&#8220;externalOptions&#8220;:-1,&#8220;dates&#8220;:3309,&#8220;player&#8220;:-1,&#8220;originalId&#8220;:3219,&#8220;liveOptions&#8220;:-1,&#8220;epigraph&#8220;:-1,&#8220;photoDescription&#8220;:-1,&#8220;sections&#8220;:3313,&#8220;relatedContents&#8220;:3318,&#8220;kicker&#8220;:3319,&#8220;published&#8220;:9,&#8220;featuredHtml&#8220;:-1},[],&#8220;d6638443-b0b1-3f57-a871-bc9b94c80479&#8243;,&#8220;123789175&#8243;,&#8220;Nach 52 Jahren: Kult-Boutique neben dem Megapark an der Playa de Palma schlie\u00dft endg\u00fcltig&#8220;,[3222,3231],{&#8222;width&#8220;:432,&#8220;url&#8220;:3223,&#8220;height&#8220;:435,&#8220;quality&#8220;:72,&#8220;childPhotoClippings&#8220;:3224,&#8220;type&#8220;:524,&#8220;cropped&#8220;:8},&#8220;https:\/\/estaticos-cdn.prensaiberica.es\/clip\/0a08ea69-3df3-4688-b6bd-a686cf9b643d_16-9-discover-aspect-ratio_default_0_x1193y366.jpg&#8220;,[3225,3228],{&#8222;width&#8220;:519,&#8220;url&#8220;:3226,&#8220;height&#8220;:823,&#8220;quality&#8220;:824,&#8220;childPhotoClippings&#8220;:3227,&#8220;type&#8220;:524,&#8220;cropped&#8220;:8},&#8220;https:\/\/estaticos-cdn.prensaiberica.es\/clip\/0a08ea69-3df3-4688-b6bd-a686cf9b643d_16-9-discover-aspect-ratio_640w_0_x1193y366.jpg&#8220;,[],{&#8222;width&#8220;:526,&#8220;url&#8220;:3229,&#8220;height&#8220;:828,&#8220;quality&#8220;:824,&#8220;childPhotoClippings&#8220;:3230,&#8220;type&#8220;:524,&#8220;cropped&#8220;:8},&#8220;https:\/\/estaticos-cdn.prensaiberica.es\/clip\/0a08ea69-3df3-4688-b6bd-a686cf9b643d_16-9-discover-aspect-ratio_320w_0_x1193y366.jpg&#8220;,[],{&#8222;width&#8220;:532,&#8220;url&#8220;:3232,&#8220;height&#8220;:3233,&#8220;quality&#8220;:73,&#8220;childPhotoClippings&#8220;:3234,&#8220;type&#8220;:530,&#8220;cropped&#8220;:8},&#8220;https:\/\/estaticos-cdn.prensaiberica.es\/clip\/0a08ea69-3df3-4688-b6bd-a686cf9b643d_media-libre-aspect-ratio_default_0_x1193y366.jpg&#8220;,&#8220;507&#8243;,[3235,3239],{&#8222;width&#8220;:519,&#8220;url&#8220;:3236,&#8220;height&#8220;:3237,&#8220;quality&#8220;:538,&#8220;childPhotoClippings&#8220;:3238,&#8220;type&#8220;:524,&#8220;cropped&#8220;:8},&#8220;https:\/\/estaticos-cdn.prensaiberica.es\/clip\/0a08ea69-3df3-4688-b6bd-a686cf9b643d_media-libre-aspect-ratio_640w_0_x1193y366.jpg&#8220;,&#8220;492&#8243;,[],{&#8222;width&#8220;:526,&#8220;url&#8220;:3240,&#8220;height&#8220;:3241,&#8220;quality&#8220;:538,&#8220;childPhotoClippings&#8220;:3242,&#8220;type&#8220;:524,&#8220;cropped&#8220;:8},&#8220;https:\/\/estaticos-cdn.prensaiberica.es\/clip\/0a08ea69-3df3-4688-b6bd-a686cf9b643d_media-libre-aspect-ratio_320w_0_x1193y366.jpg&#8220;,&#8220;246&#8243;,[],{&#8222;mainUrl&#8220;:3244,&#8220;epigraphUrl&#8220;:-1,&#8220;redirectUrl&#8220;:-1,&#8220;sourceUrl&#8220;:-1},&#8220;\/boulevard\/szene\/2025\/11\/16\/mallorquinerin-52-jahre-boutique-isabel-playa-de-palma-megapark-123789175.html&#8220;,{&#8222;follow&#8220;:8,&#8220;linkTarget&#8220;:-1,&#8220;trackingCode&#8220;:-1,&#8220;trackingCodeAmp&#8220;:-1,&#8220;text&#8220;:-1,&#8220;url&#8220;:-1},[3247],{&#8222;name&#8220;:2427,&#8220;id&#8220;:2428,&#8220;originalId&#8220;:2429,&#8220;title&#8220;:2427,&#8220;url&#8220;:2430,&#8220;image&#8220;:2431,&#8220;description&#8220;:2432,&#8220;authorInformation&#8220;:-1,&#8220;active&#8220;:9,&#8220;urls&#8220;:3248},{&#8222;mainUrl&#8220;:2430,&#8220;epigraphUrl&#8220;:-1,&#8220;redirectUrl&#8220;:-1,&#8220;sourceUrl&#8220;:-1},{&#8222;name&#8220;:2427,&#8220;place&#8220;:-1,&#8220;source&#8220;:-1,&#8220;authorText&#8220;:-1},{&#8222;html&#8220;:-1,&#8220;url&#8220;:-1},[3252,3258,3260,3266,3268,3270,3276,3282,3284],{&#8222;name&#8220;:3253,&#8220;id&#8220;:3254,&#8220;originalId&#8220;:3255,&#8220;title&#8220;:3253,&#8220;url&#8220;:3256,&#8220;urls&#8220;:3257,&#8220;active&#8220;:9},&#8220;Kunden&#8220;,&#8220;89bcf1aa-2b78-3113-bd3e-fe85c0d25281&#8243;,&#8220;REGIONALES_1584298&#8243;,&#8220;\/tags\/kunden\/&#8220;,{&#8222;mainUrl&#8220;:3256,&#8220;epigraphUrl&#8220;:-1,&#8220;redirectUrl&#8220;:-1,&#8220;sourceUrl&#8220;:-1},{&#8222;name&#8220;:2108,&#8220;id&#8220;:2109,&#8220;originalId&#8220;:2110,&#8220;title&#8220;:2108,&#8220;url&#8220;:2111,&#8220;urls&#8220;:3259,&#8220;active&#8220;:9},{&#8222;mainUrl&#8220;:2111,&#8220;epigraphUrl&#8220;:-1,&#8220;redirectUrl&#8220;:-1,&#8220;sourceUrl&#8220;:-1},{&#8222;name&#8220;:3261,&#8220;id&#8220;:3262,&#8220;originalId&#8220;:3263,&#8220;title&#8220;:3261,&#8220;url&#8220;:3264,&#8220;urls&#8220;:3265,&#8220;active&#8220;:9},&#8220;Jahre&#8220;,&#8220;ea90fc10-b260-39c3-987b-1deeb0210ed3&#8243;,&#8220;REGIONALES_1583972&#8243;,&#8220;\/tags\/jahre\/&#8220;,{&#8222;mainUrl&#8220;:3264,&#8220;epigraphUrl&#8220;:-1,&#8220;redirectUrl&#8220;:-1,&#8220;sourceUrl&#8220;:-1},{&#8222;name&#8220;:1967,&#8220;id&#8220;:1968,&#8220;originalId&#8220;:1969,&#8220;title&#8220;:1967,&#8220;url&#8220;:1970,&#8220;urls&#8220;:3267,&#8220;active&#8220;:9},{&#8222;mainUrl&#8220;:1970,&#8220;epigraphUrl&#8220;:-1,&#8220;redirectUrl&#8220;:-1,&#8220;sourceUrl&#8220;:-1},{&#8222;name&#8220;:1985,&#8220;id&#8220;:1986,&#8220;originalId&#8220;:1987,&#8220;title&#8220;:1985,&#8220;url&#8220;:1988,&#8220;urls&#8220;:3269,&#8220;active&#8220;:9},{&#8222;mainUrl&#8220;:1988,&#8220;epigraphUrl&#8220;:-1,&#8220;redirectUrl&#8220;:-1,&#8220;sourceUrl&#8220;:-1},{&#8222;name&#8220;:3271,&#8220;id&#8220;:3272,&#8220;originalId&#8220;:3273,&#8220;title&#8220;:3271,&#8220;url&#8220;:3274,&#8220;urls&#8220;:3275,&#8220;active&#8220;:9},&#8220;Traditionsl\u00e4den&#8220;,&#8220;ce420287-876c-38b9-b1e7-14b3412eafb7&#8243;,&#8220;REGIONALES_1586379&#8243;,&#8220;\/tags\/traditionsladen\/&#8220;,{&#8222;mainUrl&#8220;:3274,&#8220;epigraphUrl&#8220;:-1,&#8220;redirectUrl&#8220;:-1,&#8220;sourceUrl&#8220;:-1},{&#8222;name&#8220;:3277,&#8220;id&#8220;:3278,&#8220;originalId&#8220;:3279,&#8220;title&#8220;:3277,&#8220;url&#8220;:3280,&#8220;urls&#8220;:3281,&#8220;active&#8220;:9},&#8220;Traditionen&#8220;,&#8220;521cbdf3-68a2-30bf-b420-bf37e068ae67&#8243;,&#8220;REGIONALES_1586378&#8243;,&#8220;\/tags\/traditionen\/&#8220;,{&#8222;mainUrl&#8220;:3280,&#8220;epigraphUrl&#8220;:-1,&#8220;redirectUrl&#8220;:-1,&#8220;sourceUrl&#8220;:-1},{&#8222;name&#8220;:1236,&#8220;id&#8220;:1237,&#8220;originalId&#8220;:1238,&#8220;title&#8220;:1236,&#8220;url&#8220;:1239,&#8220;urls&#8220;:3283,&#8220;active&#8220;:9},{&#8222;mainUrl&#8220;:1239,&#8220;epigraphUrl&#8220;:-1,&#8220;redirectUrl&#8220;:-1,&#8220;sourceUrl&#8220;:-1},{&#8222;name&#8220;:1973,&#8220;id&#8220;:1974,&#8220;originalId&#8220;:1975,&#8220;title&#8220;:1973,&#8220;url&#8220;:1976,&#8220;urls&#8220;:3285,&#8220;active&#8220;:9},{&#8222;mainUrl&#8220;:1976,&#8220;epigraphUrl&#8220;:-1,&#8220;redirectUrl&#8220;:-1,&#8220;sourceUrl&#8220;:-1},[3287],{&#8222;name&#8220;:3288,&#8220;id&#8220;:3289,&#8220;originalId&#8220;:3290,&#8220;title&#8220;:3288,&#8220;url&#8220;:-1,&#8220;urls&#8220;:3291,&#8220;type&#8220;:2143,&#8220;breadcrumb&#8220;:-1,&#8220;active&#8220;:9},&#8220;Llucmajor&#8220;,&#8220;a1be0e9a-5137-3987-ae81-b220a5a15729&#8243;,&#8220;REGIONALES_29043&#8243;,{&#8222;sourceUrl&#8220;:-1,&#8220;redirectUrl&#8220;:-1,&#8220;mainUrl&#8220;:-1,&#8220;epigraphUrl&#8220;:-1},{&#8222;accessType&#8220;:1859,&#8220;interviewOptions&#8220;:3293,&#8220;frontOptions&#8220;:3294,&#8220;basicOptions&#8220;:3295,&#8220;adsOptions&#8220;:-1,&#8220;premiumOptions&#8220;:3296,&#8220;appearanceOptions&#8220;:3297,&#8220;countries&#8220;:3298,&#8220;notificationOptions&#8220;:3299,&#8220;type&#8220;:-1,&#8220;editionType&#8220;:-1,&#8220;redirectFollow&#8220;:9,&#8220;analyticsOptions&#8220;:3306,&#8220;communityOptions&#8220;:-1,&#8220;freeformHtmls&#8220;:-1,&#8220;sportsOptions&#8220;:-1},{&#8222;interviewKicker&#8220;:-1,&#8220;intervieweeRole&#8220;:-1,&#8220;isInterview&#8220;:8,&#8220;interviewee&#8220;:-1},{&#8222;showLiveIcon&#8220;:8,&#8220;excludeFromAutomaticModules&#8220;:-1,&#8220;hideColumnistStyle&#8220;:8,&#8220;showVideoIcon&#8220;:8,&#8220;showPhotoGalleryIcon&#8220;:8,&#8220;showImageSignature&#8220;:8,&#8220;specialKicker&#8220;:-1,&#8220;showSignature&#8220;:9,&#8220;hidePhoto&#8220;:8,&#8220;hideMediaReportStyle&#8220;:8,&#8220;titleSize&#8220;:-1,&#8220;showPlace&#8220;:8,&#8220;showPreTitle&#8220;:8},{&#8222;appearanceHideRelations&#8220;:8,&#8220;disablePageRefresh&#8220;:8,&#8220;appearanceHideInTagListings&#8220;:8,&#8220;denyComments&#8220;:8,&#8220;doNotGenerateAmpVersion&#8220;:8,&#8220;oldContent&#8220;:8,&#8220;sourceIsAgency&#8220;:8,&#8220;hideInLastContents&#8220;:8,&#8220;hideInTagPages&#8220;:8,&#8220;hideInMostViewed&#8220;:8,&#8220;hideInAllListings&#8220;:8,&#8220;source&#8220;:1247,&#8220;disableAmp&#8220;:8,&#8220;cxenseEnabled&#8220;:9,&#8220;isOpinion&#8220;:8},{&#8222;premiumKicker&#8220;:-1,&#8220;premiumShowButton&#8220;:8,&#8220;premiumButtonUrl&#8220;:-1,&#8220;premiumShowKicker&#8220;:8},{&#8222;hideRelations&#8220;:8,&#8220;oldContent&#8220;:8},[],{&#8222;expirationMinutes&#8220;:1252,&#8220;isPersistent&#8220;:8,&#8220;appOptions&#8220;:3300,&#8220;webOptions&#8220;:3302,&#8220;title&#8220;:3304,&#8220;body&#8220;:3305},{&#8222;sendPush&#8220;:8,&#8220;notificationButtons&#8220;:3301},[],{&#8222;sendPush&#8220;:8,&#8220;notificationButtons&#8220;:3303},[],&#8220;Nach 52 Jahren: Kult-Boutique neben dem Megapark an der Play&#8220;,&#8220;Jahrzehntelang war ihr Gesch\u00e4ft ein Anker an der Playa de Palma \u2013 nun verabschiedet sich Ant\u00f2nia Santandreu in den Ruhestand.&#8220;,{&#8222;origin&#8220;:-1,&#8220;type&#8220;:-1,&#8220;editor&#8220;:2982,&#8220;category&#8220;:-1,&#8220;agencies&#8220;:3307,&#8220;adsTypes&#8220;:3308,&#8220;format&#8220;:1698,&#8220;variant&#8220;:1699},[],[],{&#8222;updateDate&#8220;:3310,&#8220;createDate&#8220;:3311,&#8220;releaseDate&#8220;:3312,&#8220;lastModifiedDate&#8220;:-1},[&#8222;Date&#8220;,&#8220;2025-11-16T20:50:44.000Z&#8220;],[&#8222;Date&#8220;,&#8220;2025-11-16T16:54:44.000Z&#8220;],[&#8222;Date&#8220;,&#8220;2025-11-16T17:24:00.000Z&#8220;],[3314,3316],{&#8222;name&#8220;:448,&#8220;id&#8220;:1224,&#8220;originalId&#8220;:1225,&#8220;title&#8220;:448,&#8220;url&#8220;:1226,&#8220;urls&#8220;:3315,&#8220;childUrl&#8220;:-1,&#8220;parentUrl&#8220;:-1,&#8220;active&#8220;:9,&#8220;archived&#8220;:8},{&#8222;mainUrl&#8220;:1226,&#8220;epigraphUrl&#8220;:-1,&#8220;redirectUrl&#8220;:-1,&#8220;sourceUrl&#8220;:-1},{&#8222;name&#8220;:1229,&#8220;id&#8220;:1230,&#8220;originalId&#8220;:1231,&#8220;title&#8220;:1229,&#8220;url&#8220;:1232,&#8220;urls&#8220;:3317,&#8220;childUrl&#8220;:-1,&#8220;parentUrl&#8220;:-1,&#8220;active&#8220;:9,&#8220;archived&#8220;:8},{&#8222;mainUrl&#8220;:1232,&#8220;epigraphUrl&#8220;:-1,&#8220;redirectUrl&#8220;:-1,&#8220;sourceUrl&#8220;:-1},[],{&#8222;specialText&#8220;:486,&#8220;text&#8220;:-1,&#8220;type&#8220;:-1},{&#8222;footballInfo&#8220;:-1,&#8220;firstMessages&#8220;:3321,&#8220;multimediaType&#8220;:596,&#8220;contentType&#8220;:1281,&#8220;id&#8220;:3322,&#8220;contentId&#8220;:3323,&#8220;title&#8220;:3324,&#8220;subtitle&#8220;:-1,&#8220;subtitleTwo&#8220;:-1,&#8220;photoClippings&#8220;:3325,&#8220;urls&#8220;:3335,&#8220;url&#8220;:3336,&#8220;sponsorship&#8220;:3337,&#8220;authors&#8220;:3338,&#8220;signature&#8220;:-1,&#8220;photoSignature&#8220;:3347,&#8220;qualityUrls&#8220;:-1,&#8220;embedInfo&#8220;:3349,&#8220;tags&#8220;:3350,&#8220;hyperlocalisms&#8220;:3377,&#8220;options&#8220;:3378,&#8220;externalOptions&#8220;:-1,&#8220;dates&#8220;:3395,&#8220;player&#8220;:-1,&#8220;originalId&#8220;:3323,&#8220;liveOptions&#8220;:-1,&#8220;epigraph&#8220;:-1,&#8220;photoDescription&#8220;:-1,&#8220;sections&#8220;:3399,&#8220;relatedContents&#8220;:3404,&#8220;kicker&#8220;:3405,&#8220;published&#8220;:9,&#8220;featuredHtml&#8220;:-1},[],&#8220;d86c14ad-091d-3332-8b0b-a36446e46d9b&#8220;,&#8220;123589584&#8243;,&#8220;Hoher Besuch bei der offiziellen Einweihung des Paseo Mar\u00edtimo in Palma&#8220;,[3326],{&#8222;width&#8220;:532,&#8220;url&#8220;:3327,&#8220;height&#8220;:811,&#8220;quality&#8220;:73,&#8220;childPhotoClippings&#8220;:3328,&#8220;type&#8220;:524,&#8220;cropped&#8220;:8},&#8220;https:\/\/estaticos-cdn.prensaiberica.es\/clip\/fae3fd5d-63b7-4d96-b602-09c4f2191bdc_media-libre-aspect-ratio_default_0.jpg&#8220;,[3329,3332],{&#8222;width&#8220;:519,&#8220;url&#8220;:3330,&#8220;height&#8220;:803,&#8220;quality&#8220;:538,&#8220;childPhotoClippings&#8220;:3331,&#8220;type&#8220;:524,&#8220;cropped&#8220;:8},&#8220;https:\/\/estaticos-cdn.prensaiberica.es\/clip\/fae3fd5d-63b7-4d96-b602-09c4f2191bdc_media-libre-aspect-ratio_640w_0.jpg&#8220;,[],{&#8222;width&#8220;:526,&#8220;url&#8220;:3333,&#8220;height&#8220;:807,&#8220;quality&#8220;:538,&#8220;childPhotoClippings&#8220;:3334,&#8220;type&#8220;:524,&#8220;cropped&#8220;:8},&#8220;https:\/\/estaticos-cdn.prensaiberica.es\/clip\/fae3fd5d-63b7-4d96-b602-09c4f2191bdc_media-libre-aspect-ratio_320w_0.jpg&#8220;,[],{&#8222;mainUrl&#8220;:3336,&#8220;epigraphUrl&#8220;:-1,&#8220;redirectUrl&#8220;:-1,&#8220;sourceUrl&#8220;:-1},&#8220;\/boulevard\/szene\/2025\/11\/11\/hoher-besuch-einweihung-paseo-maritimo-123589584.html&#8220;,{&#8222;follow&#8220;:8,&#8220;linkTarget&#8220;:-1,&#8220;trackingCode&#8220;:-1,&#8220;trackingCodeAmp&#8220;:-1,&#8220;text&#8220;:-1,&#8220;url&#8220;:-1},[3339,3341],{&#8222;name&#8220;:2313,&#8220;id&#8220;:2314,&#8220;originalId&#8220;:2315,&#8220;title&#8220;:2313,&#8220;url&#8220;:2316,&#8220;image&#8220;:2317,&#8220;description&#8220;:-1,&#8220;authorInformation&#8220;:-1,&#8220;active&#8220;:9,&#8220;urls&#8220;:3340},{&#8222;mainUrl&#8220;:2316,&#8220;epigraphUrl&#8220;:-1,&#8220;redirectUrl&#8220;:-1,&#8220;sourceUrl&#8220;:-1},{&#8222;name&#8220;:3342,&#8220;id&#8220;:3343,&#8220;originalId&#8220;:3344,&#8220;title&#8220;:3342,&#8220;url&#8220;:3345,&#8220;image&#8220;:-1,&#8220;description&#8220;:-1,&#8220;authorInformation&#8220;:-1,&#8220;active&#8220;:9,&#8220;urls&#8220;:3346},&#8220;B. Ramon&#8220;,&#8220;a5090c72-f03a-332f-b4c0-f18724b528b1&#8243;,&#8220;1921674&#8243;,&#8220;\/autores\/b-ramon.html&#8220;,{&#8222;mainUrl&#8220;:3345,&#8220;epigraphUrl&#8220;:-1,&#8220;redirectUrl&#8220;:-1,&#8220;sourceUrl&#8220;:-1},{&#8222;name&#8220;:3348,&#8220;place&#8220;:-1,&#8220;source&#8220;:-1,&#8220;authorText&#8220;:-1},&#8220;B. Ramon, Miguel Vicens&#8220;,{&#8222;html&#8220;:-1,&#8220;url&#8220;:-1},[3351,3353,3359,3365,3371],{&#8222;name&#8220;:2344,&#8220;id&#8220;:2345,&#8220;originalId&#8220;:2346,&#8220;title&#8220;:2344,&#8220;url&#8220;:2347,&#8220;urls&#8220;:3352,&#8220;active&#8220;:9},{&#8222;mainUrl&#8220;:2347,&#8220;epigraphUrl&#8220;:-1,&#8220;redirectUrl&#8220;:-1,&#8220;sourceUrl&#8220;:-1},{&#8222;name&#8220;:3354,&#8220;id&#8220;:3355,&#8220;originalId&#8220;:3356,&#8220;title&#8220;:3354,&#8220;url&#8220;:3357,&#8220;urls&#8220;:3358,&#8220;active&#8220;:9},&#8220;Bauarbeiten&#8220;,&#8220;17f10bf3-a9c3-33ae-9167-6dba17fcdfcb&#8220;,&#8220;REGIONALES_1582452&#8243;,&#8220;\/tags\/bauarbeiten\/&#8220;,{&#8222;mainUrl&#8220;:3357,&#8220;epigraphUrl&#8220;:-1,&#8220;redirectUrl&#8220;:-1,&#8220;sourceUrl&#8220;:-1},{&#8222;name&#8220;:3360,&#8220;id&#8220;:3361,&#8220;originalId&#8220;:3362,&#8220;title&#8220;:3360,&#8220;url&#8220;:3363,&#8220;urls&#8220;:3364,&#8220;active&#8220;:9},&#8220;Palma&#8220;,&#8220;9c8e70eb-871e-3737-95e7-5ca967571ced&#8220;,&#8220;REGIONALES_1598137&#8243;,&#8220;\/tags\/palma\/&#8220;,{&#8222;mainUrl&#8220;:3363,&#8220;epigraphUrl&#8220;:-1,&#8220;redirectUrl&#8220;:-1,&#8220;sourceUrl&#8220;:-1},{&#8222;name&#8220;:3366,&#8220;id&#8220;:3367,&#8220;originalId&#8220;:3368,&#8220;title&#8220;:3366,&#8220;url&#8220;:3369,&#8220;urls&#8220;:3370,&#8220;active&#8220;:9},&#8220;Verkehrsplanung&#8220;,&#8220;5d676eb0-e4a8-3c70-8304-40dbd19b2bf1&#8243;,&#8220;REGIONALES_1586539&#8243;,&#8220;\/tags\/verkehrsplanung\/&#8220;,{&#8222;mainUrl&#8220;:3369,&#8220;epigraphUrl&#8220;:-1,&#8220;redirectUrl&#8220;:-1,&#8220;sourceUrl&#8220;:-1},{&#8222;name&#8220;:3372,&#8220;id&#8220;:3373,&#8220;originalId&#8220;:3374,&#8220;title&#8220;:3372,&#8220;url&#8220;:3375,&#8220;urls&#8220;:3376,&#8220;active&#8220;:9},&#8220;Verkehr&#8220;,&#8220;22dd3726-6b0b-3a4e-b7ab-a9a4ef36d0b3&#8243;,&#8220;REGIONALES_1586532&#8243;,&#8220;\/tags\/verkehr\/&#8220;,{&#8222;mainUrl&#8220;:3375,&#8220;epigraphUrl&#8220;:-1,&#8220;redirectUrl&#8220;:-1,&#8220;sourceUrl&#8220;:-1},[],{&#8222;accessType&#8220;:-1,&#8220;interviewOptions&#8220;:3379,&#8220;frontOptions&#8220;:3380,&#8220;basicOptions&#8220;:3381,&#8220;adsOptions&#8220;:-1,&#8220;premiumOptions&#8220;:3382,&#8220;appearanceOptions&#8220;:3383,&#8220;countries&#8220;:3384,&#8220;notificationOptions&#8220;:3385,&#8220;type&#8220;:1258,&#8220;editionType&#8220;:-1,&#8220;redirectFollow&#8220;:9,&#8220;analyticsOptions&#8220;:3392,&#8220;communityOptions&#8220;:-1,&#8220;freeformHtmls&#8220;:-1,&#8220;sportsOptions&#8220;:-1},{&#8222;interviewKicker&#8220;:-1,&#8220;intervieweeRole&#8220;:-1,&#8220;isInterview&#8220;:8,&#8220;interviewee&#8220;:-1},{&#8222;showLiveIcon&#8220;:8,&#8220;excludeFromAutomaticModules&#8220;:-1,&#8220;hideColumnistStyle&#8220;:8,&#8220;showVideoIcon&#8220;:8,&#8220;showPhotoGalleryIcon&#8220;:8,&#8220;showImageSignature&#8220;:8,&#8220;specialKicker&#8220;:-1,&#8220;showSignature&#8220;:8,&#8220;hidePhoto&#8220;:8,&#8220;hideMediaReportStyle&#8220;:8,&#8220;titleSize&#8220;:-1,&#8220;showPlace&#8220;:8,&#8220;showPreTitle&#8220;:8},{&#8222;appearanceHideRelations&#8220;:8,&#8220;disablePageRefresh&#8220;:8,&#8220;appearanceHideInTagListings&#8220;:8,&#8220;denyComments&#8220;:8,&#8220;doNotGenerateAmpVersion&#8220;:8,&#8220;oldContent&#8220;:8,&#8220;sourceIsAgency&#8220;:8,&#8220;hideInLastContents&#8220;:8,&#8220;hideInTagPages&#8220;:8,&#8220;hideInMostViewed&#8220;:8,&#8220;hideInAllListings&#8220;:8,&#8220;source&#8220;:1247,&#8220;disableAmp&#8220;:8,&#8220;cxenseEnabled&#8220;:8,&#8220;isOpinion&#8220;:8},{&#8222;premiumKicker&#8220;:-1,&#8220;premiumShowButton&#8220;:8,&#8220;premiumButtonUrl&#8220;:-1,&#8220;premiumShowKicker&#8220;:8},{&#8222;hideRelations&#8220;:8,&#8220;oldContent&#8220;:8},[],{&#8222;expirationMinutes&#8220;:1252,&#8220;isPersistent&#8220;:8,&#8220;appOptions&#8220;:3386,&#8220;webOptions&#8220;:3388,&#8220;title&#8220;:3390,&#8220;body&#8220;:3391},{&#8222;sendPush&#8220;:8,&#8220;notificationButtons&#8220;:3387},[],{&#8222;sendPush&#8220;:8,&#8220;notificationButtons&#8220;:3389},[],&#8220;Hoher Besuch bei der offiziellen Einweihung des Paseo Mar\u00edti&#8220;,&#8220;Insgesamt drei Jahre lang wurde Palmas Verkehrsader Paseo Mar\u00edtimo zur Prachtmeile umgebaut. Ganze 50 Millionen Euro hat der Umbau gekostet. Am Montag (10.11.) wurde der nun deutlich \\&#8220;gr\u00fcnere\\&#8220; Paseo Mar\u00edtimo offiziell eingeweiht. Zum gro\u00dfen Tag angereist war eigens auch der spanische Verkehrsminister \u00d3scar Puente. Auch das Bahnprojekt zwischen Palma und Llucmajor war bei dem Besuch Thema.&#8220;,{&#8222;origin&#8220;:-1,&#8220;type&#8220;:-1,&#8220;editor&#8220;:2982,&#8220;category&#8220;:-1,&#8220;agencies&#8220;:3393,&#8220;adsTypes&#8220;:3394,&#8220;format&#8220;:-1,&#8220;variant&#8220;:-1},[],[],{&#8222;updateDate&#8220;:3396,&#8220;createDate&#8220;:3397,&#8220;releaseDate&#8220;:3398,&#8220;lastModifiedDate&#8220;:-1},[&#8222;Date&#8220;,&#8220;2025-11-11T11:10:11.000Z&#8220;],[&#8222;Date&#8220;,&#8220;2025-11-11T10:46:46.000Z&#8220;],[&#8222;Date&#8220;,&#8220;2025-11-11T11:10:11.000Z&#8220;],[3400,3402],{&#8222;name&#8220;:448,&#8220;id&#8220;:1224,&#8220;originalId&#8220;:1225,&#8220;title&#8220;:448,&#8220;url&#8220;:1226,&#8220;urls&#8220;:3401,&#8220;childUrl&#8220;:-1,&#8220;parentUrl&#8220;:-1,&#8220;active&#8220;:9,&#8220;archived&#8220;:8},{&#8222;mainUrl&#8220;:1226,&#8220;epigraphUrl&#8220;:-1,&#8220;redirectUrl&#8220;:-1,&#8220;sourceUrl&#8220;:-1},{&#8222;name&#8220;:1229,&#8220;id&#8220;:1230,&#8220;originalId&#8220;:1231,&#8220;title&#8220;:1229,&#8220;url&#8220;:1232,&#8220;urls&#8220;:3403,&#8220;childUrl&#8220;:-1,&#8220;parentUrl&#8220;:-1,&#8220;active&#8220;:9,&#8220;archived&#8220;:8},{&#8222;mainUrl&#8220;:1232,&#8220;epigraphUrl&#8220;:-1,&#8220;redirectUrl&#8220;:-1,&#8220;sourceUrl&#8220;:-1},[],{&#8222;specialText&#8220;:-1,&#8220;text&#8220;:-1},{&#8222;footballInfo&#8220;:-1,&#8220;firstMessages&#8220;:3407,&#8220;multimediaType&#8220;:596,&#8220;contentType&#8220;:141,&#8220;id&#8220;:3408,&#8220;contentId&#8220;:3409,&#8220;title&#8220;:3410,&#8220;subtitle&#8220;:-1,&#8220;subtitleTwo&#8220;:-1,&#8220;photoClippings&#8220;:3411,&#8220;urls&#8220;:3433,&#8220;url&#8220;:3434,&#8220;sponsorship&#8220;:3435,&#8220;authors&#8220;:3436,&#8220;signature&#8220;:-1,&#8220;photoSignature&#8220;:3446,&#8220;qualityUrls&#8220;:-1,&#8220;embedInfo&#8220;:3448,&#8220;tags&#8220;:3449,&#8220;hyperlocalisms&#8220;:3492,&#8220;options&#8220;:3498,&#8220;externalOptions&#8220;:-1,&#8220;dates&#8220;:3515,&#8220;player&#8220;:-1,&#8220;originalId&#8220;:3409,&#8220;liveOptions&#8220;:-1,&#8220;epigraph&#8220;:-1,&#8220;photoDescription&#8220;:-1,&#8220;sections&#8220;:3519,&#8220;relatedContents&#8220;:3524,&#8220;kicker&#8220;:3525,&#8220;published&#8220;:9,&#8220;featuredHtml&#8220;:-1},[],&#8220;5ac81bca-aece-3058-8dc4-1d8a2a5ce416&#8243;,&#8220;123421156&#8243;,&#8220;Mallorca hat ein neues Highlight: Das Eisenbahnmuseum in Son Carri\u00f3 ist er\u00f6ffnet&#8220;,[3412,3421],{&#8222;width&#8220;:432,&#8220;url&#8220;:3413,&#8220;height&#8220;:435,&#8220;quality&#8220;:72,&#8220;childPhotoClippings&#8220;:3414,&#8220;type&#8220;:524,&#8220;cropped&#8220;:8},&#8220;https:\/\/estaticos-cdn.prensaiberica.es\/clip\/6b425e0b-528e-4794-91ce-f56a725463dd_16-9-discover-aspect-ratio_default_0.jpg&#8220;,[3415,3418],{&#8222;width&#8220;:519,&#8220;url&#8220;:3416,&#8220;height&#8220;:823,&#8220;quality&#8220;:824,&#8220;childPhotoClippings&#8220;:3417,&#8220;type&#8220;:524,&#8220;cropped&#8220;:8},&#8220;https:\/\/estaticos-cdn.prensaiberica.es\/clip\/6b425e0b-528e-4794-91ce-f56a725463dd_16-9-discover-aspect-ratio_640w_0.jpg&#8220;,[],{&#8222;width&#8220;:526,&#8220;url&#8220;:3419,&#8220;height&#8220;:828,&#8220;quality&#8220;:824,&#8220;childPhotoClippings&#8220;:3420,&#8220;type&#8220;:524,&#8220;cropped&#8220;:8},&#8220;https:\/\/estaticos-cdn.prensaiberica.es\/clip\/6b425e0b-528e-4794-91ce-f56a725463dd_16-9-discover-aspect-ratio_320w_0.jpg&#8220;,[],{&#8222;width&#8220;:532,&#8220;url&#8220;:3422,&#8220;height&#8220;:3423,&#8220;quality&#8220;:73,&#8220;childPhotoClippings&#8220;:3424,&#8220;type&#8220;:530,&#8220;cropped&#8220;:8},&#8220;https:\/\/estaticos-cdn.prensaiberica.es\/clip\/6b425e0b-528e-4794-91ce-f56a725463dd_media-libre-aspect-ratio_default_0.jpg&#8220;,&#8220;297&#8243;,[3425,3429],{&#8222;width&#8220;:519,&#8220;url&#8220;:3426,&#8220;height&#8220;:3427,&#8220;quality&#8220;:538,&#8220;childPhotoClippings&#8220;:3428,&#8220;type&#8220;:524,&#8220;cropped&#8220;:8},&#8220;https:\/\/estaticos-cdn.prensaiberica.es\/clip\/6b425e0b-528e-4794-91ce-f56a725463dd_media-libre-aspect-ratio_640w_0.jpg&#8220;,&#8220;288&#8243;,[],{&#8222;width&#8220;:526,&#8220;url&#8220;:3430,&#8220;height&#8220;:3431,&#8220;quality&#8220;:538,&#8220;childPhotoClippings&#8220;:3432,&#8220;type&#8220;:524,&#8220;cropped&#8220;:8},&#8220;https:\/\/estaticos-cdn.prensaiberica.es\/clip\/6b425e0b-528e-4794-91ce-f56a725463dd_media-libre-aspect-ratio_320w_0.jpg&#8220;,&#8220;144&#8243;,[],{&#8222;mainUrl&#8220;:3434,&#8220;epigraphUrl&#8220;:-1,&#8220;redirectUrl&#8220;:-1,&#8220;sourceUrl&#8220;:-1},&#8220;\/boulevard\/szene\/2025\/11\/10\/alte-dampflok-hologramme-virtuelle-fahrt-123421156.html&#8220;,{&#8222;follow&#8220;:8,&#8220;linkTarget&#8220;:-1,&#8220;trackingCode&#8220;:-1,&#8220;trackingCodeAmp&#8220;:-1,&#8220;text&#8220;:-1,&#8220;url&#8220;:-1},[3437],{&#8222;name&#8220;:3438,&#8220;id&#8220;:3439,&#8220;originalId&#8220;:3440,&#8220;title&#8220;:3438,&#8220;url&#8220;:3441,&#8220;image&#8220;:3442,&#8220;description&#8220;:3443,&#8220;authorInformation&#8220;:3444,&#8220;active&#8220;:9,&#8220;urls&#8220;:3445},&#8220;Sophie Mono&#8220;,&#8220;d2bc136a-1fa2-39aa-bef9-1892f98fd1de&#8220;,&#8220;28516&#8243;,&#8220;\/autoren\/sophie-mono.html&#8220;,&#8220;https:\/\/estaticos-cdn.prensaiberica.es\/clip\/60a7c723-89c2-498a-94c9-0bc44d662431_source-aspect-ratio_320w_0.jpg&#8220;,&#8220;\\u003Cp>1988 in Arnsberg geboren. Studium in Dortmund, Madrid und Hannover. Ist MZ-Au\u00dfenredakteurin in Cala Ratjada, mag Manacor lieber als Palma und tr\u00e4umt davon, die Menschen auf der Insel irgendwann in all ihrer Vielschichtigkeit zu erfassen.\\u003C\/p>&#8220;,{&#8222;position&#8220;:-1,&#8220;twitterUsername&#8220;:-1,&#8220;socialNetworks&#8220;:-1},{&#8222;mainUrl&#8220;:3441,&#8220;epigraphUrl&#8220;:-1,&#8220;redirectUrl&#8220;:-1,&#8220;sourceUrl&#8220;:-1},{&#8222;name&#8220;:3447,&#8220;place&#8220;:-1,&#8220;source&#8220;:-1,&#8220;authorText&#8220;:-1},&#8220;Biel Cap\u00f3&#8220;,{&#8222;html&#8220;:-1,&#8220;url&#8220;:-1},[3450,3456,3462,3468,3474,3480,3486],{&#8222;name&#8220;:3451,&#8220;id&#8220;:3452,&#8220;originalId&#8220;:3453,&#8220;title&#8220;:3451,&#8220;url&#8220;:3454,&#8220;urls&#8220;:3455,&#8220;active&#8220;:9},&#8220;Eisenbahnfreunde&#8220;,&#8220;3eb935b4-6309-3218-a76d-d1a8063808cf&#8220;,&#8220;REGIONALES_1583109&#8243;,&#8220;\/tags\/eisenbahnfreunde\/&#8220;,{&#8222;mainUrl&#8220;:3454,&#8220;epigraphUrl&#8220;:-1,&#8220;redirectUrl&#8220;:-1,&#8220;sourceUrl&#8220;:-1},{&#8222;name&#8220;:3457,&#8220;id&#8220;:3458,&#8220;originalId&#8220;:3459,&#8220;title&#8220;:3457,&#8220;url&#8220;:3460,&#8220;urls&#8220;:3461,&#8220;active&#8220;:9},&#8220;Eisenbahn&#8220;,&#8220;562a90f3-bab5-3b08-b496-a5d74d07fe33&#8243;,&#8220;REGIONALES_1583108&#8243;,&#8220;\/tags\/eisenbahn\/&#8220;,{&#8222;mainUrl&#8220;:3460,&#8220;epigraphUrl&#8220;:-1,&#8220;redirectUrl&#8220;:-1,&#8220;sourceUrl&#8220;:-1},{&#8222;name&#8220;:3463,&#8220;id&#8220;:3464,&#8220;originalId&#8220;:3465,&#8220;title&#8220;:3463,&#8220;url&#8220;:3466,&#8220;urls&#8220;:3467,&#8220;active&#8220;:9},&#8220;Familien&#8220;,&#8220;7195f7bb-d804-3242-83f3-0a1b921cc3c2&#8243;,&#8220;REGIONALES_1583270&#8243;,&#8220;\/tags\/familien\/&#8220;,{&#8222;mainUrl&#8220;:3466,&#8220;epigraphUrl&#8220;:-1,&#8220;redirectUrl&#8220;:-1,&#8220;sourceUrl&#8220;:-1},{&#8222;name&#8220;:3469,&#8220;id&#8220;:3470,&#8220;originalId&#8220;:3471,&#8220;title&#8220;:3469,&#8220;url&#8220;:3472,&#8220;urls&#8220;:3473,&#8220;active&#8220;:9},&#8220;Museum&#8220;,&#8220;d7816763-61e9-3376-a97e-d8be86f86ba2&#8243;,&#8220;REGIONALES_1881488&#8243;,&#8220;\/tags\/museum\/&#8220;,{&#8222;mainUrl&#8220;:3472,&#8220;epigraphUrl&#8220;:-1,&#8220;redirectUrl&#8220;:-1,&#8220;sourceUrl&#8220;:-1},{&#8222;name&#8220;:3475,&#8220;id&#8220;:3476,&#8220;originalId&#8220;:3477,&#8220;title&#8220;:3475,&#8220;url&#8220;:3478,&#8220;urls&#8220;:3479,&#8220;active&#8220;:9},&#8220;Museen&#8220;,&#8220;4b54bb35-cf0d-38f1-87cb-bdca8dd03c4b&#8220;,&#8220;REGIONALES_1584898&#8243;,&#8220;\/tags\/museen\/&#8220;,{&#8222;mainUrl&#8220;:3478,&#8220;epigraphUrl&#8220;:-1,&#8220;redirectUrl&#8220;:-1,&#8220;sourceUrl&#8220;:-1},{&#8222;name&#8220;:3481,&#8220;id&#8220;:3482,&#8220;originalId&#8220;:3483,&#8220;title&#8220;:3481,&#8220;url&#8220;:3484,&#8220;urls&#8220;:3485,&#8220;active&#8220;:9},&#8220;zuge&#8220;,&#8220;965411f7-4d69-359e-9e3c-197b1977887f&#8220;,&#8220;REGIONALES_1586772&#8243;,&#8220;\/tags\/zuge\/&#8220;,{&#8222;mainUrl&#8220;:3484,&#8220;epigraphUrl&#8220;:-1,&#8220;redirectUrl&#8220;:-1,&#8220;sourceUrl&#8220;:-1},{&#8222;name&#8220;:3487,&#8220;id&#8220;:3488,&#8220;originalId&#8220;:3489,&#8220;title&#8220;:3487,&#8220;url&#8220;:3490,&#8220;urls&#8220;:3491,&#8220;active&#8220;:9},&#8220;Zugfahren&#8220;,&#8220;5cb3a2d8-1bf8-37ce-8786-7c1adc448146&#8243;,&#8220;REGIONALES_1586773&#8243;,&#8220;\/tags\/zugfahren\/&#8220;,{&#8222;mainUrl&#8220;:3490,&#8220;epigraphUrl&#8220;:-1,&#8220;redirectUrl&#8220;:-1,&#8220;sourceUrl&#8220;:-1},[3493],{&#8222;name&#8220;:3494,&#8220;id&#8220;:3495,&#8220;originalId&#8220;:3496,&#8220;title&#8220;:3494,&#8220;url&#8220;:-1,&#8220;urls&#8220;:3497,&#8220;type&#8220;:2143,&#8220;breadcrumb&#8220;:-1,&#8220;active&#8220;:9},&#8220;Sant Lloren\u00e7 des Cardassar&#8220;,&#8220;8adbb513-6985-361f-897e-e3e2e9c94ac5&#8243;,&#8220;REGIONALES_29064&#8243;,{&#8222;sourceUrl&#8220;:-1,&#8220;redirectUrl&#8220;:-1,&#8220;mainUrl&#8220;:-1,&#8220;epigraphUrl&#8220;:-1},{&#8222;accessType&#8220;:1859,&#8220;interviewOptions&#8220;:3499,&#8220;frontOptions&#8220;:3500,&#8220;basicOptions&#8220;:3501,&#8220;adsOptions&#8220;:-1,&#8220;premiumOptions&#8220;:3502,&#8220;appearanceOptions&#8220;:3503,&#8220;countries&#8220;:3504,&#8220;notificationOptions&#8220;:3505,&#8220;type&#8220;:-1,&#8220;editionType&#8220;:-1,&#8220;redirectFollow&#8220;:9,&#8220;analyticsOptions&#8220;:3512,&#8220;communityOptions&#8220;:-1,&#8220;freeformHtmls&#8220;:-1,&#8220;sportsOptions&#8220;:-1},{&#8222;interviewKicker&#8220;:-1,&#8220;intervieweeRole&#8220;:-1,&#8220;isInterview&#8220;:8,&#8220;interviewee&#8220;:-1},{&#8222;showLiveIcon&#8220;:8,&#8220;excludeFromAutomaticModules&#8220;:-1,&#8220;hideColumnistStyle&#8220;:8,&#8220;showVideoIcon&#8220;:8,&#8220;showPhotoGalleryIcon&#8220;:8,&#8220;showImageSignature&#8220;:8,&#8220;specialKicker&#8220;:-1,&#8220;showSignature&#8220;:9,&#8220;hidePhoto&#8220;:8,&#8220;hideMediaReportStyle&#8220;:8,&#8220;titleSize&#8220;:-1,&#8220;showPlace&#8220;:8,&#8220;showPreTitle&#8220;:8},{&#8222;appearanceHideRelations&#8220;:8,&#8220;disablePageRefresh&#8220;:8,&#8220;appearanceHideInTagListings&#8220;:8,&#8220;denyComments&#8220;:8,&#8220;doNotGenerateAmpVersion&#8220;:8,&#8220;oldContent&#8220;:8,&#8220;sourceIsAgency&#8220;:8,&#8220;hideInLastContents&#8220;:8,&#8220;hideInTagPages&#8220;:8,&#8220;hideInMostViewed&#8220;:8,&#8220;hideInAllListings&#8220;:8,&#8220;source&#8220;:1247,&#8220;disableAmp&#8220;:8,&#8220;cxenseEnabled&#8220;:9,&#8220;isOpinion&#8220;:8},{&#8222;premiumKicker&#8220;:-1,&#8220;premiumShowButton&#8220;:8,&#8220;premiumButtonUrl&#8220;:-1,&#8220;premiumShowKicker&#8220;:8},{&#8222;hideRelations&#8220;:8,&#8220;oldContent&#8220;:8},[],{&#8222;expirationMinutes&#8220;:1252,&#8220;isPersistent&#8220;:8,&#8220;appOptions&#8220;:3506,&#8220;webOptions&#8220;:3508,&#8220;title&#8220;:3510,&#8220;body&#8220;:3511},{&#8222;sendPush&#8220;:8,&#8220;notificationButtons&#8220;:3507},[],{&#8222;sendPush&#8220;:8,&#8220;notificationButtons&#8220;:3509},[],&#8220;Mallorca hat ein neues Highlight: Das Eisenbahnmuseum in Son&#8220;,&#8220;In Son Carri\u00f3 hat am Montag (10.11.) die lang geplante Ausstellung er\u00f6ffnet. Ein 3,7-Millionen-Euro-Projekt, das j\u00e4hrlich gut 90.000 Besucher anziehen soll. Die MZ war vor Ort&#8220;,{&#8222;origin&#8220;:-1,&#8220;type&#8220;:-1,&#8220;editor&#8220;:2599,&#8220;category&#8220;:-1,&#8220;agencies&#8220;:3513,&#8220;adsTypes&#8220;:3514,&#8220;format&#8220;:1698,&#8220;variant&#8220;:1699},[],[],{&#8222;updateDate&#8220;:3516,&#8220;createDate&#8220;:3517,&#8220;releaseDate&#8220;:3518,&#8220;lastModifiedDate&#8220;:-1},[&#8222;Date&#8220;,&#8220;2025-11-12T08:39:02.000Z&#8220;],[&#8222;Date&#8220;,&#8220;2025-11-06T11:22:29.000Z&#8220;],[&#8222;Date&#8220;,&#8220;2025-11-10T13:25:59.000Z&#8220;],[3520,3522],{&#8222;name&#8220;:448,&#8220;id&#8220;:1224,&#8220;originalId&#8220;:1225,&#8220;title&#8220;:448,&#8220;url&#8220;:1226,&#8220;urls&#8220;:3521,&#8220;childUrl&#8220;:-1,&#8220;parentUrl&#8220;:-1,&#8220;active&#8220;:9,&#8220;archived&#8220;:8},{&#8222;mainUrl&#8220;:1226,&#8220;epigraphUrl&#8220;:-1,&#8220;redirectUrl&#8220;:-1,&#8220;sourceUrl&#8220;:-1},{&#8222;name&#8220;:1229,&#8220;id&#8220;:1230,&#8220;originalId&#8220;:1231,&#8220;title&#8220;:1229,&#8220;url&#8220;:1232,&#8220;urls&#8220;:3523,&#8220;childUrl&#8220;:-1,&#8220;parentUrl&#8220;:-1,&#8220;active&#8220;:9,&#8220;archived&#8220;:8},{&#8222;mainUrl&#8220;:1232,&#8220;epigraphUrl&#8220;:-1,&#8220;redirectUrl&#8220;:-1,&#8220;sourceUrl&#8220;:-1},[],{&#8222;specialText&#8220;:486,&#8220;text&#8220;:-1,&#8220;type&#8220;:-1},{&#8222;footballInfo&#8220;:-1,&#8220;firstMessages&#8220;:3527,&#8220;multimediaType&#8220;:596,&#8220;contentType&#8220;:141,&#8220;id&#8220;:3528,&#8220;contentId&#8220;:3529,&#8220;title&#8220;:3530,&#8220;subtitle&#8220;:-1,&#8220;subtitleTwo&#8220;:-1,&#8220;photoClippings&#8220;:3531,&#8220;urls&#8220;:3553,&#8220;url&#8220;:3554,&#8220;sponsorship&#8220;:3555,&#8220;authors&#8220;:3556,&#8220;signature&#8220;:-1,&#8220;photoSignature&#8220;:3563,&#8220;qualityUrls&#8220;:-1,&#8220;embedInfo&#8220;:3565,&#8220;tags&#8220;:3566,&#8220;hyperlocalisms&#8220;:3605,&#8220;options&#8220;:3606,&#8220;externalOptions&#8220;:-1,&#8220;dates&#8220;:3623,&#8220;player&#8220;:-1,&#8220;originalId&#8220;:3529,&#8220;liveOptions&#8220;:-1,&#8220;epigraph&#8220;:-1,&#8220;photoDescription&#8220;:-1,&#8220;sections&#8220;:3627,&#8220;relatedContents&#8220;:3632,&#8220;kicker&#8220;:3633,&#8220;published&#8220;:9,&#8220;featuredHtml&#8220;:-1},[],&#8220;93b7a73e-c519-3a85-abf6-4e87c18e4508&#8243;,&#8220;123411157&#8243;,&#8220;\u201eF\u00fcnf dumme Kinder beherrschen die Welt\u201c: Was Spaniens Computer-Koryph\u00e4e Mateo Valero Angst macht&#8220;,[3532,3541],{&#8222;width&#8220;:2520,&#8220;url&#8220;:3533,&#8220;height&#8220;:534,&#8220;quality&#8220;:2522,&#8220;childPhotoClippings&#8220;:3534,&#8220;type&#8220;:524,&#8220;cropped&#8220;:8},&#8220;https:\/\/estaticos-cdn.prensaiberica.es\/clip\/6dfdc3ce-1d18-459c-a554-5c2949b88045_16-9-aspect-ratio_default_0.jpg&#8220;,[3535,3538],{&#8222;width&#8220;:519,&#8220;url&#8220;:3536,&#8220;height&#8220;:823,&#8220;quality&#8220;:73,&#8220;childPhotoClippings&#8220;:3537,&#8220;type&#8220;:524,&#8220;cropped&#8220;:8},&#8220;https:\/\/estaticos-cdn.prensaiberica.es\/clip\/6dfdc3ce-1d18-459c-a554-5c2949b88045_16-9-aspect-ratio_640w_0.jpg&#8220;,[],{&#8222;width&#8220;:526,&#8220;url&#8220;:3539,&#8220;height&#8220;:828,&#8220;quality&#8220;:73,&#8220;childPhotoClippings&#8220;:3540,&#8220;type&#8220;:524,&#8220;cropped&#8220;:8},&#8220;https:\/\/estaticos-cdn.prensaiberica.es\/clip\/6dfdc3ce-1d18-459c-a554-5c2949b88045_16-9-aspect-ratio_320w_0.jpg&#8220;,[],{&#8222;width&#8220;:532,&#8220;url&#8220;:3542,&#8220;height&#8220;:3543,&#8220;quality&#8220;:73,&#8220;childPhotoClippings&#8220;:3544,&#8220;type&#8220;:530,&#8220;cropped&#8220;:8},&#8220;https:\/\/estaticos-cdn.prensaiberica.es\/clip\/6dfdc3ce-1d18-459c-a554-5c2949b88045_media-libre-aspect-ratio_default_0.jpg&#8220;,&#8220;449&#8243;,[3545,3549],{&#8222;width&#8220;:519,&#8220;url&#8220;:3546,&#8220;height&#8220;:3547,&#8220;quality&#8220;:538,&#8220;childPhotoClippings&#8220;:3548,&#8220;type&#8220;:524,&#8220;cropped&#8220;:8},&#8220;https:\/\/estaticos-cdn.prensaiberica.es\/clip\/6dfdc3ce-1d18-459c-a554-5c2949b88045_media-libre-aspect-ratio_640w_0.jpg&#8220;,&#8220;435&#8243;,[],{&#8222;width&#8220;:526,&#8220;url&#8220;:3550,&#8220;height&#8220;:3551,&#8220;quality&#8220;:538,&#8220;childPhotoClippings&#8220;:3552,&#8220;type&#8220;:524,&#8220;cropped&#8220;:8},&#8220;https:\/\/estaticos-cdn.prensaiberica.es\/clip\/6dfdc3ce-1d18-459c-a554-5c2949b88045_media-libre-aspect-ratio_320w_0.jpg&#8220;,&#8220;218&#8243;,[],{&#8222;mainUrl&#8220;:3554,&#8220;epigraphUrl&#8220;:-1,&#8220;redirectUrl&#8220;:-1,&#8220;sourceUrl&#8220;:-1},&#8220;\/boulevard\/szene\/2025\/11\/08\/funf-dumme-kinder-beherrschen-die-123411157.html&#8220;,{&#8222;follow&#8220;:8,&#8220;linkTarget&#8220;:-1,&#8220;trackingCode&#8220;:-1,&#8220;trackingCodeAmp&#8220;:-1,&#8220;text&#8220;:-1,&#8220;url&#8220;:-1},[3557],{&#8222;name&#8220;:3558,&#8220;id&#8220;:3559,&#8220;originalId&#8220;:3560,&#8220;title&#8220;:3558,&#8220;url&#8220;:3561,&#8220;image&#8220;:-1,&#8220;description&#8220;:-1,&#8220;authorInformation&#8220;:-1,&#8220;active&#8220;:9,&#8220;urls&#8220;:3562},&#8220;Mar Ferragut&#8220;,&#8220;f1dbb0f4-fbbc-3c49-b8f5-7839413efaff&#8220;,&#8220;1915004&#8243;,&#8220;\/autores\/mar-ferragut.html&#8220;,{&#8222;mainUrl&#8220;:3561,&#8220;epigraphUrl&#8220;:-1,&#8220;redirectUrl&#8220;:-1,&#8220;sourceUrl&#8220;:-1},{&#8222;name&#8220;:3564,&#8220;place&#8220;:-1,&#8220;source&#8220;:-1,&#8220;authorText&#8220;:-1},&#8220;UIB&#8220;,{&#8222;html&#8220;:-1,&#8220;url&#8220;:-1},[3567,3573,3579,3585,3591,3597,3599],{&#8222;name&#8220;:3568,&#8220;id&#8220;:3569,&#8220;originalId&#8220;:3570,&#8220;title&#8220;:3568,&#8220;url&#8220;:3571,&#8220;urls&#8220;:3572,&#8220;active&#8220;:9},&#8220;Computer&#8220;,&#8220;fec1ea63-cd8b-333b-8b09-04709f8f9d42&#8243;,&#8220;REGIONALES_1582904&#8243;,&#8220;\/tags\/computer\/&#8220;,{&#8222;mainUrl&#8220;:3571,&#8220;epigraphUrl&#8220;:-1,&#8220;redirectUrl&#8220;:-1,&#8220;sourceUrl&#8220;:-1},{&#8222;name&#8220;:3574,&#8220;id&#8220;:3575,&#8220;originalId&#8220;:3576,&#8220;title&#8220;:3574,&#8220;url&#8220;:3577,&#8220;urls&#8220;:3578,&#8220;active&#8220;:9},&#8220;Barcelona&#8220;,&#8220;386ca9e1-56db-372a-850e-1f009ad3b1c9&#8243;,&#8220;REGIONALES_1582437&#8243;,&#8220;\/tags\/barcelona\/&#8220;,{&#8222;mainUrl&#8220;:3577,&#8220;epigraphUrl&#8220;:-1,&#8220;redirectUrl&#8220;:-1,&#8220;sourceUrl&#8220;:-1},{&#8222;name&#8220;:3580,&#8220;id&#8220;:3581,&#8220;originalId&#8220;:3582,&#8220;title&#8220;:3580,&#8220;url&#8220;:3583,&#8220;urls&#8220;:3584,&#8220;active&#8220;:9},&#8220;Daten&#8220;,&#8220;c7faa6fd-23ca-398b-9ad1-801d75e0c911&#8243;,&#8220;REGIONALES_1582962&#8243;,&#8220;\/tags\/daten\/&#8220;,{&#8222;mainUrl&#8220;:3583,&#8220;epigraphUrl&#8220;:-1,&#8220;redirectUrl&#8220;:-1,&#8220;sourceUrl&#8220;:-1},{&#8222;name&#8220;:3586,&#8220;id&#8220;:3587,&#8220;originalId&#8220;:3588,&#8220;title&#8220;:3586,&#8220;url&#8220;:3589,&#8220;urls&#8220;:3590,&#8220;active&#8220;:9},&#8220;Menschen&#8220;,&#8220;766e0acb-36a5-3ed0-927a-9901a3c1b677&#8243;,&#8220;REGIONALES_1584732&#8243;,&#8220;\/tags\/menschen\/&#8220;,{&#8222;mainUrl&#8220;:3589,&#8220;epigraphUrl&#8220;:-1,&#8220;redirectUrl&#8220;:-1,&#8220;sourceUrl&#8220;:-1},{&#8222;name&#8220;:3592,&#8220;id&#8220;:3593,&#8220;originalId&#8220;:3594,&#8220;title&#8220;:3592,&#8220;url&#8220;:3595,&#8220;urls&#8220;:3596,&#8220;active&#8220;:9},&#8220;Technologien&#8220;,&#8220;da431197-83eb-32de-b667-03d70886a2ff&#8220;,&#8220;REGIONALES_1586247&#8243;,&#8220;\/tags\/technologien\/&#8220;,{&#8222;mainUrl&#8220;:3595,&#8220;epigraphUrl&#8220;:-1,&#8220;redirectUrl&#8220;:-1,&#8220;sourceUrl&#8220;:-1},{&#8222;name&#8220;:29,&#8220;id&#8220;:1293,&#8220;originalId&#8220;:1294,&#8220;title&#8220;:29,&#8220;url&#8220;:1295,&#8220;urls&#8220;:3598,&#8220;active&#8220;:9},{&#8222;mainUrl&#8220;:1295,&#8220;epigraphUrl&#8220;:-1,&#8220;redirectUrl&#8220;:-1,&#8220;sourceUrl&#8220;:-1},{&#8222;name&#8220;:3600,&#8220;id&#8220;:3601,&#8220;originalId&#8220;:3602,&#8220;title&#8220;:3600,&#8220;url&#8220;:3603,&#8220;urls&#8220;:3604,&#8220;active&#8220;:9},&#8220;K\u00fcnstliche Intelligenz&#8220;,&#8220;3f4634d6-b0b3-3709-8d55-022ccfc383a6&#8243;,&#8220;REGIONALES_1584320&#8243;,&#8220;\/tags\/kunstliche-intelligenz\/&#8220;,{&#8222;mainUrl&#8220;:3603,&#8220;epigraphUrl&#8220;:-1,&#8220;redirectUrl&#8220;:-1,&#8220;sourceUrl&#8220;:-1},[],{&#8222;accessType&#8220;:1859,&#8220;interviewOptions&#8220;:3607,&#8220;frontOptions&#8220;:3608,&#8220;basicOptions&#8220;:3609,&#8220;adsOptions&#8220;:-1,&#8220;premiumOptions&#8220;:3610,&#8220;appearanceOptions&#8220;:3611,&#8220;countries&#8220;:3612,&#8220;notificationOptions&#8220;:3613,&#8220;type&#8220;:-1,&#8220;editionType&#8220;:-1,&#8220;redirectFollow&#8220;:9,&#8220;analyticsOptions&#8220;:3620,&#8220;communityOptions&#8220;:-1,&#8220;freeformHtmls&#8220;:-1,&#8220;sportsOptions&#8220;:-1},{&#8222;interviewKicker&#8220;:-1,&#8220;intervieweeRole&#8220;:-1,&#8220;isInterview&#8220;:8,&#8220;interviewee&#8220;:-1},{&#8222;showLiveIcon&#8220;:8,&#8220;excludeFromAutomaticModules&#8220;:-1,&#8220;hideColumnistStyle&#8220;:8,&#8220;showVideoIcon&#8220;:8,&#8220;showPhotoGalleryIcon&#8220;:8,&#8220;showImageSignature&#8220;:8,&#8220;specialKicker&#8220;:-1,&#8220;showSignature&#8220;:9,&#8220;hidePhoto&#8220;:8,&#8220;hideMediaReportStyle&#8220;:8,&#8220;titleSize&#8220;:-1,&#8220;showPlace&#8220;:8,&#8220;showPreTitle&#8220;:8},{&#8222;appearanceHideRelations&#8220;:8,&#8220;disablePageRefresh&#8220;:8,&#8220;appearanceHideInTagListings&#8220;:8,&#8220;denyComments&#8220;:8,&#8220;doNotGenerateAmpVersion&#8220;:8,&#8220;oldContent&#8220;:8,&#8220;sourceIsAgency&#8220;:8,&#8220;hideInLastContents&#8220;:8,&#8220;hideInTagPages&#8220;:8,&#8220;hideInMostViewed&#8220;:8,&#8220;hideInAllListings&#8220;:8,&#8220;source&#8220;:2487,&#8220;disableAmp&#8220;:8,&#8220;cxenseEnabled&#8220;:9,&#8220;isOpinion&#8220;:8},{&#8222;premiumKicker&#8220;:-1,&#8220;premiumShowButton&#8220;:8,&#8220;premiumButtonUrl&#8220;:-1,&#8220;premiumShowKicker&#8220;:8},{&#8222;hideRelations&#8220;:8,&#8220;oldContent&#8220;:8},[],{&#8222;expirationMinutes&#8220;:1252,&#8220;isPersistent&#8220;:8,&#8220;appOptions&#8220;:3614,&#8220;webOptions&#8220;:3616,&#8220;title&#8220;:3618,&#8220;body&#8220;:3619},{&#8222;sendPush&#8220;:8,&#8220;notificationButtons&#8220;:3615},[],{&#8222;sendPush&#8220;:8,&#8220;notificationButtons&#8220;:3617},[],&#8220;\u201eF\u00fcnf dumme Kinder beherrschen die Welt\u201c: Was Spaniens Compu&#8220;,&#8220;Mateo Valero ist Gr\u00fcnder und Leiter des Barcelona Supercomputer Centers, das eines der leistungsf\u00e4higsten Computer der Welt betreibt. Jetzt gab er anl\u00e4sslich der Verleihung der Ehrendoktorw\u00fcrde durch die Balearen-Universit\u00e4t ein langes Interview&#8220;,{&#8222;origin&#8220;:-1,&#8220;type&#8220;:-1,&#8220;editor&#8220;:2499,&#8220;category&#8220;:-1,&#8220;agencies&#8220;:3621,&#8220;adsTypes&#8220;:3622,&#8220;format&#8220;:1698,&#8220;variant&#8220;:1699},[],[],{&#8222;updateDate&#8220;:3624,&#8220;createDate&#8220;:3625,&#8220;releaseDate&#8220;:3626,&#8220;lastModifiedDate&#8220;:-1},[&#8222;Date&#8220;,&#8220;2025-11-08T11:02:50.000Z&#8220;],[&#8222;Date&#8220;,&#8220;2025-11-06T06:32:15.000Z&#8220;],[&#8222;Date&#8220;,&#8220;2025-11-08T07:59:43.000Z&#8220;],[3628,3630],{&#8222;name&#8220;:448,&#8220;id&#8220;:1224,&#8220;originalId&#8220;:1225,&#8220;title&#8220;:448,&#8220;url&#8220;:1226,&#8220;urls&#8220;:3629,&#8220;childUrl&#8220;:-1,&#8220;parentUrl&#8220;:-1,&#8220;active&#8220;:9,&#8220;archived&#8220;:8},{&#8222;mainUrl&#8220;:1226,&#8220;epigraphUrl&#8220;:-1,&#8220;redirectUrl&#8220;:-1,&#8220;sourceUrl&#8220;:-1},{&#8222;name&#8220;:1229,&#8220;id&#8220;:1230,&#8220;originalId&#8220;:1231,&#8220;title&#8220;:1229,&#8220;url&#8220;:1232,&#8220;urls&#8220;:3631,&#8220;childUrl&#8220;:-1,&#8220;parentUrl&#8220;:-1,&#8220;active&#8220;:9,&#8220;archived&#8220;:8},{&#8222;mainUrl&#8220;:1232,&#8220;epigraphUrl&#8220;:-1,&#8220;redirectUrl&#8220;:-1,&#8220;sourceUrl&#8220;:-1},[],{&#8222;specialText&#8220;:486,&#8220;text&#8220;:-1,&#8220;type&#8220;:-1},{&#8222;footballInfo&#8220;:-1,&#8220;firstMessages&#8220;:3635,&#8220;multimediaType&#8220;:596,&#8220;contentType&#8220;:141,&#8220;id&#8220;:2021,&#8220;contentId&#8220;:2016,&#8220;title&#8220;:2144,&#8220;subtitle&#8220;:-1,&#8220;subtitleTwo&#8220;:-1,&#8220;photoClippings&#8220;:3636,&#8220;urls&#8220;:3649,&#8220;url&#8220;:2145,&#8220;sponsorship&#8220;:3650,&#8220;authors&#8220;:3651,&#8220;signature&#8220;:-1,&#8220;photoSignature&#8220;:3655,&#8220;qualityUrls&#8220;:-1,&#8220;embedInfo&#8220;:3656,&#8220;tags&#8220;:3657,&#8220;hyperlocalisms&#8220;:3672,&#8220;options&#8220;:3675,&#8220;externalOptions&#8220;:-1,&#8220;dates&#8220;:3690,&#8220;player&#8220;:-1,&#8220;originalId&#8220;:2016,&#8220;liveOptions&#8220;:-1,&#8220;epigraph&#8220;:-1,&#8220;photoDescription&#8220;:-1,&#8220;sections&#8220;:3694,&#8220;relatedContents&#8220;:3699,&#8220;kicker&#8220;:3700,&#8220;published&#8220;:9,&#8220;featuredHtml&#8220;:-1},[],[3637,3643],{&#8222;width&#8220;:432,&#8220;url&#8220;:2093,&#8220;height&#8220;:435,&#8220;quality&#8220;:72,&#8220;childPhotoClippings&#8220;:3638,&#8220;type&#8220;:524,&#8220;cropped&#8220;:8},[3639,3641],{&#8222;width&#8220;:519,&#8220;url&#8220;:2096,&#8220;height&#8220;:823,&#8220;quality&#8220;:824,&#8220;childPhotoClippings&#8220;:3640,&#8220;type&#8220;:524,&#8220;cropped&#8220;:8},[],{&#8222;width&#8220;:526,&#8220;url&#8220;:2099,&#8220;height&#8220;:828,&#8220;quality&#8220;:824,&#8220;childPhotoClippings&#8220;:3642,&#8220;type&#8220;:524,&#8220;cropped&#8220;:8},[],{&#8222;width&#8220;:532,&#8220;url&#8220;:2051,&#8220;height&#8220;:534,&#8220;quality&#8220;:73,&#8220;childPhotoClippings&#8220;:3644,&#8220;type&#8220;:530,&#8220;cropped&#8220;:8},[3645,3647],{&#8222;width&#8220;:519,&#8220;url&#8220;:2054,&#8220;height&#8220;:521,&#8220;quality&#8220;:538,&#8220;childPhotoClippings&#8220;:3646,&#8220;type&#8220;:524,&#8220;cropped&#8220;:8},[],{&#8222;width&#8220;:526,&#8220;url&#8220;:2057,&#8220;height&#8220;:528,&#8220;quality&#8220;:538,&#8220;childPhotoClippings&#8220;:3648,&#8220;type&#8220;:524,&#8220;cropped&#8220;:8},[],{&#8222;mainUrl&#8220;:2145,&#8220;epigraphUrl&#8220;:-1,&#8220;redirectUrl&#8220;:-1,&#8220;sourceUrl&#8220;:-1},{&#8222;follow&#8220;:8,&#8220;linkTarget&#8220;:-1,&#8220;trackingCode&#8220;:-1,&#8220;trackingCodeAmp&#8220;:-1,&#8220;text&#8220;:-1,&#8220;url&#8220;:-1},[3652],{&#8222;name&#8220;:418,&#8220;id&#8220;:2009,&#8220;originalId&#8220;:2010,&#8220;title&#8220;:418,&#8220;url&#8220;:2011,&#8220;image&#8220;:2012,&#8220;description&#8220;:2013,&#8220;authorInformation&#8220;:3653,&#8220;active&#8220;:9,&#8220;urls&#8220;:3654},{&#8222;position&#8220;:-1,&#8220;twitterUsername&#8220;:-1,&#8220;socialNetworks&#8220;:-1},{&#8222;mainUrl&#8220;:2011,&#8220;epigraphUrl&#8220;:-1,&#8220;redirectUrl&#8220;:-1,&#8220;sourceUrl&#8220;:-1},{&#8222;name&#8220;:418,&#8220;place&#8220;:-1,&#8220;source&#8220;:-1,&#8220;authorText&#8220;:-1},{&#8222;html&#8220;:-1,&#8220;url&#8220;:-1},[3658,3660,3662,3664,3666,3668,3670],{&#8222;name&#8220;:2108,&#8220;id&#8220;:2109,&#8220;originalId&#8220;:2110,&#8220;title&#8220;:2108,&#8220;url&#8220;:2111,&#8220;urls&#8220;:3659,&#8220;active&#8220;:9},{&#8222;mainUrl&#8220;:2111,&#8220;epigraphUrl&#8220;:-1,&#8220;redirectUrl&#8220;:-1,&#8220;sourceUrl&#8220;:-1},{&#8222;name&#8220;:2114,&#8220;id&#8220;:2115,&#8220;originalId&#8220;:2116,&#8220;title&#8220;:2114,&#8220;url&#8220;:2117,&#8220;urls&#8220;:3661,&#8220;active&#8220;:9},{&#8222;mainUrl&#8220;:2117,&#8220;epigraphUrl&#8220;:-1,&#8220;redirectUrl&#8220;:-1,&#8220;sourceUrl&#8220;:-1},{&#8222;name&#8220;:1304,&#8220;id&#8220;:1305,&#8220;originalId&#8220;:1306,&#8220;title&#8220;:1304,&#8220;url&#8220;:1307,&#8220;urls&#8220;:3663,&#8220;active&#8220;:9},{&#8222;mainUrl&#8220;:1307,&#8220;epigraphUrl&#8220;:-1,&#8220;redirectUrl&#8220;:-1,&#8220;sourceUrl&#8220;:-1},{&#8222;name&#8220;:1236,&#8220;id&#8220;:1237,&#8220;originalId&#8220;:1238,&#8220;title&#8220;:1236,&#8220;url&#8220;:1239,&#8220;urls&#8220;:3665,&#8220;active&#8220;:9},{&#8222;mainUrl&#8220;:1239,&#8220;epigraphUrl&#8220;:-1,&#8220;redirectUrl&#8220;:-1,&#8220;sourceUrl&#8220;:-1},{&#8222;name&#8220;:1979,&#8220;id&#8220;:1980,&#8220;originalId&#8220;:1981,&#8220;title&#8220;:1979,&#8220;url&#8220;:1982,&#8220;urls&#8220;:3667,&#8220;active&#8220;:9},{&#8222;mainUrl&#8220;:1982,&#8220;epigraphUrl&#8220;:-1,&#8220;redirectUrl&#8220;:-1,&#8220;sourceUrl&#8220;:-1},{&#8222;name&#8220;:2126,&#8220;id&#8220;:2127,&#8220;originalId&#8220;:2128,&#8220;title&#8220;:2126,&#8220;url&#8220;:2129,&#8220;urls&#8220;:3669,&#8220;active&#8220;:9},{&#8222;mainUrl&#8220;:2129,&#8220;epigraphUrl&#8220;:-1,&#8220;redirectUrl&#8220;:-1,&#8220;sourceUrl&#8220;:-1},{&#8222;name&#8220;:2132,&#8220;id&#8220;:2133,&#8220;originalId&#8220;:2134,&#8220;title&#8220;:2132,&#8220;url&#8220;:2135,&#8220;urls&#8220;:3671,&#8220;active&#8220;:9},{&#8222;mainUrl&#8220;:2135,&#8220;epigraphUrl&#8220;:-1,&#8220;redirectUrl&#8220;:-1,&#8220;sourceUrl&#8220;:-1},[3673],{&#8222;name&#8220;:2139,&#8220;id&#8220;:2140,&#8220;originalId&#8220;:2141,&#8220;title&#8220;:2139,&#8220;url&#8220;:-1,&#8220;urls&#8220;:3674,&#8220;type&#8220;:2143,&#8220;breadcrumb&#8220;:-1,&#8220;active&#8220;:9},{&#8222;sourceUrl&#8220;:-1,&#8220;redirectUrl&#8220;:-1,&#8220;mainUrl&#8220;:-1,&#8220;epigraphUrl&#8220;:-1},{&#8222;accessType&#8220;:1859,&#8220;interviewOptions&#8220;:3676,&#8220;frontOptions&#8220;:3677,&#8220;basicOptions&#8220;:3678,&#8220;adsOptions&#8220;:-1,&#8220;premiumOptions&#8220;:3679,&#8220;appearanceOptions&#8220;:3680,&#8220;countries&#8220;:3681,&#8220;notificationOptions&#8220;:3682,&#8220;type&#8220;:-1,&#8220;editionType&#8220;:-1,&#8220;redirectFollow&#8220;:9,&#8220;analyticsOptions&#8220;:3687,&#8220;communityOptions&#8220;:-1,&#8220;freeformHtmls&#8220;:-1,&#8220;sportsOptions&#8220;:-1},{&#8222;interviewKicker&#8220;:-1,&#8220;intervieweeRole&#8220;:-1,&#8220;isInterview&#8220;:8,&#8220;interviewee&#8220;:-1},{&#8222;showLiveIcon&#8220;:8,&#8220;excludeFromAutomaticModules&#8220;:-1,&#8220;hideColumnistStyle&#8220;:8,&#8220;showVideoIcon&#8220;:8,&#8220;showPhotoGalleryIcon&#8220;:8,&#8220;showImageSignature&#8220;:8,&#8220;specialKicker&#8220;:-1,&#8220;showSignature&#8220;:9,&#8220;hidePhoto&#8220;:8,&#8220;hideMediaReportStyle&#8220;:8,&#8220;titleSize&#8220;:-1,&#8220;showPlace&#8220;:8,&#8220;showPreTitle&#8220;:8},{&#8222;appearanceHideRelations&#8220;:8,&#8220;disablePageRefresh&#8220;:8,&#8220;appearanceHideInTagListings&#8220;:8,&#8220;denyComments&#8220;:8,&#8220;doNotGenerateAmpVersion&#8220;:8,&#8220;oldContent&#8220;:8,&#8220;sourceIsAgency&#8220;:8,&#8220;hideInLastContents&#8220;:8,&#8220;hideInTagPages&#8220;:8,&#8220;hideInMostViewed&#8220;:8,&#8220;hideInAllListings&#8220;:8,&#8220;source&#8220;:1247,&#8220;disableAmp&#8220;:8,&#8220;cxenseEnabled&#8220;:9,&#8220;isOpinion&#8220;:8},{&#8222;premiumKicker&#8220;:-1,&#8220;premiumShowButton&#8220;:8,&#8220;premiumButtonUrl&#8220;:-1,&#8220;premiumShowKicker&#8220;:8},{&#8222;hideRelations&#8220;:8,&#8220;oldContent&#8220;:8},[],{&#8222;expirationMinutes&#8220;:1252,&#8220;isPersistent&#8220;:8,&#8220;appOptions&#8220;:3683,&#8220;webOptions&#8220;:3685,&#8220;title&#8220;:2034,&#8220;body&#8220;:2035},{&#8222;sendPush&#8220;:8,&#8220;notificationButtons&#8220;:3684},[],{&#8222;sendPush&#8220;:8,&#8220;notificationButtons&#8220;:3686},[],{&#8222;origin&#8220;:-1,&#8220;type&#8220;:-1,&#8220;editor&#8220;:2037,&#8220;category&#8220;:-1,&#8220;agencies&#8220;:3688,&#8220;adsTypes&#8220;:3689,&#8220;format&#8220;:1698,&#8220;variant&#8220;:1699},[],[],{&#8222;updateDate&#8220;:3691,&#8220;createDate&#8220;:3692,&#8220;releaseDate&#8220;:3693,&#8220;lastModifiedDate&#8220;:-1},[&#8222;Date&#8220;,&#8220;2025-11-03T15:22:05.000Z&#8220;],[&#8222;Date&#8220;,&#8220;2025-11-03T15:08:40.000Z&#8220;],[&#8222;Date&#8220;,&#8220;2025-11-03T15:22:05.000Z&#8220;],[3695,3697],{&#8222;name&#8220;:448,&#8220;id&#8220;:1224,&#8220;originalId&#8220;:1225,&#8220;title&#8220;:448,&#8220;url&#8220;:1226,&#8220;urls&#8220;:3696,&#8220;childUrl&#8220;:-1,&#8220;parentUrl&#8220;:-1,&#8220;active&#8220;:9,&#8220;archived&#8220;:8},{&#8222;mainUrl&#8220;:1226,&#8220;epigraphUrl&#8220;:-1,&#8220;redirectUrl&#8220;:-1,&#8220;sourceUrl&#8220;:-1},{&#8222;name&#8220;:1229,&#8220;id&#8220;:1230,&#8220;originalId&#8220;:1231,&#8220;title&#8220;:1229,&#8220;url&#8220;:1232,&#8220;urls&#8220;:3698,&#8220;childUrl&#8220;:-1,&#8220;parentUrl&#8220;:-1,&#8220;active&#8220;:9,&#8220;archived&#8220;:8},{&#8222;mainUrl&#8220;:1232,&#8220;epigraphUrl&#8220;:-1,&#8220;redirectUrl&#8220;:-1,&#8220;sourceUrl&#8220;:-1},[],{&#8222;specialText&#8220;:486,&#8220;text&#8220;:-1,&#8220;type&#8220;:-1},{&#8222;footballInfo&#8220;:-1,&#8220;firstMessages&#8220;:3702,&#8220;multimediaType&#8220;:596,&#8220;contentType&#8220;:1281,&#8220;id&#8220;:3703,&#8220;contentId&#8220;:3704,&#8220;title&#8220;:3705,&#8220;subtitle&#8220;:-1,&#8220;subtitleTwo&#8220;:-1,&#8220;photoClippings&#8220;:3706,&#8220;urls&#8220;:3716,&#8220;url&#8220;:3717,&#8220;sponsorship&#8220;:3718,&#8220;authors&#8220;:3719,&#8220;signature&#8220;:-1,&#8220;photoSignature&#8220;:3720,&#8220;qualityUrls&#8220;:-1,&#8220;embedInfo&#8220;:3722,&#8220;tags&#8220;:3723,&#8220;hyperlocalisms&#8220;:3742,&#8220;options&#8220;:3743,&#8220;externalOptions&#8220;:-1,&#8220;dates&#8220;:3760,&#8220;player&#8220;:-1,&#8220;originalId&#8220;:3704,&#8220;liveOptions&#8220;:-1,&#8220;epigraph&#8220;:-1,&#8220;photoDescription&#8220;:-1,&#8220;sections&#8220;:3764,&#8220;relatedContents&#8220;:3769,&#8220;kicker&#8220;:3770,&#8220;published&#8220;:9,&#8220;featuredHtml&#8220;:-1},[],&#8220;490bae58-16ab-3738-ba94-878b441ebe50&#8243;,&#8220;123259480&#8243;,&#8220;Tribute to Bambi auf Mallorca: Diese deutschen Prominenten waren dabei&#8220;,[3707],{&#8222;width&#8220;:532,&#8220;url&#8220;:3708,&#8220;height&#8220;:811,&#8220;quality&#8220;:73,&#8220;childPhotoClippings&#8220;:3709,&#8220;type&#8220;:524,&#8220;cropped&#8220;:8},&#8220;https:\/\/estaticos-cdn.prensaiberica.es\/clip\/da86e299-3f46-41a9-96d3-dfe3b00eb1dd_media-libre-aspect-ratio_default_0.jpg&#8220;,[3710,3713],{&#8222;width&#8220;:519,&#8220;url&#8220;:3711,&#8220;height&#8220;:803,&#8220;quality&#8220;:538,&#8220;childPhotoClippings&#8220;:3712,&#8220;type&#8220;:524,&#8220;cropped&#8220;:8},&#8220;https:\/\/estaticos-cdn.prensaiberica.es\/clip\/da86e299-3f46-41a9-96d3-dfe3b00eb1dd_media-libre-aspect-ratio_640w_0.jpg&#8220;,[],{&#8222;width&#8220;:526,&#8220;url&#8220;:3714,&#8220;height&#8220;:807,&#8220;quality&#8220;:538,&#8220;childPhotoClippings&#8220;:3715,&#8220;type&#8220;:524,&#8220;cropped&#8220;:8},&#8220;https:\/\/estaticos-cdn.prensaiberica.es\/clip\/da86e299-3f46-41a9-96d3-dfe3b00eb1dd_media-libre-aspect-ratio_320w_0.jpg&#8220;,[],{&#8222;mainUrl&#8220;:3717,&#8220;epigraphUrl&#8220;:-1,&#8220;redirectUrl&#8220;:-1,&#8220;sourceUrl&#8220;:-1},&#8220;\/boulevard\/szene\/2025\/11\/01\/tribute-to-bambi-auf-mallorca-123259480.html&#8220;,{&#8222;follow&#8220;:8,&#8220;linkTarget&#8220;:-1,&#8220;trackingCode&#8220;:-1,&#8220;trackingCodeAmp&#8220;:-1,&#8220;text&#8220;:-1,&#8220;url&#8220;:-1},[],{&#8222;name&#8220;:3721,&#8220;place&#8220;:-1,&#8220;source&#8220;:-1,&#8220;authorText&#8220;:-1},&#8220;Kay Kirchwitz \/ Star Press&#8220;,{&#8222;html&#8220;:-1,&#8220;url&#8220;:-1},[3724,3730,3736],{&#8222;name&#8220;:3725,&#8220;id&#8220;:3726,&#8220;originalId&#8220;:3727,&#8220;title&#8220;:3725,&#8220;url&#8220;:3728,&#8220;urls&#8220;:3729,&#8220;active&#8220;:9},&#8220;Puerto Portals&#8220;,&#8220;bde80046-8b82-3194-91fd-73c1a2783216&#8243;,&#8220;REGIONALES_1585385&#8243;,&#8220;\/tags\/puerto-portals\/&#8220;,{&#8222;mainUrl&#8220;:3728,&#8220;epigraphUrl&#8220;:-1,&#8220;redirectUrl&#8220;:-1,&#8220;sourceUrl&#8220;:-1},{&#8222;name&#8220;:3731,&#8220;id&#8220;:3732,&#8220;originalId&#8220;:3733,&#8220;title&#8220;:3731,&#8220;url&#8220;:3734,&#8220;urls&#8220;:3735,&#8220;active&#8220;:9},&#8220;Spenden&#8220;,&#8220;cd54bcf1-c6c8-37c2-853d-43a60e052307&#8243;,&#8220;REGIONALES_1586055&#8243;,&#8220;\/tags\/spenden\/&#8220;,{&#8222;mainUrl&#8220;:3734,&#8220;epigraphUrl&#8220;:-1,&#8220;redirectUrl&#8220;:-1,&#8220;sourceUrl&#8220;:-1},{&#8222;name&#8220;:3737,&#8220;id&#8220;:3738,&#8220;originalId&#8220;:3739,&#8220;title&#8220;:3737,&#8220;url&#8220;:3740,&#8220;urls&#8220;:3741,&#8220;active&#8220;:9},&#8220;Prominente&#8220;,&#8220;b9c7f638-767d-3647-bf60-bb89420da22a&#8220;,&#8220;REGIONALES_1585367&#8243;,&#8220;\/tags\/prominente\/&#8220;,{&#8222;mainUrl&#8220;:3740,&#8220;epigraphUrl&#8220;:-1,&#8220;redirectUrl&#8220;:-1,&#8220;sourceUrl&#8220;:-1},[],{&#8222;accessType&#8220;:-1,&#8220;interviewOptions&#8220;:3744,&#8220;frontOptions&#8220;:3745,&#8220;basicOptions&#8220;:3746,&#8220;adsOptions&#8220;:-1,&#8220;premiumOptions&#8220;:3747,&#8220;appearanceOptions&#8220;:3748,&#8220;countries&#8220;:3749,&#8220;notificationOptions&#8220;:3750,&#8220;type&#8220;:1258,&#8220;editionType&#8220;:-1,&#8220;redirectFollow&#8220;:9,&#8220;analyticsOptions&#8220;:3757,&#8220;communityOptions&#8220;:-1,&#8220;freeformHtmls&#8220;:-1,&#8220;sportsOptions&#8220;:-1},{&#8222;interviewKicker&#8220;:-1,&#8220;intervieweeRole&#8220;:-1,&#8220;isInterview&#8220;:8,&#8220;interviewee&#8220;:-1},{&#8222;showLiveIcon&#8220;:8,&#8220;excludeFromAutomaticModules&#8220;:-1,&#8220;hideColumnistStyle&#8220;:8,&#8220;showVideoIcon&#8220;:8,&#8220;showPhotoGalleryIcon&#8220;:8,&#8220;showImageSignature&#8220;:8,&#8220;specialKicker&#8220;:-1,&#8220;showSignature&#8220;:8,&#8220;hidePhoto&#8220;:8,&#8220;hideMediaReportStyle&#8220;:8,&#8220;titleSize&#8220;:-1,&#8220;showPlace&#8220;:8,&#8220;showPreTitle&#8220;:8},{&#8222;appearanceHideRelations&#8220;:8,&#8220;disablePageRefresh&#8220;:8,&#8220;appearanceHideInTagListings&#8220;:8,&#8220;denyComments&#8220;:8,&#8220;doNotGenerateAmpVersion&#8220;:8,&#8220;oldContent&#8220;:8,&#8220;sourceIsAgency&#8220;:8,&#8220;hideInLastContents&#8220;:8,&#8220;hideInTagPages&#8220;:8,&#8220;hideInMostViewed&#8220;:8,&#8220;hideInAllListings&#8220;:8,&#8220;source&#8220;:1247,&#8220;disableAmp&#8220;:8,&#8220;cxenseEnabled&#8220;:8,&#8220;isOpinion&#8220;:8},{&#8222;premiumKicker&#8220;:-1,&#8220;premiumShowButton&#8220;:8,&#8220;premiumButtonUrl&#8220;:-1,&#8220;premiumShowKicker&#8220;:8},{&#8222;hideRelations&#8220;:8,&#8220;oldContent&#8220;:8},[],{&#8222;expirationMinutes&#8220;:1252,&#8220;isPersistent&#8220;:8,&#8220;appOptions&#8220;:3751,&#8220;webOptions&#8220;:3753,&#8220;title&#8220;:3755,&#8220;body&#8220;:3756},{&#8222;sendPush&#8220;:8,&#8220;notificationButtons&#8220;:3752},[],{&#8222;sendPush&#8220;:8,&#8220;notificationButtons&#8220;:3754},[],&#8220;Tribute to Bambi auf Mallorca: Diese deutschen Prominenten w&#8220;,&#8220;Viel deutsche Prominenz bei einem Charity-Dinner am vergangenen Donnerstag (30.10.) in Puerto Portals: Gastgeberin Patricia Riekel konnte dank der Mithilfe unter anderem von Moderatorin Alana Siegel, Simone Ballack und S\u00e4nger Patrick Lindner 75.000 Euro f\u00fcr ihre Stiftung Tribute to Bambi sammeln.&#8220;,{&#8222;origin&#8220;:-1,&#8220;type&#8220;:-1,&#8220;editor&#8220;:1735,&#8220;category&#8220;:-1,&#8220;agencies&#8220;:3758,&#8220;adsTypes&#8220;:3759,&#8220;format&#8220;:-1,&#8220;variant&#8220;:-1},[],[],{&#8222;updateDate&#8220;:3761,&#8220;createDate&#8220;:3762,&#8220;releaseDate&#8220;:3763,&#8220;lastModifiedDate&#8220;:-1},[&#8222;Date&#8220;,&#8220;2025-11-02T08:31:24.000Z&#8220;],[&#8222;Date&#8220;,&#8220;2025-11-01T14:35:26.000Z&#8220;],[&#8222;Date&#8220;,&#8220;2025-11-01T15:19:56.000Z&#8220;],[3765,3767],{&#8222;name&#8220;:448,&#8220;id&#8220;:1224,&#8220;originalId&#8220;:1225,&#8220;title&#8220;:448,&#8220;url&#8220;:1226,&#8220;urls&#8220;:3766,&#8220;childUrl&#8220;:-1,&#8220;parentUrl&#8220;:-1,&#8220;active&#8220;:9,&#8220;archived&#8220;:8},{&#8222;mainUrl&#8220;:1226,&#8220;epigraphUrl&#8220;:-1,&#8220;redirectUrl&#8220;:-1,&#8220;sourceUrl&#8220;:-1},{&#8222;name&#8220;:1229,&#8220;id&#8220;:1230,&#8220;originalId&#8220;:1231,&#8220;title&#8220;:1229,&#8220;url&#8220;:1232,&#8220;urls&#8220;:3768,&#8220;childUrl&#8220;:-1,&#8220;parentUrl&#8220;:-1,&#8220;active&#8220;:9,&#8220;archived&#8220;:8},{&#8222;mainUrl&#8220;:1232,&#8220;epigraphUrl&#8220;:-1,&#8220;redirectUrl&#8220;:-1,&#8220;sourceUrl&#8220;:-1},[],{&#8222;specialText&#8220;:-1,&#8220;text&#8220;:-1},{&#8222;footballInfo&#8220;:-1,&#8220;firstMessages&#8220;:3772,&#8220;multimediaType&#8220;:596,&#8220;contentType&#8220;:141,&#8220;id&#8220;:3773,&#8220;contentId&#8220;:3774,&#8220;title&#8220;:3775,&#8220;subtitle&#8220;:-1,&#8220;subtitleTwo&#8220;:-1,&#8220;photoClippings&#8220;:3776,&#8220;urls&#8220;:3795,&#8220;url&#8220;:3796,&#8220;sponsorship&#8220;:3797,&#8220;authors&#8220;:3798,&#8220;signature&#8220;:-1,&#8220;photoSignature&#8220;:3802,&#8220;qualityUrls&#8220;:-1,&#8220;embedInfo&#8220;:3804,&#8220;tags&#8220;:3805,&#8220;hyperlocalisms&#8220;:3822,&#8220;options&#8220;:3823,&#8220;externalOptions&#8220;:-1,&#8220;dates&#8220;:3840,&#8220;player&#8220;:-1,&#8220;originalId&#8220;:3774,&#8220;liveOptions&#8220;:-1,&#8220;epigraph&#8220;:-1,&#8220;photoDescription&#8220;:-1,&#8220;sections&#8220;:3844,&#8220;relatedContents&#8220;:3849,&#8220;kicker&#8220;:3850,&#8220;published&#8220;:9,&#8220;featuredHtml&#8220;:-1},[],&#8220;0439f7da-e48e-393d-b628-17d9e911867c&#8220;,&#8220;123150796&#8243;,&#8220;Closing am Ballermann 2025: Vers\u00f6hnung mit den Partytouristen&#8220;,[3777,3786],{&#8222;width&#8220;:432,&#8220;url&#8220;:3778,&#8220;height&#8220;:435,&#8220;quality&#8220;:72,&#8220;childPhotoClippings&#8220;:3779,&#8220;type&#8220;:524,&#8220;cropped&#8220;:8},&#8220;https:\/\/estaticos-cdn.prensaiberica.es\/clip\/1120d035-7532-43dc-a143-fdf05ff74cf2_16-9-discover-aspect-ratio_default_0.jpg&#8220;,[3780,3783],{&#8222;width&#8220;:519,&#8220;url&#8220;:3781,&#8220;height&#8220;:823,&#8220;quality&#8220;:824,&#8220;childPhotoClippings&#8220;:3782,&#8220;type&#8220;:524,&#8220;cropped&#8220;:8},&#8220;https:\/\/estaticos-cdn.prensaiberica.es\/clip\/1120d035-7532-43dc-a143-fdf05ff74cf2_16-9-discover-aspect-ratio_640w_0.jpg&#8220;,[],{&#8222;width&#8220;:526,&#8220;url&#8220;:3784,&#8220;height&#8220;:828,&#8220;quality&#8220;:824,&#8220;childPhotoClippings&#8220;:3785,&#8220;type&#8220;:524,&#8220;cropped&#8220;:8},&#8220;https:\/\/estaticos-cdn.prensaiberica.es\/clip\/1120d035-7532-43dc-a143-fdf05ff74cf2_16-9-discover-aspect-ratio_320w_0.jpg&#8220;,[],{&#8222;width&#8220;:532,&#8220;url&#8220;:3787,&#8220;height&#8220;:534,&#8220;quality&#8220;:73,&#8220;childPhotoClippings&#8220;:3788,&#8220;type&#8220;:530,&#8220;cropped&#8220;:8},&#8220;https:\/\/estaticos-cdn.prensaiberica.es\/clip\/1120d035-7532-43dc-a143-fdf05ff74cf2_media-libre-aspect-ratio_default_0.jpg&#8220;,[3789,3792],{&#8222;width&#8220;:519,&#8220;url&#8220;:3790,&#8220;height&#8220;:521,&#8220;quality&#8220;:538,&#8220;childPhotoClippings&#8220;:3791,&#8220;type&#8220;:524,&#8220;cropped&#8220;:8},&#8220;https:\/\/estaticos-cdn.prensaiberica.es\/clip\/1120d035-7532-43dc-a143-fdf05ff74cf2_media-libre-aspect-ratio_640w_0.jpg&#8220;,[],{&#8222;width&#8220;:526,&#8220;url&#8220;:3793,&#8220;height&#8220;:528,&#8220;quality&#8220;:538,&#8220;childPhotoClippings&#8220;:3794,&#8220;type&#8220;:524,&#8220;cropped&#8220;:8},&#8220;https:\/\/estaticos-cdn.prensaiberica.es\/clip\/1120d035-7532-43dc-a143-fdf05ff74cf2_media-libre-aspect-ratio_320w_0.jpg&#8220;,[],{&#8222;mainUrl&#8220;:3796,&#8220;epigraphUrl&#8220;:-1,&#8220;redirectUrl&#8220;:-1,&#8220;sourceUrl&#8220;:-1},&#8220;\/boulevard\/szene\/2025\/10\/29\/closing-ballermann-palma-beach-megapark-bierkoenig-123150796.html&#8220;,{&#8222;follow&#8220;:8,&#8220;linkTarget&#8220;:-1,&#8220;trackingCode&#8220;:-1,&#8220;trackingCodeAmp&#8220;:-1,&#8220;text&#8220;:-1,&#8220;url&#8220;:-1},[3799],{&#8222;name&#8220;:418,&#8220;id&#8220;:2009,&#8220;originalId&#8220;:2010,&#8220;title&#8220;:418,&#8220;url&#8220;:2011,&#8220;image&#8220;:2012,&#8220;description&#8220;:2013,&#8220;authorInformation&#8220;:3800,&#8220;active&#8220;:9,&#8220;urls&#8220;:3801},{&#8222;position&#8220;:-1,&#8220;twitterUsername&#8220;:-1,&#8220;socialNetworks&#8220;:-1},{&#8222;mainUrl&#8220;:2011,&#8220;epigraphUrl&#8220;:-1,&#8220;redirectUrl&#8220;:-1,&#8220;sourceUrl&#8220;:-1},{&#8222;name&#8220;:3803,&#8220;place&#8220;:-1,&#8220;source&#8220;:-1,&#8220;authorText&#8220;:-1},&#8220;Sarah Fern\u00e1ndez&#8220;,{&#8222;html&#8220;:-1,&#8220;url&#8220;:-1},[3806,3808,3810,3812,3818,3820],{&#8222;name&#8220;:1304,&#8220;id&#8220;:1305,&#8220;originalId&#8220;:1306,&#8220;title&#8220;:1304,&#8220;url&#8220;:1307,&#8220;urls&#8220;:3807,&#8220;active&#8220;:9},{&#8222;mainUrl&#8220;:1307,&#8220;epigraphUrl&#8220;:-1,&#8220;redirectUrl&#8220;:-1,&#8220;sourceUrl&#8220;:-1},{&#8222;name&#8220;:2108,&#8220;id&#8220;:2109,&#8220;originalId&#8220;:2110,&#8220;title&#8220;:2108,&#8220;url&#8220;:2111,&#8220;urls&#8220;:3809,&#8220;active&#8220;:9},{&#8222;mainUrl&#8220;:2111,&#8220;epigraphUrl&#8220;:-1,&#8220;redirectUrl&#8220;:-1,&#8220;sourceUrl&#8220;:-1},{&#8222;name&#8220;:1236,&#8220;id&#8220;:1237,&#8220;originalId&#8220;:1238,&#8220;title&#8220;:1236,&#8220;url&#8220;:1239,&#8220;urls&#8220;:3811,&#8220;active&#8220;:9},{&#8222;mainUrl&#8220;:1239,&#8220;epigraphUrl&#8220;:-1,&#8220;redirectUrl&#8220;:-1,&#8220;sourceUrl&#8220;:-1},{&#8222;name&#8220;:3813,&#8220;id&#8220;:3814,&#8220;originalId&#8220;:3815,&#8220;title&#8220;:3813,&#8220;url&#8220;:3816,&#8220;urls&#8220;:3817,&#8220;active&#8220;:9},&#8220;Palma Beach&#8220;,&#8220;ac0a9c63-356e-3c3b-85ff-f5e815c9d014&#8243;,&#8220;REGIONALES_1585113&#8243;,&#8220;\/tags\/palma-beach\/&#8220;,{&#8222;mainUrl&#8220;:3816,&#8220;epigraphUrl&#8220;:-1,&#8220;redirectUrl&#8220;:-1,&#8220;sourceUrl&#8220;:-1},{&#8222;name&#8220;:3037,&#8220;id&#8220;:3038,&#8220;originalId&#8220;:3039,&#8220;title&#8220;:3037,&#8220;url&#8220;:3040,&#8220;urls&#8220;:3819,&#8220;active&#8220;:9},{&#8222;mainUrl&#8220;:3040,&#8220;epigraphUrl&#8220;:-1,&#8220;redirectUrl&#8220;:-1,&#8220;sourceUrl&#8220;:-1},{&#8222;name&#8220;:29,&#8220;id&#8220;:1293,&#8220;originalId&#8220;:1294,&#8220;title&#8220;:29,&#8220;url&#8220;:1295,&#8220;urls&#8220;:3821,&#8220;active&#8220;:9},{&#8222;mainUrl&#8220;:1295,&#8220;epigraphUrl&#8220;:-1,&#8220;redirectUrl&#8220;:-1,&#8220;sourceUrl&#8220;:-1},[],{&#8222;accessType&#8220;:1859,&#8220;interviewOptions&#8220;:3824,&#8220;frontOptions&#8220;:3825,&#8220;basicOptions&#8220;:3826,&#8220;adsOptions&#8220;:-1,&#8220;premiumOptions&#8220;:3827,&#8220;appearanceOptions&#8220;:3828,&#8220;countries&#8220;:3829,&#8220;notificationOptions&#8220;:3830,&#8220;type&#8220;:-1,&#8220;editionType&#8220;:-1,&#8220;redirectFollow&#8220;:9,&#8220;analyticsOptions&#8220;:3837,&#8220;communityOptions&#8220;:-1,&#8220;freeformHtmls&#8220;:-1,&#8220;sportsOptions&#8220;:-1},{&#8222;interviewKicker&#8220;:-1,&#8220;intervieweeRole&#8220;:-1,&#8220;isInterview&#8220;:8,&#8220;interviewee&#8220;:-1},{&#8222;showLiveIcon&#8220;:8,&#8220;excludeFromAutomaticModules&#8220;:-1,&#8220;hideColumnistStyle&#8220;:8,&#8220;showVideoIcon&#8220;:8,&#8220;showPhotoGalleryIcon&#8220;:8,&#8220;showImageSignature&#8220;:8,&#8220;specialKicker&#8220;:-1,&#8220;showSignature&#8220;:9,&#8220;hidePhoto&#8220;:8,&#8220;hideMediaReportStyle&#8220;:8,&#8220;titleSize&#8220;:-1,&#8220;showPlace&#8220;:8,&#8220;showPreTitle&#8220;:8},{&#8222;appearanceHideRelations&#8220;:8,&#8220;disablePageRefresh&#8220;:8,&#8220;appearanceHideInTagListings&#8220;:8,&#8220;denyComments&#8220;:8,&#8220;doNotGenerateAmpVersion&#8220;:8,&#8220;oldContent&#8220;:8,&#8220;sourceIsAgency&#8220;:8,&#8220;hideInLastContents&#8220;:8,&#8220;hideInTagPages&#8220;:8,&#8220;hideInMostViewed&#8220;:8,&#8220;hideInAllListings&#8220;:8,&#8220;source&#8220;:1247,&#8220;disableAmp&#8220;:8,&#8220;cxenseEnabled&#8220;:9,&#8220;isOpinion&#8220;:8},{&#8222;premiumKicker&#8220;:-1,&#8220;premiumShowButton&#8220;:8,&#8220;premiumButtonUrl&#8220;:-1,&#8220;premiumShowKicker&#8220;:8},{&#8222;hideRelations&#8220;:8,&#8220;oldContent&#8220;:8},[],{&#8222;expirationMinutes&#8220;:1252,&#8220;isPersistent&#8220;:8,&#8220;appOptions&#8220;:3831,&#8220;webOptions&#8220;:3833,&#8220;title&#8220;:3835,&#8220;body&#8220;:3836},{&#8222;sendPush&#8220;:8,&#8220;notificationButtons&#8220;:3832},[],{&#8222;sendPush&#8220;:8,&#8220;notificationButtons&#8220;:3834},[],&#8220;Closing am Ballermann 2025: Vers\u00f6hnung mit den Partytouriste&#8220;,&#8220;Am Ballermann ist die Saison zu Ende \u2013 und sogar die Kritiker von Palma Beach zeigen sich von den Wirtschaftsmotoren Megapark und Bierk\u00f6nig beeindruckt&#8220;,{&#8222;origin&#8220;:-1,&#8220;type&#8220;:-1,&#8220;editor&#8220;:1260,&#8220;category&#8220;:-1,&#8220;agencies&#8220;:3838,&#8220;adsTypes&#8220;:3839,&#8220;format&#8220;:1698,&#8220;variant&#8220;:1699},[],[],{&#8222;updateDate&#8220;:3841,&#8220;createDate&#8220;:3842,&#8220;releaseDate&#8220;:3843,&#8220;lastModifiedDate&#8220;:-1},[&#8222;Date&#8220;,&#8220;2025-10-29T14:47:10.000Z&#8220;],[&#8222;Date&#8220;,&#8220;2025-10-29T14:26:44.000Z&#8220;],[&#8222;Date&#8220;,&#8220;2025-10-29T14:47:10.000Z&#8220;],[3845,3847],{&#8222;name&#8220;:448,&#8220;id&#8220;:1224,&#8220;originalId&#8220;:1225,&#8220;title&#8220;:448,&#8220;url&#8220;:1226,&#8220;urls&#8220;:3846,&#8220;childUrl&#8220;:-1,&#8220;parentUrl&#8220;:-1,&#8220;active&#8220;:9,&#8220;archived&#8220;:8},{&#8222;mainUrl&#8220;:1226,&#8220;epigraphUrl&#8220;:-1,&#8220;redirectUrl&#8220;:-1,&#8220;sourceUrl&#8220;:-1},{&#8222;name&#8220;:1229,&#8220;id&#8220;:1230,&#8220;originalId&#8220;:1231,&#8220;title&#8220;:1229,&#8220;url&#8220;:1232,&#8220;urls&#8220;:3848,&#8220;childUrl&#8220;:-1,&#8220;parentUrl&#8220;:-1,&#8220;active&#8220;:9,&#8220;archived&#8220;:8},{&#8222;mainUrl&#8220;:1232,&#8220;epigraphUrl&#8220;:-1,&#8220;redirectUrl&#8220;:-1,&#8220;sourceUrl&#8220;:-1},[],{&#8222;specialText&#8220;:486,&#8220;text&#8220;:-1,&#8220;type&#8220;:-1},{&#8222;footballInfo&#8220;:-1,&#8220;firstMessages&#8220;:3852,&#8220;multimediaType&#8220;:596,&#8220;contentType&#8220;:141,&#8220;id&#8220;:3853,&#8220;contentId&#8220;:3854,&#8220;title&#8220;:3855,&#8220;subtitle&#8220;:-1,&#8220;subtitleTwo&#8220;:-1,&#8220;photoClippings&#8220;:3856,&#8220;urls&#8220;:3878,&#8220;url&#8220;:3879,&#8220;sponsorship&#8220;:3880,&#8220;authors&#8220;:3881,&#8220;signature&#8220;:-1,&#8220;photoSignature&#8220;:3895,&#8220;qualityUrls&#8220;:-1,&#8220;embedInfo&#8220;:3897,&#8220;tags&#8220;:3898,&#8220;hyperlocalisms&#8220;:3941,&#8220;options&#8220;:3942,&#8220;externalOptions&#8220;:-1,&#8220;dates&#8220;:3959,&#8220;player&#8220;:-1,&#8220;originalId&#8220;:3854,&#8220;liveOptions&#8220;:-1,&#8220;epigraph&#8220;:-1,&#8220;photoDescription&#8220;:-1,&#8220;sections&#8220;:3963,&#8220;relatedContents&#8220;:3968,&#8220;kicker&#8220;:3969,&#8220;published&#8220;:9,&#8220;featuredHtml&#8220;:-1},[],&#8220;bacfdb7b-08aa-3c05-9656-6bf5bc95e436&#8243;,&#8220;122928241&#8243;,&#8220;Nachfolger von \\&#8220;Das perfekte Geheimnis\\&#8220;: Wo Elyas M&#8217;Barek und weitere Stars auf Mallorca den n\u00e4chsten Kinohit drehen&#8220;,[3857,3866],{&#8222;width&#8220;:432,&#8220;url&#8220;:3858,&#8220;height&#8220;:435,&#8220;quality&#8220;:72,&#8220;childPhotoClippings&#8220;:3859,&#8220;type&#8220;:524,&#8220;cropped&#8220;:8},&#8220;https:\/\/estaticos-cdn.prensaiberica.es\/clip\/538c6a54-7279-4da2-8fcb-eb8b41374f06_16-9-discover-aspect-ratio_default_0.jpg&#8220;,[3860,3863],{&#8222;width&#8220;:519,&#8220;url&#8220;:3861,&#8220;height&#8220;:823,&#8220;quality&#8220;:824,&#8220;childPhotoClippings&#8220;:3862,&#8220;type&#8220;:524,&#8220;cropped&#8220;:8},&#8220;https:\/\/estaticos-cdn.prensaiberica.es\/clip\/538c6a54-7279-4da2-8fcb-eb8b41374f06_16-9-discover-aspect-ratio_640w_0.jpg&#8220;,[],{&#8222;width&#8220;:526,&#8220;url&#8220;:3864,&#8220;height&#8220;:828,&#8220;quality&#8220;:824,&#8220;childPhotoClippings&#8220;:3865,&#8220;type&#8220;:524,&#8220;cropped&#8220;:8},&#8220;https:\/\/estaticos-cdn.prensaiberica.es\/clip\/538c6a54-7279-4da2-8fcb-eb8b41374f06_16-9-discover-aspect-ratio_320w_0.jpg&#8220;,[],{&#8222;width&#8220;:532,&#8220;url&#8220;:3867,&#8220;height&#8220;:3868,&#8220;quality&#8220;:73,&#8220;childPhotoClippings&#8220;:3869,&#8220;type&#8220;:530,&#8220;cropped&#8220;:8},&#8220;https:\/\/estaticos-cdn.prensaiberica.es\/clip\/538c6a54-7279-4da2-8fcb-eb8b41374f06_media-libre-aspect-ratio_default_0.jpg&#8220;,&#8220;393&#8243;,[3870,3874],{&#8222;width&#8220;:519,&#8220;url&#8220;:3871,&#8220;height&#8220;:3872,&#8220;quality&#8220;:538,&#8220;childPhotoClippings&#8220;:3873,&#8220;type&#8220;:524,&#8220;cropped&#8220;:8},&#8220;https:\/\/estaticos-cdn.prensaiberica.es\/clip\/538c6a54-7279-4da2-8fcb-eb8b41374f06_media-libre-aspect-ratio_640w_0.jpg&#8220;,&#8220;381&#8243;,[],{&#8222;width&#8220;:526,&#8220;url&#8220;:3875,&#8220;height&#8220;:3876,&#8220;quality&#8220;:538,&#8220;childPhotoClippings&#8220;:3877,&#8220;type&#8220;:524,&#8220;cropped&#8220;:8},&#8220;https:\/\/estaticos-cdn.prensaiberica.es\/clip\/538c6a54-7279-4da2-8fcb-eb8b41374f06_media-libre-aspect-ratio_320w_0.jpg&#8220;,&#8220;191&#8243;,[],{&#8222;mainUrl&#8220;:3879,&#8220;epigraphUrl&#8220;:-1,&#8220;redirectUrl&#8220;:-1,&#8220;sourceUrl&#8220;:-1},&#8220;\/boulevard\/szene\/2025\/10\/25\/dreharbeiten-der-perfekte-urlaub-deutsche-schauspieler-perfekte-geheimnis-urlaub-dreharbeiten-mallorca-122928241.html&#8220;,{&#8222;follow&#8220;:8,&#8220;linkTarget&#8220;:-1,&#8220;trackingCode&#8220;:-1,&#8220;trackingCodeAmp&#8220;:-1,&#8220;text&#8220;:-1,&#8220;url&#8220;:-1},[3882,3893],{&#8222;name&#8220;:3883,&#8220;id&#8220;:3884,&#8220;originalId&#8220;:3885,&#8220;title&#8220;:3883,&#8220;url&#8220;:3886,&#8220;image&#8220;:3887,&#8220;description&#8220;:3888,&#8220;authorInformation&#8220;:3889,&#8220;active&#8220;:9,&#8220;urls&#8220;:3892},&#8220;Ciro Krauthausen&#8220;,&#8220;5fa7cbeb-26e7-359e-85c2-876819c17f4e&#8220;,&#8220;28502&#8243;,&#8220;\/autores\/ciro-krauthausen.html&#8220;,&#8220;https:\/\/estaticos-cdn.prensaiberica.es\/clip\/9b2edf11-c708-4cd5-9a6c-c1dff0ed4313_source-aspect-ratio_320w_0.jpeg&#8220;,&#8220;\\u003Cp>Dr. Ciro Krauthausen (Quito, 1967) wuchs als Kind deutscher Eltern in Ecuador, Peru und Kolumbien auf. Schon als Student arbeitete er von dort aus als freier Mitarbeiter f\u00fcr die \\&#8220;taz\\&#8220;. Das Handwerk lernte er dann auf der Journalistenschule von \\&#8220;El Pa\u00eds\\&#8220; in Madrid. Bevor Krauthausen 2007 die Leitung der Mallorca Zeitung \u00fcbernahm, arbeitete er in Spanien und Deutschland f\u00fcr \\&#8220;Cinco D\u00edas\\&#8220; und \\&#8220;El Pa\u00eds\\&#8220;. In einem vorherigen Leben als Soziologe ver\u00f6ffentlichte er mehrere B\u00fccher \u00fcber organisierte Kriminalit\u00e4t in Kolumbien und Italien.\\u003C\/p>&#8220;,{&#8222;position&#8220;:-1,&#8220;twitterUsername&#8220;:-1,&#8220;socialNetworks&#8220;:3890},{&#8222;facebookUsername&#8220;:-1,&#8220;instagramUsername&#8220;:-1,&#8220;linkedinUsername&#8220;:-1,&#8220;twitterUsername&#8220;:3891},&#8220;@cirokrauthausen&#8220;,{&#8222;mainUrl&#8220;:3886,&#8220;epigraphUrl&#8220;:-1,&#8220;redirectUrl&#8220;:-1,&#8220;sourceUrl&#8220;:-1},{&#8222;name&#8220;:2427,&#8220;id&#8220;:2428,&#8220;originalId&#8220;:2429,&#8220;title&#8220;:2427,&#8220;url&#8220;:2430,&#8220;image&#8220;:2431,&#8220;description&#8220;:2432,&#8220;authorInformation&#8220;:-1,&#8220;active&#8220;:9,&#8220;urls&#8220;:3894},{&#8222;mainUrl&#8220;:2430,&#8220;epigraphUrl&#8220;:-1,&#8220;redirectUrl&#8220;:-1,&#8220;sourceUrl&#8220;:-1},{&#8222;name&#8220;:3896,&#8220;place&#8220;:-1,&#8220;source&#8220;:-1,&#8220;authorText&#8220;:-1},&#8220;Constantin Film&#8220;,{&#8222;html&#8220;:-1,&#8220;url&#8220;:-1},[3899,3905,3911,3917,3923,3929,3935],{&#8222;name&#8220;:3900,&#8220;id&#8220;:3901,&#8220;originalId&#8220;:3902,&#8220;title&#8220;:3900,&#8220;url&#8220;:3903,&#8220;urls&#8220;:3904,&#8220;active&#8220;:9},&#8220;Kinos&#8220;,&#8220;72c17c83-0594-3948-9b4d-cc7129718c91&#8243;,&#8220;REGIONALES_1584191&#8243;,&#8220;\/tags\/kinos\/&#8220;,{&#8222;mainUrl&#8220;:3903,&#8220;epigraphUrl&#8220;:-1,&#8220;redirectUrl&#8220;:-1,&#8220;sourceUrl&#8220;:-1},{&#8222;name&#8220;:3906,&#8220;id&#8220;:3907,&#8220;originalId&#8220;:3908,&#8220;title&#8220;:3906,&#8220;url&#8220;:3909,&#8220;urls&#8220;:3910,&#8220;active&#8220;:9},&#8220;Kino&#8220;,&#8220;c6660fcd-4ea3-3334-809a-debe82fd809e&#8220;,&#8220;REGIONALES_1584190&#8243;,&#8220;\/tags\/kino\/&#8220;,{&#8222;mainUrl&#8220;:3909,&#8220;epigraphUrl&#8220;:-1,&#8220;redirectUrl&#8220;:-1,&#8220;sourceUrl&#8220;:-1},{&#8222;name&#8220;:3912,&#8220;id&#8220;:3913,&#8220;originalId&#8220;:3914,&#8220;title&#8220;:3912,&#8220;url&#8220;:3915,&#8220;urls&#8220;:3916,&#8220;active&#8220;:9},&#8220;Dreharbeiten&#8220;,&#8220;b2467c78-b087-3a51-8f35-42480786dfda&#8220;,&#8220;REGIONALES_1583052&#8243;,&#8220;\/tags\/dreharbeiten\/&#8220;,{&#8222;mainUrl&#8220;:3915,&#8220;epigraphUrl&#8220;:-1,&#8220;redirectUrl&#8220;:-1,&#8220;sourceUrl&#8220;:-1},{&#8222;name&#8220;:3918,&#8220;id&#8220;:3919,&#8220;originalId&#8220;:3920,&#8220;title&#8220;:3918,&#8220;url&#8220;:3921,&#8220;urls&#8220;:3922,&#8220;active&#8220;:9},&#8220;Kom\u00f6die&#8220;,&#8220;e1e247d3-48f5-3c12-991e-f36d6673ca40&#8243;,&#8220;REGIONALES_1584231&#8243;,&#8220;\/tags\/komoedie\/&#8220;,{&#8222;mainUrl&#8220;:3921,&#8220;epigraphUrl&#8220;:-1,&#8220;redirectUrl&#8220;:-1,&#8220;sourceUrl&#8220;:-1},{&#8222;name&#8220;:3924,&#8220;id&#8220;:3925,&#8220;originalId&#8220;:3926,&#8220;title&#8220;:3924,&#8220;url&#8220;:3927,&#8220;urls&#8220;:3928,&#8220;active&#8220;:9},&#8220;Filmproduktion&#8220;,&#8220;7a9974cf-11f0-3709-88bf-8c719bfe1500&#8243;,&#8220;REGIONALES_1583333&#8243;,&#8220;\/tags\/filmproduktion\/&#8220;,{&#8222;mainUrl&#8220;:3927,&#8220;epigraphUrl&#8220;:-1,&#8220;redirectUrl&#8220;:-1,&#8220;sourceUrl&#8220;:-1},{&#8222;name&#8220;:3930,&#8220;id&#8220;:3931,&#8220;originalId&#8220;:3932,&#8220;title&#8220;:3930,&#8220;url&#8220;:3933,&#8220;urls&#8220;:3934,&#8220;active&#8220;:9},&#8220;Filme&#8220;,&#8220;043946eb-a99f-3dbe-a98b-a504a3bff870&#8243;,&#8220;REGIONALES_1583332&#8243;,&#8220;\/tags\/filme\/&#8220;,{&#8222;mainUrl&#8220;:3933,&#8220;epigraphUrl&#8220;:-1,&#8220;redirectUrl&#8220;:-1,&#8220;sourceUrl&#8220;:-1},{&#8222;name&#8220;:3936,&#8220;id&#8220;:3937,&#8220;originalId&#8220;:3938,&#8220;title&#8220;:3936,&#8220;url&#8220;:3939,&#8220;urls&#8220;:3940,&#8220;active&#8220;:9},&#8220;Film&#8220;,&#8220;beebed25-550f-3fc5-8b0b-0eaf9c727180&#8243;,&#8220;REGIONALES_1583330&#8243;,&#8220;\/tags\/film\/&#8220;,{&#8222;mainUrl&#8220;:3939,&#8220;epigraphUrl&#8220;:-1,&#8220;redirectUrl&#8220;:-1,&#8220;sourceUrl&#8220;:-1},[],{&#8222;accessType&#8220;:1859,&#8220;interviewOptions&#8220;:3943,&#8220;frontOptions&#8220;:3944,&#8220;basicOptions&#8220;:3945,&#8220;adsOptions&#8220;:-1,&#8220;premiumOptions&#8220;:3946,&#8220;appearanceOptions&#8220;:3947,&#8220;countries&#8220;:3948,&#8220;notificationOptions&#8220;:3949,&#8220;type&#8220;:-1,&#8220;editionType&#8220;:-1,&#8220;redirectFollow&#8220;:9,&#8220;analyticsOptions&#8220;:3956,&#8220;communityOptions&#8220;:-1,&#8220;freeformHtmls&#8220;:-1,&#8220;sportsOptions&#8220;:-1},{&#8222;interviewKicker&#8220;:-1,&#8220;intervieweeRole&#8220;:-1,&#8220;isInterview&#8220;:8,&#8220;interviewee&#8220;:-1},{&#8222;showLiveIcon&#8220;:8,&#8220;excludeFromAutomaticModules&#8220;:-1,&#8220;hideColumnistStyle&#8220;:8,&#8220;showVideoIcon&#8220;:8,&#8220;showPhotoGalleryIcon&#8220;:8,&#8220;showImageSignature&#8220;:8,&#8220;specialKicker&#8220;:-1,&#8220;showSignature&#8220;:9,&#8220;hidePhoto&#8220;:8,&#8220;hideMediaReportStyle&#8220;:8,&#8220;titleSize&#8220;:-1,&#8220;showPlace&#8220;:8,&#8220;showPreTitle&#8220;:8},{&#8222;appearanceHideRelations&#8220;:8,&#8220;disablePageRefresh&#8220;:8,&#8220;appearanceHideInTagListings&#8220;:8,&#8220;denyComments&#8220;:8,&#8220;doNotGenerateAmpVersion&#8220;:8,&#8220;oldContent&#8220;:8,&#8220;sourceIsAgency&#8220;:8,&#8220;hideInLastContents&#8220;:8,&#8220;hideInTagPages&#8220;:8,&#8220;hideInMostViewed&#8220;:8,&#8220;hideInAllListings&#8220;:8,&#8220;source&#8220;:1247,&#8220;disableAmp&#8220;:8,&#8220;cxenseEnabled&#8220;:9,&#8220;isOpinion&#8220;:8},{&#8222;premiumKicker&#8220;:-1,&#8220;premiumShowButton&#8220;:8,&#8220;premiumButtonUrl&#8220;:-1,&#8220;premiumShowKicker&#8220;:8},{&#8222;hideRelations&#8220;:8,&#8220;oldContent&#8220;:8},[],{&#8222;expirationMinutes&#8220;:1252,&#8220;isPersistent&#8220;:8,&#8220;appOptions&#8220;:3950,&#8220;webOptions&#8220;:3952,&#8220;title&#8220;:3954,&#8220;body&#8220;:3955},{&#8222;sendPush&#8220;:8,&#8220;notificationButtons&#8220;:3951},[],{&#8222;sendPush&#8220;:8,&#8220;notificationButtons&#8220;:3953},[],&#8220;Nachfolger von \\&#8220;Das perfekte Geheimnis\\&#8220;: Wo Elyas M&#8217;Barek un&#8220;,&#8220;\\&#8220;Der perfekte Urlaub\\&#8220; soll 2026 in die Kinos kommen. Auch reichlich Insel-Kulisse d\u00fcrfte darin zu sehen sein&#8220;,{&#8222;origin&#8220;:-1,&#8220;type&#8220;:-1,&#8220;editor&#8220;:2982,&#8220;category&#8220;:-1,&#8220;agencies&#8220;:3957,&#8220;adsTypes&#8220;:3958,&#8220;format&#8220;:1698,&#8220;variant&#8220;:1699},[],[],{&#8222;updateDate&#8220;:3960,&#8220;createDate&#8220;:3961,&#8220;releaseDate&#8220;:3962,&#8220;lastModifiedDate&#8220;:-1},[&#8222;Date&#8220;,&#8220;2025-10-25T17:22:23.000Z&#8220;],[&#8222;Date&#8220;,&#8220;2025-10-23T10:51:32.000Z&#8220;],[&#8222;Date&#8220;,&#8220;2025-10-25T14:32:36.000Z&#8220;],[3964,3966],{&#8222;name&#8220;:448,&#8220;id&#8220;:1224,&#8220;originalId&#8220;:1225,&#8220;title&#8220;:448,&#8220;url&#8220;:1226,&#8220;urls&#8220;:3965,&#8220;childUrl&#8220;:-1,&#8220;parentUrl&#8220;:-1,&#8220;active&#8220;:9,&#8220;archived&#8220;:8},{&#8222;mainUrl&#8220;:1226,&#8220;epigraphUrl&#8220;:-1,&#8220;redirectUrl&#8220;:-1,&#8220;sourceUrl&#8220;:-1},{&#8222;name&#8220;:1229,&#8220;id&#8220;:1230,&#8220;originalId&#8220;:1231,&#8220;title&#8220;:1229,&#8220;url&#8220;:1232,&#8220;urls&#8220;:3967,&#8220;childUrl&#8220;:-1,&#8220;parentUrl&#8220;:-1,&#8220;active&#8220;:9,&#8220;archived&#8220;:8},{&#8222;mainUrl&#8220;:1232,&#8220;epigraphUrl&#8220;:-1,&#8220;redirectUrl&#8220;:-1,&#8220;sourceUrl&#8220;:-1},[],{&#8222;specialText&#8220;:486,&#8220;text&#8220;:-1,&#8220;type&#8220;:-1},{&#8222;footballInfo&#8220;:-1,&#8220;firstMessages&#8220;:3971,&#8220;multimediaType&#8220;:596,&#8220;contentType&#8220;:141,&#8220;id&#8220;:3972,&#8220;contentId&#8220;:3973,&#8220;title&#8220;:3974,&#8220;subtitle&#8220;:-1,&#8220;subtitleTwo&#8220;:-1,&#8220;photoClippings&#8220;:3975,&#8220;urls&#8220;:3994,&#8220;url&#8220;:3995,&#8220;sponsorship&#8220;:3996,&#8220;authors&#8220;:3997,&#8220;signature&#8220;:-1,&#8220;photoSignature&#8220;:4000,&#8220;qualityUrls&#8220;:-1,&#8220;embedInfo&#8220;:4002,&#8220;tags&#8220;:4003,&#8220;hyperlocalisms&#8220;:4029,&#8220;options&#8220;:4030,&#8220;externalOptions&#8220;:-1,&#8220;dates&#8220;:4046,&#8220;player&#8220;:-1,&#8220;originalId&#8220;:3973,&#8220;liveOptions&#8220;:-1,&#8220;epigraph&#8220;:-1,&#8220;photoDescription&#8220;:-1,&#8220;sections&#8220;:4050,&#8220;relatedContents&#8220;:4061,&#8220;kicker&#8220;:4062,&#8220;published&#8220;:9,&#8220;featuredHtml&#8220;:-1},[],&#8220;67493ba5-4100-3547-8bbf-d26078b29242&#8243;,&#8220;122933576&#8243;,&#8220;Peter Maffay rockt 2026 auf Kreuzfahrt ab Mallorca&#8220;,[3976,3985],{&#8222;width&#8220;:432,&#8220;url&#8220;:3977,&#8220;height&#8220;:435,&#8220;quality&#8220;:72,&#8220;childPhotoClippings&#8220;:3978,&#8220;type&#8220;:524,&#8220;cropped&#8220;:8},&#8220;https:\/\/estaticos-cdn.prensaiberica.es\/clip\/1fb26c4d-b633-47e0-a6db-c5c2ece16c1a_16-9-discover-aspect-ratio_default_0.jpg&#8220;,[3979,3982],{&#8222;width&#8220;:519,&#8220;url&#8220;:3980,&#8220;height&#8220;:823,&#8220;quality&#8220;:824,&#8220;childPhotoClippings&#8220;:3981,&#8220;type&#8220;:524,&#8220;cropped&#8220;:8},&#8220;https:\/\/estaticos-cdn.prensaiberica.es\/clip\/1fb26c4d-b633-47e0-a6db-c5c2ece16c1a_16-9-discover-aspect-ratio_640w_0.jpg&#8220;,[],{&#8222;width&#8220;:526,&#8220;url&#8220;:3983,&#8220;height&#8220;:828,&#8220;quality&#8220;:824,&#8220;childPhotoClippings&#8220;:3984,&#8220;type&#8220;:524,&#8220;cropped&#8220;:8},&#8220;https:\/\/estaticos-cdn.prensaiberica.es\/clip\/1fb26c4d-b633-47e0-a6db-c5c2ece16c1a_16-9-discover-aspect-ratio_320w_0.jpg&#8220;,[],{&#8222;width&#8220;:532,&#8220;url&#8220;:3986,&#8220;height&#8220;:2300,&#8220;quality&#8220;:73,&#8220;childPhotoClippings&#8220;:3987,&#8220;type&#8220;:530,&#8220;cropped&#8220;:8},&#8220;https:\/\/estaticos-cdn.prensaiberica.es\/clip\/1fb26c4d-b633-47e0-a6db-c5c2ece16c1a_media-libre-aspect-ratio_default_0.jpg&#8220;,[3988,3991],{&#8222;width&#8220;:519,&#8220;url&#8220;:3989,&#8220;height&#8220;:823,&#8220;quality&#8220;:538,&#8220;childPhotoClippings&#8220;:3990,&#8220;type&#8220;:524,&#8220;cropped&#8220;:8},&#8220;https:\/\/estaticos-cdn.prensaiberica.es\/clip\/1fb26c4d-b633-47e0-a6db-c5c2ece16c1a_media-libre-aspect-ratio_640w_0.jpg&#8220;,[],{&#8222;width&#8220;:526,&#8220;url&#8220;:3992,&#8220;height&#8220;:828,&#8220;quality&#8220;:538,&#8220;childPhotoClippings&#8220;:3993,&#8220;type&#8220;:524,&#8220;cropped&#8220;:8},&#8220;https:\/\/estaticos-cdn.prensaiberica.es\/clip\/1fb26c4d-b633-47e0-a6db-c5c2ece16c1a_media-libre-aspect-ratio_320w_0.jpg&#8220;,[],{&#8222;mainUrl&#8220;:3995,&#8220;epigraphUrl&#8220;:-1,&#8220;redirectUrl&#8220;:-1,&#8220;sourceUrl&#8220;:-1},&#8220;\/boulevard\/szene\/2025\/10\/23\/peter-maffay-mein-schiff-mallorca-2026-122933576.html&#8220;,{&#8222;follow&#8220;:8,&#8220;linkTarget&#8220;:-1,&#8220;trackingCode&#8220;:-1,&#8220;trackingCodeAmp&#8220;:-1,&#8220;text&#8220;:-1,&#8220;url&#8220;:-1},[3998],{&#8222;name&#8220;:2547,&#8220;id&#8220;:2548,&#8220;originalId&#8220;:2549,&#8220;title&#8220;:2547,&#8220;url&#8220;:2550,&#8220;image&#8220;:2551,&#8220;description&#8220;:-1,&#8220;authorInformation&#8220;:-1,&#8220;active&#8220;:9,&#8220;urls&#8220;:3999},{&#8222;mainUrl&#8220;:2550,&#8220;epigraphUrl&#8220;:-1,&#8220;redirectUrl&#8220;:-1,&#8220;sourceUrl&#8220;:-1},{&#8222;name&#8220;:4001,&#8220;place&#8220;:-1,&#8220;source&#8220;:-1,&#8220;authorText&#8220;:-1},&#8220;Tui Cruises&#8220;,{&#8222;html&#8220;:-1,&#8220;url&#8220;:-1},[4004,4010,4016,4022,4027],{&#8222;name&#8220;:4005,&#8220;id&#8220;:4006,&#8220;originalId&#8220;:4007,&#8220;title&#8220;:4005,&#8220;url&#8220;:4008,&#8220;urls&#8220;:4009,&#8220;active&#8220;:9},&#8220;Peter Maffay&#8220;,&#8220;f644754d-26c5-3f9b-afde-60424387449c&#8220;,&#8220;REGIONALES_1585215&#8243;,&#8220;\/tags\/peter-maffay\/&#8220;,{&#8222;mainUrl&#8220;:4008,&#8220;epigraphUrl&#8220;:-1,&#8220;redirectUrl&#8220;:-1,&#8220;sourceUrl&#8220;:-1},{&#8222;name&#8220;:4011,&#8220;id&#8220;:4012,&#8220;originalId&#8220;:4013,&#8220;title&#8220;:4011,&#8220;url&#8220;:4014,&#8220;urls&#8220;:4015,&#8220;active&#8220;:9},&#8220;Kreuzfahrten&#8220;,&#8220;b1dbafdc-7dba-39c6-9ddf-7cfe2b7ef774&#8243;,&#8220;REGIONALES_1584272&#8243;,&#8220;\/tags\/kreuzfahrten\/&#8220;,{&#8222;mainUrl&#8220;:4014,&#8220;epigraphUrl&#8220;:-1,&#8220;redirectUrl&#8220;:-1,&#8220;sourceUrl&#8220;:-1},{&#8222;name&#8220;:4017,&#8220;id&#8220;:4018,&#8220;originalId&#8220;:4019,&#8220;title&#8220;:4017,&#8220;url&#8220;:4020,&#8220;urls&#8220;:4021,&#8220;active&#8220;:9},&#8220;Mein Schiff&#8220;,&#8220;ad69da99-30e6-32b6-9dd5-d995a9f7a008&#8243;,&#8220;REGIONALES_1584718&#8243;,&#8220;\/tags\/mein-schiff\/&#8220;,{&#8222;mainUrl&#8220;:4020,&#8220;epigraphUrl&#8220;:-1,&#8220;redirectUrl&#8220;:-1,&#8220;sourceUrl&#8220;:-1},{&#8222;name&#8220;:4001,&#8220;id&#8220;:4023,&#8220;originalId&#8220;:4024,&#8220;title&#8220;:4001,&#8220;url&#8220;:4025,&#8220;urls&#8220;:4026,&#8220;active&#8220;:9},&#8220;98abfc07-a085-3438-bbfe-76057ebaceb7&#8243;,&#8220;REGIONALES_1586415&#8243;,&#8220;\/tags\/tui-cruises\/&#8220;,{&#8222;mainUrl&#8220;:4025,&#8220;epigraphUrl&#8220;:-1,&#8220;redirectUrl&#8220;:-1,&#8220;sourceUrl&#8220;:-1},{&#8222;name&#8220;:3360,&#8220;id&#8220;:3361,&#8220;originalId&#8220;:3362,&#8220;title&#8220;:3360,&#8220;url&#8220;:3363,&#8220;urls&#8220;:4028,&#8220;active&#8220;:9},{&#8222;mainUrl&#8220;:3363,&#8220;epigraphUrl&#8220;:-1,&#8220;redirectUrl&#8220;:-1,&#8220;sourceUrl&#8220;:-1},[],{&#8222;accessType&#8220;:1318,&#8220;interviewOptions&#8220;:4031,&#8220;frontOptions&#8220;:4032,&#8220;basicOptions&#8220;:4033,&#8220;adsOptions&#8220;:-1,&#8220;premiumOptions&#8220;:4034,&#8220;appearanceOptions&#8220;:4035,&#8220;countries&#8220;:4036,&#8220;notificationOptions&#8220;:4037,&#8220;type&#8220;:-1,&#8220;editionType&#8220;:-1,&#8220;redirectFollow&#8220;:9,&#8220;analyticsOptions&#8220;:4043,&#8220;communityOptions&#8220;:-1,&#8220;freeformHtmls&#8220;:-1,&#8220;sportsOptions&#8220;:-1},{&#8222;interviewKicker&#8220;:-1,&#8220;intervieweeRole&#8220;:-1,&#8220;isInterview&#8220;:8,&#8220;interviewee&#8220;:-1},{&#8222;showLiveIcon&#8220;:8,&#8220;excludeFromAutomaticModules&#8220;:-1,&#8220;hideColumnistStyle&#8220;:8,&#8220;showVideoIcon&#8220;:8,&#8220;showPhotoGalleryIcon&#8220;:8,&#8220;showImageSignature&#8220;:8,&#8220;specialKicker&#8220;:-1,&#8220;showSignature&#8220;:9,&#8220;hidePhoto&#8220;:8,&#8220;hideMediaReportStyle&#8220;:8,&#8220;titleSize&#8220;:-1,&#8220;showPlace&#8220;:8,&#8220;showPreTitle&#8220;:8},{&#8222;appearanceHideRelations&#8220;:8,&#8220;disablePageRefresh&#8220;:8,&#8220;appearanceHideInTagListings&#8220;:8,&#8220;denyComments&#8220;:8,&#8220;doNotGenerateAmpVersion&#8220;:8,&#8220;oldContent&#8220;:8,&#8220;sourceIsAgency&#8220;:8,&#8220;hideInLastContents&#8220;:8,&#8220;hideInTagPages&#8220;:8,&#8220;hideInMostViewed&#8220;:8,&#8220;hideInAllListings&#8220;:8,&#8220;source&#8220;:1247,&#8220;disableAmp&#8220;:8,&#8220;cxenseEnabled&#8220;:9,&#8220;isOpinion&#8220;:8},{&#8222;premiumKicker&#8220;:-1,&#8220;premiumShowButton&#8220;:8,&#8220;premiumButtonUrl&#8220;:-1,&#8220;premiumShowKicker&#8220;:8},{&#8222;hideRelations&#8220;:8,&#8220;oldContent&#8220;:8},[],{&#8222;expirationMinutes&#8220;:1252,&#8220;isPersistent&#8220;:8,&#8220;appOptions&#8220;:4038,&#8220;webOptions&#8220;:4040,&#8220;title&#8220;:3974,&#8220;body&#8220;:4042},{&#8222;sendPush&#8220;:8,&#8220;notificationButtons&#8220;:4039},[],{&#8222;sendPush&#8220;:8,&#8220;notificationButtons&#8220;:4041},[],&#8220;Musikreise mit drei Konzerten der Band auf der \\&#8220;Mein Schiff 1\\&#8220; f\u00fchrt durchs westliche Mittelmeer&#8220;,{&#8222;origin&#8220;:-1,&#8220;type&#8220;:-1,&#8220;editor&#8220;:1735,&#8220;category&#8220;:-1,&#8220;agencies&#8220;:4044,&#8220;adsTypes&#8220;:4045,&#8220;format&#8220;:1698,&#8220;variant&#8220;:1699},[],[],{&#8222;updateDate&#8220;:4047,&#8220;createDate&#8220;:4048,&#8220;releaseDate&#8220;:4049,&#8220;lastModifiedDate&#8220;:-1},[&#8222;Date&#8220;,&#8220;2025-10-23T12:16:59.000Z&#8220;],[&#8222;Date&#8220;,&#8220;2025-10-23T11:52:39.000Z&#8220;],[&#8222;Date&#8220;,&#8220;2025-10-23T12:16:59.000Z&#8220;],[4051,4053,4059],{&#8222;name&#8220;:448,&#8220;id&#8220;:1224,&#8220;originalId&#8220;:1225,&#8220;title&#8220;:448,&#8220;url&#8220;:1226,&#8220;urls&#8220;:4052,&#8220;childUrl&#8220;:-1,&#8220;parentUrl&#8220;:-1,&#8220;active&#8220;:9,&#8220;archived&#8220;:8},{&#8222;mainUrl&#8220;:1226,&#8220;epigraphUrl&#8220;:-1,&#8220;redirectUrl&#8220;:-1,&#8220;sourceUrl&#8220;:-1},{&#8222;name&#8220;:4054,&#8220;id&#8220;:4055,&#8220;originalId&#8220;:4056,&#8220;title&#8220;:4054,&#8220;url&#8220;:4057,&#8220;urls&#8220;:4058,&#8220;childUrl&#8220;:-1,&#8220;parentUrl&#8220;:-1,&#8220;active&#8220;:9,&#8220;archived&#8220;:8},&#8220;Travel&#8220;,&#8220;79f8751e-a6a4-36a8-9d82-3768d41053e9&#8243;,&#8220;REGIONALES_28043&#8243;,&#8220;https:\/\/www.mallorcazeitung.es\/boulevard\/travel\/&#8220;,{&#8222;mainUrl&#8220;:4057,&#8220;epigraphUrl&#8220;:-1,&#8220;redirectUrl&#8220;:-1,&#8220;sourceUrl&#8220;:-1},{&#8222;name&#8220;:1229,&#8220;id&#8220;:1230,&#8220;originalId&#8220;:1231,&#8220;title&#8220;:1229,&#8220;url&#8220;:1232,&#8220;urls&#8220;:4060,&#8220;childUrl&#8220;:-1,&#8220;parentUrl&#8220;:-1,&#8220;active&#8220;:9,&#8220;archived&#8220;:8},{&#8222;mainUrl&#8220;:1232,&#8220;epigraphUrl&#8220;:-1,&#8220;redirectUrl&#8220;:-1,&#8220;sourceUrl&#8220;:-1},[],{&#8222;specialText&#8220;:486,&#8220;text&#8220;:-1,&#8220;type&#8220;:-1},{&#8222;footballInfo&#8220;:-1,&#8220;firstMessages&#8220;:4064,&#8220;multimediaType&#8220;:596,&#8220;contentType&#8220;:141,&#8220;id&#8220;:4065,&#8220;contentId&#8220;:4066,&#8220;title&#8220;:4067,&#8220;subtitle&#8220;:-1,&#8220;subtitleTwo&#8220;:-1,&#8220;photoClippings&#8220;:4068,&#8220;urls&#8220;:4090,&#8220;url&#8220;:4091,&#8220;sponsorship&#8220;:4092,&#8220;authors&#8220;:4093,&#8220;signature&#8220;:-1,&#8220;photoSignature&#8220;:4097,&#8220;qualityUrls&#8220;:-1,&#8220;embedInfo&#8220;:4099,&#8220;tags&#8220;:4100,&#8220;hyperlocalisms&#8220;:4117,&#8220;options&#8220;:4118,&#8220;externalOptions&#8220;:-1,&#8220;dates&#8220;:4135,&#8220;player&#8220;:-1,&#8220;originalId&#8220;:4066,&#8220;liveOptions&#8220;:-1,&#8220;epigraph&#8220;:-1,&#8220;photoDescription&#8220;:-1,&#8220;sections&#8220;:4139,&#8220;relatedContents&#8220;:4144,&#8220;kicker&#8220;:4145,&#8220;published&#8220;:9,&#8220;featuredHtml&#8220;:-1},[],&#8220;cb8fdf6b-386a-3e36-b14a-e54a4ffb1f83&#8243;,&#8220;122897849&#8243;,&#8220;Closing am Ballermann: Kein Heino, kein Sido \u2013 daf\u00fcr feiert ein Nummer-1-Rapper sein Mallorca-Deb\u00fct&#8220;,[4069,4078],{&#8222;width&#8220;:432,&#8220;url&#8220;:4070,&#8220;height&#8220;:435,&#8220;quality&#8220;:72,&#8220;childPhotoClippings&#8220;:4071,&#8220;type&#8220;:524,&#8220;cropped&#8220;:8},&#8220;https:\/\/estaticos-cdn.prensaiberica.es\/clip\/34d10f38-291a-433c-b2b0-6164a40f1587_16-9-discover-aspect-ratio_default_0.jpg&#8220;,[4072,4075],{&#8222;width&#8220;:519,&#8220;url&#8220;:4073,&#8220;height&#8220;:823,&#8220;quality&#8220;:824,&#8220;childPhotoClippings&#8220;:4074,&#8220;type&#8220;:524,&#8220;cropped&#8220;:8},&#8220;https:\/\/estaticos-cdn.prensaiberica.es\/clip\/34d10f38-291a-433c-b2b0-6164a40f1587_16-9-discover-aspect-ratio_640w_0.jpg&#8220;,[],{&#8222;width&#8220;:526,&#8220;url&#8220;:4076,&#8220;height&#8220;:828,&#8220;quality&#8220;:824,&#8220;childPhotoClippings&#8220;:4077,&#8220;type&#8220;:524,&#8220;cropped&#8220;:8},&#8220;https:\/\/estaticos-cdn.prensaiberica.es\/clip\/34d10f38-291a-433c-b2b0-6164a40f1587_16-9-discover-aspect-ratio_320w_0.jpg&#8220;,[],{&#8222;width&#8220;:532,&#8220;url&#8220;:4079,&#8220;height&#8220;:4080,&#8220;quality&#8220;:73,&#8220;childPhotoClippings&#8220;:4081,&#8220;type&#8220;:530,&#8220;cropped&#8220;:8},&#8220;https:\/\/estaticos-cdn.prensaiberica.es\/clip\/34d10f38-291a-433c-b2b0-6164a40f1587_media-libre-aspect-ratio_default_0.jpg&#8220;,&#8220;447&#8243;,[4082,4086],{&#8222;width&#8220;:519,&#8220;url&#8220;:4083,&#8220;height&#8220;:4084,&#8220;quality&#8220;:538,&#8220;childPhotoClippings&#8220;:4085,&#8220;type&#8220;:524,&#8220;cropped&#8220;:8},&#8220;https:\/\/estaticos-cdn.prensaiberica.es\/clip\/34d10f38-291a-433c-b2b0-6164a40f1587_media-libre-aspect-ratio_640w_0.jpg&#8220;,&#8220;433&#8243;,[],{&#8222;width&#8220;:526,&#8220;url&#8220;:4087,&#8220;height&#8220;:4088,&#8220;quality&#8220;:538,&#8220;childPhotoClippings&#8220;:4089,&#8220;type&#8220;:524,&#8220;cropped&#8220;:8},&#8220;https:\/\/estaticos-cdn.prensaiberica.es\/clip\/34d10f38-291a-433c-b2b0-6164a40f1587_media-libre-aspect-ratio_320w_0.jpg&#8220;,&#8220;217&#8243;,[],{&#8222;mainUrl&#8220;:4091,&#8220;epigraphUrl&#8220;:-1,&#8220;redirectUrl&#8220;:-1,&#8220;sourceUrl&#8220;:-1},&#8220;\/boulevard\/szene\/2025\/10\/22\/closing-am-ballermann-capital-bra-dresscode-122897849.html&#8220;,{&#8222;follow&#8220;:8,&#8220;linkTarget&#8220;:-1,&#8220;trackingCode&#8220;:-1,&#8220;trackingCodeAmp&#8220;:-1,&#8220;text&#8220;:-1,&#8220;url&#8220;:-1},[4094],{&#8222;name&#8220;:418,&#8220;id&#8220;:2009,&#8220;originalId&#8220;:2010,&#8220;title&#8220;:418,&#8220;url&#8220;:2011,&#8220;image&#8220;:2012,&#8220;description&#8220;:2013,&#8220;authorInformation&#8220;:4095,&#8220;active&#8220;:9,&#8220;urls&#8220;:4096},{&#8222;position&#8220;:-1,&#8220;twitterUsername&#8220;:-1,&#8220;socialNetworks&#8220;:-1},{&#8222;mainUrl&#8220;:2011,&#8220;epigraphUrl&#8220;:-1,&#8220;redirectUrl&#8220;:-1,&#8220;sourceUrl&#8220;:-1},{&#8222;name&#8220;:4098,&#8220;place&#8220;:-1,&#8220;source&#8220;:-1,&#8220;authorText&#8220;:-1},&#8220;Foto: Uli Deck\/dpa&#8220;,{&#8222;html&#8220;:-1,&#8220;url&#8220;:-1},[4101,4103,4105,4107,4109,4111],{&#8222;name&#8220;:2108,&#8220;id&#8220;:2109,&#8220;originalId&#8220;:2110,&#8220;title&#8220;:2108,&#8220;url&#8220;:2111,&#8220;urls&#8220;:4102,&#8220;active&#8220;:9},{&#8222;mainUrl&#8220;:2111,&#8220;epigraphUrl&#8220;:-1,&#8220;redirectUrl&#8220;:-1,&#8220;sourceUrl&#8220;:-1},{&#8222;name&#8220;:1236,&#8220;id&#8220;:1237,&#8220;originalId&#8220;:1238,&#8220;title&#8220;:1236,&#8220;url&#8220;:1239,&#8220;urls&#8220;:4104,&#8220;active&#8220;:9},{&#8222;mainUrl&#8220;:1239,&#8220;epigraphUrl&#8220;:-1,&#8220;redirectUrl&#8220;:-1,&#8220;sourceUrl&#8220;:-1},{&#8222;name&#8220;:29,&#8220;id&#8220;:1293,&#8220;originalId&#8220;:1294,&#8220;title&#8220;:29,&#8220;url&#8220;:1295,&#8220;urls&#8220;:4106,&#8220;active&#8220;:9},{&#8222;mainUrl&#8220;:1295,&#8220;epigraphUrl&#8220;:-1,&#8220;redirectUrl&#8220;:-1,&#8220;sourceUrl&#8220;:-1},{&#8222;name&#8220;:1304,&#8220;id&#8220;:1305,&#8220;originalId&#8220;:1306,&#8220;title&#8220;:1304,&#8220;url&#8220;:1307,&#8220;urls&#8220;:4108,&#8220;active&#8220;:9},{&#8222;mainUrl&#8220;:1307,&#8220;epigraphUrl&#8220;:-1,&#8220;redirectUrl&#8220;:-1,&#8220;sourceUrl&#8220;:-1},{&#8222;name&#8220;:2114,&#8220;id&#8220;:2115,&#8220;originalId&#8220;:2116,&#8220;title&#8220;:2114,&#8220;url&#8220;:2117,&#8220;urls&#8220;:4110,&#8220;active&#8220;:9},{&#8222;mainUrl&#8220;:2117,&#8220;epigraphUrl&#8220;:-1,&#8220;redirectUrl&#8220;:-1,&#8220;sourceUrl&#8220;:-1},{&#8222;name&#8220;:4112,&#8220;id&#8220;:4113,&#8220;originalId&#8220;:4114,&#8220;title&#8220;:4112,&#8220;url&#8220;:4115,&#8220;urls&#8220;:4116,&#8220;active&#8220;:9},&#8220;kunstler&#8220;,&#8220;23d92422-90d6-3b55-806b-71813cbf8f15&#8243;,&#8220;REGIONALES_1584306&#8243;,&#8220;\/tags\/kunstler\/&#8220;,{&#8222;mainUrl&#8220;:4115,&#8220;epigraphUrl&#8220;:-1,&#8220;redirectUrl&#8220;:-1,&#8220;sourceUrl&#8220;:-1},[],{&#8222;accessType&#8220;:1859,&#8220;interviewOptions&#8220;:4119,&#8220;frontOptions&#8220;:4120,&#8220;basicOptions&#8220;:4121,&#8220;adsOptions&#8220;:-1,&#8220;premiumOptions&#8220;:4122,&#8220;appearanceOptions&#8220;:4123,&#8220;countries&#8220;:4124,&#8220;notificationOptions&#8220;:4125,&#8220;type&#8220;:-1,&#8220;editionType&#8220;:-1,&#8220;redirectFollow&#8220;:9,&#8220;analyticsOptions&#8220;:4132,&#8220;communityOptions&#8220;:-1,&#8220;freeformHtmls&#8220;:-1,&#8220;sportsOptions&#8220;:-1},{&#8222;interviewKicker&#8220;:-1,&#8220;intervieweeRole&#8220;:-1,&#8220;isInterview&#8220;:8,&#8220;interviewee&#8220;:-1},{&#8222;showLiveIcon&#8220;:8,&#8220;excludeFromAutomaticModules&#8220;:-1,&#8220;hideColumnistStyle&#8220;:8,&#8220;showVideoIcon&#8220;:8,&#8220;showPhotoGalleryIcon&#8220;:8,&#8220;showImageSignature&#8220;:8,&#8220;specialKicker&#8220;:-1,&#8220;showSignature&#8220;:9,&#8220;hidePhoto&#8220;:8,&#8220;hideMediaReportStyle&#8220;:8,&#8220;titleSize&#8220;:-1,&#8220;showPlace&#8220;:8,&#8220;showPreTitle&#8220;:8},{&#8222;appearanceHideRelations&#8220;:8,&#8220;disablePageRefresh&#8220;:8,&#8220;appearanceHideInTagListings&#8220;:8,&#8220;denyComments&#8220;:8,&#8220;doNotGenerateAmpVersion&#8220;:8,&#8220;oldContent&#8220;:8,&#8220;sourceIsAgency&#8220;:8,&#8220;hideInLastContents&#8220;:8,&#8220;hideInTagPages&#8220;:8,&#8220;hideInMostViewed&#8220;:8,&#8220;hideInAllListings&#8220;:8,&#8220;source&#8220;:1247,&#8220;disableAmp&#8220;:8,&#8220;cxenseEnabled&#8220;:9,&#8220;isOpinion&#8220;:8},{&#8222;premiumKicker&#8220;:-1,&#8220;premiumShowButton&#8220;:8,&#8220;premiumButtonUrl&#8220;:-1,&#8220;premiumShowKicker&#8220;:8},{&#8222;hideRelations&#8220;:8,&#8220;oldContent&#8220;:8},[],{&#8222;expirationMinutes&#8220;:1252,&#8220;isPersistent&#8220;:8,&#8220;appOptions&#8220;:4126,&#8220;webOptions&#8220;:4128,&#8220;title&#8220;:4130,&#8220;body&#8220;:4131},{&#8222;sendPush&#8220;:8,&#8220;notificationButtons&#8220;:4127},[],{&#8222;sendPush&#8220;:8,&#8220;notificationButtons&#8220;:4129},[],&#8220;Closing am Ballermann: Kein Heino, kein Sido \u2013 daf\u00fcr feiert &#8222;,&#8220;Vier Tage lang verabschieden Bierk\u00f6nig, Megapark und Co. die diesj\u00e4hrige Saison. Zum Abschied gibt es sogar einen Dresscode. Und so manche \u00dcberraschung auf der B\u00fchne&#8220;,{&#8222;origin&#8220;:-1,&#8220;type&#8220;:-1,&#8220;editor&#8220;:1260,&#8220;category&#8220;:-1,&#8220;agencies&#8220;:4133,&#8220;adsTypes&#8220;:4134,&#8220;format&#8220;:1698,&#8220;variant&#8220;:1699},[],[],{&#8222;updateDate&#8220;:4136,&#8220;createDate&#8220;:4137,&#8220;releaseDate&#8220;:4138,&#8220;lastModifiedDate&#8220;:-1},[&#8222;Date&#8220;,&#8220;2025-10-22T15:00:39.000Z&#8220;],[&#8222;Date&#8220;,&#8220;2025-10-22T14:37:37.000Z&#8220;],[&#8222;Date&#8220;,&#8220;2025-10-22T15:00:39.000Z&#8220;],[4140,4142],{&#8222;name&#8220;:448,&#8220;id&#8220;:1224,&#8220;originalId&#8220;:1225,&#8220;title&#8220;:448,&#8220;url&#8220;:1226,&#8220;urls&#8220;:4141,&#8220;childUrl&#8220;:-1,&#8220;parentUrl&#8220;:-1,&#8220;active&#8220;:9,&#8220;archived&#8220;:8},{&#8222;mainUrl&#8220;:1226,&#8220;epigraphUrl&#8220;:-1,&#8220;redirectUrl&#8220;:-1,&#8220;sourceUrl&#8220;:-1},{&#8222;name&#8220;:1229,&#8220;id&#8220;:1230,&#8220;originalId&#8220;:1231,&#8220;title&#8220;:1229,&#8220;url&#8220;:1232,&#8220;urls&#8220;:4143,&#8220;childUrl&#8220;:-1,&#8220;parentUrl&#8220;:-1,&#8220;active&#8220;:9,&#8220;archived&#8220;:8},{&#8222;mainUrl&#8220;:1232,&#8220;epigraphUrl&#8220;:-1,&#8220;redirectUrl&#8220;:-1,&#8220;sourceUrl&#8220;:-1},[],{&#8222;specialText&#8220;:486,&#8220;text&#8220;:-1,&#8220;type&#8220;:-1},{&#8222;footballInfo&#8220;:-1,&#8220;firstMessages&#8220;:4147,&#8220;multimediaType&#8220;:596,&#8220;contentType&#8220;:141,&#8220;id&#8220;:4148,&#8220;contentId&#8220;:4149,&#8220;title&#8220;:4150,&#8220;subtitle&#8220;:-1,&#8220;subtitleTwo&#8220;:-1,&#8220;photoClippings&#8220;:4151,&#8220;urls&#8220;:4170,&#8220;url&#8220;:4171,&#8220;sponsorship&#8220;:4172,&#8220;authors&#8220;:4173,&#8220;signature&#8220;:-1,&#8220;photoSignature&#8220;:4176,&#8220;qualityUrls&#8220;:-1,&#8220;embedInfo&#8220;:4178,&#8220;tags&#8220;:4179,&#8220;hyperlocalisms&#8220;:4194,&#8220;options&#8220;:4195,&#8220;externalOptions&#8220;:-1,&#8220;dates&#8220;:4212,&#8220;player&#8220;:-1,&#8220;originalId&#8220;:4149,&#8220;liveOptions&#8220;:-1,&#8220;epigraph&#8220;:-1,&#8220;photoDescription&#8220;:-1,&#8220;sections&#8220;:4216,&#8220;relatedContents&#8220;:4221,&#8220;kicker&#8220;:4222,&#8220;published&#8220;:9,&#8220;featuredHtml&#8220;:-1},[],&#8220;80a6622f-e68c-38fb-a3d0-52e721bc688f&#8220;,&#8220;122881001&#8243;,&#8220;Ein Schimpfwort als Sommerhit: Dieser Ballermann-Song st\u00fcrmt die Charts&#8220;,[4152,4161],{&#8222;width&#8220;:432,&#8220;url&#8220;:4153,&#8220;height&#8220;:435,&#8220;quality&#8220;:72,&#8220;childPhotoClippings&#8220;:4154,&#8220;type&#8220;:524,&#8220;cropped&#8220;:8},&#8220;https:\/\/estaticos-cdn.prensaiberica.es\/clip\/f7bd3a05-4911-4a3f-9fc5-745d1a2e84ce_16-9-discover-aspect-ratio_default_0.jpg&#8220;,[4155,4158],{&#8222;width&#8220;:519,&#8220;url&#8220;:4156,&#8220;height&#8220;:823,&#8220;quality&#8220;:824,&#8220;childPhotoClippings&#8220;:4157,&#8220;type&#8220;:524,&#8220;cropped&#8220;:8},&#8220;https:\/\/estaticos-cdn.prensaiberica.es\/clip\/f7bd3a05-4911-4a3f-9fc5-745d1a2e84ce_16-9-discover-aspect-ratio_640w_0.jpg&#8220;,[],{&#8222;width&#8220;:526,&#8220;url&#8220;:4159,&#8220;height&#8220;:828,&#8220;quality&#8220;:824,&#8220;childPhotoClippings&#8220;:4160,&#8220;type&#8220;:524,&#8220;cropped&#8220;:8},&#8220;https:\/\/estaticos-cdn.prensaiberica.es\/clip\/f7bd3a05-4911-4a3f-9fc5-745d1a2e84ce_16-9-discover-aspect-ratio_320w_0.jpg&#8220;,[],{&#8222;width&#8220;:532,&#8220;url&#8220;:4162,&#8220;height&#8220;:811,&#8220;quality&#8220;:73,&#8220;childPhotoClippings&#8220;:4163,&#8220;type&#8220;:530,&#8220;cropped&#8220;:8},&#8220;https:\/\/estaticos-cdn.prensaiberica.es\/clip\/f7bd3a05-4911-4a3f-9fc5-745d1a2e84ce_media-libre-aspect-ratio_default_0.jpg&#8220;,[4164,4167],{&#8222;width&#8220;:519,&#8220;url&#8220;:4165,&#8220;height&#8220;:803,&#8220;quality&#8220;:538,&#8220;childPhotoClippings&#8220;:4166,&#8220;type&#8220;:524,&#8220;cropped&#8220;:8},&#8220;https:\/\/estaticos-cdn.prensaiberica.es\/clip\/f7bd3a05-4911-4a3f-9fc5-745d1a2e84ce_media-libre-aspect-ratio_640w_0.jpg&#8220;,[],{&#8222;width&#8220;:526,&#8220;url&#8220;:4168,&#8220;height&#8220;:807,&#8220;quality&#8220;:538,&#8220;childPhotoClippings&#8220;:4169,&#8220;type&#8220;:524,&#8220;cropped&#8220;:8},&#8220;https:\/\/estaticos-cdn.prensaiberica.es\/clip\/f7bd3a05-4911-4a3f-9fc5-745d1a2e84ce_media-libre-aspect-ratio_320w_0.jpg&#8220;,[],{&#8222;mainUrl&#8220;:4171,&#8220;epigraphUrl&#8220;:-1,&#8220;redirectUrl&#8220;:-1,&#8220;sourceUrl&#8220;:-1},&#8220;\/boulevard\/szene\/2025\/10\/22\/ein-schimpfwort-als-sommerhit-rumbombe-hurensohn-dv-122881001.html&#8220;,{&#8222;follow&#8220;:8,&#8220;linkTarget&#8220;:-1,&#8220;trackingCode&#8220;:-1,&#8220;trackingCodeAmp&#8220;:-1,&#8220;text&#8220;:-1,&#8220;url&#8220;:-1},[4174],{&#8222;name&#8220;:1709,&#8220;id&#8220;:1710,&#8220;originalId&#8220;:1711,&#8220;title&#8220;:1709,&#8220;url&#8220;:1712,&#8220;image&#8220;:-1,&#8220;description&#8220;:-1,&#8220;authorInformation&#8220;:-1,&#8220;active&#8220;:9,&#8220;urls&#8220;:4175},{&#8222;mainUrl&#8220;:1712,&#8220;epigraphUrl&#8220;:-1,&#8220;redirectUrl&#8220;:-1,&#8220;sourceUrl&#8220;:-1},{&#8222;name&#8220;:4177,&#8220;place&#8220;:-1,&#8220;source&#8220;:-1,&#8220;authorText&#8220;:-1},&#8220;Sven Mandel&#8220;,{&#8222;html&#8220;:-1,&#8220;url&#8220;:-1},[4180,4182,4184,4190,4192],{&#8222;name&#8220;:1236,&#8220;id&#8220;:1237,&#8220;originalId&#8220;:1238,&#8220;title&#8220;:1236,&#8220;url&#8220;:1239,&#8220;urls&#8220;:4181,&#8220;active&#8220;:9},{&#8222;mainUrl&#8220;:1239,&#8220;epigraphUrl&#8220;:-1,&#8220;redirectUrl&#8220;:-1,&#8220;sourceUrl&#8220;:-1},{&#8222;name&#8220;:2441,&#8220;id&#8220;:2442,&#8220;originalId&#8220;:2443,&#8220;title&#8220;:2441,&#8220;url&#8220;:2444,&#8220;urls&#8220;:4183,&#8220;active&#8220;:9},{&#8222;mainUrl&#8220;:2444,&#8220;epigraphUrl&#8220;:-1,&#8220;redirectUrl&#8220;:-1,&#8220;sourceUrl&#8220;:-1},{&#8222;name&#8220;:4185,&#8220;id&#8220;:4186,&#8220;originalId&#8220;:4187,&#8220;title&#8220;:4185,&#8220;url&#8220;:4188,&#8220;urls&#8220;:4189,&#8220;active&#8220;:9},&#8220;Lorenz B\u00fcffel&#8220;,&#8220;ec735209-e139-3bf0-ab92-f6859c188444&#8243;,&#8220;REGIONALES_1584463&#8243;,&#8220;\/tags\/lorenz-buffel\/&#8220;,{&#8222;mainUrl&#8220;:4188,&#8220;epigraphUrl&#8220;:-1,&#8220;redirectUrl&#8220;:-1,&#8220;sourceUrl&#8220;:-1},{&#8222;name&#8220;:2114,&#8220;id&#8220;:2115,&#8220;originalId&#8220;:2116,&#8220;title&#8220;:2114,&#8220;url&#8220;:2117,&#8220;urls&#8220;:4191,&#8220;active&#8220;:9},{&#8222;mainUrl&#8220;:2117,&#8220;epigraphUrl&#8220;:-1,&#8220;redirectUrl&#8220;:-1,&#8220;sourceUrl&#8220;:-1},{&#8222;name&#8220;:29,&#8220;id&#8220;:1293,&#8220;originalId&#8220;:1294,&#8220;title&#8220;:29,&#8220;url&#8220;:1295,&#8220;urls&#8220;:4193,&#8220;active&#8220;:9},{&#8222;mainUrl&#8220;:1295,&#8220;epigraphUrl&#8220;:-1,&#8220;redirectUrl&#8220;:-1,&#8220;sourceUrl&#8220;:-1},[],{&#8222;accessType&#8220;:1318,&#8220;interviewOptions&#8220;:4196,&#8220;frontOptions&#8220;:4197,&#8220;basicOptions&#8220;:4198,&#8220;adsOptions&#8220;:-1,&#8220;premiumOptions&#8220;:4199,&#8220;appearanceOptions&#8220;:4200,&#8220;countries&#8220;:4201,&#8220;notificationOptions&#8220;:4202,&#8220;type&#8220;:-1,&#8220;editionType&#8220;:-1,&#8220;redirectFollow&#8220;:9,&#8220;analyticsOptions&#8220;:4209,&#8220;communityOptions&#8220;:-1,&#8220;freeformHtmls&#8220;:-1,&#8220;sportsOptions&#8220;:-1},{&#8222;interviewKicker&#8220;:-1,&#8220;intervieweeRole&#8220;:-1,&#8220;isInterview&#8220;:8,&#8220;interviewee&#8220;:-1},{&#8222;showLiveIcon&#8220;:8,&#8220;excludeFromAutomaticModules&#8220;:-1,&#8220;hideColumnistStyle&#8220;:8,&#8220;showVideoIcon&#8220;:8,&#8220;showPhotoGalleryIcon&#8220;:8,&#8220;showImageSignature&#8220;:8,&#8220;specialKicker&#8220;:-1,&#8220;showSignature&#8220;:9,&#8220;hidePhoto&#8220;:8,&#8220;hideMediaReportStyle&#8220;:8,&#8220;titleSize&#8220;:-1,&#8220;showPlace&#8220;:8,&#8220;showPreTitle&#8220;:8},{&#8222;appearanceHideRelations&#8220;:8,&#8220;disablePageRefresh&#8220;:8,&#8220;appearanceHideInTagListings&#8220;:8,&#8220;denyComments&#8220;:8,&#8220;doNotGenerateAmpVersion&#8220;:8,&#8220;oldContent&#8220;:8,&#8220;sourceIsAgency&#8220;:8,&#8220;hideInLastContents&#8220;:8,&#8220;hideInTagPages&#8220;:8,&#8220;hideInMostViewed&#8220;:8,&#8220;hideInAllListings&#8220;:8,&#8220;source&#8220;:1247,&#8220;disableAmp&#8220;:8,&#8220;cxenseEnabled&#8220;:9,&#8220;isOpinion&#8220;:8},{&#8222;premiumKicker&#8220;:-1,&#8220;premiumShowButton&#8220;:8,&#8220;premiumButtonUrl&#8220;:-1,&#8220;premiumShowKicker&#8220;:8},{&#8222;hideRelations&#8220;:8,&#8220;oldContent&#8220;:8},[],{&#8222;expirationMinutes&#8220;:1252,&#8220;isPersistent&#8220;:8,&#8220;appOptions&#8220;:4203,&#8220;webOptions&#8220;:4205,&#8220;title&#8220;:4207,&#8220;body&#8220;:4208},{&#8222;sendPush&#8220;:8,&#8220;notificationButtons&#8220;:4204},[],{&#8222;sendPush&#8220;:8,&#8220;notificationButtons&#8220;:4206},[],&#8220;Ein Schimpfwort als Sommerhit: Dieser Ballermann-Song st\u00fcrmt&#8220;,&#8220;Warum Ballermann-Fans in dieser Saison ausgerechnet auf Rumbombes Song abfahren \u2013 und was der K\u00fcnstler \u00fcber Kritik denkt&#8220;,{&#8222;origin&#8220;:-1,&#8220;type&#8220;:-1,&#8220;editor&#8220;:1260,&#8220;category&#8220;:-1,&#8220;agencies&#8220;:4210,&#8220;adsTypes&#8220;:4211,&#8220;format&#8220;:1698,&#8220;variant&#8220;:1699},[],[],{&#8222;updateDate&#8220;:4213,&#8220;createDate&#8220;:4214,&#8220;releaseDate&#8220;:4215,&#8220;lastModifiedDate&#8220;:-1},[&#8222;Date&#8220;,&#8220;2025-10-22T09:07:03.000Z&#8220;],[&#8222;Date&#8220;,&#8220;2025-10-22T09:00:22.000Z&#8220;],[&#8222;Date&#8220;,&#8220;2025-10-22T09:07:03.000Z&#8220;],[4217,4219],{&#8222;name&#8220;:448,&#8220;id&#8220;:1224,&#8220;originalId&#8220;:1225,&#8220;title&#8220;:448,&#8220;url&#8220;:1226,&#8220;urls&#8220;:4218,&#8220;childUrl&#8220;:-1,&#8220;parentUrl&#8220;:-1,&#8220;active&#8220;:9,&#8220;archived&#8220;:8},{&#8222;mainUrl&#8220;:1226,&#8220;epigraphUrl&#8220;:-1,&#8220;redirectUrl&#8220;:-1,&#8220;sourceUrl&#8220;:-1},{&#8222;name&#8220;:1229,&#8220;id&#8220;:1230,&#8220;originalId&#8220;:1231,&#8220;title&#8220;:1229,&#8220;url&#8220;:1232,&#8220;urls&#8220;:4220,&#8220;childUrl&#8220;:-1,&#8220;parentUrl&#8220;:-1,&#8220;active&#8220;:9,&#8220;archived&#8220;:8},{&#8222;mainUrl&#8220;:1232,&#8220;epigraphUrl&#8220;:-1,&#8220;redirectUrl&#8220;:-1,&#8220;sourceUrl&#8220;:-1},[],{&#8222;specialText&#8220;:486,&#8220;text&#8220;:-1,&#8220;type&#8220;:-1},{&#8222;footballInfo&#8220;:-1,&#8220;firstMessages&#8220;:4224,&#8220;multimediaType&#8220;:596,&#8220;contentType&#8220;:141,&#8220;id&#8220;:4225,&#8220;contentId&#8220;:4226,&#8220;title&#8220;:4227,&#8220;subtitle&#8220;:-1,&#8220;subtitleTwo&#8220;:-1,&#8220;photoClippings&#8220;:4228,&#8220;urls&#8220;:4240,&#8220;url&#8220;:4241,&#8220;sponsorship&#8220;:4242,&#8220;authors&#8220;:4243,&#8220;signature&#8220;:-1,&#8220;photoSignature&#8220;:4247,&#8220;qualityUrls&#8220;:-1,&#8220;embedInfo&#8220;:4248,&#8220;tags&#8220;:4249,&#8220;hyperlocalisms&#8220;:4274,&#8220;options&#8220;:4275,&#8220;externalOptions&#8220;:-1,&#8220;dates&#8220;:4291,&#8220;player&#8220;:-1,&#8220;originalId&#8220;:4226,&#8220;liveOptions&#8220;:-1,&#8220;epigraph&#8220;:-1,&#8220;photoDescription&#8220;:-1,&#8220;sections&#8220;:4295,&#8220;relatedContents&#8220;:4300,&#8220;kicker&#8220;:4301,&#8220;published&#8220;:9,&#8220;featuredHtml&#8220;:-1},[],&#8220;bd7a3f78-aa59-3513-a514-54ed46617380&#8243;,&#8220;122740146&#8243;,&#8220;Oktoberfest-Anstich in Santa Pon\u00e7a: Das \u00fcben wir nochmal&#8220;,[4229],{&#8222;width&#8220;:4230,&#8220;url&#8220;:4231,&#8220;height&#8220;:4232,&#8220;quality&#8220;:73,&#8220;childPhotoClippings&#8220;:4233,&#8220;type&#8220;:524,&#8220;cropped&#8220;:9},&#8220;2389&#8243;,&#8220;https:\/\/estaticos-cdn.prensaiberica.es\/clip\/3ec63ae4-0967-4c25-b20b-75f871a3ca55_16-9-aspect-ratio_default_1410109.jpg&#8220;,&#8220;1344&#8243;,[4234,4237],{&#8222;width&#8220;:519,&#8220;url&#8220;:4235,&#8220;height&#8220;:823,&#8220;quality&#8220;:73,&#8220;childPhotoClippings&#8220;:4236,&#8220;type&#8220;:524,&#8220;cropped&#8220;:8},&#8220;https:\/\/estaticos-cdn.prensaiberica.es\/clip\/3ec63ae4-0967-4c25-b20b-75f871a3ca55_16-9-aspect-ratio_640w_1410109.jpg&#8220;,[],{&#8222;width&#8220;:526,&#8220;url&#8220;:4238,&#8220;height&#8220;:828,&#8220;quality&#8220;:73,&#8220;childPhotoClippings&#8220;:4239,&#8220;type&#8220;:524,&#8220;cropped&#8220;:8},&#8220;https:\/\/estaticos-cdn.prensaiberica.es\/clip\/3ec63ae4-0967-4c25-b20b-75f871a3ca55_16-9-aspect-ratio_320w_1410109.jpg&#8220;,[],{&#8222;mainUrl&#8220;:4241,&#8220;epigraphUrl&#8220;:-1,&#8220;redirectUrl&#8220;:-1,&#8220;sourceUrl&#8220;:-1},&#8220;\/boulevard\/szene\/2025\/10\/17\/oktoberfest-eroeffnung-santa-ponca-2025-anstich-122740146.html&#8220;,{&#8222;follow&#8220;:8,&#8220;linkTarget&#8220;:-1,&#8220;trackingCode&#8220;:-1,&#8220;trackingCodeAmp&#8220;:-1,&#8220;text&#8220;:-1,&#8220;url&#8220;:-1},[4244],{&#8222;name&#8220;:418,&#8220;id&#8220;:2009,&#8220;originalId&#8220;:2010,&#8220;title&#8220;:418,&#8220;url&#8220;:2011,&#8220;image&#8220;:2012,&#8220;description&#8220;:2013,&#8220;authorInformation&#8220;:4245,&#8220;active&#8220;:9,&#8220;urls&#8220;:4246},{&#8222;position&#8220;:-1,&#8220;twitterUsername&#8220;:-1,&#8220;socialNetworks&#8220;:-1},{&#8222;mainUrl&#8220;:2011,&#8220;epigraphUrl&#8220;:-1,&#8220;redirectUrl&#8220;:-1,&#8220;sourceUrl&#8220;:-1},{&#8222;name&#8220;:418,&#8220;place&#8220;:-1,&#8220;source&#8220;:-1,&#8220;authorText&#8220;:-1},{&#8222;html&#8220;:-1,&#8220;url&#8220;:-1},[4250,4256,4262,4268],{&#8222;name&#8220;:4251,&#8220;id&#8220;:4252,&#8220;originalId&#8220;:4253,&#8220;title&#8220;:4251,&#8220;url&#8220;:4254,&#8220;urls&#8220;:4255,&#8220;active&#8220;:9},&#8220;Oktoberfeste&#8220;,&#8220;7dbb41f1-cb4e-3947-b8c6-03b4e345de39&#8243;,&#8220;REGIONALES_1585038&#8243;,&#8220;\/tags\/oktoberfeste\/&#8220;,{&#8222;mainUrl&#8220;:4254,&#8220;epigraphUrl&#8220;:-1,&#8220;redirectUrl&#8220;:-1,&#8220;sourceUrl&#8220;:-1},{&#8222;name&#8220;:4257,&#8220;id&#8220;:4258,&#8220;originalId&#8220;:4259,&#8220;title&#8220;:4257,&#8220;url&#8220;:4260,&#8220;urls&#8220;:4261,&#8220;active&#8220;:9},&#8220;Santa Pon\u00e7a&#8220;,&#8220;f9b23ce8-9d31-334e-b223-97602a923de8&#8243;,&#8220;REGIONALES_1585723&#8243;,&#8220;\/tags\/santa-ponca\/&#8220;,{&#8222;mainUrl&#8220;:4260,&#8220;epigraphUrl&#8220;:-1,&#8220;redirectUrl&#8220;:-1,&#8220;sourceUrl&#8220;:-1},{&#8222;name&#8220;:4263,&#8220;id&#8220;:4264,&#8220;originalId&#8220;:4265,&#8220;title&#8220;:4263,&#8220;url&#8220;:4266,&#8220;urls&#8220;:4267,&#8220;active&#8220;:9},&#8220;Son Bugadelles&#8220;,&#8220;102e1fc1-bee0-35e2-a6f0-cec2a7356c57&#8243;,&#8220;REGIONALES_1585968&#8243;,&#8220;\/tags\/son-bugadelles\/&#8220;,{&#8222;mainUrl&#8220;:4266,&#8220;epigraphUrl&#8220;:-1,&#8220;redirectUrl&#8220;:-1,&#8220;sourceUrl&#8220;:-1},{&#8222;name&#8220;:4269,&#8220;id&#8220;:4270,&#8220;originalId&#8220;:4271,&#8220;title&#8220;:4269,&#8220;url&#8220;:4272,&#8220;urls&#8220;:4273,&#8220;active&#8220;:9},&#8220;Bayern&#8220;,&#8220;e81ccdee-eac1-3f0f-a06d-b4d02adb04c6&#8243;,&#8220;REGIONALES_1582470&#8243;,&#8220;\/tags\/bayern\/&#8220;,{&#8222;mainUrl&#8220;:4272,&#8220;epigraphUrl&#8220;:-1,&#8220;redirectUrl&#8220;:-1,&#8220;sourceUrl&#8220;:-1},[],{&#8222;accessType&#8220;:1859,&#8220;interviewOptions&#8220;:4276,&#8220;frontOptions&#8220;:4277,&#8220;basicOptions&#8220;:4278,&#8220;adsOptions&#8220;:-1,&#8220;premiumOptions&#8220;:4279,&#8220;appearanceOptions&#8220;:4280,&#8220;countries&#8220;:4281,&#8220;notificationOptions&#8220;:4282,&#8220;type&#8220;:-1,&#8220;editionType&#8220;:-1,&#8220;redirectFollow&#8220;:9,&#8220;analyticsOptions&#8220;:4288,&#8220;communityOptions&#8220;:-1,&#8220;freeformHtmls&#8220;:-1,&#8220;sportsOptions&#8220;:-1},{&#8222;interviewKicker&#8220;:-1,&#8220;intervieweeRole&#8220;:-1,&#8220;isInterview&#8220;:8,&#8220;interviewee&#8220;:-1},{&#8222;showLiveIcon&#8220;:8,&#8220;excludeFromAutomaticModules&#8220;:-1,&#8220;hideColumnistStyle&#8220;:8,&#8220;showVideoIcon&#8220;:8,&#8220;showPhotoGalleryIcon&#8220;:8,&#8220;showImageSignature&#8220;:8,&#8220;specialKicker&#8220;:-1,&#8220;showSignature&#8220;:9,&#8220;hidePhoto&#8220;:8,&#8220;hideMediaReportStyle&#8220;:8,&#8220;titleSize&#8220;:-1,&#8220;showPlace&#8220;:8,&#8220;showPreTitle&#8220;:8},{&#8222;appearanceHideRelations&#8220;:8,&#8220;disablePageRefresh&#8220;:8,&#8220;appearanceHideInTagListings&#8220;:8,&#8220;denyComments&#8220;:8,&#8220;doNotGenerateAmpVersion&#8220;:8,&#8220;oldContent&#8220;:8,&#8220;sourceIsAgency&#8220;:8,&#8220;hideInLastContents&#8220;:8,&#8220;hideInTagPages&#8220;:8,&#8220;hideInMostViewed&#8220;:8,&#8220;hideInAllListings&#8220;:8,&#8220;source&#8220;:1247,&#8220;disableAmp&#8220;:8,&#8220;cxenseEnabled&#8220;:9,&#8220;isOpinion&#8220;:8},{&#8222;premiumKicker&#8220;:-1,&#8220;premiumShowButton&#8220;:8,&#8220;premiumButtonUrl&#8220;:-1,&#8220;premiumShowKicker&#8220;:8},{&#8222;hideRelations&#8220;:8,&#8220;oldContent&#8220;:8},[],{&#8222;expirationMinutes&#8220;:1252,&#8220;isPersistent&#8220;:8,&#8220;appOptions&#8220;:4283,&#8220;webOptions&#8220;:4285,&#8220;title&#8220;:4227,&#8220;body&#8220;:4287},{&#8222;sendPush&#8220;:8,&#8220;notificationButtons&#8220;:4284},[],{&#8222;sendPush&#8220;:8,&#8220;notificationButtons&#8220;:4286},[],&#8220;Weder der B\u00fcrgermeister noch die Veranstalter vermochten, das Fass anzustechen &#8211; schuld war wohl die Gummidichtung. Viel internationales Publikum bei der Er\u00f6ffnung der Wiesn in Santa Pon\u00e7a&#8220;,{&#8222;origin&#8220;:-1,&#8220;type&#8220;:-1,&#8220;editor&#8220;:1735,&#8220;category&#8220;:-1,&#8220;agencies&#8220;:4289,&#8220;adsTypes&#8220;:4290,&#8220;format&#8220;:1698,&#8220;variant&#8220;:1699},[],[],{&#8222;updateDate&#8220;:4292,&#8220;createDate&#8220;:4293,&#8220;releaseDate&#8220;:4294,&#8220;lastModifiedDate&#8220;:-1},[&#8222;Date&#8220;,&#8220;2025-10-19T18:48:17.000Z&#8220;],[&#8222;Date&#8220;,&#8220;2025-10-17T18:09:36.000Z&#8220;],[&#8222;Date&#8220;,&#8220;2025-10-17T18:52:06.000Z&#8220;],[4296,4298],{&#8222;name&#8220;:448,&#8220;id&#8220;:1224,&#8220;originalId&#8220;:1225,&#8220;title&#8220;:448,&#8220;url&#8220;:1226,&#8220;urls&#8220;:4297,&#8220;childUrl&#8220;:-1,&#8220;parentUrl&#8220;:-1,&#8220;active&#8220;:9,&#8220;archived&#8220;:8},{&#8222;mainUrl&#8220;:1226,&#8220;epigraphUrl&#8220;:-1,&#8220;redirectUrl&#8220;:-1,&#8220;sourceUrl&#8220;:-1},{&#8222;name&#8220;:1229,&#8220;id&#8220;:1230,&#8220;originalId&#8220;:1231,&#8220;title&#8220;:1229,&#8220;url&#8220;:1232,&#8220;urls&#8220;:4299,&#8220;childUrl&#8220;:-1,&#8220;parentUrl&#8220;:-1,&#8220;active&#8220;:9,&#8220;archived&#8220;:8},{&#8222;mainUrl&#8220;:1232,&#8220;epigraphUrl&#8220;:-1,&#8220;redirectUrl&#8220;:-1,&#8220;sourceUrl&#8220;:-1},[],{&#8222;specialText&#8220;:486,&#8220;text&#8220;:-1,&#8220;type&#8220;:-1},{&#8222;footballInfo&#8220;:-1,&#8220;firstMessages&#8220;:4303,&#8220;multimediaType&#8220;:596,&#8220;contentType&#8220;:143,&#8220;id&#8220;:4304,&#8220;contentId&#8220;:4305,&#8220;title&#8220;:4306,&#8220;subtitle&#8220;:-1,&#8220;subtitleTwo&#8220;:-1,&#8220;photoClippings&#8220;:4307,&#8220;urls&#8220;:4326,&#8220;url&#8220;:4327,&#8220;sponsorship&#8220;:4328,&#8220;authors&#8220;:4329,&#8220;signature&#8220;:-1,&#8220;photoSignature&#8220;:-1,&#8220;qualityUrls&#8220;:4334,&#8220;embedInfo&#8220;:4338,&#8220;tags&#8220;:4339,&#8220;hyperlocalisms&#8220;:4350,&#8220;options&#8220;:4351,&#8220;externalOptions&#8220;:-1,&#8220;dates&#8220;:4371,&#8220;player&#8220;:4375,&#8220;originalId&#8220;:4305,&#8220;liveOptions&#8220;:-1,&#8220;epigraph&#8220;:-1,&#8220;photoDescription&#8220;:-1,&#8220;sections&#8220;:4403,&#8220;relatedContents&#8220;:4408,&#8220;kicker&#8220;:4409,&#8220;published&#8220;:9,&#8220;featuredHtml&#8220;:-1},[],&#8220;26ac727b-9651-35bd-b26a-3c487c168952&#8243;,&#8220;122714784&#8243;,&#8220;Clueso gibt Privatkonzert im Bikini-Hotel Es Trenc auf Mallorca&#8220;,[4308,4317],{&#8222;width&#8220;:2520,&#8220;url&#8220;:4309,&#8220;height&#8220;:534,&#8220;quality&#8220;:2522,&#8220;childPhotoClippings&#8220;:4310,&#8220;type&#8220;:524,&#8220;cropped&#8220;:8},&#8220;https:\/\/estaticos-cdn.prensaiberica.es\/clip\/d1228798-c122-4d44-a9d7-c0fb65fd2172_16-9-aspect-ratio_default_0.jpg&#8220;,[4311,4314],{&#8222;width&#8220;:519,&#8220;url&#8220;:4312,&#8220;height&#8220;:823,&#8220;quality&#8220;:73,&#8220;childPhotoClippings&#8220;:4313,&#8220;type&#8220;:524,&#8220;cropped&#8220;:8},&#8220;https:\/\/estaticos-cdn.prensaiberica.es\/clip\/d1228798-c122-4d44-a9d7-c0fb65fd2172_16-9-aspect-ratio_640w_0.jpg&#8220;,[],{&#8222;width&#8220;:526,&#8220;url&#8220;:4315,&#8220;height&#8220;:828,&#8220;quality&#8220;:73,&#8220;childPhotoClippings&#8220;:4316,&#8220;type&#8220;:524,&#8220;cropped&#8220;:8},&#8220;https:\/\/estaticos-cdn.prensaiberica.es\/clip\/d1228798-c122-4d44-a9d7-c0fb65fd2172_16-9-aspect-ratio_320w_0.jpg&#8220;,[],{&#8222;width&#8220;:532,&#8220;url&#8220;:4318,&#8220;height&#8220;:2300,&#8220;quality&#8220;:73,&#8220;childPhotoClippings&#8220;:4319,&#8220;type&#8220;:530,&#8220;cropped&#8220;:8},&#8220;https:\/\/estaticos-cdn.prensaiberica.es\/clip\/d1228798-c122-4d44-a9d7-c0fb65fd2172_media-libre-aspect-ratio_default_0.jpg&#8220;,[4320,4323],{&#8222;width&#8220;:519,&#8220;url&#8220;:4321,&#8220;height&#8220;:823,&#8220;quality&#8220;:538,&#8220;childPhotoClippings&#8220;:4322,&#8220;type&#8220;:524,&#8220;cropped&#8220;:8},&#8220;https:\/\/estaticos-cdn.prensaiberica.es\/clip\/d1228798-c122-4d44-a9d7-c0fb65fd2172_media-libre-aspect-ratio_640w_0.jpg&#8220;,[],{&#8222;width&#8220;:526,&#8220;url&#8220;:4324,&#8220;height&#8220;:828,&#8220;quality&#8220;:538,&#8220;childPhotoClippings&#8220;:4325,&#8220;type&#8220;:524,&#8220;cropped&#8220;:8},&#8220;https:\/\/estaticos-cdn.prensaiberica.es\/clip\/d1228798-c122-4d44-a9d7-c0fb65fd2172_media-libre-aspect-ratio_320w_0.jpg&#8220;,[],{&#8222;mainUrl&#8220;:4327,&#8220;epigraphUrl&#8220;:-1,&#8220;redirectUrl&#8220;:-1,&#8220;sourceUrl&#8220;:-1},&#8220;\/boulevard\/szene\/2025\/10\/17\/clueso-gibt-privatkonzert-im-bikini-122714784.html&#8220;,{&#8222;follow&#8220;:8,&#8220;linkTarget&#8220;:-1,&#8220;trackingCode&#8220;:-1,&#8220;trackingCodeAmp&#8220;:-1,&#8220;text&#8220;:-1,&#8220;url&#8220;:-1},[4330],{&#8222;name&#8220;:3883,&#8220;id&#8220;:3884,&#8220;originalId&#8220;:3885,&#8220;title&#8220;:3883,&#8220;url&#8220;:3886,&#8220;image&#8220;:3887,&#8220;description&#8220;:3888,&#8220;authorInformation&#8220;:4331,&#8220;active&#8220;:9,&#8220;urls&#8220;:4333},{&#8222;position&#8220;:-1,&#8220;twitterUsername&#8220;:-1,&#8220;socialNetworks&#8220;:4332},{&#8222;facebookUsername&#8220;:-1,&#8220;instagramUsername&#8220;:-1,&#8220;linkedinUsername&#8220;:-1,&#8220;twitterUsername&#8220;:3891},{&#8222;mainUrl&#8220;:3886,&#8220;epigraphUrl&#8220;:-1,&#8220;redirectUrl&#8220;:-1,&#8220;sourceUrl&#8220;:-1},{&#8222;small&#8220;:4335,&#8220;medium&#8220;:4336,&#8220;hd&#8220;:4337},&#8220;https:\/\/estaticos-cdn.prensaiberica.es\/epi\/public\/videoquality\/2025\/1017\/09\/clueso-gibt-privatkonzert-im-bikini-hotel-es-trenc-auf-mallorca.mp4&#8243;,&#8220;https:\/\/estaticos-cdn.prensaiberica.es\/epi\/public\/videoquality\/2025\/1017\/09\/clueso-gibt-privatkonzert-im-bikini-hotel-es-trenc-auf-mallorca-2.mp4&#8243;,&#8220;https:\/\/estaticos-cdn.prensaiberica.es\/epi\/public\/videoquality\/2025\/1017\/09\/clueso-gibt-privatkonzert-im-bikini-hotel-es-trenc-auf-mallorca-3.mp4&#8243;,{&#8222;html&#8220;:-1,&#8220;url&#8220;:-1},[4340,4342,4344],{&#8222;name&#8220;:2749,&#8220;id&#8220;:2750,&#8220;originalId&#8220;:2751,&#8220;title&#8220;:2749,&#8220;url&#8220;:2752,&#8220;urls&#8220;:4341,&#8220;active&#8220;:9},{&#8222;mainUrl&#8220;:2752,&#8220;epigraphUrl&#8220;:-1,&#8220;redirectUrl&#8220;:-1,&#8220;sourceUrl&#8220;:-1},{&#8222;name&#8220;:2477,&#8220;id&#8220;:2478,&#8220;originalId&#8220;:2479,&#8220;title&#8220;:2477,&#8220;url&#8220;:2480,&#8220;urls&#8220;:4343,&#8220;active&#8220;:9},{&#8222;mainUrl&#8220;:2480,&#8220;epigraphUrl&#8220;:-1,&#8220;redirectUrl&#8220;:-1,&#8220;sourceUrl&#8220;:-1},{&#8222;name&#8220;:4345,&#8220;id&#8220;:4346,&#8220;originalId&#8220;:4347,&#8220;title&#8220;:4345,&#8220;url&#8220;:4348,&#8220;urls&#8220;:4349,&#8220;active&#8220;:9},&#8220;Col\u00f2nia de Sant Jordi&#8220;,&#8220;66f9f906-45c2-38ca-b41f-c50da19a0ce8&#8243;,&#8220;REGIONALES_1582897&#8243;,&#8220;\/tags\/colonia-de-sant-jordi\/&#8220;,{&#8222;mainUrl&#8220;:4348,&#8220;epigraphUrl&#8220;:-1,&#8220;redirectUrl&#8220;:-1,&#8220;sourceUrl&#8220;:-1},[],{&#8222;accessType&#8220;:1318,&#8220;interviewOptions&#8220;:4352,&#8220;frontOptions&#8220;:4353,&#8220;basicOptions&#8220;:4354,&#8220;adsOptions&#8220;:-1,&#8220;premiumOptions&#8220;:4355,&#8220;appearanceOptions&#8220;:4356,&#8220;countries&#8220;:4357,&#8220;notificationOptions&#8220;:4358,&#8220;type&#8220;:-1,&#8220;editionType&#8220;:-1,&#8220;redirectFollow&#8220;:9,&#8220;analyticsOptions&#8220;:4365,&#8220;communityOptions&#8220;:-1,&#8220;freeformHtmls&#8220;:-1,&#8220;sportsOptions&#8220;:-1},{&#8222;interviewKicker&#8220;:-1,&#8220;intervieweeRole&#8220;:-1,&#8220;isInterview&#8220;:8,&#8220;interviewee&#8220;:-1},{&#8222;showLiveIcon&#8220;:8,&#8220;excludeFromAutomaticModules&#8220;:-1,&#8220;hideColumnistStyle&#8220;:8,&#8220;showVideoIcon&#8220;:8,&#8220;showPhotoGalleryIcon&#8220;:8,&#8220;showImageSignature&#8220;:8,&#8220;specialKicker&#8220;:-1,&#8220;showSignature&#8220;:8,&#8220;hidePhoto&#8220;:8,&#8220;hideMediaReportStyle&#8220;:8,&#8220;titleSize&#8220;:-1,&#8220;showPlace&#8220;:8,&#8220;showPreTitle&#8220;:8},{&#8222;appearanceHideRelations&#8220;:8,&#8220;disablePageRefresh&#8220;:8,&#8220;appearanceHideInTagListings&#8220;:8,&#8220;denyComments&#8220;:8,&#8220;doNotGenerateAmpVersion&#8220;:8,&#8220;oldContent&#8220;:8,&#8220;sourceIsAgency&#8220;:8,&#8220;hideInLastContents&#8220;:8,&#8220;hideInTagPages&#8220;:8,&#8220;hideInMostViewed&#8220;:8,&#8220;hideInAllListings&#8220;:8,&#8220;source&#8220;:1247,&#8220;disableAmp&#8220;:8,&#8220;cxenseEnabled&#8220;:8,&#8220;isOpinion&#8220;:8},{&#8222;premiumKicker&#8220;:-1,&#8220;premiumShowButton&#8220;:8,&#8220;premiumButtonUrl&#8220;:-1,&#8220;premiumShowKicker&#8220;:8},{&#8222;hideRelations&#8220;:8,&#8220;oldContent&#8220;:8},[],{&#8222;expirationMinutes&#8220;:1252,&#8220;isPersistent&#8220;:8,&#8220;appOptions&#8220;:4359,&#8220;webOptions&#8220;:4361,&#8220;title&#8220;:4363,&#8220;body&#8220;:4364},{&#8222;sendPush&#8220;:8,&#8220;notificationButtons&#8220;:4360},[],{&#8222;sendPush&#8220;:8,&#8220;notificationButtons&#8220;:4362},[],&#8220;Clueso gibt Privatkonzert im Bikini-Hotel Es Trenc auf Mallo&#8220;,&#8220;Der deutsche Popstar Clueso gibt am 16.10. im Bikini-Hotel Es Tren in Col\u00f2nia de Sant Jordi ein Konzert&#8220;,{&#8222;origin&#8220;:4366,&#8220;type&#8220;:4367,&#8220;editor&#8220;:1735,&#8220;category&#8220;:-1,&#8220;agencies&#8220;:4368,&#8220;adsTypes&#8220;:4369,&#8220;format&#8220;:-1,&#8220;variant&#8220;:-1},&#8220;propios&#8220;,&#8220;redaccion&#8220;,[],[4370],&#8220;Propios_Redaccion&#8220;,{&#8222;updateDate&#8220;:4372,&#8220;createDate&#8220;:4373,&#8220;releaseDate&#8220;:4374,&#8220;lastModifiedDate&#8220;:-1},[&#8222;Date&#8220;,&#8220;2025-10-17T09:33:27.000Z&#8220;],[&#8222;Date&#8220;,&#8220;2025-10-17T09:09:40.000Z&#8220;],[&#8222;Date&#8220;,&#8220;2025-10-17T09:19:11.000Z&#8220;],{&#8222;qualityUrls&#8220;:4376,&#8220;title&#8220;:4306,&#8220;compliant&#8220;:8,&#8220;disableAdvertising&#8220;:8,&#8220;id&#8220;:4304,&#8220;sourceImage&#8220;:4318,&#8220;photoClippings&#8220;:4377,&#8220;tags&#8220;:4390,&#8220;hyperlocalisms&#8220;:4397,&#8220;videoUrl&#8220;:-1,&#8220;authors&#8220;:4398},{&#8222;small&#8220;:4335,&#8220;medium&#8220;:4336,&#8220;hd&#8220;:4337},[4378,4384],{&#8222;width&#8220;:2520,&#8220;url&#8220;:4309,&#8220;height&#8220;:534,&#8220;quality&#8220;:2522,&#8220;childPhotoClippings&#8220;:4379,&#8220;type&#8220;:524,&#8220;cropped&#8220;:8},[4380,4382],{&#8222;width&#8220;:519,&#8220;url&#8220;:4312,&#8220;height&#8220;:823,&#8220;quality&#8220;:73,&#8220;childPhotoClippings&#8220;:4381,&#8220;type&#8220;:524,&#8220;cropped&#8220;:8},[],{&#8222;width&#8220;:526,&#8220;url&#8220;:4315,&#8220;height&#8220;:828,&#8220;quality&#8220;:73,&#8220;childPhotoClippings&#8220;:4383,&#8220;type&#8220;:524,&#8220;cropped&#8220;:8},[],{&#8222;width&#8220;:532,&#8220;url&#8220;:4318,&#8220;height&#8220;:2300,&#8220;quality&#8220;:73,&#8220;childPhotoClippings&#8220;:4385,&#8220;type&#8220;:530,&#8220;cropped&#8220;:8},[4386,4388],{&#8222;width&#8220;:519,&#8220;url&#8220;:4321,&#8220;height&#8220;:823,&#8220;quality&#8220;:538,&#8220;childPhotoClippings&#8220;:4387,&#8220;type&#8220;:524,&#8220;cropped&#8220;:8},[],{&#8222;width&#8220;:526,&#8220;url&#8220;:4324,&#8220;height&#8220;:828,&#8220;quality&#8220;:538,&#8220;childPhotoClippings&#8220;:4389,&#8220;type&#8220;:524,&#8220;cropped&#8220;:8},[],[4391,4393,4395],{&#8222;name&#8220;:2749,&#8220;id&#8220;:2750,&#8220;originalId&#8220;:2751,&#8220;title&#8220;:2749,&#8220;url&#8220;:2752,&#8220;urls&#8220;:4392,&#8220;active&#8220;:9},{&#8222;mainUrl&#8220;:2752,&#8220;epigraphUrl&#8220;:-1,&#8220;redirectUrl&#8220;:-1,&#8220;sourceUrl&#8220;:-1},{&#8222;name&#8220;:2477,&#8220;id&#8220;:2478,&#8220;originalId&#8220;:2479,&#8220;title&#8220;:2477,&#8220;url&#8220;:2480,&#8220;urls&#8220;:4394,&#8220;active&#8220;:9},{&#8222;mainUrl&#8220;:2480,&#8220;epigraphUrl&#8220;:-1,&#8220;redirectUrl&#8220;:-1,&#8220;sourceUrl&#8220;:-1},{&#8222;name&#8220;:4345,&#8220;id&#8220;:4346,&#8220;originalId&#8220;:4347,&#8220;title&#8220;:4345,&#8220;url&#8220;:4348,&#8220;urls&#8220;:4396,&#8220;active&#8220;:9},{&#8222;mainUrl&#8220;:4348,&#8220;epigraphUrl&#8220;:-1,&#8220;redirectUrl&#8220;:-1,&#8220;sourceUrl&#8220;:-1},[],[4399],{&#8222;name&#8220;:3883,&#8220;id&#8220;:3884,&#8220;originalId&#8220;:3885,&#8220;title&#8220;:3883,&#8220;url&#8220;:3886,&#8220;image&#8220;:3887,&#8220;description&#8220;:3888,&#8220;authorInformation&#8220;:4400,&#8220;active&#8220;:9,&#8220;urls&#8220;:4402},{&#8222;position&#8220;:-1,&#8220;twitterUsername&#8220;:-1,&#8220;socialNetworks&#8220;:4401},{&#8222;facebookUsername&#8220;:-1,&#8220;instagramUsername&#8220;:-1,&#8220;linkedinUsername&#8220;:-1,&#8220;twitterUsername&#8220;:3891},{&#8222;mainUrl&#8220;:3886,&#8220;epigraphUrl&#8220;:-1,&#8220;redirectUrl&#8220;:-1,&#8220;sourceUrl&#8220;:-1},[4404,4406],{&#8222;name&#8220;:448,&#8220;id&#8220;:1224,&#8220;originalId&#8220;:1225,&#8220;title&#8220;:448,&#8220;url&#8220;:1226,&#8220;urls&#8220;:4405,&#8220;childUrl&#8220;:-1,&#8220;parentUrl&#8220;:-1,&#8220;active&#8220;:9,&#8220;archived&#8220;:8},{&#8222;mainUrl&#8220;:1226,&#8220;epigraphUrl&#8220;:-1,&#8220;redirectUrl&#8220;:-1,&#8220;sourceUrl&#8220;:-1},{&#8222;name&#8220;:1229,&#8220;id&#8220;:1230,&#8220;originalId&#8220;:1231,&#8220;title&#8220;:1229,&#8220;url&#8220;:1232,&#8220;urls&#8220;:4407,&#8220;childUrl&#8220;:-1,&#8220;parentUrl&#8220;:-1,&#8220;active&#8220;:9,&#8220;archived&#8220;:8},{&#8222;mainUrl&#8220;:1232,&#8220;epigraphUrl&#8220;:-1,&#8220;redirectUrl&#8220;:-1,&#8220;sourceUrl&#8220;:-1},[],{&#8222;specialText&#8220;:-1,&#8220;text&#8220;:-1},{&#8222;footballInfo&#8220;:-1,&#8220;firstMessages&#8220;:4411,&#8220;multimediaType&#8220;:143,&#8220;contentType&#8220;:141,&#8220;id&#8220;:4412,&#8220;contentId&#8220;:4413,&#8220;title&#8220;:4414,&#8220;subtitle&#8220;:-1,&#8220;subtitleTwo&#8220;:-1,&#8220;photoClippings&#8220;:4415,&#8220;urls&#8220;:4437,&#8220;url&#8220;:4438,&#8220;sponsorship&#8220;:4439,&#8220;authors&#8220;:4440,&#8220;signature&#8220;:-1,&#8220;photoSignature&#8220;:4445,&#8220;qualityUrls&#8220;:-1,&#8220;embedInfo&#8220;:4446,&#8220;tags&#8220;:4447,&#8220;hyperlocalisms&#8220;:4452,&#8220;options&#8220;:4453,&#8220;externalOptions&#8220;:-1,&#8220;dates&#8220;:4470,&#8220;player&#8220;:-1,&#8220;originalId&#8220;:4413,&#8220;liveOptions&#8220;:-1,&#8220;epigraph&#8220;:-1,&#8220;photoDescription&#8220;:-1,&#8220;sections&#8220;:4474,&#8220;relatedContents&#8220;:4479,&#8220;kicker&#8220;:4480,&#8220;published&#8220;:9,&#8220;featuredHtml&#8220;:-1},[],&#8220;8cf702ea-01f4-3f18-9921-e74cf3cf6e94&#8243;,&#8220;122709300&#8243;,&#8220;\\&#8220;Du musst tanzen\\&#8220; &#8211; Clueso gibt Privatkonzert in Bikini-Hotel auf Mallorca&#8220;,[4416,4425,4431],{&#8222;width&#8220;:432,&#8220;url&#8220;:4417,&#8220;height&#8220;:435,&#8220;quality&#8220;:72,&#8220;childPhotoClippings&#8220;:4418,&#8220;type&#8220;:524,&#8220;cropped&#8220;:8},&#8220;https:\/\/estaticos-cdn.prensaiberica.es\/clip\/d1228798-c122-4d44-a9d7-c0fb65fd2172_16-9-discover-aspect-ratio_default_0.jpg&#8220;,[4419,4422],{&#8222;width&#8220;:519,&#8220;url&#8220;:4420,&#8220;height&#8220;:823,&#8220;quality&#8220;:824,&#8220;childPhotoClippings&#8220;:4421,&#8220;type&#8220;:524,&#8220;cropped&#8220;:8},&#8220;https:\/\/estaticos-cdn.prensaiberica.es\/clip\/d1228798-c122-4d44-a9d7-c0fb65fd2172_16-9-discover-aspect-ratio_640w_0.jpg&#8220;,[],{&#8222;width&#8220;:526,&#8220;url&#8220;:4423,&#8220;height&#8220;:828,&#8220;quality&#8220;:824,&#8220;childPhotoClippings&#8220;:4424,&#8220;type&#8220;:524,&#8220;cropped&#8220;:8},&#8220;https:\/\/estaticos-cdn.prensaiberica.es\/clip\/d1228798-c122-4d44-a9d7-c0fb65fd2172_16-9-discover-aspect-ratio_320w_0.jpg&#8220;,[],{&#8222;width&#8220;:2520,&#8220;url&#8220;:4309,&#8220;height&#8220;:534,&#8220;quality&#8220;:2522,&#8220;childPhotoClippings&#8220;:4426,&#8220;type&#8220;:524,&#8220;cropped&#8220;:8},[4427,4429],{&#8222;width&#8220;:519,&#8220;url&#8220;:4312,&#8220;height&#8220;:823,&#8220;quality&#8220;:73,&#8220;childPhotoClippings&#8220;:4428,&#8220;type&#8220;:524,&#8220;cropped&#8220;:8},[],{&#8222;width&#8220;:526,&#8220;url&#8220;:4315,&#8220;height&#8220;:828,&#8220;quality&#8220;:73,&#8220;childPhotoClippings&#8220;:4430,&#8220;type&#8220;:524,&#8220;cropped&#8220;:8},[],{&#8222;width&#8220;:532,&#8220;url&#8220;:4318,&#8220;height&#8220;:2300,&#8220;quality&#8220;:73,&#8220;childPhotoClippings&#8220;:4432,&#8220;type&#8220;:530,&#8220;cropped&#8220;:8},[4433,4435],{&#8222;width&#8220;:519,&#8220;url&#8220;:4321,&#8220;height&#8220;:823,&#8220;quality&#8220;:538,&#8220;childPhotoClippings&#8220;:4434,&#8220;type&#8220;:524,&#8220;cropped&#8220;:8},[],{&#8222;width&#8220;:526,&#8220;url&#8220;:4324,&#8220;height&#8220;:828,&#8220;quality&#8220;:538,&#8220;childPhotoClippings&#8220;:4436,&#8220;type&#8220;:524,&#8220;cropped&#8220;:8},[],{&#8222;mainUrl&#8220;:4438,&#8220;epigraphUrl&#8220;:-1,&#8220;redirectUrl&#8220;:-1,&#8220;sourceUrl&#8220;:-1},&#8220;\/boulevard\/szene\/2025\/10\/17\/clueso-bikini-es-trenc-colonia-jordi-122709300.html&#8220;,{&#8222;follow&#8220;:8,&#8220;linkTarget&#8220;:-1,&#8220;trackingCode&#8220;:-1,&#8220;trackingCodeAmp&#8220;:-1,&#8220;text&#8220;:-1,&#8220;url&#8220;:-1},[4441],{&#8222;name&#8220;:3883,&#8220;id&#8220;:3884,&#8220;originalId&#8220;:3885,&#8220;title&#8220;:3883,&#8220;url&#8220;:3886,&#8220;image&#8220;:3887,&#8220;description&#8220;:3888,&#8220;authorInformation&#8220;:4442,&#8220;active&#8220;:9,&#8220;urls&#8220;:4444},{&#8222;position&#8220;:-1,&#8220;twitterUsername&#8220;:-1,&#8220;socialNetworks&#8220;:4443},{&#8222;facebookUsername&#8220;:-1,&#8220;instagramUsername&#8220;:-1,&#8220;linkedinUsername&#8220;:-1,&#8220;twitterUsername&#8220;:3891},{&#8222;mainUrl&#8220;:3886,&#8220;epigraphUrl&#8220;:-1,&#8220;redirectUrl&#8220;:-1,&#8220;sourceUrl&#8220;:-1},{&#8222;name&#8220;:3883,&#8220;place&#8220;:-1,&#8220;source&#8220;:-1,&#8220;authorText&#8220;:-1},{&#8222;html&#8220;:-1,&#8220;url&#8220;:-1},[4448,4450],{&#8222;name&#8220;:2719,&#8220;id&#8220;:2720,&#8220;originalId&#8220;:2721,&#8220;title&#8220;:2719,&#8220;url&#8220;:2722,&#8220;urls&#8220;:4449,&#8220;active&#8220;:9},{&#8222;mainUrl&#8220;:2722,&#8220;epigraphUrl&#8220;:-1,&#8220;redirectUrl&#8220;:-1,&#8220;sourceUrl&#8220;:-1},{&#8222;name&#8220;:2477,&#8220;id&#8220;:2478,&#8220;originalId&#8220;:2479,&#8220;title&#8220;:2477,&#8220;url&#8220;:2480,&#8220;urls&#8220;:4451,&#8220;active&#8220;:9},{&#8222;mainUrl&#8220;:2480,&#8220;epigraphUrl&#8220;:-1,&#8220;redirectUrl&#8220;:-1,&#8220;sourceUrl&#8220;:-1},[],{&#8222;accessType&#8220;:1318,&#8220;interviewOptions&#8220;:4454,&#8220;frontOptions&#8220;:4455,&#8220;basicOptions&#8220;:4456,&#8220;adsOptions&#8220;:-1,&#8220;premiumOptions&#8220;:4457,&#8220;appearanceOptions&#8220;:4458,&#8220;countries&#8220;:4459,&#8220;notificationOptions&#8220;:4460,&#8220;type&#8220;:-1,&#8220;editionType&#8220;:-1,&#8220;redirectFollow&#8220;:9,&#8220;analyticsOptions&#8220;:4467,&#8220;communityOptions&#8220;:-1,&#8220;freeformHtmls&#8220;:-1,&#8220;sportsOptions&#8220;:-1},{&#8222;interviewKicker&#8220;:-1,&#8220;intervieweeRole&#8220;:-1,&#8220;isInterview&#8220;:8,&#8220;interviewee&#8220;:-1},{&#8222;showLiveIcon&#8220;:8,&#8220;excludeFromAutomaticModules&#8220;:-1,&#8220;hideColumnistStyle&#8220;:8,&#8220;showVideoIcon&#8220;:9,&#8220;showPhotoGalleryIcon&#8220;:8,&#8220;showImageSignature&#8220;:8,&#8220;specialKicker&#8220;:-1,&#8220;showSignature&#8220;:9,&#8220;hidePhoto&#8220;:8,&#8220;hideMediaReportStyle&#8220;:8,&#8220;titleSize&#8220;:-1,&#8220;showPlace&#8220;:8,&#8220;showPreTitle&#8220;:8},{&#8222;appearanceHideRelations&#8220;:8,&#8220;disablePageRefresh&#8220;:8,&#8220;appearanceHideInTagListings&#8220;:8,&#8220;denyComments&#8220;:8,&#8220;doNotGenerateAmpVersion&#8220;:8,&#8220;oldContent&#8220;:8,&#8220;sourceIsAgency&#8220;:8,&#8220;hideInLastContents&#8220;:8,&#8220;hideInTagPages&#8220;:8,&#8220;hideInMostViewed&#8220;:8,&#8220;hideInAllListings&#8220;:8,&#8220;source&#8220;:1247,&#8220;disableAmp&#8220;:8,&#8220;cxenseEnabled&#8220;:9,&#8220;isOpinion&#8220;:8},{&#8222;premiumKicker&#8220;:-1,&#8220;premiumShowButton&#8220;:8,&#8220;premiumButtonUrl&#8220;:-1,&#8220;premiumShowKicker&#8220;:8},{&#8222;hideRelations&#8220;:8,&#8220;oldContent&#8220;:8},[],{&#8222;expirationMinutes&#8220;:1252,&#8220;isPersistent&#8220;:8,&#8220;appOptions&#8220;:4461,&#8220;webOptions&#8220;:4463,&#8220;title&#8220;:4465,&#8220;body&#8220;:4466},{&#8222;sendPush&#8220;:8,&#8220;notificationButtons&#8220;:4462},[],{&#8222;sendPush&#8220;:8,&#8220;notificationButtons&#8220;:4464},[],&#8220;\\&#8220;Du musst tanzen\\&#8220; &#8211; Clueso gibt Privatkonzert in Bikini-Hote&#8220;,&#8220;An die 400 Freunde und G\u00e4ste der Hotelkette erlebten einen aus gutem Grund entspannten Popstar&#8220;,{&#8222;origin&#8220;:-1,&#8220;type&#8220;:-1,&#8220;editor&#8220;:1735,&#8220;category&#8220;:-1,&#8220;agencies&#8220;:4468,&#8220;adsTypes&#8220;:4469,&#8220;format&#8220;:1698,&#8220;variant&#8220;:1699},[],[],{&#8222;updateDate&#8220;:4471,&#8220;createDate&#8220;:4472,&#8220;releaseDate&#8220;:4473,&#8220;lastModifiedDate&#8220;:-1},[&#8222;Date&#8220;,&#8220;2025-10-19T09:30:12.000Z&#8220;],[&#8222;Date&#8220;,&#8220;2025-10-17T06:10:44.000Z&#8220;],[&#8222;Date&#8220;,&#8220;2025-10-17T09:17:35.000Z&#8220;],[4475,4477],{&#8222;name&#8220;:448,&#8220;id&#8220;:1224,&#8220;originalId&#8220;:1225,&#8220;title&#8220;:448,&#8220;url&#8220;:1226,&#8220;urls&#8220;:4476,&#8220;childUrl&#8220;:-1,&#8220;parentUrl&#8220;:-1,&#8220;active&#8220;:9,&#8220;archived&#8220;:8},{&#8222;mainUrl&#8220;:1226,&#8220;epigraphUrl&#8220;:-1,&#8220;redirectUrl&#8220;:-1,&#8220;sourceUrl&#8220;:-1},{&#8222;name&#8220;:1229,&#8220;id&#8220;:1230,&#8220;originalId&#8220;:1231,&#8220;title&#8220;:1229,&#8220;url&#8220;:1232,&#8220;urls&#8220;:4478,&#8220;childUrl&#8220;:-1,&#8220;parentUrl&#8220;:-1,&#8220;active&#8220;:9,&#8220;archived&#8220;:8},{&#8222;mainUrl&#8220;:1232,&#8220;epigraphUrl&#8220;:-1,&#8220;redirectUrl&#8220;:-1,&#8220;sourceUrl&#8220;:-1},[],{&#8222;specialText&#8220;:486,&#8220;text&#8220;:-1,&#8220;type&#8220;:-1},{&#8222;footballInfo&#8220;:-1,&#8220;firstMessages&#8220;:4482,&#8220;multimediaType&#8220;:596,&#8220;contentType&#8220;:141,&#8220;id&#8220;:4483,&#8220;contentId&#8220;:4484,&#8220;title&#8220;:4485,&#8220;subtitle&#8220;:-1,&#8220;subtitleTwo&#8220;:-1,&#8220;photoClippings&#8220;:4486,&#8220;urls&#8220;:4505,&#8220;url&#8220;:4506,&#8220;sponsorship&#8220;:4507,&#8220;authors&#8220;:4508,&#8220;signature&#8220;:-1,&#8220;photoSignature&#8220;:4511,&#8220;qualityUrls&#8220;:-1,&#8220;embedInfo&#8220;:4513,&#8220;tags&#8220;:4514,&#8220;hyperlocalisms&#8220;:4537,&#8220;options&#8220;:4538,&#8220;externalOptions&#8220;:-1,&#8220;dates&#8220;:4555,&#8220;player&#8220;:-1,&#8220;originalId&#8220;:4484,&#8220;liveOptions&#8220;:-1,&#8220;epigraph&#8220;:-1,&#8220;photoDescription&#8220;:-1,&#8220;sections&#8220;:4559,&#8220;relatedContents&#8220;:4564,&#8220;kicker&#8220;:4565,&#8220;published&#8220;:9,&#8220;featuredHtml&#8220;:-1},[],&#8220;8d0a00d9-b272-3f0d-9499-b0368170b06f&#8220;,&#8220;122653537&#8243;,&#8220;TV-Knast statt Ballermann: Playa-Stars in Knossis \\&#8220;Big Brother\\&#8220;-Container&#8220;,[4487,4496],{&#8222;width&#8220;:432,&#8220;url&#8220;:4488,&#8220;height&#8220;:435,&#8220;quality&#8220;:72,&#8220;childPhotoClippings&#8220;:4489,&#8220;type&#8220;:524,&#8220;cropped&#8220;:8},&#8220;https:\/\/estaticos-cdn.prensaiberica.es\/clip\/1dbe4c58-e1d2-45e6-b91d-b89723feb15a_16-9-discover-aspect-ratio_default_0_x896y498.jpg&#8220;,[4490,4493],{&#8222;width&#8220;:519,&#8220;url&#8220;:4491,&#8220;height&#8220;:823,&#8220;quality&#8220;:824,&#8220;childPhotoClippings&#8220;:4492,&#8220;type&#8220;:524,&#8220;cropped&#8220;:8},&#8220;https:\/\/estaticos-cdn.prensaiberica.es\/clip\/1dbe4c58-e1d2-45e6-b91d-b89723feb15a_16-9-discover-aspect-ratio_640w_0_x896y498.jpg&#8220;,[],{&#8222;width&#8220;:526,&#8220;url&#8220;:4494,&#8220;height&#8220;:828,&#8220;quality&#8220;:824,&#8220;childPhotoClippings&#8220;:4495,&#8220;type&#8220;:524,&#8220;cropped&#8220;:8},&#8220;https:\/\/estaticos-cdn.prensaiberica.es\/clip\/1dbe4c58-e1d2-45e6-b91d-b89723feb15a_16-9-discover-aspect-ratio_320w_0_x896y498.jpg&#8220;,[],{&#8222;width&#8220;:532,&#8220;url&#8220;:4497,&#8220;height&#8220;:811,&#8220;quality&#8220;:73,&#8220;childPhotoClippings&#8220;:4498,&#8220;type&#8220;:530,&#8220;cropped&#8220;:8},&#8220;https:\/\/estaticos-cdn.prensaiberica.es\/clip\/1dbe4c58-e1d2-45e6-b91d-b89723feb15a_media-libre-aspect-ratio_default_0_x896y498.jpg&#8220;,[4499,4502],{&#8222;width&#8220;:519,&#8220;url&#8220;:4500,&#8220;height&#8220;:803,&#8220;quality&#8220;:538,&#8220;childPhotoClippings&#8220;:4501,&#8220;type&#8220;:524,&#8220;cropped&#8220;:8},&#8220;https:\/\/estaticos-cdn.prensaiberica.es\/clip\/1dbe4c58-e1d2-45e6-b91d-b89723feb15a_media-libre-aspect-ratio_640w_0_x896y498.jpg&#8220;,[],{&#8222;width&#8220;:526,&#8220;url&#8220;:4503,&#8220;height&#8220;:807,&#8220;quality&#8220;:538,&#8220;childPhotoClippings&#8220;:4504,&#8220;type&#8220;:524,&#8220;cropped&#8220;:8},&#8220;https:\/\/estaticos-cdn.prensaiberica.es\/clip\/1dbe4c58-e1d2-45e6-b91d-b89723feb15a_media-libre-aspect-ratio_320w_0_x896y498.jpg&#8220;,[],{&#8222;mainUrl&#8220;:4506,&#8220;epigraphUrl&#8220;:-1,&#8220;redirectUrl&#8220;:-1,&#8220;sourceUrl&#8220;:-1},&#8220;\/boulevard\/szene\/2025\/10\/15\/tv-knast-statt-ballermann-playa-dv-122653537.html&#8220;,{&#8222;follow&#8220;:8,&#8220;linkTarget&#8220;:-1,&#8220;trackingCode&#8220;:-1,&#8220;trackingCodeAmp&#8220;:-1,&#8220;text&#8220;:-1,&#8220;url&#8220;:-1},[4509],{&#8222;name&#8220;:1709,&#8220;id&#8220;:1710,&#8220;originalId&#8220;:1711,&#8220;title&#8220;:1709,&#8220;url&#8220;:1712,&#8220;image&#8220;:-1,&#8220;description&#8220;:-1,&#8220;authorInformation&#8220;:-1,&#8220;active&#8220;:9,&#8220;urls&#8220;:4510},{&#8222;mainUrl&#8220;:1712,&#8220;epigraphUrl&#8220;:-1,&#8220;redirectUrl&#8220;:-1,&#8220;sourceUrl&#8220;:-1},{&#8222;name&#8220;:4512,&#8220;place&#8220;:-1,&#8220;source&#8220;:-1,&#8220;authorText&#8220;:-1},&#8220;Foto: Philipp von Ditfurth\/dpa&#8220;,{&#8222;html&#8220;:-1,&#8220;url&#8220;:-1},[4515,4517,4523,4529,4535],{&#8222;name&#8220;:1236,&#8220;id&#8220;:1237,&#8220;originalId&#8220;:1238,&#8220;title&#8220;:1236,&#8220;url&#8220;:1239,&#8220;urls&#8220;:4516,&#8220;active&#8220;:9},{&#8222;mainUrl&#8220;:1239,&#8220;epigraphUrl&#8220;:-1,&#8220;redirectUrl&#8220;:-1,&#8220;sourceUrl&#8220;:-1},{&#8222;name&#8220;:4518,&#8220;id&#8220;:4519,&#8220;originalId&#8220;:4520,&#8220;title&#8220;:4518,&#8220;url&#8220;:4521,&#8220;urls&#8220;:4522,&#8220;active&#8220;:9},&#8220;Stars&#8220;,&#8220;1456ddac-6923-3294-9fc6-c86c43369630&#8243;,&#8220;REGIONALES_1586084&#8243;,&#8220;\/tags\/stars\/&#8220;,{&#8222;mainUrl&#8220;:4521,&#8220;epigraphUrl&#8220;:-1,&#8220;redirectUrl&#8220;:-1,&#8220;sourceUrl&#8220;:-1},{&#8222;name&#8220;:4524,&#8220;id&#8220;:4525,&#8220;originalId&#8220;:4526,&#8220;title&#8220;:4524,&#8220;url&#8220;:4527,&#8220;urls&#8220;:4528,&#8220;active&#8220;:9},&#8220;TV&#8220;,&#8220;5bb0c0f4-e619-3d5b-b5f2-ec3f0e41858f&#8220;,&#8220;REGIONALES_1586421&#8243;,&#8220;\/tags\/tv\/&#8220;,{&#8222;mainUrl&#8220;:4527,&#8220;epigraphUrl&#8220;:-1,&#8220;redirectUrl&#8220;:-1,&#8220;sourceUrl&#8220;:-1},{&#8222;name&#8220;:4530,&#8220;id&#8220;:4531,&#8220;originalId&#8220;:4532,&#8220;title&#8220;:4530,&#8220;url&#8220;:4533,&#8220;urls&#8220;:4534,&#8220;active&#8220;:9},&#8220;Container&#8220;,&#8220;902b9192-275b-3ef8-98b8-044a2bcc4349&#8243;,&#8220;REGIONALES_1582914&#8243;,&#8220;\/tags\/container\/&#8220;,{&#8222;mainUrl&#8220;:4533,&#8220;epigraphUrl&#8220;:-1,&#8220;redirectUrl&#8220;:-1,&#8220;sourceUrl&#8220;:-1},{&#8222;name&#8220;:2114,&#8220;id&#8220;:2115,&#8220;originalId&#8220;:2116,&#8220;title&#8220;:2114,&#8220;url&#8220;:2117,&#8220;urls&#8220;:4536,&#8220;active&#8220;:9},{&#8222;mainUrl&#8220;:2117,&#8220;epigraphUrl&#8220;:-1,&#8220;redirectUrl&#8220;:-1,&#8220;sourceUrl&#8220;:-1},[],{&#8222;accessType&#8220;:1318,&#8220;interviewOptions&#8220;:4539,&#8220;frontOptions&#8220;:4540,&#8220;basicOptions&#8220;:4541,&#8220;adsOptions&#8220;:-1,&#8220;premiumOptions&#8220;:4542,&#8220;appearanceOptions&#8220;:4543,&#8220;countries&#8220;:4544,&#8220;notificationOptions&#8220;:4545,&#8220;type&#8220;:-1,&#8220;editionType&#8220;:-1,&#8220;redirectFollow&#8220;:9,&#8220;analyticsOptions&#8220;:4552,&#8220;communityOptions&#8220;:-1,&#8220;freeformHtmls&#8220;:-1,&#8220;sportsOptions&#8220;:-1},{&#8222;interviewKicker&#8220;:-1,&#8220;intervieweeRole&#8220;:-1,&#8220;isInterview&#8220;:8,&#8220;interviewee&#8220;:-1},{&#8222;showLiveIcon&#8220;:8,&#8220;excludeFromAutomaticModules&#8220;:-1,&#8220;hideColumnistStyle&#8220;:8,&#8220;showVideoIcon&#8220;:8,&#8220;showPhotoGalleryIcon&#8220;:8,&#8220;showImageSignature&#8220;:8,&#8220;specialKicker&#8220;:-1,&#8220;showSignature&#8220;:9,&#8220;hidePhoto&#8220;:8,&#8220;hideMediaReportStyle&#8220;:8,&#8220;titleSize&#8220;:-1,&#8220;showPlace&#8220;:8,&#8220;showPreTitle&#8220;:8},{&#8222;appearanceHideRelations&#8220;:8,&#8220;disablePageRefresh&#8220;:8,&#8220;appearanceHideInTagListings&#8220;:8,&#8220;denyComments&#8220;:8,&#8220;doNotGenerateAmpVersion&#8220;:8,&#8220;oldContent&#8220;:8,&#8220;sourceIsAgency&#8220;:8,&#8220;hideInLastContents&#8220;:8,&#8220;hideInTagPages&#8220;:8,&#8220;hideInMostViewed&#8220;:8,&#8220;hideInAllListings&#8220;:8,&#8220;source&#8220;:1247,&#8220;disableAmp&#8220;:8,&#8220;cxenseEnabled&#8220;:9,&#8220;isOpinion&#8220;:8},{&#8222;premiumKicker&#8220;:-1,&#8220;premiumShowButton&#8220;:8,&#8220;premiumButtonUrl&#8220;:-1,&#8220;premiumShowKicker&#8220;:8},{&#8222;hideRelations&#8220;:8,&#8220;oldContent&#8220;:8},[],{&#8222;expirationMinutes&#8220;:1252,&#8220;isPersistent&#8220;:8,&#8220;appOptions&#8220;:4546,&#8220;webOptions&#8220;:4548,&#8220;title&#8220;:4550,&#8220;body&#8220;:4551},{&#8222;sendPush&#8220;:8,&#8220;notificationButtons&#8220;:4547},[],{&#8222;sendPush&#8220;:8,&#8220;notificationButtons&#8220;:4549},[],&#8220;TV-Knast statt Ballermann: Playa-Stars in Knossis \\&#8220;Big Broth&#8220;,&#8220;W\u00e4hrend am Ballermann das Saisonfinale steigt, ziehen bekannte Partys\u00e4nger in Knossis Livestream-Container. Wer h\u00e4lt 57 Stunden durch?&#8220;,{&#8222;origin&#8220;:-1,&#8220;type&#8220;:-1,&#8220;editor&#8220;:1260,&#8220;category&#8220;:-1,&#8220;agencies&#8220;:4553,&#8220;adsTypes&#8220;:4554,&#8220;format&#8220;:1698,&#8220;variant&#8220;:1699},[],[],{&#8222;updateDate&#8220;:4556,&#8220;createDate&#8220;:4557,&#8220;releaseDate&#8220;:4558,&#8220;lastModifiedDate&#8220;:-1},[&#8222;Date&#8220;,&#8220;2025-10-15T15:35:38.000Z&#8220;],[&#8222;Date&#8220;,&#8220;2025-10-15T15:28:04.000Z&#8220;],[&#8222;Date&#8220;,&#8220;2025-10-15T15:35:38.000Z&#8220;],[4560,4562],{&#8222;name&#8220;:448,&#8220;id&#8220;:1224,&#8220;originalId&#8220;:1225,&#8220;title&#8220;:448,&#8220;url&#8220;:1226,&#8220;urls&#8220;:4561,&#8220;childUrl&#8220;:-1,&#8220;parentUrl&#8220;:-1,&#8220;active&#8220;:9,&#8220;archived&#8220;:8},{&#8222;mainUrl&#8220;:1226,&#8220;epigraphUrl&#8220;:-1,&#8220;redirectUrl&#8220;:-1,&#8220;sourceUrl&#8220;:-1},{&#8222;name&#8220;:1229,&#8220;id&#8220;:1230,&#8220;originalId&#8220;:1231,&#8220;title&#8220;:1229,&#8220;url&#8220;:1232,&#8220;urls&#8220;:4563,&#8220;childUrl&#8220;:-1,&#8220;parentUrl&#8220;:-1,&#8220;active&#8220;:9,&#8220;archived&#8220;:8},{&#8222;mainUrl&#8220;:1232,&#8220;epigraphUrl&#8220;:-1,&#8220;redirectUrl&#8220;:-1,&#8220;sourceUrl&#8220;:-1},[],{&#8222;specialText&#8220;:486,&#8220;text&#8220;:-1,&#8220;type&#8220;:-1},{&#8222;footballInfo&#8220;:-1,&#8220;firstMessages&#8220;:4567,&#8220;multimediaType&#8220;:596,&#8220;contentType&#8220;:141,&#8220;id&#8220;:4568,&#8220;contentId&#8220;:4569,&#8220;title&#8220;:4570,&#8220;subtitle&#8220;:-1,&#8220;subtitleTwo&#8220;:-1,&#8220;photoClippings&#8220;:4571,&#8220;urls&#8220;:4590,&#8220;url&#8220;:4591,&#8220;sponsorship&#8220;:4592,&#8220;authors&#8220;:4593,&#8220;signature&#8220;:-1,&#8220;photoSignature&#8220;:4596,&#8220;qualityUrls&#8220;:-1,&#8220;embedInfo&#8220;:4598,&#8220;tags&#8220;:4599,&#8220;hyperlocalisms&#8220;:4614,&#8220;options&#8220;:4615,&#8220;externalOptions&#8220;:-1,&#8220;dates&#8220;:4632,&#8220;player&#8220;:-1,&#8220;originalId&#8220;:4569,&#8220;liveOptions&#8220;:-1,&#8220;epigraph&#8220;:-1,&#8220;photoDescription&#8220;:-1,&#8220;sections&#8220;:4636,&#8220;relatedContents&#8220;:4641,&#8220;kicker&#8220;:4642,&#8220;published&#8220;:9,&#8220;featuredHtml&#8220;:-1},[],&#8220;28c0cbb2-b2b1-3ec7-81b2-728e22be015c&#8220;,&#8220;122475551&#8243;,&#8220;Beerstreetboys: Ballermann-Stars Ikke H\u00fcftgold, Julian Sommer und Honk! gr\u00fcnden Schlager-Boyband&#8220;,[4572,4581],{&#8222;width&#8220;:432,&#8220;url&#8220;:4573,&#8220;height&#8220;:435,&#8220;quality&#8220;:72,&#8220;childPhotoClippings&#8220;:4574,&#8220;type&#8220;:524,&#8220;cropped&#8220;:8},&#8220;https:\/\/estaticos-cdn.prensaiberica.es\/clip\/457442ae-98fc-4edf-8dc9-eafdfc3fa875_16-9-discover-aspect-ratio_default_0.jpg&#8220;,[4575,4578],{&#8222;width&#8220;:519,&#8220;url&#8220;:4576,&#8220;height&#8220;:823,&#8220;quality&#8220;:824,&#8220;childPhotoClippings&#8220;:4577,&#8220;type&#8220;:524,&#8220;cropped&#8220;:8},&#8220;https:\/\/estaticos-cdn.prensaiberica.es\/clip\/457442ae-98fc-4edf-8dc9-eafdfc3fa875_16-9-discover-aspect-ratio_640w_0.jpg&#8220;,[],{&#8222;width&#8220;:526,&#8220;url&#8220;:4579,&#8220;height&#8220;:828,&#8220;quality&#8220;:824,&#8220;childPhotoClippings&#8220;:4580,&#8220;type&#8220;:524,&#8220;cropped&#8220;:8},&#8220;https:\/\/estaticos-cdn.prensaiberica.es\/clip\/457442ae-98fc-4edf-8dc9-eafdfc3fa875_16-9-discover-aspect-ratio_320w_0.jpg&#8220;,[],{&#8222;width&#8220;:532,&#8220;url&#8220;:4582,&#8220;height&#8220;:811,&#8220;quality&#8220;:73,&#8220;childPhotoClippings&#8220;:4583,&#8220;type&#8220;:530,&#8220;cropped&#8220;:8},&#8220;https:\/\/estaticos-cdn.prensaiberica.es\/clip\/457442ae-98fc-4edf-8dc9-eafdfc3fa875_media-libre-aspect-ratio_default_0.jpg&#8220;,[4584,4587],{&#8222;width&#8220;:519,&#8220;url&#8220;:4585,&#8220;height&#8220;:803,&#8220;quality&#8220;:538,&#8220;childPhotoClippings&#8220;:4586,&#8220;type&#8220;:524,&#8220;cropped&#8220;:8},&#8220;https:\/\/estaticos-cdn.prensaiberica.es\/clip\/457442ae-98fc-4edf-8dc9-eafdfc3fa875_media-libre-aspect-ratio_640w_0.jpg&#8220;,[],{&#8222;width&#8220;:526,&#8220;url&#8220;:4588,&#8220;height&#8220;:807,&#8220;quality&#8220;:538,&#8220;childPhotoClippings&#8220;:4589,&#8220;type&#8220;:524,&#8220;cropped&#8220;:8},&#8220;https:\/\/estaticos-cdn.prensaiberica.es\/clip\/457442ae-98fc-4edf-8dc9-eafdfc3fa875_media-libre-aspect-ratio_320w_0.jpg&#8220;,[],{&#8222;mainUrl&#8220;:4591,&#8220;epigraphUrl&#8220;:-1,&#8220;redirectUrl&#8220;:-1,&#8220;sourceUrl&#8220;:-1},&#8220;\/boulevard\/szene\/2025\/10\/10\/beerstreetboys-ballermann-ikke-huftgold-dv-122475551.html&#8220;,{&#8222;follow&#8220;:8,&#8220;linkTarget&#8220;:-1,&#8220;trackingCode&#8220;:-1,&#8220;trackingCodeAmp&#8220;:-1,&#8220;text&#8220;:-1,&#8220;url&#8220;:-1},[4594],{&#8222;name&#8220;:1709,&#8220;id&#8220;:1710,&#8220;originalId&#8220;:1711,&#8220;title&#8220;:1709,&#8220;url&#8220;:1712,&#8220;image&#8220;:-1,&#8220;description&#8220;:-1,&#8220;authorInformation&#8220;:-1,&#8220;active&#8220;:9,&#8220;urls&#8220;:4595},{&#8222;mainUrl&#8220;:1712,&#8220;epigraphUrl&#8220;:-1,&#8220;redirectUrl&#8220;:-1,&#8220;sourceUrl&#8220;:-1},{&#8222;name&#8220;:4597,&#8220;place&#8220;:-1,&#8220;source&#8220;:-1,&#8220;authorText&#8220;:-1},&#8220;Beerstreetboys&#8220;,{&#8222;html&#8220;:-1,&#8220;url&#8220;:-1},[4600,4602,4604,4606,4612],{&#8222;name&#8220;:1828,&#8220;id&#8220;:1829,&#8220;originalId&#8220;:1830,&#8220;title&#8220;:1828,&#8220;url&#8220;:1831,&#8220;urls&#8220;:4601,&#8220;active&#8220;:9},{&#8222;mainUrl&#8220;:1831,&#8220;epigraphUrl&#8220;:-1,&#8220;redirectUrl&#8220;:-1,&#8220;sourceUrl&#8220;:-1},{&#8222;name&#8220;:1236,&#8220;id&#8220;:1237,&#8220;originalId&#8220;:1238,&#8220;title&#8220;:1236,&#8220;url&#8220;:1239,&#8220;urls&#8220;:4603,&#8220;active&#8220;:9},{&#8222;mainUrl&#8220;:1239,&#8220;epigraphUrl&#8220;:-1,&#8220;redirectUrl&#8220;:-1,&#8220;sourceUrl&#8220;:-1},{&#8222;name&#8220;:2441,&#8220;id&#8220;:2442,&#8220;originalId&#8220;:2443,&#8220;title&#8220;:2441,&#8220;url&#8220;:2444,&#8220;urls&#8220;:4605,&#8220;active&#8220;:9},{&#8222;mainUrl&#8220;:2444,&#8220;epigraphUrl&#8220;:-1,&#8220;redirectUrl&#8220;:-1,&#8220;sourceUrl&#8220;:-1},{&#8222;name&#8220;:4607,&#8220;id&#8220;:4608,&#8220;originalId&#8220;:4609,&#8220;title&#8220;:4607,&#8220;url&#8220;:4610,&#8220;urls&#8220;:4611,&#8220;active&#8220;:9},&#8220;Ikke H\u00fcftgold&#8220;,&#8220;3db35555-a124-320c-9527-37b903e8f9b3&#8243;,&#8220;REGIONALES_1583876&#8243;,&#8220;\/tags\/ikke-huftgold\/&#8220;,{&#8222;mainUrl&#8220;:4610,&#8220;epigraphUrl&#8220;:-1,&#8220;redirectUrl&#8220;:-1,&#8220;sourceUrl&#8220;:-1},{&#8222;name&#8220;:4518,&#8220;id&#8220;:4519,&#8220;originalId&#8220;:4520,&#8220;title&#8220;:4518,&#8220;url&#8220;:4521,&#8220;urls&#8220;:4613,&#8220;active&#8220;:9},{&#8222;mainUrl&#8220;:4521,&#8220;epigraphUrl&#8220;:-1,&#8220;redirectUrl&#8220;:-1,&#8220;sourceUrl&#8220;:-1},[],{&#8222;accessType&#8220;:1318,&#8220;interviewOptions&#8220;:4616,&#8220;frontOptions&#8220;:4617,&#8220;basicOptions&#8220;:4618,&#8220;adsOptions&#8220;:-1,&#8220;premiumOptions&#8220;:4619,&#8220;appearanceOptions&#8220;:4620,&#8220;countries&#8220;:4621,&#8220;notificationOptions&#8220;:4622,&#8220;type&#8220;:-1,&#8220;editionType&#8220;:-1,&#8220;redirectFollow&#8220;:9,&#8220;analyticsOptions&#8220;:4629,&#8220;communityOptions&#8220;:-1,&#8220;freeformHtmls&#8220;:-1,&#8220;sportsOptions&#8220;:-1},{&#8222;interviewKicker&#8220;:-1,&#8220;intervieweeRole&#8220;:-1,&#8220;isInterview&#8220;:8,&#8220;interviewee&#8220;:-1},{&#8222;showLiveIcon&#8220;:8,&#8220;excludeFromAutomaticModules&#8220;:-1,&#8220;hideColumnistStyle&#8220;:8,&#8220;showVideoIcon&#8220;:8,&#8220;showPhotoGalleryIcon&#8220;:8,&#8220;showImageSignature&#8220;:8,&#8220;specialKicker&#8220;:-1,&#8220;showSignature&#8220;:9,&#8220;hidePhoto&#8220;:8,&#8220;hideMediaReportStyle&#8220;:8,&#8220;titleSize&#8220;:-1,&#8220;showPlace&#8220;:8,&#8220;showPreTitle&#8220;:8},{&#8222;appearanceHideRelations&#8220;:8,&#8220;disablePageRefresh&#8220;:8,&#8220;appearanceHideInTagListings&#8220;:8,&#8220;denyComments&#8220;:8,&#8220;doNotGenerateAmpVersion&#8220;:8,&#8220;oldContent&#8220;:8,&#8220;sourceIsAgency&#8220;:8,&#8220;hideInLastContents&#8220;:8,&#8220;hideInTagPages&#8220;:8,&#8220;hideInMostViewed&#8220;:8,&#8220;hideInAllListings&#8220;:8,&#8220;source&#8220;:1247,&#8220;disableAmp&#8220;:8,&#8220;cxenseEnabled&#8220;:9,&#8220;isOpinion&#8220;:8},{&#8222;premiumKicker&#8220;:-1,&#8220;premiumShowButton&#8220;:8,&#8220;premiumButtonUrl&#8220;:-1,&#8220;premiumShowKicker&#8220;:8},{&#8222;hideRelations&#8220;:8,&#8220;oldContent&#8220;:8},[],{&#8222;expirationMinutes&#8220;:1252,&#8220;isPersistent&#8220;:8,&#8220;appOptions&#8220;:4623,&#8220;webOptions&#8220;:4625,&#8220;title&#8220;:4627,&#8220;body&#8220;:4628},{&#8222;sendPush&#8220;:8,&#8220;notificationButtons&#8220;:4624},[],{&#8222;sendPush&#8220;:8,&#8220;notificationButtons&#8220;:4626},[],&#8220;Beerstreetboys: Ballermann-Stars Ikke H\u00fcftgold, Julian Somme&#8220;,&#8220;Ballermann-Stars gr\u00fcnden mit den Beerstreetboys eine satirische Schlager-Boygroup. Was sie mit ihrem Song \\&#8220;Und ab daf\u00fcr\\&#8220; in der Szene erreichen wollen&#8220;,{&#8222;origin&#8220;:-1,&#8220;type&#8220;:-1,&#8220;editor&#8220;:1260,&#8220;category&#8220;:-1,&#8220;agencies&#8220;:4630,&#8220;adsTypes&#8220;:4631,&#8220;format&#8220;:1698,&#8220;variant&#8220;:1699},[],[],{&#8222;updateDate&#8220;:4633,&#8220;createDate&#8220;:4634,&#8220;releaseDate&#8220;:4635,&#8220;lastModifiedDate&#8220;:-1},[&#8222;Date&#8220;,&#8220;2025-10-10T08:15:23.000Z&#8220;],[&#8222;Date&#8220;,&#8220;2025-10-10T08:06:17.000Z&#8220;],[&#8222;Date&#8220;,&#8220;2025-10-10T08:14:50.000Z&#8220;],[4637,4639],{&#8222;name&#8220;:448,&#8220;id&#8220;:1224,&#8220;originalId&#8220;:1225,&#8220;title&#8220;:448,&#8220;url&#8220;:1226,&#8220;urls&#8220;:4638,&#8220;childUrl&#8220;:-1,&#8220;parentUrl&#8220;:-1,&#8220;active&#8220;:9,&#8220;archived&#8220;:8},{&#8222;mainUrl&#8220;:1226,&#8220;epigraphUrl&#8220;:-1,&#8220;redirectUrl&#8220;:-1,&#8220;sourceUrl&#8220;:-1},{&#8222;name&#8220;:1229,&#8220;id&#8220;:1230,&#8220;originalId&#8220;:1231,&#8220;title&#8220;:1229,&#8220;url&#8220;:1232,&#8220;urls&#8220;:4640,&#8220;childUrl&#8220;:-1,&#8220;parentUrl&#8220;:-1,&#8220;active&#8220;:9,&#8220;archived&#8220;:8},{&#8222;mainUrl&#8220;:1232,&#8220;epigraphUrl&#8220;:-1,&#8220;redirectUrl&#8220;:-1,&#8220;sourceUrl&#8220;:-1},[],{&#8222;specialText&#8220;:486,&#8220;text&#8220;:-1,&#8220;type&#8220;:-1},{&#8222;footballInfo&#8220;:-1,&#8220;firstMessages&#8220;:4644,&#8220;multimediaType&#8220;:596,&#8220;contentType&#8220;:141,&#8220;id&#8220;:4645,&#8220;contentId&#8220;:4646,&#8220;title&#8220;:4647,&#8220;subtitle&#8220;:-1,&#8220;subtitleTwo&#8220;:-1,&#8220;photoClippings&#8220;:4648,&#8220;urls&#8220;:4667,&#8220;url&#8220;:4668,&#8220;sponsorship&#8220;:4669,&#8220;authors&#8220;:4670,&#8220;signature&#8220;:-1,&#8220;photoSignature&#8220;:4673,&#8220;qualityUrls&#8220;:-1,&#8220;embedInfo&#8220;:4674,&#8220;tags&#8220;:4675,&#8220;hyperlocalisms&#8220;:4691,&#8220;options&#8220;:4692,&#8220;externalOptions&#8220;:-1,&#8220;dates&#8220;:4709,&#8220;player&#8220;:-1,&#8220;originalId&#8220;:4646,&#8220;liveOptions&#8220;:-1,&#8220;epigraph&#8220;:-1,&#8220;photoDescription&#8220;:-1,&#8220;sections&#8220;:4713,&#8220;relatedContents&#8220;:4718,&#8220;kicker&#8220;:4719,&#8220;published&#8220;:9,&#8220;featuredHtml&#8220;:-1},[],&#8220;e0195062-d02c-3488-93ec-574f0015035a&#8220;,&#8220;122339050&#8243;,&#8220;Nach Streichung aller eigenen Shows: Es gibt Neuigkeiten von der Kult-Showb\u00fchne Son Amar&#8220;,[4649,4658],{&#8222;width&#8220;:432,&#8220;url&#8220;:4650,&#8220;height&#8220;:435,&#8220;quality&#8220;:72,&#8220;childPhotoClippings&#8220;:4651,&#8220;type&#8220;:524,&#8220;cropped&#8220;:8},&#8220;https:\/\/estaticos-cdn.prensaiberica.es\/clip\/28431ff2-ce86-4c41-bd66-50c6bfcd9e02_16-9-discover-aspect-ratio_default_0.jpg&#8220;,[4652,4655],{&#8222;width&#8220;:519,&#8220;url&#8220;:4653,&#8220;height&#8220;:823,&#8220;quality&#8220;:824,&#8220;childPhotoClippings&#8220;:4654,&#8220;type&#8220;:524,&#8220;cropped&#8220;:8},&#8220;https:\/\/estaticos-cdn.prensaiberica.es\/clip\/28431ff2-ce86-4c41-bd66-50c6bfcd9e02_16-9-discover-aspect-ratio_640w_0.jpg&#8220;,[],{&#8222;width&#8220;:526,&#8220;url&#8220;:4656,&#8220;height&#8220;:828,&#8220;quality&#8220;:824,&#8220;childPhotoClippings&#8220;:4657,&#8220;type&#8220;:524,&#8220;cropped&#8220;:8},&#8220;https:\/\/estaticos-cdn.prensaiberica.es\/clip\/28431ff2-ce86-4c41-bd66-50c6bfcd9e02_16-9-discover-aspect-ratio_320w_0.jpg&#8220;,[],{&#8222;width&#8220;:532,&#8220;url&#8220;:4659,&#8220;height&#8220;:811,&#8220;quality&#8220;:73,&#8220;childPhotoClippings&#8220;:4660,&#8220;type&#8220;:530,&#8220;cropped&#8220;:8},&#8220;https:\/\/estaticos-cdn.prensaiberica.es\/clip\/28431ff2-ce86-4c41-bd66-50c6bfcd9e02_media-libre-aspect-ratio_default_0.jpg&#8220;,[4661,4664],{&#8222;width&#8220;:519,&#8220;url&#8220;:4662,&#8220;height&#8220;:803,&#8220;quality&#8220;:538,&#8220;childPhotoClippings&#8220;:4663,&#8220;type&#8220;:524,&#8220;cropped&#8220;:8},&#8220;https:\/\/estaticos-cdn.prensaiberica.es\/clip\/28431ff2-ce86-4c41-bd66-50c6bfcd9e02_media-libre-aspect-ratio_640w_0.jpg&#8220;,[],{&#8222;width&#8220;:526,&#8220;url&#8220;:4665,&#8220;height&#8220;:807,&#8220;quality&#8220;:538,&#8220;childPhotoClippings&#8220;:4666,&#8220;type&#8220;:524,&#8220;cropped&#8220;:8},&#8220;https:\/\/estaticos-cdn.prensaiberica.es\/clip\/28431ff2-ce86-4c41-bd66-50c6bfcd9e02_media-libre-aspect-ratio_320w_0.jpg&#8220;,[],{&#8222;mainUrl&#8220;:4668,&#8220;epigraphUrl&#8220;:-1,&#8220;redirectUrl&#8220;:-1,&#8220;sourceUrl&#8220;:-1},&#8220;\/boulevard\/szene\/2025\/10\/06\/zukunft-event-finca-son-amar-122339050.html&#8220;,{&#8222;follow&#8220;:8,&#8220;linkTarget&#8220;:-1,&#8220;trackingCode&#8220;:-1,&#8220;trackingCodeAmp&#8220;:-1,&#8220;text&#8220;:-1,&#8220;url&#8220;:-1},[4671],{&#8222;name&#8220;:2427,&#8220;id&#8220;:2428,&#8220;originalId&#8220;:2429,&#8220;title&#8220;:2427,&#8220;url&#8220;:2430,&#8220;image&#8220;:2431,&#8220;description&#8220;:2432,&#8220;authorInformation&#8220;:-1,&#8220;active&#8220;:9,&#8220;urls&#8220;:4672},{&#8222;mainUrl&#8220;:2430,&#8220;epigraphUrl&#8220;:-1,&#8220;redirectUrl&#8220;:-1,&#8220;sourceUrl&#8220;:-1},{&#8222;name&#8220;:3031,&#8220;place&#8220;:-1,&#8220;source&#8220;:-1,&#8220;authorText&#8220;:-1},{&#8222;html&#8220;:-1,&#8220;url&#8220;:-1},[4676,4678,4680,4682,4684,4686],{&#8222;name&#8220;:3031,&#8220;id&#8220;:3032,&#8220;originalId&#8220;:3033,&#8220;title&#8220;:3031,&#8220;url&#8220;:3034,&#8220;urls&#8220;:4677,&#8220;active&#8220;:9},{&#8222;mainUrl&#8220;:3034,&#8220;epigraphUrl&#8220;:-1,&#8220;redirectUrl&#8220;:-1,&#8220;sourceUrl&#8220;:-1},{&#8222;name&#8220;:2840,&#8220;id&#8220;:2841,&#8220;originalId&#8220;:2842,&#8220;title&#8220;:2840,&#8220;url&#8220;:2843,&#8220;urls&#8220;:4679,&#8220;active&#8220;:9},{&#8222;mainUrl&#8220;:2843,&#8220;epigraphUrl&#8220;:-1,&#8220;redirectUrl&#8220;:-1,&#8220;sourceUrl&#8220;:-1},{&#8222;name&#8220;:233,&#8220;id&#8220;:2761,&#8220;originalId&#8220;:2762,&#8220;title&#8220;:233,&#8220;url&#8220;:2763,&#8220;urls&#8220;:4681,&#8220;active&#8220;:9},{&#8222;mainUrl&#8220;:2763,&#8220;epigraphUrl&#8220;:-1,&#8220;redirectUrl&#8220;:-1,&#8220;sourceUrl&#8220;:-1},{&#8222;name&#8220;:29,&#8220;id&#8220;:1293,&#8220;originalId&#8220;:1294,&#8220;title&#8220;:29,&#8220;url&#8220;:1295,&#8220;urls&#8220;:4683,&#8220;active&#8220;:9},{&#8222;mainUrl&#8220;:1295,&#8220;epigraphUrl&#8220;:-1,&#8220;redirectUrl&#8220;:-1,&#8220;sourceUrl&#8220;:-1},{&#8222;name&#8220;:3261,&#8220;id&#8220;:3262,&#8220;originalId&#8220;:3263,&#8220;title&#8220;:3261,&#8220;url&#8220;:3264,&#8220;urls&#8220;:4685,&#8220;active&#8220;:9},{&#8222;mainUrl&#8220;:3264,&#8220;epigraphUrl&#8220;:-1,&#8220;redirectUrl&#8220;:-1,&#8220;sourceUrl&#8220;:-1},{&#8222;name&#8220;:1947,&#8220;id&#8220;:4687,&#8220;originalId&#8220;:4688,&#8220;title&#8220;:1947,&#8220;url&#8220;:4689,&#8220;urls&#8220;:4690,&#8220;active&#8220;:9},&#8220;d21070e1-5833-3ff3-a12c-f36222fc8e6e&#8220;,&#8220;REGIONALES_1584292&#8243;,&#8220;\/tags\/kultur\/&#8220;,{&#8222;mainUrl&#8220;:4689,&#8220;epigraphUrl&#8220;:-1,&#8220;redirectUrl&#8220;:-1,&#8220;sourceUrl&#8220;:-1},[],{&#8222;accessType&#8220;:1318,&#8220;interviewOptions&#8220;:4693,&#8220;frontOptions&#8220;:4694,&#8220;basicOptions&#8220;:4695,&#8220;adsOptions&#8220;:-1,&#8220;premiumOptions&#8220;:4696,&#8220;appearanceOptions&#8220;:4697,&#8220;countries&#8220;:4698,&#8220;notificationOptions&#8220;:4699,&#8220;type&#8220;:-1,&#8220;editionType&#8220;:-1,&#8220;redirectFollow&#8220;:9,&#8220;analyticsOptions&#8220;:4706,&#8220;communityOptions&#8220;:-1,&#8220;freeformHtmls&#8220;:-1,&#8220;sportsOptions&#8220;:-1},{&#8222;interviewKicker&#8220;:-1,&#8220;intervieweeRole&#8220;:-1,&#8220;isInterview&#8220;:8,&#8220;interviewee&#8220;:-1},{&#8222;showLiveIcon&#8220;:8,&#8220;excludeFromAutomaticModules&#8220;:-1,&#8220;hideColumnistStyle&#8220;:8,&#8220;showVideoIcon&#8220;:8,&#8220;showPhotoGalleryIcon&#8220;:8,&#8220;showImageSignature&#8220;:8,&#8220;specialKicker&#8220;:-1,&#8220;showSignature&#8220;:9,&#8220;hidePhoto&#8220;:8,&#8220;hideMediaReportStyle&#8220;:8,&#8220;titleSize&#8220;:-1,&#8220;showPlace&#8220;:8,&#8220;showPreTitle&#8220;:8},{&#8222;appearanceHideRelations&#8220;:8,&#8220;disablePageRefresh&#8220;:8,&#8220;appearanceHideInTagListings&#8220;:8,&#8220;denyComments&#8220;:8,&#8220;doNotGenerateAmpVersion&#8220;:8,&#8220;oldContent&#8220;:8,&#8220;sourceIsAgency&#8220;:8,&#8220;hideInLastContents&#8220;:8,&#8220;hideInTagPages&#8220;:8,&#8220;hideInMostViewed&#8220;:8,&#8220;hideInAllListings&#8220;:8,&#8220;source&#8220;:1247,&#8220;disableAmp&#8220;:8,&#8220;cxenseEnabled&#8220;:9,&#8220;isOpinion&#8220;:8},{&#8222;premiumKicker&#8220;:-1,&#8220;premiumShowButton&#8220;:8,&#8220;premiumButtonUrl&#8220;:-1,&#8220;premiumShowKicker&#8220;:8},{&#8222;hideRelations&#8220;:8,&#8220;oldContent&#8220;:8},[],{&#8222;expirationMinutes&#8220;:1252,&#8220;isPersistent&#8220;:8,&#8220;appOptions&#8220;:4700,&#8220;webOptions&#8220;:4702,&#8220;title&#8220;:4704,&#8220;body&#8220;:4705},{&#8222;sendPush&#8220;:8,&#8220;notificationButtons&#8220;:4701},[],{&#8222;sendPush&#8220;:8,&#8220;notificationButtons&#8220;:4703},[],&#8220;Nach Streichung aller eigenen Shows: Es gibt Neuigkeiten von&#8220;,&#8220;In einem offiziellen Schreiben wurden die neuen Leiter und die Zukunftspl\u00e4ne der Event-Finca vorgestellt&#8220;,{&#8222;origin&#8220;:-1,&#8220;type&#8220;:-1,&#8220;editor&#8220;:2982,&#8220;category&#8220;:-1,&#8220;agencies&#8220;:4707,&#8220;adsTypes&#8220;:4708,&#8220;format&#8220;:1698,&#8220;variant&#8220;:1699},[],[],{&#8222;updateDate&#8220;:4710,&#8220;createDate&#8220;:4711,&#8220;releaseDate&#8220;:4712,&#8220;lastModifiedDate&#8220;:-1},[&#8222;Date&#8220;,&#8220;2025-10-06T17:20:01.000Z&#8220;],[&#8222;Date&#8220;,&#8220;2025-10-06T15:33:44.000Z&#8220;],[&#8222;Date&#8220;,&#8220;2025-10-06T16:02:31.000Z&#8220;],[4714,4716],{&#8222;name&#8220;:448,&#8220;id&#8220;:1224,&#8220;originalId&#8220;:1225,&#8220;title&#8220;:448,&#8220;url&#8220;:1226,&#8220;urls&#8220;:4715,&#8220;childUrl&#8220;:-1,&#8220;parentUrl&#8220;:-1,&#8220;active&#8220;:9,&#8220;archived&#8220;:8},{&#8222;mainUrl&#8220;:1226,&#8220;epigraphUrl&#8220;:-1,&#8220;redirectUrl&#8220;:-1,&#8220;sourceUrl&#8220;:-1},{&#8222;name&#8220;:1229,&#8220;id&#8220;:1230,&#8220;originalId&#8220;:1231,&#8220;title&#8220;:1229,&#8220;url&#8220;:1232,&#8220;urls&#8220;:4717,&#8220;childUrl&#8220;:-1,&#8220;parentUrl&#8220;:-1,&#8220;active&#8220;:9,&#8220;archived&#8220;:8},{&#8222;mainUrl&#8220;:1232,&#8220;epigraphUrl&#8220;:-1,&#8220;redirectUrl&#8220;:-1,&#8220;sourceUrl&#8220;:-1},[],{&#8222;specialText&#8220;:486,&#8220;text&#8220;:-1,&#8220;type&#8220;:-1},{&#8222;footballInfo&#8220;:-1,&#8220;firstMessages&#8220;:4721,&#8220;multimediaType&#8220;:596,&#8220;contentType&#8220;:141,&#8220;id&#8220;:4722,&#8220;contentId&#8220;:4723,&#8220;title&#8220;:4724,&#8220;subtitle&#8220;:-1,&#8220;subtitleTwo&#8220;:-1,&#8220;photoClippings&#8220;:4725,&#8220;urls&#8220;:4746,&#8220;url&#8220;:4747,&#8220;sponsorship&#8220;:4748,&#8220;authors&#8220;:4749,&#8220;signature&#8220;:-1,&#8220;photoSignature&#8220;:4763,&#8220;qualityUrls&#8220;:-1,&#8220;embedInfo&#8220;:4764,&#8220;tags&#8220;:4765,&#8220;hyperlocalisms&#8220;:4796,&#8220;options&#8220;:4797,&#8220;externalOptions&#8220;:-1,&#8220;dates&#8220;:4814,&#8220;player&#8220;:-1,&#8220;originalId&#8220;:4723,&#8220;liveOptions&#8220;:-1,&#8220;epigraph&#8220;:-1,&#8220;photoDescription&#8220;:-1,&#8220;sections&#8220;:4818,&#8220;relatedContents&#8220;:4823,&#8220;kicker&#8220;:4824,&#8220;published&#8220;:9,&#8220;featuredHtml&#8220;:-1},[],&#8220;279991df-499e-382f-b5b7-c5f713cfd230&#8243;,&#8220;122018821&#8243;,&#8220;Versehentlich am Ballermann: Eindr\u00fccke einer Britin&#8220;,[4726,4735],{&#8222;width&#8220;:432,&#8220;url&#8220;:4727,&#8220;height&#8220;:435,&#8220;quality&#8220;:72,&#8220;childPhotoClippings&#8220;:4728,&#8220;type&#8220;:524,&#8220;cropped&#8220;:8},&#8220;https:\/\/estaticos-cdn.prensaiberica.es\/clip\/1f523d6a-2f95-472d-86fe-eb8a4eb7c626_16-9-discover-aspect-ratio_default_0.jpg&#8220;,[4729,4732],{&#8222;width&#8220;:519,&#8220;url&#8220;:4730,&#8220;height&#8220;:823,&#8220;quality&#8220;:824,&#8220;childPhotoClippings&#8220;:4731,&#8220;type&#8220;:524,&#8220;cropped&#8220;:8},&#8220;https:\/\/estaticos-cdn.prensaiberica.es\/clip\/1f523d6a-2f95-472d-86fe-eb8a4eb7c626_16-9-discover-aspect-ratio_640w_0.jpg&#8220;,[],{&#8222;width&#8220;:526,&#8220;url&#8220;:4733,&#8220;height&#8220;:828,&#8220;quality&#8220;:824,&#8220;childPhotoClippings&#8220;:4734,&#8220;type&#8220;:524,&#8220;cropped&#8220;:8},&#8220;https:\/\/estaticos-cdn.prensaiberica.es\/clip\/1f523d6a-2f95-472d-86fe-eb8a4eb7c626_16-9-discover-aspect-ratio_320w_0.jpg&#8220;,[],{&#8222;width&#8220;:532,&#8220;url&#8220;:4736,&#8220;height&#8220;:4737,&#8220;quality&#8220;:73,&#8220;childPhotoClippings&#8220;:4738,&#8220;type&#8220;:530,&#8220;cropped&#8220;:8},&#8220;https:\/\/estaticos-cdn.prensaiberica.es\/clip\/1f523d6a-2f95-472d-86fe-eb8a4eb7c626_media-libre-aspect-ratio_default_0.jpg&#8220;,&#8220;383&#8243;,[4739,4742],{&#8222;width&#8220;:519,&#8220;url&#8220;:4740,&#8220;height&#8220;:2300,&#8220;quality&#8220;:538,&#8220;childPhotoClippings&#8220;:4741,&#8220;type&#8220;:524,&#8220;cropped&#8220;:8},&#8220;https:\/\/estaticos-cdn.prensaiberica.es\/clip\/1f523d6a-2f95-472d-86fe-eb8a4eb7c626_media-libre-aspect-ratio_640w_0.jpg&#8220;,[],{&#8222;width&#8220;:526,&#8220;url&#8220;:4743,&#8220;height&#8220;:4744,&#8220;quality&#8220;:538,&#8220;childPhotoClippings&#8220;:4745,&#8220;type&#8220;:524,&#8220;cropped&#8220;:8},&#8220;https:\/\/estaticos-cdn.prensaiberica.es\/clip\/1f523d6a-2f95-472d-86fe-eb8a4eb7c626_media-libre-aspect-ratio_320w_0.jpg&#8220;,&#8220;186&#8243;,[],{&#8222;mainUrl&#8220;:4747,&#8220;epigraphUrl&#8220;:-1,&#8220;redirectUrl&#8220;:-1,&#8220;sourceUrl&#8220;:-1},&#8220;\/boulevard\/szene\/2025\/09\/27\/versehentlich-ballermann-eindrucke-britin-dv-122018821.html&#8220;,{&#8222;follow&#8220;:8,&#8220;linkTarget&#8220;:-1,&#8220;trackingCode&#8220;:-1,&#8220;trackingCodeAmp&#8220;:-1,&#8220;text&#8220;:-1,&#8220;url&#8220;:-1},[4750,4756],{&#8222;name&#8220;:4751,&#8220;id&#8220;:4752,&#8220;originalId&#8220;:4753,&#8220;title&#8220;:4751,&#8220;url&#8220;:4754,&#8220;image&#8220;:-1,&#8220;description&#8220;:-1,&#8220;authorInformation&#8220;:-1,&#8220;active&#8220;:9,&#8220;urls&#8220;:4755},&#8220;Duna M\u00e1rquez&#8220;,&#8220;fb44f2b1-e595-351f-b44e-ad02733db11d&#8220;,&#8220;1866451&#8243;,&#8220;\/autores\/duna-marquez.html&#8220;,{&#8222;mainUrl&#8220;:4754,&#8220;epigraphUrl&#8220;:-1,&#8220;redirectUrl&#8220;:-1,&#8220;sourceUrl&#8220;:-1},{&#8222;name&#8220;:4757,&#8220;id&#8220;:4758,&#8220;originalId&#8220;:4759,&#8220;title&#8220;:4757,&#8220;url&#8220;:4760,&#8220;image&#8220;:4761,&#8220;description&#8220;:-1,&#8220;authorInformation&#8220;:-1,&#8220;active&#8220;:9,&#8220;urls&#8220;:4762},&#8220;Sarah L\u00f3pez&#8220;,&#8220;fa4f3c02-bdf9-3ec3-9550-a4a9bab108d4&#8243;,&#8220;2095819&#8243;,&#8220;\/autores\/sara-lopez.html&#8220;,&#8220;https:\/\/estaticos-cdn.prensaiberica.es\/clip\/6ddbd03b-974c-4a6d-b99e-40e1a002de12_source-aspect-ratio_320w_0.jpg&#8220;,{&#8222;mainUrl&#8220;:4760,&#8220;epigraphUrl&#8220;:-1,&#8220;redirectUrl&#8220;:-1,&#8220;sourceUrl&#8220;:-1},{&#8222;name&#8220;:2427,&#8220;place&#8220;:-1,&#8220;source&#8220;:-1,&#8220;authorText&#8220;:-1},{&#8222;html&#8220;:-1,&#8220;url&#8220;:-1},[4766,4768,4774,4776,4778,4784,4790],{&#8222;name&#8220;:1236,&#8220;id&#8220;:1237,&#8220;originalId&#8220;:1238,&#8220;title&#8220;:1236,&#8220;url&#8220;:1239,&#8220;urls&#8220;:4767,&#8220;active&#8220;:9},{&#8222;mainUrl&#8220;:1239,&#8220;epigraphUrl&#8220;:-1,&#8220;redirectUrl&#8220;:-1,&#8220;sourceUrl&#8220;:-1},{&#8222;name&#8220;:4769,&#8220;id&#8220;:4770,&#8220;originalId&#8220;:4771,&#8220;title&#8220;:4769,&#8220;url&#8220;:4772,&#8220;urls&#8220;:4773,&#8220;active&#8220;:9},&#8220;Magaluf&#8220;,&#8220;106e0ad8-0bac-3109-9fe9-523809acdb2f&#8220;,&#8220;REGIONALES_1584519&#8243;,&#8220;\/tags\/magaluf\/&#8220;,{&#8222;mainUrl&#8220;:4772,&#8220;epigraphUrl&#8220;:-1,&#8220;redirectUrl&#8220;:-1,&#8220;sourceUrl&#8220;:-1},{&#8222;name&#8220;:29,&#8220;id&#8220;:1293,&#8220;originalId&#8220;:1294,&#8220;title&#8220;:29,&#8220;url&#8220;:1295,&#8220;urls&#8220;:4775,&#8220;active&#8220;:9},{&#8222;mainUrl&#8220;:1295,&#8220;epigraphUrl&#8220;:-1,&#8220;redirectUrl&#8220;:-1,&#8220;sourceUrl&#8220;:-1},{&#8222;name&#8220;:3586,&#8220;id&#8220;:3587,&#8220;originalId&#8220;:3588,&#8220;title&#8220;:3586,&#8220;url&#8220;:3589,&#8220;urls&#8220;:4777,&#8220;active&#8220;:9},{&#8222;mainUrl&#8220;:3589,&#8220;epigraphUrl&#8220;:-1,&#8220;redirectUrl&#8220;:-1,&#8220;sourceUrl&#8220;:-1},{&#8222;name&#8220;:4779,&#8220;id&#8220;:4780,&#8220;originalId&#8220;:4781,&#8220;title&#8220;:4779,&#8220;url&#8220;:4782,&#8220;urls&#8220;:4783,&#8220;active&#8220;:9},&#8220;Urlaub&#8220;,&#8220;3f6e91fa-1fe1-30ee-ae09-d44ed051465b&#8220;,&#8220;REGIONALES_1586481&#8243;,&#8220;\/tags\/urlaub\/&#8220;,{&#8222;mainUrl&#8220;:4782,&#8220;epigraphUrl&#8220;:-1,&#8220;redirectUrl&#8220;:-1,&#8220;sourceUrl&#8220;:-1},{&#8222;name&#8220;:4785,&#8220;id&#8220;:4786,&#8220;originalId&#8220;:4787,&#8220;title&#8220;:4785,&#8220;url&#8220;:4788,&#8220;urls&#8220;:4789,&#8220;active&#8220;:9},&#8220;Briten&#8220;,&#8220;0574e2f8-d995-3997-9d90-8aadd0f4f535&#8243;,&#8220;REGIONALES_1582626&#8243;,&#8220;\/tags\/briten\/&#8220;,{&#8222;mainUrl&#8220;:4788,&#8220;epigraphUrl&#8220;:-1,&#8220;redirectUrl&#8220;:-1,&#8220;sourceUrl&#8220;:-1},{&#8222;name&#8220;:4791,&#8220;id&#8220;:4792,&#8220;originalId&#8220;:4793,&#8220;title&#8220;:4791,&#8220;url&#8220;:4794,&#8220;urls&#8220;:4795,&#8220;active&#8220;:9},&#8220;Briten auf Mallorca&#8220;,&#8220;46c85796-b6d0-3d48-868d-2c06a2ec36e2&#8243;,&#8220;REGIONALES_1582627&#8243;,&#8220;\/tags\/briten-auf-mallorca\/&#8220;,{&#8222;mainUrl&#8220;:4794,&#8220;epigraphUrl&#8220;:-1,&#8220;redirectUrl&#8220;:-1,&#8220;sourceUrl&#8220;:-1},[],{&#8222;accessType&#8220;:1318,&#8220;interviewOptions&#8220;:4798,&#8220;frontOptions&#8220;:4799,&#8220;basicOptions&#8220;:4800,&#8220;adsOptions&#8220;:-1,&#8220;premiumOptions&#8220;:4801,&#8220;appearanceOptions&#8220;:4802,&#8220;countries&#8220;:4803,&#8220;notificationOptions&#8220;:4804,&#8220;type&#8220;:-1,&#8220;editionType&#8220;:-1,&#8220;redirectFollow&#8220;:9,&#8220;analyticsOptions&#8220;:4810,&#8220;communityOptions&#8220;:-1,&#8220;freeformHtmls&#8220;:-1,&#8220;sportsOptions&#8220;:-1},{&#8222;interviewKicker&#8220;:-1,&#8220;intervieweeRole&#8220;:-1,&#8220;isInterview&#8220;:8,&#8220;interviewee&#8220;:-1},{&#8222;showLiveIcon&#8220;:8,&#8220;excludeFromAutomaticModules&#8220;:-1,&#8220;hideColumnistStyle&#8220;:8,&#8220;showVideoIcon&#8220;:8,&#8220;showPhotoGalleryIcon&#8220;:8,&#8220;showImageSignature&#8220;:8,&#8220;specialKicker&#8220;:-1,&#8220;showSignature&#8220;:9,&#8220;hidePhoto&#8220;:8,&#8220;hideMediaReportStyle&#8220;:8,&#8220;titleSize&#8220;:-1,&#8220;showPlace&#8220;:8,&#8220;showPreTitle&#8220;:8},{&#8222;appearanceHideRelations&#8220;:8,&#8220;disablePageRefresh&#8220;:8,&#8220;appearanceHideInTagListings&#8220;:8,&#8220;denyComments&#8220;:8,&#8220;doNotGenerateAmpVersion&#8220;:8,&#8220;oldContent&#8220;:8,&#8220;sourceIsAgency&#8220;:8,&#8220;hideInLastContents&#8220;:8,&#8220;hideInTagPages&#8220;:8,&#8220;hideInMostViewed&#8220;:8,&#8220;hideInAllListings&#8220;:8,&#8220;source&#8220;:1247,&#8220;disableAmp&#8220;:8,&#8220;cxenseEnabled&#8220;:9,&#8220;isOpinion&#8220;:8},{&#8222;premiumKicker&#8220;:-1,&#8220;premiumShowButton&#8220;:8,&#8220;premiumButtonUrl&#8220;:-1,&#8220;premiumShowKicker&#8220;:8},{&#8222;hideRelations&#8220;:8,&#8220;oldContent&#8220;:8},[],{&#8222;expirationMinutes&#8220;:1252,&#8220;isPersistent&#8220;:8,&#8220;appOptions&#8220;:4805,&#8220;webOptions&#8220;:4807,&#8220;title&#8220;:4724,&#8220;body&#8220;:4809},{&#8222;sendPush&#8220;:8,&#8220;notificationButtons&#8220;:4806},[],{&#8222;sendPush&#8220;:8,&#8220;notificationButtons&#8220;:4808},[],&#8220;Von \u201eAlbtraum\u201c bis Lob f\u00fcr Bier und Essen: Kommentare zeigen, wie unterschiedlich Arenal und Magaluf wahrgenommen werden&#8220;,{&#8222;origin&#8220;:-1,&#8220;type&#8220;:-1,&#8220;editor&#8220;:4811,&#8220;category&#8220;:-1,&#8220;agencies&#8220;:4812,&#8220;adsTypes&#8220;:4813,&#8220;format&#8220;:1698,&#8220;variant&#8220;:1699},&#8220;sara&#8220;,[],[],{&#8222;updateDate&#8220;:4815,&#8220;createDate&#8220;:4816,&#8220;releaseDate&#8220;:4817,&#8220;lastModifiedDate&#8220;:-1},[&#8222;Date&#8220;,&#8220;2025-09-27T12:56:45.000Z&#8220;],[&#8222;Date&#8220;,&#8220;2025-09-27T12:07:33.000Z&#8220;],[&#8222;Date&#8220;,&#8220;2025-09-27T12:56:45.000Z&#8220;],[4819,4821],{&#8222;name&#8220;:448,&#8220;id&#8220;:1224,&#8220;originalId&#8220;:1225,&#8220;title&#8220;:448,&#8220;url&#8220;:1226,&#8220;urls&#8220;:4820,&#8220;childUrl&#8220;:-1,&#8220;parentUrl&#8220;:-1,&#8220;active&#8220;:9,&#8220;archived&#8220;:8},{&#8222;mainUrl&#8220;:1226,&#8220;epigraphUrl&#8220;:-1,&#8220;redirectUrl&#8220;:-1,&#8220;sourceUrl&#8220;:-1},{&#8222;name&#8220;:1229,&#8220;id&#8220;:1230,&#8220;originalId&#8220;:1231,&#8220;title&#8220;:1229,&#8220;url&#8220;:1232,&#8220;urls&#8220;:4822,&#8220;childUrl&#8220;:-1,&#8220;parentUrl&#8220;:-1,&#8220;active&#8220;:9,&#8220;archived&#8220;:8},{&#8222;mainUrl&#8220;:1232,&#8220;epigraphUrl&#8220;:-1,&#8220;redirectUrl&#8220;:-1,&#8220;sourceUrl&#8220;:-1},[],{&#8222;specialText&#8220;:486,&#8220;text&#8220;:-1,&#8220;type&#8220;:-1},{&#8222;footballInfo&#8220;:-1,&#8220;firstMessages&#8220;:4826,&#8220;multimediaType&#8220;:596,&#8220;contentType&#8220;:141,&#8220;id&#8220;:4827,&#8220;contentId&#8220;:4828,&#8220;title&#8220;:4829,&#8220;subtitle&#8220;:-1,&#8220;subtitleTwo&#8220;:-1,&#8220;photoClippings&#8220;:4830,&#8220;urls&#8220;:4850,&#8220;url&#8220;:4851,&#8220;sponsorship&#8220;:4852,&#8220;authors&#8220;:4853,&#8220;signature&#8220;:-1,&#8220;photoSignature&#8220;:4854,&#8220;qualityUrls&#8220;:-1,&#8220;embedInfo&#8220;:4856,&#8220;tags&#8220;:4857,&#8220;hyperlocalisms&#8220;:4881,&#8220;options&#8220;:4882,&#8220;externalOptions&#8220;:-1,&#8220;dates&#8220;:4899,&#8220;player&#8220;:-1,&#8220;originalId&#8220;:4828,&#8220;liveOptions&#8220;:-1,&#8220;epigraph&#8220;:-1,&#8220;photoDescription&#8220;:-1,&#8220;sections&#8220;:4903,&#8220;relatedContents&#8220;:4914,&#8220;kicker&#8220;:4915,&#8220;published&#8220;:9,&#8220;featuredHtml&#8220;:-1},[],&#8220;b4a66c19-5da8-3937-beb0-2f7498b4044a&#8220;,&#8220;121920664&#8243;,&#8220;TV-Tipp: Wie Isi Gl\u00fcck am Ballermann durch harte Arbeit zu Erfolg und Geld gekommen ist&#8220;,[4831,4840],{&#8222;width&#8220;:2520,&#8220;url&#8220;:4832,&#8220;height&#8220;:534,&#8220;quality&#8220;:2522,&#8220;childPhotoClippings&#8220;:4833,&#8220;type&#8220;:524,&#8220;cropped&#8220;:8},&#8220;https:\/\/estaticos-cdn.prensaiberica.es\/clip\/ef3c63f0-77f2-44a6-889e-832f1d5e6841_16-9-aspect-ratio_default_0.jpg&#8220;,[4834,4837],{&#8222;width&#8220;:519,&#8220;url&#8220;:4835,&#8220;height&#8220;:823,&#8220;quality&#8220;:73,&#8220;childPhotoClippings&#8220;:4836,&#8220;type&#8220;:524,&#8220;cropped&#8220;:8},&#8220;https:\/\/estaticos-cdn.prensaiberica.es\/clip\/ef3c63f0-77f2-44a6-889e-832f1d5e6841_16-9-aspect-ratio_640w_0.jpg&#8220;,[],{&#8222;width&#8220;:526,&#8220;url&#8220;:4838,&#8220;height&#8220;:828,&#8220;quality&#8220;:73,&#8220;childPhotoClippings&#8220;:4839,&#8220;type&#8220;:524,&#8220;cropped&#8220;:8},&#8220;https:\/\/estaticos-cdn.prensaiberica.es\/clip\/ef3c63f0-77f2-44a6-889e-832f1d5e6841_16-9-aspect-ratio_320w_0.jpg&#8220;,[],{&#8222;width&#8220;:532,&#8220;url&#8220;:4841,&#8220;height&#8220;:546,&#8220;quality&#8220;:73,&#8220;childPhotoClippings&#8220;:4842,&#8220;type&#8220;:530,&#8220;cropped&#8220;:8},&#8220;https:\/\/estaticos-cdn.prensaiberica.es\/clip\/ef3c63f0-77f2-44a6-889e-832f1d5e6841_media-libre-aspect-ratio_default_0.jpg&#8220;,[4843,4846],{&#8222;width&#8220;:519,&#8220;url&#8220;:4844,&#8220;height&#8220;:3551,&#8220;quality&#8220;:538,&#8220;childPhotoClippings&#8220;:4845,&#8220;type&#8220;:524,&#8220;cropped&#8220;:8},&#8220;https:\/\/estaticos-cdn.prensaiberica.es\/clip\/ef3c63f0-77f2-44a6-889e-832f1d5e6841_media-libre-aspect-ratio_640w_0.jpg&#8220;,[],{&#8222;width&#8220;:526,&#8220;url&#8220;:4847,&#8220;height&#8220;:4848,&#8220;quality&#8220;:538,&#8220;childPhotoClippings&#8220;:4849,&#8220;type&#8220;:524,&#8220;cropped&#8220;:8},&#8220;https:\/\/estaticos-cdn.prensaiberica.es\/clip\/ef3c63f0-77f2-44a6-889e-832f1d5e6841_media-libre-aspect-ratio_320w_0.jpg&#8220;,&#8220;109&#8243;,[],{&#8222;mainUrl&#8220;:4851,&#8220;epigraphUrl&#8220;:-1,&#8220;redirectUrl&#8220;:-1,&#8220;sourceUrl&#8220;:-1},&#8220;\/boulevard\/szene\/2025\/09\/24\/isi-glueck-ballermann-doku-121920664.html&#8220;,{&#8222;follow&#8220;:8,&#8220;linkTarget&#8220;:-1,&#8220;trackingCode&#8220;:-1,&#8220;trackingCodeAmp&#8220;:-1,&#8220;text&#8220;:-1,&#8220;url&#8220;:-1},[],{&#8222;name&#8220;:4855,&#8220;place&#8220;:-1,&#8220;source&#8220;:-1,&#8220;authorText&#8220;:-1},&#8220;ARD&#8220;,{&#8222;html&#8220;:-1,&#8220;url&#8220;:-1},[4858,4860,4865,4871,4873,4875],{&#8222;name&#8220;:2132,&#8220;id&#8220;:2133,&#8220;originalId&#8220;:2134,&#8220;title&#8220;:2132,&#8220;url&#8220;:2135,&#8220;urls&#8220;:4859,&#8220;active&#8220;:9},{&#8222;mainUrl&#8220;:2135,&#8220;epigraphUrl&#8220;:-1,&#8220;redirectUrl&#8220;:-1,&#8220;sourceUrl&#8220;:-1},{&#8222;name&#8220;:4855,&#8220;id&#8220;:4861,&#8220;originalId&#8220;:4862,&#8220;title&#8220;:4855,&#8220;url&#8220;:4863,&#8220;urls&#8220;:4864,&#8220;active&#8220;:9},&#8220;306ea3f6-06ad-369e-bfa8-6f0a2063364c&#8220;,&#8220;REGIONALES_1582283&#8243;,&#8220;\/tags\/ard\/&#8220;,{&#8222;mainUrl&#8220;:4863,&#8220;epigraphUrl&#8220;:-1,&#8220;redirectUrl&#8220;:-1,&#8220;sourceUrl&#8220;:-1},{&#8222;name&#8220;:4866,&#8220;id&#8220;:4867,&#8220;originalId&#8220;:4868,&#8220;title&#8220;:4866,&#8220;url&#8220;:4869,&#8220;urls&#8220;:4870,&#8220;active&#8220;:9},&#8220;Dokumentationen&#8220;,&#8220;d7a3662c-d6bc-3f2a-9c74-4fed9744d5ca&#8220;,&#8220;REGIONALES_1583040&#8243;,&#8220;\/tags\/dokumentationen\/&#8220;,{&#8222;mainUrl&#8220;:4869,&#8220;epigraphUrl&#8220;:-1,&#8220;redirectUrl&#8220;:-1,&#8220;sourceUrl&#8220;:-1},{&#8222;name&#8220;:1236,&#8220;id&#8220;:1237,&#8220;originalId&#8220;:1238,&#8220;title&#8220;:1236,&#8220;url&#8220;:1239,&#8220;urls&#8220;:4872,&#8220;active&#8220;:9},{&#8222;mainUrl&#8220;:1239,&#8220;epigraphUrl&#8220;:-1,&#8220;redirectUrl&#8220;:-1,&#8220;sourceUrl&#8220;:-1},{&#8222;name&#8220;:1828,&#8220;id&#8220;:1829,&#8220;originalId&#8220;:1830,&#8220;title&#8220;:1828,&#8220;url&#8220;:1831,&#8220;urls&#8220;:4874,&#8220;active&#8220;:9},{&#8222;mainUrl&#8220;:1831,&#8220;epigraphUrl&#8220;:-1,&#8220;redirectUrl&#8220;:-1,&#8220;sourceUrl&#8220;:-1},{&#8222;name&#8220;:4876,&#8220;id&#8220;:4877,&#8220;originalId&#8220;:4878,&#8220;title&#8220;:4876,&#8220;url&#8220;:4879,&#8220;urls&#8220;:4880,&#8220;active&#8220;:9},&#8220;Schlagers\u00e4nger&#8220;,&#8220;afa051ee-6d0a-3510-b5c3-53bf274e38aa&#8220;,&#8220;REGIONALES_1585775&#8243;,&#8220;\/tags\/schlagersanger\/&#8220;,{&#8222;mainUrl&#8220;:4879,&#8220;epigraphUrl&#8220;:-1,&#8220;redirectUrl&#8220;:-1,&#8220;sourceUrl&#8220;:-1},[],{&#8222;accessType&#8220;:1318,&#8220;interviewOptions&#8220;:4883,&#8220;frontOptions&#8220;:4884,&#8220;basicOptions&#8220;:4885,&#8220;adsOptions&#8220;:-1,&#8220;premiumOptions&#8220;:4886,&#8220;appearanceOptions&#8220;:4887,&#8220;countries&#8220;:4888,&#8220;notificationOptions&#8220;:4889,&#8220;type&#8220;:-1,&#8220;editionType&#8220;:-1,&#8220;redirectFollow&#8220;:9,&#8220;analyticsOptions&#8220;:4896,&#8220;communityOptions&#8220;:-1,&#8220;freeformHtmls&#8220;:-1,&#8220;sportsOptions&#8220;:-1},{&#8222;interviewKicker&#8220;:-1,&#8220;intervieweeRole&#8220;:-1,&#8220;isInterview&#8220;:8,&#8220;interviewee&#8220;:-1},{&#8222;showLiveIcon&#8220;:8,&#8220;excludeFromAutomaticModules&#8220;:-1,&#8220;hideColumnistStyle&#8220;:8,&#8220;showVideoIcon&#8220;:8,&#8220;showPhotoGalleryIcon&#8220;:8,&#8220;showImageSignature&#8220;:8,&#8220;specialKicker&#8220;:-1,&#8220;showSignature&#8220;:9,&#8220;hidePhoto&#8220;:8,&#8220;hideMediaReportStyle&#8220;:8,&#8220;titleSize&#8220;:-1,&#8220;showPlace&#8220;:8,&#8220;showPreTitle&#8220;:8},{&#8222;appearanceHideRelations&#8220;:8,&#8220;disablePageRefresh&#8220;:8,&#8220;appearanceHideInTagListings&#8220;:8,&#8220;denyComments&#8220;:8,&#8220;doNotGenerateAmpVersion&#8220;:8,&#8220;oldContent&#8220;:8,&#8220;sourceIsAgency&#8220;:8,&#8220;hideInLastContents&#8220;:8,&#8220;hideInTagPages&#8220;:8,&#8220;hideInMostViewed&#8220;:8,&#8220;hideInAllListings&#8220;:8,&#8220;source&#8220;:1247,&#8220;disableAmp&#8220;:8,&#8220;cxenseEnabled&#8220;:9,&#8220;isOpinion&#8220;:8},{&#8222;premiumKicker&#8220;:-1,&#8220;premiumShowButton&#8220;:8,&#8220;premiumButtonUrl&#8220;:-1,&#8220;premiumShowKicker&#8220;:8},{&#8222;hideRelations&#8220;:8,&#8220;oldContent&#8220;:8},[],{&#8222;expirationMinutes&#8220;:1252,&#8220;isPersistent&#8220;:8,&#8220;appOptions&#8220;:4890,&#8220;webOptions&#8220;:4892,&#8220;title&#8220;:4894,&#8220;body&#8220;:4895},{&#8222;sendPush&#8220;:8,&#8220;notificationButtons&#8220;:4891},[],{&#8222;sendPush&#8220;:8,&#8220;notificationButtons&#8220;:4893},[],&#8220;TV-Tipp: Wie Isi Gl\u00fcck am Ballermann durch harte Arbeit zu E&#8220;,&#8220;Wie eine Newcomerin den m\u00e4nnerdominierten Ballermann eroberte: Ein Blick hinter die Kulissen der Partyszene&#8220;,{&#8222;origin&#8220;:-1,&#8220;type&#8220;:-1,&#8220;editor&#8220;:4811,&#8220;category&#8220;:-1,&#8220;agencies&#8220;:4897,&#8220;adsTypes&#8220;:4898,&#8220;format&#8220;:1698,&#8220;variant&#8220;:1699},[],[],{&#8222;updateDate&#8220;:4900,&#8220;createDate&#8220;:4901,&#8220;releaseDate&#8220;:4902,&#8220;lastModifiedDate&#8220;:-1},[&#8222;Date&#8220;,&#8220;2025-09-24T16:54:27.000Z&#8220;],[&#8222;Date&#8220;,&#8220;2025-09-24T15:12:44.000Z&#8220;],[&#8222;Date&#8220;,&#8220;2025-09-24T16:54:27.000Z&#8220;],[4904,4906,4912],{&#8222;name&#8220;:448,&#8220;id&#8220;:1224,&#8220;originalId&#8220;:1225,&#8220;title&#8220;:448,&#8220;url&#8220;:1226,&#8220;urls&#8220;:4905,&#8220;childUrl&#8220;:-1,&#8220;parentUrl&#8220;:-1,&#8220;active&#8220;:9,&#8220;archived&#8220;:8},{&#8222;mainUrl&#8220;:1226,&#8220;epigraphUrl&#8220;:-1,&#8220;redirectUrl&#8220;:-1,&#8220;sourceUrl&#8220;:-1},{&#8222;name&#8220;:4907,&#8220;id&#8220;:4908,&#8220;originalId&#8220;:4909,&#8220;title&#8220;:4907,&#8220;url&#8220;:4910,&#8220;urls&#8220;:4911,&#8220;childUrl&#8220;:-1,&#8220;parentUrl&#8220;:-1,&#8220;active&#8220;:9,&#8220;archived&#8220;:8},&#8220;Geld&#8220;,&#8220;fd85992c-189a-3cc6-a5e1-3ec3b7e0c5e2&#8243;,&#8220;REGIONALES_28055&#8243;,&#8220;https:\/\/www.mallorcazeitung.es\/geld\/&#8220;,{&#8222;mainUrl&#8220;:4910,&#8220;epigraphUrl&#8220;:-1,&#8220;redirectUrl&#8220;:-1,&#8220;sourceUrl&#8220;:-1},{&#8222;name&#8220;:1229,&#8220;id&#8220;:1230,&#8220;originalId&#8220;:1231,&#8220;title&#8220;:1229,&#8220;url&#8220;:1232,&#8220;urls&#8220;:4913,&#8220;childUrl&#8220;:-1,&#8220;parentUrl&#8220;:-1,&#8220;active&#8220;:9,&#8220;archived&#8220;:8},{&#8222;mainUrl&#8220;:1232,&#8220;epigraphUrl&#8220;:-1,&#8220;redirectUrl&#8220;:-1,&#8220;sourceUrl&#8220;:-1},[],{&#8222;specialText&#8220;:486,&#8220;text&#8220;:-1,&#8220;type&#8220;:-1},{&#8222;footballInfo&#8220;:-1,&#8220;firstMessages&#8220;:4917,&#8220;multimediaType&#8220;:596,&#8220;contentType&#8220;:1281,&#8220;id&#8220;:4918,&#8220;contentId&#8220;:4919,&#8220;title&#8220;:4920,&#8220;subtitle&#8220;:-1,&#8220;subtitleTwo&#8220;:-1,&#8220;photoClippings&#8220;:4921,&#8220;urls&#8220;:4931,&#8220;url&#8220;:4932,&#8220;sponsorship&#8220;:4933,&#8220;authors&#8220;:4934,&#8220;signature&#8220;:-1,&#8220;photoSignature&#8220;:4937,&#8220;qualityUrls&#8220;:-1,&#8220;embedInfo&#8220;:4939,&#8220;tags&#8220;:4940,&#8220;hyperlocalisms&#8220;:4953,&#8220;options&#8220;:4954,&#8220;externalOptions&#8220;:-1,&#8220;dates&#8220;:4970,&#8220;player&#8220;:-1,&#8220;originalId&#8220;:4919,&#8220;liveOptions&#8220;:-1,&#8220;epigraph&#8220;:-1,&#8220;photoDescription&#8220;:-1,&#8220;sections&#8220;:4974,&#8220;relatedContents&#8220;:4979,&#8220;kicker&#8220;:4980,&#8220;published&#8220;:9,&#8220;featuredHtml&#8220;:-1},[],&#8220;0b001af1-f257-3a93-ade7-bac3edd16ee0&#8243;,&#8220;121797049&#8243;,&#8220;Buntes Treiben bei der Kunstnacht in Palma&#8220;,[4922],{&#8222;width&#8220;:532,&#8220;url&#8220;:4923,&#8220;height&#8220;:811,&#8220;quality&#8220;:73,&#8220;childPhotoClippings&#8220;:4924,&#8220;type&#8220;:524,&#8220;cropped&#8220;:8},&#8220;https:\/\/estaticos-cdn.prensaiberica.es\/clip\/11a2bc38-885e-4d62-b54c-6f38aafab02e_media-libre-aspect-ratio_default_0.jpg&#8220;,[4925,4928],{&#8222;width&#8220;:519,&#8220;url&#8220;:4926,&#8220;height&#8220;:803,&#8220;quality&#8220;:538,&#8220;childPhotoClippings&#8220;:4927,&#8220;type&#8220;:524,&#8220;cropped&#8220;:8},&#8220;https:\/\/estaticos-cdn.prensaiberica.es\/clip\/11a2bc38-885e-4d62-b54c-6f38aafab02e_media-libre-aspect-ratio_640w_0.jpg&#8220;,[],{&#8222;width&#8220;:526,&#8220;url&#8220;:4929,&#8220;height&#8220;:807,&#8220;quality&#8220;:538,&#8220;childPhotoClippings&#8220;:4930,&#8220;type&#8220;:524,&#8220;cropped&#8220;:8},&#8220;https:\/\/estaticos-cdn.prensaiberica.es\/clip\/11a2bc38-885e-4d62-b54c-6f38aafab02e_media-libre-aspect-ratio_320w_0.jpg&#8220;,[],{&#8222;mainUrl&#8220;:4932,&#8220;epigraphUrl&#8220;:-1,&#8220;redirectUrl&#8220;:-1,&#8220;sourceUrl&#8220;:-1},&#8220;\/boulevard\/szene\/2025\/09\/21\/buntes-treiben-kunstnacht-121797049.html&#8220;,{&#8222;follow&#8220;:8,&#8220;linkTarget&#8220;:-1,&#8220;trackingCode&#8220;:-1,&#8220;trackingCodeAmp&#8220;:-1,&#8220;text&#8220;:-1,&#8220;url&#8220;:-1},[4935],{&#8222;name&#8220;:2547,&#8220;id&#8220;:2548,&#8220;originalId&#8220;:2549,&#8220;title&#8220;:2547,&#8220;url&#8220;:2550,&#8220;image&#8220;:2551,&#8220;description&#8220;:-1,&#8220;authorInformation&#8220;:-1,&#8220;active&#8220;:9,&#8220;urls&#8220;:4936},{&#8222;mainUrl&#8220;:2550,&#8220;epigraphUrl&#8220;:-1,&#8220;redirectUrl&#8220;:-1,&#8220;sourceUrl&#8220;:-1},{&#8222;name&#8220;:4938,&#8220;place&#8220;:-1,&#8220;source&#8220;:-1,&#8220;authorText&#8220;:-1},&#8220;Ana B. Mu\u00f1oz&#8220;,{&#8222;html&#8220;:-1,&#8220;url&#8220;:-1},[4941,4947,4949,4951],{&#8222;name&#8220;:4942,&#8220;id&#8220;:4943,&#8220;originalId&#8220;:4944,&#8220;title&#8220;:4942,&#8220;url&#8220;:4945,&#8220;urls&#8220;:4946,&#8220;active&#8220;:9},&#8220;Kunstn\u00e4chte&#8220;,&#8220;f6488d34-d497-34d1-a3b4-bb999cff2890&#8243;,&#8220;REGIONALES_1584307&#8243;,&#8220;\/tags\/kunstnachte\/&#8220;,{&#8222;mainUrl&#8220;:4945,&#8220;epigraphUrl&#8220;:-1,&#8220;redirectUrl&#8220;:-1,&#8220;sourceUrl&#8220;:-1},{&#8222;name&#8220;:3360,&#8220;id&#8220;:3361,&#8220;originalId&#8220;:3362,&#8220;title&#8220;:3360,&#8220;url&#8220;:3363,&#8220;urls&#8220;:4948,&#8220;active&#8220;:9},{&#8222;mainUrl&#8220;:3363,&#8220;epigraphUrl&#8220;:-1,&#8220;redirectUrl&#8220;:-1,&#8220;sourceUrl&#8220;:-1},{&#8222;name&#8220;:1941,&#8220;id&#8220;:1954,&#8220;originalId&#8220;:1955,&#8220;title&#8220;:1941,&#8220;url&#8220;:1956,&#8220;urls&#8220;:4950,&#8220;active&#8220;:9},{&#8222;mainUrl&#8220;:1956,&#8220;epigraphUrl&#8220;:-1,&#8220;redirectUrl&#8220;:-1,&#8220;sourceUrl&#8220;:-1},{&#8222;name&#8220;:3043,&#8220;id&#8220;:3044,&#8220;originalId&#8220;:3045,&#8220;title&#8220;:3043,&#8220;url&#8220;:3046,&#8220;urls&#8220;:4952,&#8220;active&#8220;:9},{&#8222;mainUrl&#8220;:3046,&#8220;epigraphUrl&#8220;:-1,&#8220;redirectUrl&#8220;:-1,&#8220;sourceUrl&#8220;:-1},[],{&#8222;accessType&#8220;:-1,&#8220;interviewOptions&#8220;:4955,&#8220;frontOptions&#8220;:4956,&#8220;basicOptions&#8220;:4957,&#8220;adsOptions&#8220;:-1,&#8220;premiumOptions&#8220;:4958,&#8220;appearanceOptions&#8220;:4959,&#8220;countries&#8220;:4960,&#8220;notificationOptions&#8220;:4961,&#8220;type&#8220;:1258,&#8220;editionType&#8220;:-1,&#8220;redirectFollow&#8220;:9,&#8220;analyticsOptions&#8220;:4967,&#8220;communityOptions&#8220;:-1,&#8220;freeformHtmls&#8220;:-1,&#8220;sportsOptions&#8220;:-1},{&#8222;interviewKicker&#8220;:-1,&#8220;intervieweeRole&#8220;:-1,&#8220;isInterview&#8220;:8,&#8220;interviewee&#8220;:-1},{&#8222;showLiveIcon&#8220;:8,&#8220;excludeFromAutomaticModules&#8220;:-1,&#8220;hideColumnistStyle&#8220;:8,&#8220;showVideoIcon&#8220;:8,&#8220;showPhotoGalleryIcon&#8220;:8,&#8220;showImageSignature&#8220;:8,&#8220;specialKicker&#8220;:-1,&#8220;showSignature&#8220;:8,&#8220;hidePhoto&#8220;:8,&#8220;hideMediaReportStyle&#8220;:8,&#8220;titleSize&#8220;:-1,&#8220;showPlace&#8220;:8,&#8220;showPreTitle&#8220;:8},{&#8222;appearanceHideRelations&#8220;:8,&#8220;disablePageRefresh&#8220;:8,&#8220;appearanceHideInTagListings&#8220;:8,&#8220;denyComments&#8220;:8,&#8220;doNotGenerateAmpVersion&#8220;:8,&#8220;oldContent&#8220;:8,&#8220;sourceIsAgency&#8220;:8,&#8220;hideInLastContents&#8220;:8,&#8220;hideInTagPages&#8220;:8,&#8220;hideInMostViewed&#8220;:8,&#8220;hideInAllListings&#8220;:8,&#8220;source&#8220;:1247,&#8220;disableAmp&#8220;:8,&#8220;cxenseEnabled&#8220;:8,&#8220;isOpinion&#8220;:8},{&#8222;premiumKicker&#8220;:-1,&#8220;premiumShowButton&#8220;:8,&#8220;premiumButtonUrl&#8220;:-1,&#8220;premiumShowKicker&#8220;:8},{&#8222;hideRelations&#8220;:8,&#8220;oldContent&#8220;:8},[],{&#8222;expirationMinutes&#8220;:1252,&#8220;isPersistent&#8220;:8,&#8220;appOptions&#8220;:4962,&#8220;webOptions&#8220;:4964,&#8220;title&#8220;:4920,&#8220;body&#8220;:4966},{&#8222;sendPush&#8220;:8,&#8220;notificationButtons&#8220;:4963},[],{&#8222;sendPush&#8220;:8,&#8220;notificationButtons&#8220;:4965},[],&#8220;Es war die Nacht der N\u00e4chte in der Balearen-Hauptstadt: Am Samstag (20.9.) hat Palma mit einem wie gewohnt hochkar\u00e4tigen Programm zum 29. Mal die beliebte Nit de l\u2019Art gefeiert. Auch der V\u00f6lkermord in Gaza, Immobilienspekulationen und das Leiden der Kutschpferde in Palma waren in diesem Jahr Thema.&#8220;,{&#8222;origin&#8220;:-1,&#8220;type&#8220;:-1,&#8220;editor&#8220;:2982,&#8220;category&#8220;:-1,&#8220;agencies&#8220;:4968,&#8220;adsTypes&#8220;:4969,&#8220;format&#8220;:-1,&#8220;variant&#8220;:-1},[],[],{&#8222;updateDate&#8220;:4971,&#8220;createDate&#8220;:4972,&#8220;releaseDate&#8220;:4973,&#8220;lastModifiedDate&#8220;:-1},[&#8222;Date&#8220;,&#8220;2025-09-21T07:40:47.000Z&#8220;],[&#8222;Date&#8220;,&#8220;2025-09-21T07:30:08.000Z&#8220;],[&#8222;Date&#8220;,&#8220;2025-09-21T07:40:47.000Z&#8220;],[4975,4977],{&#8222;name&#8220;:448,&#8220;id&#8220;:1224,&#8220;originalId&#8220;:1225,&#8220;title&#8220;:448,&#8220;url&#8220;:1226,&#8220;urls&#8220;:4976,&#8220;childUrl&#8220;:-1,&#8220;parentUrl&#8220;:-1,&#8220;active&#8220;:9,&#8220;archived&#8220;:8},{&#8222;mainUrl&#8220;:1226,&#8220;epigraphUrl&#8220;:-1,&#8220;redirectUrl&#8220;:-1,&#8220;sourceUrl&#8220;:-1},{&#8222;name&#8220;:1229,&#8220;id&#8220;:1230,&#8220;originalId&#8220;:1231,&#8220;title&#8220;:1229,&#8220;url&#8220;:1232,&#8220;urls&#8220;:4978,&#8220;childUrl&#8220;:-1,&#8220;parentUrl&#8220;:-1,&#8220;active&#8220;:9,&#8220;archived&#8220;:8},{&#8222;mainUrl&#8220;:1232,&#8220;epigraphUrl&#8220;:-1,&#8220;redirectUrl&#8220;:-1,&#8220;sourceUrl&#8220;:-1},[],{&#8222;specialText&#8220;:-1,&#8220;text&#8220;:-1},{&#8222;footballInfo&#8220;:-1,&#8220;firstMessages&#8220;:4982,&#8220;multimediaType&#8220;:1281,&#8220;contentType&#8220;:141,&#8220;id&#8220;:4983,&#8220;contentId&#8220;:4984,&#8220;title&#8220;:4985,&#8220;subtitle&#8220;:-1,&#8220;subtitleTwo&#8220;:-1,&#8220;photoClippings&#8220;:4986,&#8220;urls&#8220;:5005,&#8220;url&#8220;:5006,&#8220;sponsorship&#8220;:5007,&#8220;authors&#8220;:5008,&#8220;signature&#8220;:-1,&#8220;photoSignature&#8220;:5013,&#8220;qualityUrls&#8220;:-1,&#8220;embedInfo&#8220;:5015,&#8220;tags&#8220;:5016,&#8220;hyperlocalisms&#8220;:5035,&#8220;options&#8220;:5036,&#8220;externalOptions&#8220;:-1,&#8220;dates&#8220;:5053,&#8220;player&#8220;:-1,&#8220;originalId&#8220;:4984,&#8220;liveOptions&#8220;:-1,&#8220;epigraph&#8220;:-1,&#8220;photoDescription&#8220;:-1,&#8220;sections&#8220;:5057,&#8220;relatedContents&#8220;:5062,&#8220;kicker&#8220;:5063,&#8220;published&#8220;:9,&#8220;featuredHtml&#8220;:-1},[],&#8220;ffa1a22e-b270-3d1b-9407-9bfbc154d02f&#8220;,&#8220;121696596&#8243;,&#8220;Erst die Party, dann Besuch aus Dubai: T Golf Calvi\u00e2 feiert mit Diskretion Geburtstag&#8220;,[4987,4996],{&#8222;width&#8220;:432,&#8220;url&#8220;:4988,&#8220;height&#8220;:435,&#8220;quality&#8220;:72,&#8220;childPhotoClippings&#8220;:4989,&#8220;type&#8220;:524,&#8220;cropped&#8220;:8},&#8220;https:\/\/estaticos-cdn.prensaiberica.es\/clip\/36b2af04-c16c-4363-bfc6-1a9d4e82c324_16-9-discover-aspect-ratio_default_0.jpg&#8220;,[4990,4993],{&#8222;width&#8220;:519,&#8220;url&#8220;:4991,&#8220;height&#8220;:823,&#8220;quality&#8220;:824,&#8220;childPhotoClippings&#8220;:4992,&#8220;type&#8220;:524,&#8220;cropped&#8220;:8},&#8220;https:\/\/estaticos-cdn.prensaiberica.es\/clip\/36b2af04-c16c-4363-bfc6-1a9d4e82c324_16-9-discover-aspect-ratio_640w_0.jpg&#8220;,[],{&#8222;width&#8220;:526,&#8220;url&#8220;:4994,&#8220;height&#8220;:828,&#8220;quality&#8220;:824,&#8220;childPhotoClippings&#8220;:4995,&#8220;type&#8220;:524,&#8220;cropped&#8220;:8},&#8220;https:\/\/estaticos-cdn.prensaiberica.es\/clip\/36b2af04-c16c-4363-bfc6-1a9d4e82c324_16-9-discover-aspect-ratio_320w_0.jpg&#8220;,[],{&#8222;width&#8220;:532,&#8220;url&#8220;:4997,&#8220;height&#8220;:811,&#8220;quality&#8220;:73,&#8220;childPhotoClippings&#8220;:4998,&#8220;type&#8220;:524,&#8220;cropped&#8220;:8},&#8220;https:\/\/estaticos-cdn.prensaiberica.es\/clip\/36b2af04-c16c-4363-bfc6-1a9d4e82c324_media-libre-aspect-ratio_default_0.jpg&#8220;,[4999,5002],{&#8222;width&#8220;:519,&#8220;url&#8220;:5000,&#8220;height&#8220;:803,&#8220;quality&#8220;:538,&#8220;childPhotoClippings&#8220;:5001,&#8220;type&#8220;:524,&#8220;cropped&#8220;:8},&#8220;https:\/\/estaticos-cdn.prensaiberica.es\/clip\/36b2af04-c16c-4363-bfc6-1a9d4e82c324_media-libre-aspect-ratio_640w_0.jpg&#8220;,[],{&#8222;width&#8220;:526,&#8220;url&#8220;:5003,&#8220;height&#8220;:807,&#8220;quality&#8220;:538,&#8220;childPhotoClippings&#8220;:5004,&#8220;type&#8220;:524,&#8220;cropped&#8220;:8},&#8220;https:\/\/estaticos-cdn.prensaiberica.es\/clip\/36b2af04-c16c-4363-bfc6-1a9d4e82c324_media-libre-aspect-ratio_320w_0.jpg&#8220;,[],{&#8222;mainUrl&#8220;:5006,&#8220;epigraphUrl&#8220;:-1,&#8220;redirectUrl&#8220;:-1,&#8220;sourceUrl&#8220;:-1},&#8220;\/boulevard\/szene\/2025\/09\/18\/t-golf-calvia-zehn-jahres-feier-2025-dubai-wasl-121696596.html&#8220;,{&#8222;follow&#8220;:8,&#8220;linkTarget&#8220;:-1,&#8220;trackingCode&#8220;:-1,&#8220;trackingCodeAmp&#8220;:-1,&#8220;text&#8220;:-1,&#8220;url&#8220;:-1},[5009],{&#8222;name&#8220;:3883,&#8220;id&#8220;:3884,&#8220;originalId&#8220;:3885,&#8220;title&#8220;:3883,&#8220;url&#8220;:3886,&#8220;image&#8220;:3887,&#8220;description&#8220;:3888,&#8220;authorInformation&#8220;:5010,&#8220;active&#8220;:9,&#8220;urls&#8220;:5012},{&#8222;position&#8220;:-1,&#8220;twitterUsername&#8220;:-1,&#8220;socialNetworks&#8220;:5011},{&#8222;facebookUsername&#8220;:-1,&#8220;instagramUsername&#8220;:-1,&#8220;linkedinUsername&#8220;:-1,&#8220;twitterUsername&#8220;:3891},{&#8222;mainUrl&#8220;:3886,&#8220;epigraphUrl&#8220;:-1,&#8220;redirectUrl&#8220;:-1,&#8220;sourceUrl&#8220;:-1},{&#8222;name&#8220;:5014,&#8220;place&#8220;:-1,&#8220;source&#8220;:-1,&#8220;authorText&#8220;:-1},&#8220;T Golf&#8220;,{&#8222;html&#8220;:-1,&#8220;url&#8220;:-1},[5017,5023,5029],{&#8222;name&#8220;:5018,&#8220;id&#8220;:5019,&#8220;originalId&#8220;:5020,&#8220;title&#8220;:5018,&#8220;url&#8220;:5021,&#8220;urls&#8220;:5022,&#8220;active&#8220;:9},&#8220;Golf&#8220;,&#8220;7f6408f8-769d-39ec-94ed-789299ee5cae&#8220;,&#8220;REGIONALES_1583611&#8243;,&#8220;\/tags\/golf\/&#8220;,{&#8222;mainUrl&#8220;:5021,&#8220;epigraphUrl&#8220;:-1,&#8220;redirectUrl&#8220;:-1,&#8220;sourceUrl&#8220;:-1},{&#8222;name&#8220;:5024,&#8220;id&#8220;:5025,&#8220;originalId&#8220;:5026,&#8220;title&#8220;:5024,&#8220;url&#8220;:5027,&#8220;urls&#8220;:5028,&#8220;active&#8220;:9},&#8220;T-Golf&#8220;,&#8220;7cbbf17c-712d-3612-9a3b-d8ca00a813fa&#8220;,&#8220;REGIONALES_1807738&#8243;,&#8220;\/tags\/t-golf\/&#8220;,{&#8222;mainUrl&#8220;:5027,&#8220;epigraphUrl&#8220;:-1,&#8220;redirectUrl&#8220;:-1,&#8220;sourceUrl&#8220;:-1},{&#8222;name&#8220;:5030,&#8220;id&#8220;:5031,&#8220;originalId&#8220;:5032,&#8220;title&#8220;:5030,&#8220;url&#8220;:5033,&#8220;urls&#8220;:5034,&#8220;active&#8220;:9},&#8220;Calvi\u00e0&#8220;,&#8220;77279d9c-f301-3693-9862-9b95587ad50e&#8220;,&#8220;REGIONALES_1582725&#8243;,&#8220;\/tags\/calvia\/&#8220;,{&#8222;mainUrl&#8220;:5033,&#8220;epigraphUrl&#8220;:-1,&#8220;redirectUrl&#8220;:-1,&#8220;sourceUrl&#8220;:-1},[],{&#8222;accessType&#8220;:1318,&#8220;interviewOptions&#8220;:5037,&#8220;frontOptions&#8220;:5038,&#8220;basicOptions&#8220;:5039,&#8220;adsOptions&#8220;:-1,&#8220;premiumOptions&#8220;:5040,&#8220;appearanceOptions&#8220;:5041,&#8220;countries&#8220;:5042,&#8220;notificationOptions&#8220;:5043,&#8220;type&#8220;:-1,&#8220;editionType&#8220;:-1,&#8220;redirectFollow&#8220;:9,&#8220;analyticsOptions&#8220;:5050,&#8220;communityOptions&#8220;:-1,&#8220;freeformHtmls&#8220;:-1,&#8220;sportsOptions&#8220;:-1},{&#8222;interviewKicker&#8220;:-1,&#8220;intervieweeRole&#8220;:-1,&#8220;isInterview&#8220;:8,&#8220;interviewee&#8220;:-1},{&#8222;showLiveIcon&#8220;:8,&#8220;excludeFromAutomaticModules&#8220;:-1,&#8220;hideColumnistStyle&#8220;:8,&#8220;showVideoIcon&#8220;:8,&#8220;showPhotoGalleryIcon&#8220;:9,&#8220;showImageSignature&#8220;:8,&#8220;specialKicker&#8220;:-1,&#8220;showSignature&#8220;:9,&#8220;hidePhoto&#8220;:8,&#8220;hideMediaReportStyle&#8220;:8,&#8220;titleSize&#8220;:-1,&#8220;showPlace&#8220;:8,&#8220;showPreTitle&#8220;:8},{&#8222;appearanceHideRelations&#8220;:8,&#8220;disablePageRefresh&#8220;:8,&#8220;appearanceHideInTagListings&#8220;:8,&#8220;denyComments&#8220;:8,&#8220;doNotGenerateAmpVersion&#8220;:8,&#8220;oldContent&#8220;:8,&#8220;sourceIsAgency&#8220;:8,&#8220;hideInLastContents&#8220;:8,&#8220;hideInTagPages&#8220;:8,&#8220;hideInMostViewed&#8220;:8,&#8220;hideInAllListings&#8220;:8,&#8220;source&#8220;:1247,&#8220;disableAmp&#8220;:8,&#8220;cxenseEnabled&#8220;:9,&#8220;isOpinion&#8220;:8},{&#8222;premiumKicker&#8220;:-1,&#8220;premiumShowButton&#8220;:8,&#8220;premiumButtonUrl&#8220;:-1,&#8220;premiumShowKicker&#8220;:8},{&#8222;hideRelations&#8220;:8,&#8220;oldContent&#8220;:8},[],{&#8222;expirationMinutes&#8220;:1252,&#8220;isPersistent&#8220;:8,&#8220;appOptions&#8220;:5044,&#8220;webOptions&#8220;:5046,&#8220;title&#8220;:5048,&#8220;body&#8220;:5049},{&#8222;sendPush&#8220;:8,&#8220;notificationButtons&#8220;:5045},[],{&#8222;sendPush&#8220;:8,&#8220;notificationButtons&#8220;:5047},[],&#8220;Erst die Party, dann Besuch aus Dubai: T Golf Calvi\u00e2 feiert &#8222;,&#8220;Der Golfclub bei Magaluf gilt als einer der exklusivsten der Insel. Nach der Geburtstagsfeier kam gleich Besuch aus Dubai&#8220;,{&#8222;origin&#8220;:-1,&#8220;type&#8220;:-1,&#8220;editor&#8220;:1735,&#8220;category&#8220;:-1,&#8220;agencies&#8220;:5051,&#8220;adsTypes&#8220;:5052,&#8220;format&#8220;:1698,&#8220;variant&#8220;:1699},[],[],{&#8222;updateDate&#8220;:5054,&#8220;createDate&#8220;:5055,&#8220;releaseDate&#8220;:5056,&#8220;lastModifiedDate&#8220;:-1},[&#8222;Date&#8220;,&#8220;2025-09-18T09:51:13.000Z&#8220;],[&#8222;Date&#8220;,&#8220;2025-09-18T08:17:24.000Z&#8220;],[&#8222;Date&#8220;,&#8220;2025-09-18T09:51:13.000Z&#8220;],[5058,5060],{&#8222;name&#8220;:448,&#8220;id&#8220;:1224,&#8220;originalId&#8220;:1225,&#8220;title&#8220;:448,&#8220;url&#8220;:1226,&#8220;urls&#8220;:5059,&#8220;childUrl&#8220;:-1,&#8220;parentUrl&#8220;:-1,&#8220;active&#8220;:9,&#8220;archived&#8220;:8},{&#8222;mainUrl&#8220;:1226,&#8220;epigraphUrl&#8220;:-1,&#8220;redirectUrl&#8220;:-1,&#8220;sourceUrl&#8220;:-1},{&#8222;name&#8220;:1229,&#8220;id&#8220;:1230,&#8220;originalId&#8220;:1231,&#8220;title&#8220;:1229,&#8220;url&#8220;:1232,&#8220;urls&#8220;:5061,&#8220;childUrl&#8220;:-1,&#8220;parentUrl&#8220;:-1,&#8220;active&#8220;:9,&#8220;archived&#8220;:8},{&#8222;mainUrl&#8220;:1232,&#8220;epigraphUrl&#8220;:-1,&#8220;redirectUrl&#8220;:-1,&#8220;sourceUrl&#8220;:-1},[],{&#8222;specialText&#8220;:486,&#8220;text&#8220;:-1,&#8220;type&#8220;:-1},{&#8222;footballInfo&#8220;:-1,&#8220;firstMessages&#8220;:5065,&#8220;multimediaType&#8220;:596,&#8220;contentType&#8220;:1281,&#8220;id&#8220;:5066,&#8220;contentId&#8220;:5067,&#8220;title&#8220;:5068,&#8220;subtitle&#8220;:-1,&#8220;subtitleTwo&#8220;:-1,&#8220;photoClippings&#8220;:5069,&#8220;urls&#8220;:5076,&#8220;url&#8220;:5077,&#8220;sponsorship&#8220;:5078,&#8220;authors&#8220;:5079,&#8220;signature&#8220;:-1,&#8220;photoSignature&#8220;:5080,&#8220;qualityUrls&#8220;:-1,&#8220;embedInfo&#8220;:5082,&#8220;tags&#8220;:5083,&#8220;hyperlocalisms&#8220;:5090,&#8220;options&#8220;:5091,&#8220;externalOptions&#8220;:-1,&#8220;dates&#8220;:5108,&#8220;player&#8220;:-1,&#8220;originalId&#8220;:5067,&#8220;liveOptions&#8220;:-1,&#8220;epigraph&#8220;:-1,&#8220;photoDescription&#8220;:-1,&#8220;sections&#8220;:5112,&#8220;relatedContents&#8220;:5117,&#8220;kicker&#8220;:5118,&#8220;published&#8220;:9,&#8220;featuredHtml&#8220;:-1},[],&#8220;d9f12e45-c029-342b-be38-e98b966899fa&#8220;,&#8220;121699490&#8243;,&#8220;Exklusiv und diskret: Bilder der Zehn-Jahres-Feier im T Golf Calvi\u00e0&#8220;,[5070],{&#8222;width&#8220;:532,&#8220;url&#8220;:4997,&#8220;height&#8220;:811,&#8220;quality&#8220;:73,&#8220;childPhotoClippings&#8220;:5071,&#8220;type&#8220;:524,&#8220;cropped&#8220;:8},[5072,5074],{&#8222;width&#8220;:519,&#8220;url&#8220;:5000,&#8220;height&#8220;:803,&#8220;quality&#8220;:538,&#8220;childPhotoClippings&#8220;:5073,&#8220;type&#8220;:524,&#8220;cropped&#8220;:8},[],{&#8222;width&#8220;:526,&#8220;url&#8220;:5003,&#8220;height&#8220;:807,&#8220;quality&#8220;:538,&#8220;childPhotoClippings&#8220;:5075,&#8220;type&#8220;:524,&#8220;cropped&#8220;:8},[],{&#8222;mainUrl&#8220;:5077,&#8220;epigraphUrl&#8220;:-1,&#8220;redirectUrl&#8220;:-1,&#8220;sourceUrl&#8220;:-1},&#8220;\/boulevard\/szene\/2025\/09\/18\/t-golf-calvia-zehn-jahres-feier-bilder-121699490.html&#8220;,{&#8222;follow&#8220;:8,&#8220;linkTarget&#8220;:-1,&#8220;trackingCode&#8220;:-1,&#8220;trackingCodeAmp&#8220;:-1,&#8220;text&#8220;:-1,&#8220;url&#8220;:-1},[],{&#8222;name&#8220;:5081,&#8220;place&#8220;:-1,&#8220;source&#8220;:-1,&#8220;authorText&#8220;:-1},&#8220;T Golf Calvi\u00e0&#8220;,{&#8222;html&#8220;:-1,&#8220;url&#8220;:-1},[5084,5086,5088],{&#8222;name&#8220;:5018,&#8220;id&#8220;:5019,&#8220;originalId&#8220;:5020,&#8220;title&#8220;:5018,&#8220;url&#8220;:5021,&#8220;urls&#8220;:5085,&#8220;active&#8220;:9},{&#8222;mainUrl&#8220;:5021,&#8220;epigraphUrl&#8220;:-1,&#8220;redirectUrl&#8220;:-1,&#8220;sourceUrl&#8220;:-1},{&#8222;name&#8220;:5024,&#8220;id&#8220;:5025,&#8220;originalId&#8220;:5026,&#8220;title&#8220;:5024,&#8220;url&#8220;:5027,&#8220;urls&#8220;:5087,&#8220;active&#8220;:9},{&#8222;mainUrl&#8220;:5027,&#8220;epigraphUrl&#8220;:-1,&#8220;redirectUrl&#8220;:-1,&#8220;sourceUrl&#8220;:-1},{&#8222;name&#8220;:5030,&#8220;id&#8220;:5031,&#8220;originalId&#8220;:5032,&#8220;title&#8220;:5030,&#8220;url&#8220;:5033,&#8220;urls&#8220;:5089,&#8220;active&#8220;:9},{&#8222;mainUrl&#8220;:5033,&#8220;epigraphUrl&#8220;:-1,&#8220;redirectUrl&#8220;:-1,&#8220;sourceUrl&#8220;:-1},[],{&#8222;accessType&#8220;:-1,&#8220;interviewOptions&#8220;:5092,&#8220;frontOptions&#8220;:5093,&#8220;basicOptions&#8220;:5094,&#8220;adsOptions&#8220;:-1,&#8220;premiumOptions&#8220;:5095,&#8220;appearanceOptions&#8220;:5096,&#8220;countries&#8220;:5097,&#8220;notificationOptions&#8220;:5098,&#8220;type&#8220;:1258,&#8220;editionType&#8220;:-1,&#8220;redirectFollow&#8220;:9,&#8220;analyticsOptions&#8220;:5105,&#8220;communityOptions&#8220;:-1,&#8220;freeformHtmls&#8220;:-1,&#8220;sportsOptions&#8220;:-1},{&#8222;interviewKicker&#8220;:-1,&#8220;intervieweeRole&#8220;:-1,&#8220;isInterview&#8220;:8,&#8220;interviewee&#8220;:-1},{&#8222;showLiveIcon&#8220;:8,&#8220;excludeFromAutomaticModules&#8220;:-1,&#8220;hideColumnistStyle&#8220;:8,&#8220;showVideoIcon&#8220;:8,&#8220;showPhotoGalleryIcon&#8220;:8,&#8220;showImageSignature&#8220;:8,&#8220;specialKicker&#8220;:-1,&#8220;showSignature&#8220;:8,&#8220;hidePhoto&#8220;:8,&#8220;hideMediaReportStyle&#8220;:8,&#8220;titleSize&#8220;:-1,&#8220;showPlace&#8220;:8,&#8220;showPreTitle&#8220;:8},{&#8222;appearanceHideRelations&#8220;:8,&#8220;disablePageRefresh&#8220;:8,&#8220;appearanceHideInTagListings&#8220;:8,&#8220;denyComments&#8220;:8,&#8220;doNotGenerateAmpVersion&#8220;:8,&#8220;oldContent&#8220;:8,&#8220;sourceIsAgency&#8220;:8,&#8220;hideInLastContents&#8220;:8,&#8220;hideInTagPages&#8220;:8,&#8220;hideInMostViewed&#8220;:8,&#8220;hideInAllListings&#8220;:8,&#8220;source&#8220;:1247,&#8220;disableAmp&#8220;:8,&#8220;cxenseEnabled&#8220;:8,&#8220;isOpinion&#8220;:8},{&#8222;premiumKicker&#8220;:-1,&#8220;premiumShowButton&#8220;:8,&#8220;premiumButtonUrl&#8220;:-1,&#8220;premiumShowKicker&#8220;:8},{&#8222;hideRelations&#8220;:8,&#8220;oldContent&#8220;:8},[],{&#8222;expirationMinutes&#8220;:1252,&#8220;isPersistent&#8220;:8,&#8220;appOptions&#8220;:5099,&#8220;webOptions&#8220;:5101,&#8220;title&#8220;:5103,&#8220;body&#8220;:5104},{&#8222;sendPush&#8220;:8,&#8220;notificationButtons&#8220;:5100},[],{&#8222;sendPush&#8220;:8,&#8220;notificationButtons&#8220;:5102},[],&#8220;Exklusiv und diskret: Bilder der Zehn-Jahres-Feier im T Golf&#8220;,&#8220;Mit rund 250 G\u00e4sten &#8211; viele von ihnen Mitglieder &#8211; hat der Golfclub T Golf Calvi\u00e0 am Samstag (13.9) sein zehnj\u00e4hriges Bestehen gefeiert.&#8220;,{&#8222;origin&#8220;:-1,&#8220;type&#8220;:-1,&#8220;editor&#8220;:1735,&#8220;category&#8220;:-1,&#8220;agencies&#8220;:5106,&#8220;adsTypes&#8220;:5107,&#8220;format&#8220;:-1,&#8220;variant&#8220;:-1},[],[],{&#8222;updateDate&#8220;:5109,&#8220;createDate&#8220;:5110,&#8220;releaseDate&#8220;:5111,&#8220;lastModifiedDate&#8220;:-1},[&#8222;Date&#8220;,&#8220;2025-09-18T09:55:05.000Z&#8220;],[&#8222;Date&#8220;,&#8220;2025-09-18T09:31:00.000Z&#8220;],[&#8222;Date&#8220;,&#8220;2025-09-18T09:35:14.000Z&#8220;],[5113,5115],{&#8222;name&#8220;:448,&#8220;id&#8220;:1224,&#8220;originalId&#8220;:1225,&#8220;title&#8220;:448,&#8220;url&#8220;:1226,&#8220;urls&#8220;:5114,&#8220;childUrl&#8220;:-1,&#8220;parentUrl&#8220;:-1,&#8220;active&#8220;:9,&#8220;archived&#8220;:8},{&#8222;mainUrl&#8220;:1226,&#8220;epigraphUrl&#8220;:-1,&#8220;redirectUrl&#8220;:-1,&#8220;sourceUrl&#8220;:-1},{&#8222;name&#8220;:1229,&#8220;id&#8220;:1230,&#8220;originalId&#8220;:1231,&#8220;title&#8220;:1229,&#8220;url&#8220;:1232,&#8220;urls&#8220;:5116,&#8220;childUrl&#8220;:-1,&#8220;parentUrl&#8220;:-1,&#8220;active&#8220;:9,&#8220;archived&#8220;:8},{&#8222;mainUrl&#8220;:1232,&#8220;epigraphUrl&#8220;:-1,&#8220;redirectUrl&#8220;:-1,&#8220;sourceUrl&#8220;:-1},[],{&#8222;specialText&#8220;:-1,&#8220;text&#8220;:-1},{&#8222;footballInfo&#8220;:-1,&#8220;firstMessages&#8220;:5120,&#8220;multimediaType&#8220;:596,&#8220;contentType&#8220;:141,&#8220;id&#8220;:5121,&#8220;contentId&#8220;:5122,&#8220;title&#8220;:5123,&#8220;subtitle&#8220;:-1,&#8220;subtitleTwo&#8220;:-1,&#8220;photoClippings&#8220;:5124,&#8220;urls&#8220;:5143,&#8220;url&#8220;:5144,&#8220;sponsorship&#8220;:5145,&#8220;authors&#8220;:5146,&#8220;signature&#8220;:-1,&#8220;photoSignature&#8220;:5150,&#8220;qualityUrls&#8220;:-1,&#8220;embedInfo&#8220;:5152,&#8220;tags&#8220;:5153,&#8220;hyperlocalisms&#8220;:5174,&#8220;options&#8220;:5175,&#8220;externalOptions&#8220;:-1,&#8220;dates&#8220;:5192,&#8220;player&#8220;:-1,&#8220;originalId&#8220;:5122,&#8220;liveOptions&#8220;:-1,&#8220;epigraph&#8220;:-1,&#8220;photoDescription&#8220;:-1,&#8220;sections&#8220;:5196,&#8220;relatedContents&#8220;:5207,&#8220;kicker&#8220;:5208,&#8220;published&#8220;:9,&#8220;featuredHtml&#8220;:-1},[],&#8220;c9c72788-db62-3764-b3ed-345cf9206fce&#8220;,&#8220;121454899&#8243;,&#8220;Kult-Biergarten in Cala Ratjada: Ein mallorquinisches Ehepaar begeistert deutsche Urlauber seit 38 Jahren mit Schlager und Erdbeerkuchen&#8220;,[5125,5134],{&#8222;width&#8220;:432,&#8220;url&#8220;:5126,&#8220;height&#8220;:435,&#8220;quality&#8220;:72,&#8220;childPhotoClippings&#8220;:5127,&#8220;type&#8220;:524,&#8220;cropped&#8220;:8},&#8220;https:\/\/estaticos-cdn.prensaiberica.es\/clip\/5654e9b4-15b8-4d21-9184-cc495e3bccd7_16-9-discover-aspect-ratio_default_0.jpg&#8220;,[5128,5131],{&#8222;width&#8220;:519,&#8220;url&#8220;:5129,&#8220;height&#8220;:823,&#8220;quality&#8220;:824,&#8220;childPhotoClippings&#8220;:5130,&#8220;type&#8220;:524,&#8220;cropped&#8220;:8},&#8220;https:\/\/estaticos-cdn.prensaiberica.es\/clip\/5654e9b4-15b8-4d21-9184-cc495e3bccd7_16-9-discover-aspect-ratio_640w_0.jpg&#8220;,[],{&#8222;width&#8220;:526,&#8220;url&#8220;:5132,&#8220;height&#8220;:828,&#8220;quality&#8220;:824,&#8220;childPhotoClippings&#8220;:5133,&#8220;type&#8220;:524,&#8220;cropped&#8220;:8},&#8220;https:\/\/estaticos-cdn.prensaiberica.es\/clip\/5654e9b4-15b8-4d21-9184-cc495e3bccd7_16-9-discover-aspect-ratio_320w_0.jpg&#8220;,[],{&#8222;width&#8220;:532,&#8220;url&#8220;:5135,&#8220;height&#8220;:811,&#8220;quality&#8220;:73,&#8220;childPhotoClippings&#8220;:5136,&#8220;type&#8220;:530,&#8220;cropped&#8220;:8},&#8220;https:\/\/estaticos-cdn.prensaiberica.es\/clip\/5654e9b4-15b8-4d21-9184-cc495e3bccd7_media-libre-aspect-ratio_default_0.jpg&#8220;,[5137,5140],{&#8222;width&#8220;:519,&#8220;url&#8220;:5138,&#8220;height&#8220;:803,&#8220;quality&#8220;:538,&#8220;childPhotoClippings&#8220;:5139,&#8220;type&#8220;:524,&#8220;cropped&#8220;:8},&#8220;https:\/\/estaticos-cdn.prensaiberica.es\/clip\/5654e9b4-15b8-4d21-9184-cc495e3bccd7_media-libre-aspect-ratio_640w_0.jpg&#8220;,[],{&#8222;width&#8220;:526,&#8220;url&#8220;:5141,&#8220;height&#8220;:807,&#8220;quality&#8220;:538,&#8220;childPhotoClippings&#8220;:5142,&#8220;type&#8220;:524,&#8220;cropped&#8220;:8},&#8220;https:\/\/estaticos-cdn.prensaiberica.es\/clip\/5654e9b4-15b8-4d21-9184-cc495e3bccd7_media-libre-aspect-ratio_320w_0.jpg&#8220;,[],{&#8222;mainUrl&#8220;:5144,&#8220;epigraphUrl&#8220;:-1,&#8220;redirectUrl&#8220;:-1,&#8220;sourceUrl&#8220;:-1},&#8220;\/boulevard\/stories\/2025\/09\/16\/kult-biergarten-in-cala-ratjada-121454899.html&#8220;,{&#8222;follow&#8220;:8,&#8220;linkTarget&#8220;:-1,&#8220;trackingCode&#8220;:-1,&#8220;trackingCodeAmp&#8220;:-1,&#8220;text&#8220;:-1,&#8220;url&#8220;:-1},[5147],{&#8222;name&#8220;:3438,&#8220;id&#8220;:3439,&#8220;originalId&#8220;:3440,&#8220;title&#8220;:3438,&#8220;url&#8220;:3441,&#8220;image&#8220;:3442,&#8220;description&#8220;:3443,&#8220;authorInformation&#8220;:5148,&#8220;active&#8220;:9,&#8220;urls&#8220;:5149},{&#8222;position&#8220;:-1,&#8220;twitterUsername&#8220;:-1,&#8220;socialNetworks&#8220;:-1},{&#8222;mainUrl&#8220;:3441,&#8220;epigraphUrl&#8220;:-1,&#8220;redirectUrl&#8220;:-1,&#8220;sourceUrl&#8220;:-1},{&#8222;name&#8220;:5151,&#8220;place&#8220;:-1,&#8220;source&#8220;:-1,&#8220;authorText&#8220;:-1},&#8220;Nele Bendgens&#8220;,{&#8222;html&#8220;:-1,&#8220;url&#8220;:-1},[5154,5160,5166,5172],{&#8222;name&#8220;:5155,&#8220;id&#8220;:5156,&#8220;originalId&#8220;:5157,&#8220;title&#8220;:5155,&#8220;url&#8220;:5158,&#8220;urls&#8220;:5159,&#8220;active&#8220;:9},&#8220;Cala Ratjada&#8220;,&#8220;e38d7ffb-5e6e-3d21-a783-0c4fe034163a&#8220;,&#8220;REGIONALES_1582712&#8243;,&#8220;\/tags\/cala-ratjada\/&#8220;,{&#8222;mainUrl&#8220;:5158,&#8220;epigraphUrl&#8220;:-1,&#8220;redirectUrl&#8220;:-1,&#8220;sourceUrl&#8220;:-1},{&#8222;name&#8220;:5161,&#8220;id&#8220;:5162,&#8220;originalId&#8220;:5163,&#8220;title&#8220;:5161,&#8220;url&#8220;:5164,&#8220;urls&#8220;:5165,&#8220;active&#8220;:9},&#8220;Tanzen&#8220;,&#8220;482bf130-8143-33dc-8ea4-455112f63aa2&#8243;,&#8220;REGIONALES_1586217&#8243;,&#8220;\/tags\/tanzen\/&#8220;,{&#8222;mainUrl&#8220;:5164,&#8220;epigraphUrl&#8220;:-1,&#8220;redirectUrl&#8220;:-1,&#8220;sourceUrl&#8220;:-1},{&#8222;name&#8220;:5167,&#8220;id&#8220;:5168,&#8220;originalId&#8220;:5169,&#8220;title&#8220;:5167,&#8220;url&#8220;:5170,&#8220;urls&#8220;:5171,&#8220;active&#8220;:9},&#8220;Deutsche&#8220;,&#8220;a93b53c7-9373-35bf-b0c9-89129fe7b83f&#8220;,&#8220;REGIONALES_1582995&#8243;,&#8220;\/tags\/deutsche\/&#8220;,{&#8222;mainUrl&#8220;:5170,&#8220;epigraphUrl&#8220;:-1,&#8220;redirectUrl&#8220;:-1,&#8220;sourceUrl&#8220;:-1},{&#8222;name&#8220;:2350,&#8220;id&#8220;:2351,&#8220;originalId&#8220;:2352,&#8220;title&#8220;:2350,&#8220;url&#8220;:2353,&#8220;urls&#8220;:5173,&#8220;active&#8220;:9},{&#8222;mainUrl&#8220;:2353,&#8220;epigraphUrl&#8220;:-1,&#8220;redirectUrl&#8220;:-1,&#8220;sourceUrl&#8220;:-1},[],{&#8222;accessType&#8220;:1859,&#8220;interviewOptions&#8220;:5176,&#8220;frontOptions&#8220;:5177,&#8220;basicOptions&#8220;:5178,&#8220;adsOptions&#8220;:-1,&#8220;premiumOptions&#8220;:5179,&#8220;appearanceOptions&#8220;:5180,&#8220;countries&#8220;:5181,&#8220;notificationOptions&#8220;:5182,&#8220;type&#8220;:-1,&#8220;editionType&#8220;:-1,&#8220;redirectFollow&#8220;:9,&#8220;analyticsOptions&#8220;:5189,&#8220;communityOptions&#8220;:-1,&#8220;freeformHtmls&#8220;:-1,&#8220;sportsOptions&#8220;:-1},{&#8222;interviewKicker&#8220;:-1,&#8220;intervieweeRole&#8220;:-1,&#8220;isInterview&#8220;:8,&#8220;interviewee&#8220;:-1},{&#8222;showLiveIcon&#8220;:8,&#8220;excludeFromAutomaticModules&#8220;:-1,&#8220;hideColumnistStyle&#8220;:8,&#8220;showVideoIcon&#8220;:8,&#8220;showPhotoGalleryIcon&#8220;:8,&#8220;showImageSignature&#8220;:8,&#8220;specialKicker&#8220;:-1,&#8220;showSignature&#8220;:9,&#8220;hidePhoto&#8220;:8,&#8220;hideMediaReportStyle&#8220;:8,&#8220;titleSize&#8220;:-1,&#8220;showPlace&#8220;:8,&#8220;showPreTitle&#8220;:8},{&#8222;appearanceHideRelations&#8220;:8,&#8220;disablePageRefresh&#8220;:8,&#8220;appearanceHideInTagListings&#8220;:8,&#8220;denyComments&#8220;:8,&#8220;doNotGenerateAmpVersion&#8220;:8,&#8220;oldContent&#8220;:8,&#8220;sourceIsAgency&#8220;:8,&#8220;hideInLastContents&#8220;:8,&#8220;hideInTagPages&#8220;:8,&#8220;hideInMostViewed&#8220;:8,&#8220;hideInAllListings&#8220;:8,&#8220;source&#8220;:2487,&#8220;disableAmp&#8220;:8,&#8220;cxenseEnabled&#8220;:9,&#8220;isOpinion&#8220;:8},{&#8222;premiumKicker&#8220;:-1,&#8220;premiumShowButton&#8220;:8,&#8220;premiumButtonUrl&#8220;:-1,&#8220;premiumShowKicker&#8220;:8},{&#8222;hideRelations&#8220;:8,&#8220;oldContent&#8220;:8},[],{&#8222;expirationMinutes&#8220;:1252,&#8220;isPersistent&#8220;:8,&#8220;appOptions&#8220;:5183,&#8220;webOptions&#8220;:5185,&#8220;title&#8220;:5187,&#8220;body&#8220;:5188},{&#8222;sendPush&#8220;:8,&#8220;notificationButtons&#8220;:5184},[],{&#8222;sendPush&#8220;:8,&#8220;notificationButtons&#8220;:5186},[],&#8220;Kult-Biergarten in Cala Ratjada: Ein mallorquinisches Ehepaa&#8220;,&#8220;Vor 38 Jahren er\u00f6ffnete ein mallorquinisches Paar den kultigsten Biergarten von Cala Ratjada. Bis heute ist der K\u00f6nig Garten eine Welt  f\u00fcr sich. Die mittlerweile betagten Betreiber mischen sich noch immer t\u00e4glich unter die deutschen G\u00e4ste&#8220;,{&#8222;origin&#8220;:-1,&#8220;type&#8220;:-1,&#8220;editor&#8220;:2499,&#8220;category&#8220;:-1,&#8220;agencies&#8220;:5190,&#8220;adsTypes&#8220;:5191,&#8220;format&#8220;:1698,&#8220;variant&#8220;:1699},[],[],{&#8222;updateDate&#8220;:5193,&#8220;createDate&#8220;:5194,&#8220;releaseDate&#8220;:5195,&#8220;lastModifiedDate&#8220;:-1},[&#8222;Date&#8220;,&#8220;2025-09-16T08:28:44.000Z&#8220;],[&#8222;Date&#8220;,&#8220;2025-09-11T07:09:00.000Z&#8220;],[&#8222;Date&#8220;,&#8220;2025-09-16T08:28:44.000Z&#8220;],[5197,5203,5205],{&#8222;name&#8220;:5198,&#8220;id&#8220;:5199,&#8220;originalId&#8220;:5200,&#8220;title&#8220;:5198,&#8220;url&#8220;:5201,&#8220;urls&#8220;:5202,&#8220;childUrl&#8220;:-1,&#8220;parentUrl&#8220;:-1,&#8220;active&#8220;:9,&#8220;archived&#8220;:8},&#8220;Stories&#8220;,&#8220;0597bfac-989b-366e-82eb-b73f2b5e9dab&#8220;,&#8220;REGIONALES_28054&#8243;,&#8220;https:\/\/www.mallorcazeitung.es\/boulevard\/stories\/&#8220;,{&#8222;mainUrl&#8220;:5201,&#8220;epigraphUrl&#8220;:-1,&#8220;redirectUrl&#8220;:-1,&#8220;sourceUrl&#8220;:-1},{&#8222;name&#8220;:448,&#8220;id&#8220;:1224,&#8220;originalId&#8220;:1225,&#8220;title&#8220;:448,&#8220;url&#8220;:1226,&#8220;urls&#8220;:5204,&#8220;childUrl&#8220;:-1,&#8220;parentUrl&#8220;:-1,&#8220;active&#8220;:9,&#8220;archived&#8220;:8},{&#8222;mainUrl&#8220;:1226,&#8220;epigraphUrl&#8220;:-1,&#8220;redirectUrl&#8220;:-1,&#8220;sourceUrl&#8220;:-1},{&#8222;name&#8220;:1229,&#8220;id&#8220;:1230,&#8220;originalId&#8220;:1231,&#8220;title&#8220;:1229,&#8220;url&#8220;:1232,&#8220;urls&#8220;:5206,&#8220;childUrl&#8220;:-1,&#8220;parentUrl&#8220;:-1,&#8220;active&#8220;:9,&#8220;archived&#8220;:8},{&#8222;mainUrl&#8220;:1232,&#8220;epigraphUrl&#8220;:-1,&#8220;redirectUrl&#8220;:-1,&#8220;sourceUrl&#8220;:-1},[],{&#8222;specialText&#8220;:486,&#8220;text&#8220;:-1,&#8220;type&#8220;:-1},{&#8222;footballInfo&#8220;:-1,&#8220;firstMessages&#8220;:5210,&#8220;multimediaType&#8220;:596,&#8220;contentType&#8220;:141,&#8220;id&#8220;:5211,&#8220;contentId&#8220;:5212,&#8220;title&#8220;:5213,&#8220;subtitle&#8220;:-1,&#8220;subtitleTwo&#8220;:-1,&#8220;photoClippings&#8220;:5214,&#8220;urls&#8220;:5226,&#8220;url&#8220;:5227,&#8220;sponsorship&#8220;:5228,&#8220;authors&#8220;:5229,&#8220;signature&#8220;:-1,&#8220;photoSignature&#8220;:5233,&#8220;qualityUrls&#8220;:-1,&#8220;embedInfo&#8220;:5235,&#8220;tags&#8220;:5236,&#8220;hyperlocalisms&#8220;:5261,&#8220;options&#8220;:5262,&#8220;externalOptions&#8220;:-1,&#8220;dates&#8220;:5279,&#8220;player&#8220;:-1,&#8220;originalId&#8220;:5212,&#8220;liveOptions&#8220;:-1,&#8220;epigraph&#8220;:-1,&#8220;photoDescription&#8220;:-1,&#8220;sections&#8220;:5283,&#8220;relatedContents&#8220;:5293,&#8220;kicker&#8220;:5294,&#8220;published&#8220;:9,&#8220;featuredHtml&#8220;:-1},[],&#8220;74ef4c06-cb31-330a-a23a-1e54c3493e7b&#8220;,&#8220;121507455&#8243;,&#8220;Weshalb der Wendler an den Ballermann geh\u00f6rt wie die H\u00fctchenspieler&#8220;,[5215],{&#8222;width&#8220;:5216,&#8220;url&#8220;:5217,&#8220;height&#8220;:5218,&#8220;quality&#8220;:73,&#8220;childPhotoClippings&#8220;:5219,&#8220;type&#8220;:524,&#8220;cropped&#8220;:9},&#8220;2364&#8243;,&#8220;https:\/\/estaticos-cdn.prensaiberica.es\/clip\/e929c822-0343-4241-9667-419480d0bf5c_16-9-aspect-ratio_default_1401514.jpg&#8220;,&#8220;1330&#8243;,[5220,5223],{&#8222;width&#8220;:519,&#8220;url&#8220;:5221,&#8220;height&#8220;:823,&#8220;quality&#8220;:73,&#8220;childPhotoClippings&#8220;:5222,&#8220;type&#8220;:524,&#8220;cropped&#8220;:8},&#8220;https:\/\/estaticos-cdn.prensaiberica.es\/clip\/e929c822-0343-4241-9667-419480d0bf5c_16-9-aspect-ratio_640w_1401514.jpg&#8220;,[],{&#8222;width&#8220;:526,&#8220;url&#8220;:5224,&#8220;height&#8220;:828,&#8220;quality&#8220;:73,&#8220;childPhotoClippings&#8220;:5225,&#8220;type&#8220;:524,&#8220;cropped&#8220;:8},&#8220;https:\/\/estaticos-cdn.prensaiberica.es\/clip\/e929c822-0343-4241-9667-419480d0bf5c_16-9-aspect-ratio_320w_1401514.jpg&#8220;,[],{&#8222;mainUrl&#8220;:5227,&#8220;epigraphUrl&#8220;:-1,&#8220;redirectUrl&#8220;:-1,&#8220;sourceUrl&#8220;:-1},&#8220;\/boulevard\/szene\/2025\/09\/12\/ich-war-mal-mit-wendler-121507455.html&#8220;,{&#8222;follow&#8220;:8,&#8220;linkTarget&#8220;:-1,&#8220;trackingCode&#8220;:-1,&#8220;trackingCodeAmp&#8220;:-1,&#8220;text&#8220;:-1,&#8220;url&#8220;:-1},[5230],{&#8222;name&#8220;:418,&#8220;id&#8220;:2009,&#8220;originalId&#8220;:2010,&#8220;title&#8220;:418,&#8220;url&#8220;:2011,&#8220;image&#8220;:2012,&#8220;description&#8220;:2013,&#8220;authorInformation&#8220;:5231,&#8220;active&#8220;:9,&#8220;urls&#8220;:5232},{&#8222;position&#8220;:-1,&#8220;twitterUsername&#8220;:-1,&#8220;socialNetworks&#8220;:-1},{&#8222;mainUrl&#8220;:2011,&#8220;epigraphUrl&#8220;:-1,&#8220;redirectUrl&#8220;:-1,&#8220;sourceUrl&#8220;:-1},{&#8222;name&#8220;:5234,&#8220;place&#8220;:-1,&#8220;source&#8220;:-1,&#8220;authorText&#8220;:-1},&#8220;Privat&#8220;,{&#8222;html&#8220;:-1,&#8220;url&#8220;:-1},[5237,5239,5241,5243,5245,5247,5249,5255],{&#8222;name&#8220;:1236,&#8220;id&#8220;:1237,&#8220;originalId&#8220;:1238,&#8220;title&#8220;:1236,&#8220;url&#8220;:1239,&#8220;urls&#8220;:5238,&#8220;active&#8220;:9},{&#8222;mainUrl&#8220;:1239,&#8220;epigraphUrl&#8220;:-1,&#8220;redirectUrl&#8220;:-1,&#8220;sourceUrl&#8220;:-1},{&#8222;name&#8220;:1828,&#8220;id&#8220;:1829,&#8220;originalId&#8220;:1830,&#8220;title&#8220;:1828,&#8220;url&#8220;:1831,&#8220;urls&#8220;:5240,&#8220;active&#8220;:9},{&#8222;mainUrl&#8220;:1831,&#8220;epigraphUrl&#8220;:-1,&#8220;redirectUrl&#8220;:-1,&#8220;sourceUrl&#8220;:-1},{&#8222;name&#8220;:1814,&#8220;id&#8220;:1815,&#8220;originalId&#8220;:1816,&#8220;title&#8220;:1814,&#8220;url&#8220;:1817,&#8220;urls&#8220;:5242,&#8220;active&#8220;:9},{&#8222;mainUrl&#8220;:1817,&#8220;epigraphUrl&#8220;:-1,&#8220;redirectUrl&#8220;:-1,&#8220;sourceUrl&#8220;:-1},{&#8222;name&#8220;:4876,&#8220;id&#8220;:4877,&#8220;originalId&#8220;:4878,&#8220;title&#8220;:4876,&#8220;url&#8220;:4879,&#8220;urls&#8220;:5244,&#8220;active&#8220;:9},{&#8222;mainUrl&#8220;:4879,&#8220;epigraphUrl&#8220;:-1,&#8220;redirectUrl&#8220;:-1,&#8220;sourceUrl&#8220;:-1},{&#8222;name&#8220;:1967,&#8220;id&#8220;:1968,&#8220;originalId&#8220;:1969,&#8220;title&#8220;:1967,&#8220;url&#8220;:1970,&#8220;urls&#8220;:5246,&#8220;active&#8220;:9},{&#8222;mainUrl&#8220;:1970,&#8220;epigraphUrl&#8220;:-1,&#8220;redirectUrl&#8220;:-1,&#8220;sourceUrl&#8220;:-1},{&#8222;name&#8220;:2108,&#8220;id&#8220;:2109,&#8220;originalId&#8220;:2110,&#8220;title&#8220;:2108,&#8220;url&#8220;:2111,&#8220;urls&#8220;:5248,&#8220;active&#8220;:9},{&#8222;mainUrl&#8220;:2111,&#8220;epigraphUrl&#8220;:-1,&#8220;redirectUrl&#8220;:-1,&#8220;sourceUrl&#8220;:-1},{&#8222;name&#8220;:5250,&#8220;id&#8220;:5251,&#8220;originalId&#8220;:5252,&#8220;title&#8220;:5250,&#8220;url&#8220;:5253,&#8220;urls&#8220;:5254,&#8220;active&#8220;:9},&#8220;Bierk\u00f6nig&#8220;,&#8220;cb8275a4-a4ad-327d-a95b-1dfaa3e5bc3a&#8220;,&#8220;REGIONALES_1904418&#8243;,&#8220;\/tags\/bierkoenig\/&#8220;,{&#8222;mainUrl&#8220;:5253,&#8220;epigraphUrl&#8220;:-1,&#8220;redirectUrl&#8220;:-1,&#8220;sourceUrl&#8220;:-1},{&#8222;name&#8220;:5256,&#8220;id&#8220;:5257,&#8220;originalId&#8220;:5258,&#8220;title&#8220;:5256,&#8220;url&#8220;:5259,&#8220;urls&#8220;:5260,&#8220;active&#8220;:9},&#8220;Oberbayern&#8220;,&#8220;9c58648a-202b-3c00-be2a-2cf88b512e0e&#8220;,&#8220;REGIONALES_1704674&#8243;,&#8220;\/tags\/oberbayern\/&#8220;,{&#8222;mainUrl&#8220;:5259,&#8220;epigraphUrl&#8220;:-1,&#8220;redirectUrl&#8220;:-1,&#8220;sourceUrl&#8220;:-1},[],{&#8222;accessType&#8220;:1859,&#8220;interviewOptions&#8220;:5263,&#8220;frontOptions&#8220;:5264,&#8220;basicOptions&#8220;:5265,&#8220;adsOptions&#8220;:-1,&#8220;premiumOptions&#8220;:5266,&#8220;appearanceOptions&#8220;:5267,&#8220;countries&#8220;:5268,&#8220;notificationOptions&#8220;:5269,&#8220;type&#8220;:-1,&#8220;editionType&#8220;:-1,&#8220;redirectFollow&#8220;:9,&#8220;analyticsOptions&#8220;:5276,&#8220;communityOptions&#8220;:-1,&#8220;freeformHtmls&#8220;:-1,&#8220;sportsOptions&#8220;:-1},{&#8222;interviewKicker&#8220;:-1,&#8220;intervieweeRole&#8220;:-1,&#8220;isInterview&#8220;:8,&#8220;interviewee&#8220;:-1},{&#8222;showLiveIcon&#8220;:8,&#8220;excludeFromAutomaticModules&#8220;:-1,&#8220;hideColumnistStyle&#8220;:8,&#8220;showVideoIcon&#8220;:8,&#8220;showPhotoGalleryIcon&#8220;:8,&#8220;showImageSignature&#8220;:8,&#8220;specialKicker&#8220;:-1,&#8220;showSignature&#8220;:9,&#8220;hidePhoto&#8220;:8,&#8220;hideMediaReportStyle&#8220;:8,&#8220;titleSize&#8220;:-1,&#8220;showPlace&#8220;:8,&#8220;showPreTitle&#8220;:8},{&#8222;appearanceHideRelations&#8220;:8,&#8220;disablePageRefresh&#8220;:8,&#8220;appearanceHideInTagListings&#8220;:8,&#8220;denyComments&#8220;:8,&#8220;doNotGenerateAmpVersion&#8220;:8,&#8220;oldContent&#8220;:8,&#8220;sourceIsAgency&#8220;:8,&#8220;hideInLastContents&#8220;:8,&#8220;hideInTagPages&#8220;:8,&#8220;hideInMostViewed&#8220;:8,&#8220;hideInAllListings&#8220;:8,&#8220;source&#8220;:1247,&#8220;disableAmp&#8220;:8,&#8220;cxenseEnabled&#8220;:9,&#8220;isOpinion&#8220;:8},{&#8222;premiumKicker&#8220;:-1,&#8220;premiumShowButton&#8220;:8,&#8220;premiumButtonUrl&#8220;:-1,&#8220;premiumShowKicker&#8220;:8},{&#8222;hideRelations&#8220;:8,&#8220;oldContent&#8220;:8},[],{&#8222;expirationMinutes&#8220;:1252,&#8220;isPersistent&#8220;:8,&#8220;appOptions&#8220;:5270,&#8220;webOptions&#8220;:5272,&#8220;title&#8220;:5274,&#8220;body&#8220;:5275},{&#8222;sendPush&#8220;:8,&#8220;notificationButtons&#8220;:5271},[],{&#8222;sendPush&#8220;:8,&#8220;notificationButtons&#8220;:5273},[],&#8220;Weshalb der Wendler an den Ballermann geh\u00f6rt wie die H\u00fctchen&#8220;,&#8220;MZ-Autor Ingo Wohlfeil kennt den Partys\u00e4nger Michael Wendler schon seit \u00fcber zw\u00f6lf Jahren. Jetzt tritt der Schwurbler wieder auf Mallorca auf. Und irgendwie ist das schon ok&#8220;,{&#8222;origin&#8220;:-1,&#8220;type&#8220;:-1,&#8220;editor&#8220;:1735,&#8220;category&#8220;:-1,&#8220;agencies&#8220;:5277,&#8220;adsTypes&#8220;:5278,&#8220;format&#8220;:1698,&#8220;variant&#8220;:1699},[],[],{&#8222;updateDate&#8220;:5280,&#8220;createDate&#8220;:5281,&#8220;releaseDate&#8220;:5282,&#8220;lastModifiedDate&#8220;:-1},[&#8222;Date&#8220;,&#8220;2025-09-12T17:56:06.000Z&#8220;],[&#8222;Date&#8220;,&#8220;2025-09-12T13:14:52.000Z&#8220;],[&#8222;Date&#8220;,&#8220;2025-09-12T13:57:55.000Z&#8220;],[5284,5286,5291],{&#8222;name&#8220;:448,&#8220;id&#8220;:1224,&#8220;originalId&#8220;:1225,&#8220;title&#8220;:448,&#8220;url&#8220;:1226,&#8220;urls&#8220;:5285,&#8220;childUrl&#8220;:-1,&#8220;parentUrl&#8220;:-1,&#8220;active&#8220;:9,&#8220;archived&#8220;:8},{&#8222;mainUrl&#8220;:1226,&#8220;epigraphUrl&#8220;:-1,&#8220;redirectUrl&#8220;:-1,&#8220;sourceUrl&#8220;:-1},{&#8222;name&#8220;:258,&#8220;id&#8220;:5287,&#8220;originalId&#8220;:5288,&#8220;title&#8220;:258,&#8220;url&#8220;:5289,&#8220;urls&#8220;:5290,&#8220;childUrl&#8220;:-1,&#8220;parentUrl&#8220;:-1,&#8220;active&#8220;:9,&#8220;archived&#8220;:8},&#8220;4375c9d2-a8b0-3e32-a9e8-ca861f2ccf03&#8243;,&#8220;REGIONALES_28006&#8243;,&#8220;https:\/\/www.mallorcazeitung.es\/meinung\/&#8220;,{&#8222;mainUrl&#8220;:5289,&#8220;epigraphUrl&#8220;:-1,&#8220;redirectUrl&#8220;:-1,&#8220;sourceUrl&#8220;:-1},{&#8222;name&#8220;:1229,&#8220;id&#8220;:1230,&#8220;originalId&#8220;:1231,&#8220;title&#8220;:1229,&#8220;url&#8220;:1232,&#8220;urls&#8220;:5292,&#8220;childUrl&#8220;:-1,&#8220;parentUrl&#8220;:-1,&#8220;active&#8220;:9,&#8220;archived&#8220;:8},{&#8222;mainUrl&#8220;:1232,&#8220;epigraphUrl&#8220;:-1,&#8220;redirectUrl&#8220;:-1,&#8220;sourceUrl&#8220;:-1},[],{&#8222;specialText&#8220;:486,&#8220;text&#8220;:-1,&#8220;type&#8220;:-1},{&#8222;footballInfo&#8220;:-1,&#8220;firstMessages&#8220;:5296,&#8220;multimediaType&#8220;:596,&#8220;contentType&#8220;:141,&#8220;id&#8220;:5297,&#8220;contentId&#8220;:5298,&#8220;title&#8220;:5299,&#8220;subtitle&#8220;:-1,&#8220;subtitleTwo&#8220;:-1,&#8220;photoClippings&#8220;:5300,&#8220;urls&#8220;:5320,&#8220;url&#8220;:5321,&#8220;sponsorship&#8220;:5322,&#8220;authors&#8220;:5323,&#8220;signature&#8220;:5324,&#8220;photoSignature&#8220;:5326,&#8220;qualityUrls&#8220;:-1,&#8220;embedInfo&#8220;:5327,&#8220;tags&#8220;:5328,&#8220;hyperlocalisms&#8220;:5339,&#8220;options&#8220;:5340,&#8220;externalOptions&#8220;:-1,&#8220;dates&#8220;:5357,&#8220;player&#8220;:-1,&#8220;originalId&#8220;:5298,&#8220;liveOptions&#8220;:-1,&#8220;epigraph&#8220;:-1,&#8220;photoDescription&#8220;:-1,&#8220;sections&#8220;:5361,&#8220;relatedContents&#8220;:5366,&#8220;kicker&#8220;:5367,&#8220;published&#8220;:9,&#8220;featuredHtml&#8220;:-1},[],&#8220;2ecc84c5-2e9b-3baf-bdf3-10b9b7341cd1&#8243;,&#8220;121492046&#8243;,&#8220;Wendler live im Megapark: So lief das erste Mallorca-Konzert seit sechs Jahren&#8220;,[5301,5310],{&#8222;width&#8220;:432,&#8220;url&#8220;:5302,&#8220;height&#8220;:435,&#8220;quality&#8220;:72,&#8220;childPhotoClippings&#8220;:5303,&#8220;type&#8220;:524,&#8220;cropped&#8220;:8},&#8220;https:\/\/estaticos-cdn.prensaiberica.es\/clip\/701661a7-601d-4ccb-94ba-db64a0a98d91_16-9-discover-aspect-ratio_default_0.jpg&#8220;,[5304,5307],{&#8222;width&#8220;:519,&#8220;url&#8220;:5305,&#8220;height&#8220;:823,&#8220;quality&#8220;:824,&#8220;childPhotoClippings&#8220;:5306,&#8220;type&#8220;:524,&#8220;cropped&#8220;:8},&#8220;https:\/\/estaticos-cdn.prensaiberica.es\/clip\/701661a7-601d-4ccb-94ba-db64a0a98d91_16-9-discover-aspect-ratio_640w_0.jpg&#8220;,[],{&#8222;width&#8220;:526,&#8220;url&#8220;:5308,&#8220;height&#8220;:828,&#8220;quality&#8220;:824,&#8220;childPhotoClippings&#8220;:5309,&#8220;type&#8220;:524,&#8220;cropped&#8220;:8},&#8220;https:\/\/estaticos-cdn.prensaiberica.es\/clip\/701661a7-601d-4ccb-94ba-db64a0a98d91_16-9-discover-aspect-ratio_320w_0.jpg&#8220;,[],{&#8222;width&#8220;:532,&#8220;url&#8220;:5311,&#8220;height&#8220;:2815,&#8220;quality&#8220;:73,&#8220;childPhotoClippings&#8220;:5312,&#8220;type&#8220;:530,&#8220;cropped&#8220;:8},&#8220;https:\/\/estaticos-cdn.prensaiberica.es\/clip\/701661a7-601d-4ccb-94ba-db64a0a98d91_media-libre-aspect-ratio_default_0.jpg&#8220;,[5313,5317],{&#8222;width&#8220;:519,&#8220;url&#8220;:5314,&#8220;height&#8220;:5315,&#8220;quality&#8220;:538,&#8220;childPhotoClippings&#8220;:5316,&#8220;type&#8220;:524,&#8220;cropped&#8220;:8},&#8220;https:\/\/estaticos-cdn.prensaiberica.es\/clip\/701661a7-601d-4ccb-94ba-db64a0a98d91_media-libre-aspect-ratio_640w_0.jpg&#8220;,&#8220;481&#8243;,[],{&#8222;width&#8220;:526,&#8220;url&#8220;:5318,&#8220;height&#8220;:528,&#8220;quality&#8220;:538,&#8220;childPhotoClippings&#8220;:5319,&#8220;type&#8220;:524,&#8220;cropped&#8220;:8},&#8220;https:\/\/estaticos-cdn.prensaiberica.es\/clip\/701661a7-601d-4ccb-94ba-db64a0a98d91_media-libre-aspect-ratio_320w_0.jpg&#8220;,[],{&#8222;mainUrl&#8220;:5321,&#8220;epigraphUrl&#8220;:-1,&#8220;redirectUrl&#8220;:-1,&#8220;sourceUrl&#8220;:-1},&#8220;\/boulevard\/szene\/2025\/09\/12\/michael-wendler-comeback-megapark-mallorca-121492046.html&#8220;,{&#8222;follow&#8220;:8,&#8220;linkTarget&#8220;:-1,&#8220;trackingCode&#8220;:-1,&#8220;trackingCodeAmp&#8220;:-1,&#8220;text&#8220;:-1,&#8220;url&#8220;:-1},[],{&#8222;name&#8220;:5325,&#8220;place&#8220;:-1,&#8220;source&#8220;:-1,&#8220;authorText&#8220;:-1},&#8220;Ingo Wohlfeil (dpa)&#8220;,{&#8222;name&#8220;:5234,&#8220;place&#8220;:-1,&#8220;source&#8220;:-1,&#8220;authorText&#8220;:-1},{&#8222;html&#8220;:-1,&#8220;url&#8220;:-1},[5329,5331,5333,5335,5337],{&#8222;name&#8220;:4876,&#8220;id&#8220;:4877,&#8220;originalId&#8220;:4878,&#8220;title&#8220;:4876,&#8220;url&#8220;:4879,&#8220;urls&#8220;:5330,&#8220;active&#8220;:9},{&#8222;mainUrl&#8220;:4879,&#8220;epigraphUrl&#8220;:-1,&#8220;redirectUrl&#8220;:-1,&#8220;sourceUrl&#8220;:-1},{&#8222;name&#8220;:1820,&#8220;id&#8220;:1821,&#8220;originalId&#8220;:1822,&#8220;title&#8220;:1820,&#8220;url&#8220;:1823,&#8220;urls&#8220;:5332,&#8220;active&#8220;:9},{&#8222;mainUrl&#8220;:1823,&#8220;epigraphUrl&#8220;:-1,&#8220;redirectUrl&#8220;:-1,&#8220;sourceUrl&#8220;:-1},{&#8222;name&#8220;:1828,&#8220;id&#8220;:1829,&#8220;originalId&#8220;:1830,&#8220;title&#8220;:1828,&#8220;url&#8220;:1831,&#8220;urls&#8220;:5334,&#8220;active&#8220;:9},{&#8222;mainUrl&#8220;:1831,&#8220;epigraphUrl&#8220;:-1,&#8220;redirectUrl&#8220;:-1,&#8220;sourceUrl&#8220;:-1},{&#8222;name&#8220;:2108,&#8220;id&#8220;:2109,&#8220;originalId&#8220;:2110,&#8220;title&#8220;:2108,&#8220;url&#8220;:2111,&#8220;urls&#8220;:5336,&#8220;active&#8220;:9},{&#8222;mainUrl&#8220;:2111,&#8220;epigraphUrl&#8220;:-1,&#8220;redirectUrl&#8220;:-1,&#8220;sourceUrl&#8220;:-1},{&#8222;name&#8220;:1236,&#8220;id&#8220;:1237,&#8220;originalId&#8220;:1238,&#8220;title&#8220;:1236,&#8220;url&#8220;:1239,&#8220;urls&#8220;:5338,&#8220;active&#8220;:9},{&#8222;mainUrl&#8220;:1239,&#8220;epigraphUrl&#8220;:-1,&#8220;redirectUrl&#8220;:-1,&#8220;sourceUrl&#8220;:-1},[],{&#8222;accessType&#8220;:1318,&#8220;interviewOptions&#8220;:5341,&#8220;frontOptions&#8220;:5342,&#8220;basicOptions&#8220;:5343,&#8220;adsOptions&#8220;:-1,&#8220;premiumOptions&#8220;:5344,&#8220;appearanceOptions&#8220;:5345,&#8220;countries&#8220;:5346,&#8220;notificationOptions&#8220;:5347,&#8220;type&#8220;:-1,&#8220;editionType&#8220;:-1,&#8220;redirectFollow&#8220;:9,&#8220;analyticsOptions&#8220;:5354,&#8220;communityOptions&#8220;:-1,&#8220;freeformHtmls&#8220;:-1,&#8220;sportsOptions&#8220;:-1},{&#8222;interviewKicker&#8220;:-1,&#8220;intervieweeRole&#8220;:-1,&#8220;isInterview&#8220;:8,&#8220;interviewee&#8220;:-1},{&#8222;showLiveIcon&#8220;:8,&#8220;excludeFromAutomaticModules&#8220;:-1,&#8220;hideColumnistStyle&#8220;:8,&#8220;showVideoIcon&#8220;:8,&#8220;showPhotoGalleryIcon&#8220;:8,&#8220;showImageSignature&#8220;:8,&#8220;specialKicker&#8220;:-1,&#8220;showSignature&#8220;:9,&#8220;hidePhoto&#8220;:8,&#8220;hideMediaReportStyle&#8220;:8,&#8220;titleSize&#8220;:-1,&#8220;showPlace&#8220;:8,&#8220;showPreTitle&#8220;:8},{&#8222;appearanceHideRelations&#8220;:8,&#8220;disablePageRefresh&#8220;:8,&#8220;appearanceHideInTagListings&#8220;:8,&#8220;denyComments&#8220;:8,&#8220;doNotGenerateAmpVersion&#8220;:8,&#8220;oldContent&#8220;:8,&#8220;sourceIsAgency&#8220;:8,&#8220;hideInLastContents&#8220;:8,&#8220;hideInTagPages&#8220;:8,&#8220;hideInMostViewed&#8220;:8,&#8220;hideInAllListings&#8220;:8,&#8220;source&#8220;:1247,&#8220;disableAmp&#8220;:8,&#8220;cxenseEnabled&#8220;:9,&#8220;isOpinion&#8220;:8},{&#8222;premiumKicker&#8220;:-1,&#8220;premiumShowButton&#8220;:8,&#8220;premiumButtonUrl&#8220;:-1,&#8220;premiumShowKicker&#8220;:8},{&#8222;hideRelations&#8220;:8,&#8220;oldContent&#8220;:8},[],{&#8222;expirationMinutes&#8220;:1252,&#8220;isPersistent&#8220;:8,&#8220;appOptions&#8220;:5348,&#8220;webOptions&#8220;:5350,&#8220;title&#8220;:5352,&#8220;body&#8220;:5353},{&#8222;sendPush&#8220;:8,&#8220;notificationButtons&#8220;:5349},[],{&#8222;sendPush&#8220;:8,&#8220;notificationButtons&#8220;:5351},[],&#8220;Wendler live im Megapark: So lief das erste Mallorca-Konzert&#8220;,&#8220;Buh-Rufe und Fan-Ges\u00e4nge begleiten Michael Wendlers Comeback im Megapark&#8220;,{&#8222;origin&#8220;:-1,&#8220;type&#8220;:-1,&#8220;editor&#8220;:1735,&#8220;category&#8220;:-1,&#8220;agencies&#8220;:5355,&#8220;adsTypes&#8220;:5356,&#8220;format&#8220;:1698,&#8220;variant&#8220;:1699},[],[],{&#8222;updateDate&#8220;:5358,&#8220;createDate&#8220;:5359,&#8220;releaseDate&#8220;:5360,&#8220;lastModifiedDate&#8220;:-1},[&#8222;Date&#8220;,&#8220;2025-09-12T07:47:08.000Z&#8220;],[&#8222;Date&#8220;,&#8220;2025-09-12T07:31:00.000Z&#8220;],[&#8222;Date&#8220;,&#8220;2025-09-12T07:43:15.000Z&#8220;],[5362,5364],{&#8222;name&#8220;:448,&#8220;id&#8220;:1224,&#8220;originalId&#8220;:1225,&#8220;title&#8220;:448,&#8220;url&#8220;:1226,&#8220;urls&#8220;:5363,&#8220;childUrl&#8220;:-1,&#8220;parentUrl&#8220;:-1,&#8220;active&#8220;:9,&#8220;archived&#8220;:8},{&#8222;mainUrl&#8220;:1226,&#8220;epigraphUrl&#8220;:-1,&#8220;redirectUrl&#8220;:-1,&#8220;sourceUrl&#8220;:-1},{&#8222;name&#8220;:1229,&#8220;id&#8220;:1230,&#8220;originalId&#8220;:1231,&#8220;title&#8220;:1229,&#8220;url&#8220;:1232,&#8220;urls&#8220;:5365,&#8220;childUrl&#8220;:-1,&#8220;parentUrl&#8220;:-1,&#8220;active&#8220;:9,&#8220;archived&#8220;:8},{&#8222;mainUrl&#8220;:1232,&#8220;epigraphUrl&#8220;:-1,&#8220;redirectUrl&#8220;:-1,&#8220;sourceUrl&#8220;:-1},[],{&#8222;specialText&#8220;:486,&#8220;text&#8220;:-1,&#8220;type&#8220;:-1},{&#8222;footballInfo&#8220;:-1,&#8220;firstMessages&#8220;:5369,&#8220;multimediaType&#8220;:596,&#8220;contentType&#8220;:141,&#8220;id&#8220;:5370,&#8220;contentId&#8220;:5371,&#8220;title&#8220;:5372,&#8220;subtitle&#8220;:-1,&#8220;subtitleTwo&#8220;:-1,&#8220;photoClippings&#8220;:5373,&#8220;urls&#8220;:5392,&#8220;url&#8220;:5393,&#8220;sponsorship&#8220;:5394,&#8220;authors&#8220;:5395,&#8220;signature&#8220;:5399,&#8220;photoSignature&#8220;:5401,&#8220;qualityUrls&#8220;:-1,&#8220;embedInfo&#8220;:5402,&#8220;tags&#8220;:5403,&#8220;hyperlocalisms&#8220;:5424,&#8220;options&#8220;:5425,&#8220;externalOptions&#8220;:-1,&#8220;dates&#8220;:5442,&#8220;player&#8220;:-1,&#8220;originalId&#8220;:5371,&#8220;liveOptions&#8220;:-1,&#8220;epigraph&#8220;:-1,&#8220;photoDescription&#8220;:-1,&#8220;sections&#8220;:5446,&#8220;relatedContents&#8220;:5451,&#8220;kicker&#8220;:5452,&#8220;published&#8220;:9,&#8220;featuredHtml&#8220;:-1},[],&#8220;aafd3361-b55d-3762-864a-66fbfd606164&#8243;,&#8220;121424573&#8243;,&#8220;Sie hat es getan: So war das Ballermann-Deb\u00fct von Cindy aus Marzahn im Megapark&#8220;,[5374,5383],{&#8222;width&#8220;:432,&#8220;url&#8220;:5375,&#8220;height&#8220;:435,&#8220;quality&#8220;:72,&#8220;childPhotoClippings&#8220;:5376,&#8220;type&#8220;:524,&#8220;cropped&#8220;:8},&#8220;https:\/\/estaticos-cdn.prensaiberica.es\/clip\/d04ba2ca-4bd2-49a6-b18e-9e243c968af3_16-9-discover-aspect-ratio_default_0.jpg&#8220;,[5377,5380],{&#8222;width&#8220;:519,&#8220;url&#8220;:5378,&#8220;height&#8220;:823,&#8220;quality&#8220;:824,&#8220;childPhotoClippings&#8220;:5379,&#8220;type&#8220;:524,&#8220;cropped&#8220;:8},&#8220;https:\/\/estaticos-cdn.prensaiberica.es\/clip\/d04ba2ca-4bd2-49a6-b18e-9e243c968af3_16-9-discover-aspect-ratio_640w_0.jpg&#8220;,[],{&#8222;width&#8220;:526,&#8220;url&#8220;:5381,&#8220;height&#8220;:828,&#8220;quality&#8220;:824,&#8220;childPhotoClippings&#8220;:5382,&#8220;type&#8220;:524,&#8220;cropped&#8220;:8},&#8220;https:\/\/estaticos-cdn.prensaiberica.es\/clip\/d04ba2ca-4bd2-49a6-b18e-9e243c968af3_16-9-discover-aspect-ratio_320w_0.jpg&#8220;,[],{&#8222;width&#8220;:532,&#8220;url&#8220;:5384,&#8220;height&#8220;:534,&#8220;quality&#8220;:73,&#8220;childPhotoClippings&#8220;:5385,&#8220;type&#8220;:530,&#8220;cropped&#8220;:8},&#8220;https:\/\/estaticos-cdn.prensaiberica.es\/clip\/d04ba2ca-4bd2-49a6-b18e-9e243c968af3_media-libre-aspect-ratio_default_0.jpg&#8220;,[5386,5389],{&#8222;width&#8220;:519,&#8220;url&#8220;:5387,&#8220;height&#8220;:521,&#8220;quality&#8220;:538,&#8220;childPhotoClippings&#8220;:5388,&#8220;type&#8220;:524,&#8220;cropped&#8220;:8},&#8220;https:\/\/estaticos-cdn.prensaiberica.es\/clip\/d04ba2ca-4bd2-49a6-b18e-9e243c968af3_media-libre-aspect-ratio_640w_0.jpg&#8220;,[],{&#8222;width&#8220;:526,&#8220;url&#8220;:5390,&#8220;height&#8220;:528,&#8220;quality&#8220;:538,&#8220;childPhotoClippings&#8220;:5391,&#8220;type&#8220;:524,&#8220;cropped&#8220;:8},&#8220;https:\/\/estaticos-cdn.prensaiberica.es\/clip\/d04ba2ca-4bd2-49a6-b18e-9e243c968af3_media-libre-aspect-ratio_320w_0.jpg&#8220;,[],{&#8222;mainUrl&#8220;:5393,&#8220;epigraphUrl&#8220;:-1,&#8220;redirectUrl&#8220;:-1,&#8220;sourceUrl&#8220;:-1},&#8220;\/boulevard\/szene\/2025\/09\/10\/cindy-aus-marzahn-auftritt-megapark-121424573.html&#8220;,{&#8222;follow&#8220;:8,&#8220;linkTarget&#8220;:-1,&#8220;trackingCode&#8220;:-1,&#8220;trackingCodeAmp&#8220;:-1,&#8220;text&#8220;:-1,&#8220;url&#8220;:-1},[5396],{&#8222;name&#8220;:418,&#8220;id&#8220;:2009,&#8220;originalId&#8220;:2010,&#8220;title&#8220;:418,&#8220;url&#8220;:2011,&#8220;image&#8220;:2012,&#8220;description&#8220;:2013,&#8220;authorInformation&#8220;:5397,&#8220;active&#8220;:9,&#8220;urls&#8220;:5398},{&#8222;position&#8220;:-1,&#8220;twitterUsername&#8220;:-1,&#8220;socialNetworks&#8220;:-1},{&#8222;mainUrl&#8220;:2011,&#8220;epigraphUrl&#8220;:-1,&#8220;redirectUrl&#8220;:-1,&#8220;sourceUrl&#8220;:-1},{&#8222;name&#8220;:5400,&#8220;place&#8220;:-1,&#8220;source&#8220;:-1,&#8220;authorText&#8220;:-1},&#8220;Johanna Heinbockel&#8220;,{&#8222;name&#8220;:418,&#8220;place&#8220;:-1,&#8220;source&#8220;:-1,&#8220;authorText&#8220;:-1},{&#8222;html&#8220;:-1,&#8220;url&#8220;:-1},[5404,5406,5412,5414,5416,5422],{&#8222;name&#8220;:1236,&#8220;id&#8220;:1237,&#8220;originalId&#8220;:1238,&#8220;title&#8220;:1236,&#8220;url&#8220;:1239,&#8220;urls&#8220;:5405,&#8220;active&#8220;:9},{&#8222;mainUrl&#8220;:1239,&#8220;epigraphUrl&#8220;:-1,&#8220;redirectUrl&#8220;:-1,&#8220;sourceUrl&#8220;:-1},{&#8222;name&#8220;:5407,&#8220;id&#8220;:5408,&#8220;originalId&#8220;:5409,&#8220;title&#8220;:5407,&#8220;url&#8220;:5410,&#8220;urls&#8220;:5411,&#8220;active&#8220;:9},&#8220;Promis&#8220;,&#8220;ea12b0b3-9a63-3b37-aeee-0385edb394a4&#8243;,&#8220;REGIONALES_1585368&#8243;,&#8220;\/tags\/promis\/&#8220;,{&#8222;mainUrl&#8220;:5410,&#8220;epigraphUrl&#8220;:-1,&#8220;redirectUrl&#8220;:-1,&#8220;sourceUrl&#8220;:-1},{&#8222;name&#8220;:2108,&#8220;id&#8220;:2109,&#8220;originalId&#8220;:2110,&#8220;title&#8220;:2108,&#8220;url&#8220;:2111,&#8220;urls&#8220;:5413,&#8220;active&#8220;:9},{&#8222;mainUrl&#8220;:2111,&#8220;epigraphUrl&#8220;:-1,&#8220;redirectUrl&#8220;:-1,&#8220;sourceUrl&#8220;:-1},{&#8222;name&#8220;:3261,&#8220;id&#8220;:3262,&#8220;originalId&#8220;:3263,&#8220;title&#8220;:3261,&#8220;url&#8220;:3264,&#8220;urls&#8220;:5415,&#8220;active&#8220;:9},{&#8222;mainUrl&#8220;:3264,&#8220;epigraphUrl&#8220;:-1,&#8220;redirectUrl&#8220;:-1,&#8220;sourceUrl&#8220;:-1},{&#8222;name&#8220;:5417,&#8220;id&#8220;:5418,&#8220;originalId&#8220;:5419,&#8220;title&#8220;:5417,&#8220;url&#8220;:5420,&#8220;urls&#8220;:5421,&#8220;active&#8220;:9},&#8220;comedy&#8220;,&#8220;0e276ac9-645b-3256-87ce-72b0f18b4832&#8243;,&#8220;REGIONALES_1594508&#8243;,&#8220;\/tags\/comedy\/&#8220;,{&#8222;mainUrl&#8220;:5420,&#8220;epigraphUrl&#8220;:-1,&#8220;redirectUrl&#8220;:-1,&#8220;sourceUrl&#8220;:-1},{&#8222;name&#8220;:3918,&#8220;id&#8220;:3919,&#8220;originalId&#8220;:3920,&#8220;title&#8220;:3918,&#8220;url&#8220;:3921,&#8220;urls&#8220;:5423,&#8220;active&#8220;:9},{&#8222;mainUrl&#8220;:3921,&#8220;epigraphUrl&#8220;:-1,&#8220;redirectUrl&#8220;:-1,&#8220;sourceUrl&#8220;:-1},[],{&#8222;accessType&#8220;:1318,&#8220;interviewOptions&#8220;:5426,&#8220;frontOptions&#8220;:5427,&#8220;basicOptions&#8220;:5428,&#8220;adsOptions&#8220;:-1,&#8220;premiumOptions&#8220;:5429,&#8220;appearanceOptions&#8220;:5430,&#8220;countries&#8220;:5431,&#8220;notificationOptions&#8220;:5432,&#8220;type&#8220;:-1,&#8220;editionType&#8220;:-1,&#8220;redirectFollow&#8220;:9,&#8220;analyticsOptions&#8220;:5439,&#8220;communityOptions&#8220;:-1,&#8220;freeformHtmls&#8220;:-1,&#8220;sportsOptions&#8220;:-1},{&#8222;interviewKicker&#8220;:-1,&#8220;intervieweeRole&#8220;:-1,&#8220;isInterview&#8220;:8,&#8220;interviewee&#8220;:-1},{&#8222;showLiveIcon&#8220;:8,&#8220;excludeFromAutomaticModules&#8220;:-1,&#8220;hideColumnistStyle&#8220;:8,&#8220;showVideoIcon&#8220;:8,&#8220;showPhotoGalleryIcon&#8220;:8,&#8220;showImageSignature&#8220;:8,&#8220;specialKicker&#8220;:-1,&#8220;showSignature&#8220;:9,&#8220;hidePhoto&#8220;:8,&#8220;hideMediaReportStyle&#8220;:8,&#8220;titleSize&#8220;:-1,&#8220;showPlace&#8220;:8,&#8220;showPreTitle&#8220;:8},{&#8222;appearanceHideRelations&#8220;:8,&#8220;disablePageRefresh&#8220;:8,&#8220;appearanceHideInTagListings&#8220;:8,&#8220;denyComments&#8220;:8,&#8220;doNotGenerateAmpVersion&#8220;:8,&#8220;oldContent&#8220;:8,&#8220;sourceIsAgency&#8220;:8,&#8220;hideInLastContents&#8220;:8,&#8220;hideInTagPages&#8220;:8,&#8220;hideInMostViewed&#8220;:8,&#8220;hideInAllListings&#8220;:8,&#8220;source&#8220;:1247,&#8220;disableAmp&#8220;:8,&#8220;cxenseEnabled&#8220;:9,&#8220;isOpinion&#8220;:8},{&#8222;premiumKicker&#8220;:-1,&#8220;premiumShowButton&#8220;:8,&#8220;premiumButtonUrl&#8220;:-1,&#8220;premiumShowKicker&#8220;:8},{&#8222;hideRelations&#8220;:8,&#8220;oldContent&#8220;:8},[],{&#8222;expirationMinutes&#8220;:1252,&#8220;isPersistent&#8220;:8,&#8220;appOptions&#8220;:5433,&#8220;webOptions&#8220;:5435,&#8220;title&#8220;:5437,&#8220;body&#8220;:5438},{&#8222;sendPush&#8220;:8,&#8220;notificationButtons&#8220;:5434},[],{&#8222;sendPush&#8220;:8,&#8220;notificationButtons&#8220;:5436},[],&#8220;Sie hat es getan: So war das Ballermann-Deb\u00fct von Cindy aus &#8222;,&#8220;Am Dienstag (9.9.) war es so weit: Die Unterhaltungsk\u00fcnstlerin hat sich auf die \\&#8220;B\u00fchne des Todes\\&#8220; getraut&#8220;,{&#8222;origin&#8220;:-1,&#8220;type&#8220;:-1,&#8220;editor&#8220;:2982,&#8220;category&#8220;:-1,&#8220;agencies&#8220;:5440,&#8220;adsTypes&#8220;:5441,&#8220;format&#8220;:1698,&#8220;variant&#8220;:1699},[],[],{&#8222;updateDate&#8220;:5443,&#8220;createDate&#8220;:5444,&#8220;releaseDate&#8220;:5445,&#8220;lastModifiedDate&#8220;:-1},[&#8222;Date&#8220;,&#8220;2025-09-10T11:13:33.000Z&#8220;],[&#8222;Date&#8220;,&#8220;2025-09-10T10:29:07.000Z&#8220;],[&#8222;Date&#8220;,&#8220;2025-09-10T11:13:33.000Z&#8220;],[5447,5449],{&#8222;name&#8220;:448,&#8220;id&#8220;:1224,&#8220;originalId&#8220;:1225,&#8220;title&#8220;:448,&#8220;url&#8220;:1226,&#8220;urls&#8220;:5448,&#8220;childUrl&#8220;:-1,&#8220;parentUrl&#8220;:-1,&#8220;active&#8220;:9,&#8220;archived&#8220;:8},{&#8222;mainUrl&#8220;:1226,&#8220;epigraphUrl&#8220;:-1,&#8220;redirectUrl&#8220;:-1,&#8220;sourceUrl&#8220;:-1},{&#8222;name&#8220;:1229,&#8220;id&#8220;:1230,&#8220;originalId&#8220;:1231,&#8220;title&#8220;:1229,&#8220;url&#8220;:1232,&#8220;urls&#8220;:5450,&#8220;childUrl&#8220;:-1,&#8220;parentUrl&#8220;:-1,&#8220;active&#8220;:9,&#8220;archived&#8220;:8},{&#8222;mainUrl&#8220;:1232,&#8220;epigraphUrl&#8220;:-1,&#8220;redirectUrl&#8220;:-1,&#8220;sourceUrl&#8220;:-1},[],{&#8222;specialText&#8220;:486,&#8220;text&#8220;:-1,&#8220;type&#8220;:-1},{&#8222;footballInfo&#8220;:-1,&#8220;firstMessages&#8220;:5454,&#8220;multimediaType&#8220;:596,&#8220;contentType&#8220;:141,&#8220;id&#8220;:5455,&#8220;contentId&#8220;:5456,&#8220;title&#8220;:5457,&#8220;subtitle&#8220;:-1,&#8220;subtitleTwo&#8220;:-1,&#8220;photoClippings&#8220;:5458,&#8220;urls&#8220;:5480,&#8220;url&#8220;:5481,&#8220;sponsorship&#8220;:5482,&#8220;authors&#8220;:5483,&#8220;signature&#8220;:5487,&#8220;photoSignature&#8220;:5489,&#8220;qualityUrls&#8220;:-1,&#8220;embedInfo&#8220;:5491,&#8220;tags&#8220;:5492,&#8220;hyperlocalisms&#8220;:5515,&#8220;options&#8220;:5516,&#8220;externalOptions&#8220;:-1,&#8220;dates&#8220;:5532,&#8220;player&#8220;:-1,&#8220;originalId&#8220;:5456,&#8220;liveOptions&#8220;:-1,&#8220;epigraph&#8220;:-1,&#8220;photoDescription&#8220;:-1,&#8220;sections&#8220;:5536,&#8220;relatedContents&#8220;:5546,&#8220;kicker&#8220;:5547,&#8220;published&#8220;:9,&#8220;featuredHtml&#8220;:-1},[],&#8220;eb98c7ab-db1e-3527-8585-e23a1993ec85&#8243;,&#8220;121405948&#8243;,&#8220;Er ist wieder da &#8211; Michael Wendler gibt Mallorca-Comeback&#8220;,[5459,5468],{&#8222;width&#8220;:432,&#8220;url&#8220;:5460,&#8220;height&#8220;:435,&#8220;quality&#8220;:72,&#8220;childPhotoClippings&#8220;:5461,&#8220;type&#8220;:524,&#8220;cropped&#8220;:8},&#8220;https:\/\/estaticos-cdn.prensaiberica.es\/clip\/8c1fa755-46e5-40fa-adf3-a3eda226e061_16-9-discover-aspect-ratio_default_0.jpg&#8220;,[5462,5465],{&#8222;width&#8220;:519,&#8220;url&#8220;:5463,&#8220;height&#8220;:823,&#8220;quality&#8220;:824,&#8220;childPhotoClippings&#8220;:5464,&#8220;type&#8220;:524,&#8220;cropped&#8220;:8},&#8220;https:\/\/estaticos-cdn.prensaiberica.es\/clip\/8c1fa755-46e5-40fa-adf3-a3eda226e061_16-9-discover-aspect-ratio_640w_0.jpg&#8220;,[],{&#8222;width&#8220;:526,&#8220;url&#8220;:5466,&#8220;height&#8220;:828,&#8220;quality&#8220;:824,&#8220;childPhotoClippings&#8220;:5467,&#8220;type&#8220;:524,&#8220;cropped&#8220;:8},&#8220;https:\/\/estaticos-cdn.prensaiberica.es\/clip\/8c1fa755-46e5-40fa-adf3-a3eda226e061_16-9-discover-aspect-ratio_320w_0.jpg&#8220;,[],{&#8222;width&#8220;:532,&#8220;url&#8220;:5469,&#8220;height&#8220;:5470,&#8220;quality&#8220;:73,&#8220;childPhotoClippings&#8220;:5471,&#8220;type&#8220;:530,&#8220;cropped&#8220;:8},&#8220;https:\/\/estaticos-cdn.prensaiberica.es\/clip\/8c1fa755-46e5-40fa-adf3-a3eda226e061_media-libre-aspect-ratio_default_0.jpg&#8220;,&#8220;422&#8243;,[5472,5476],{&#8222;width&#8220;:519,&#8220;url&#8220;:5473,&#8220;height&#8220;:5474,&#8220;quality&#8220;:538,&#8220;childPhotoClippings&#8220;:5475,&#8220;type&#8220;:524,&#8220;cropped&#8220;:8},&#8220;https:\/\/estaticos-cdn.prensaiberica.es\/clip\/8c1fa755-46e5-40fa-adf3-a3eda226e061_media-libre-aspect-ratio_640w_0.jpg&#8220;,&#8220;409&#8243;,[],{&#8222;width&#8220;:526,&#8220;url&#8220;:5477,&#8220;height&#8220;:5478,&#8220;quality&#8220;:538,&#8220;childPhotoClippings&#8220;:5479,&#8220;type&#8220;:524,&#8220;cropped&#8220;:8},&#8220;https:\/\/estaticos-cdn.prensaiberica.es\/clip\/8c1fa755-46e5-40fa-adf3-a3eda226e061_media-libre-aspect-ratio_320w_0.jpg&#8220;,&#8220;205&#8243;,[],{&#8222;mainUrl&#8220;:5481,&#8220;epigraphUrl&#8220;:-1,&#8220;redirectUrl&#8220;:-1,&#8220;sourceUrl&#8220;:-1},&#8220;\/boulevard\/szene\/2025\/09\/09\/michael-wendler-comeback-ballermann-megapark-121405948.html&#8220;,{&#8222;follow&#8220;:8,&#8220;linkTarget&#8220;:-1,&#8220;trackingCode&#8220;:-1,&#8220;trackingCodeAmp&#8220;:-1,&#8220;text&#8220;:-1,&#8220;url&#8220;:-1},[5484],{&#8222;name&#8220;:418,&#8220;id&#8220;:2009,&#8220;originalId&#8220;:2010,&#8220;title&#8220;:418,&#8220;url&#8220;:2011,&#8220;image&#8220;:2012,&#8220;description&#8220;:2013,&#8220;authorInformation&#8220;:5485,&#8220;active&#8220;:9,&#8220;urls&#8220;:5486},{&#8222;position&#8220;:-1,&#8220;twitterUsername&#8220;:-1,&#8220;socialNetworks&#8220;:-1},{&#8222;mainUrl&#8220;:2011,&#8220;epigraphUrl&#8220;:-1,&#8220;redirectUrl&#8220;:-1,&#8220;sourceUrl&#8220;:-1},{&#8222;name&#8220;:5488,&#8220;place&#8220;:-1,&#8220;source&#8220;:-1,&#8220;authorText&#8220;:-1},&#8220;Sarah Dapena Fern\u00e1ndez&#8220;,{&#8222;name&#8220;:5490,&#8220;place&#8220;:-1,&#8220;source&#8220;:-1,&#8220;authorText&#8220;:-1},&#8220;Foto: Bernd Thissen\/dpa&#8220;,{&#8222;html&#8220;:-1,&#8220;url&#8220;:-1},[5493,5495,5497,5503,5505,5511,5513],{&#8222;name&#8220;:29,&#8220;id&#8220;:1293,&#8220;originalId&#8220;:1294,&#8220;title&#8220;:29,&#8220;url&#8220;:1295,&#8220;urls&#8220;:5494,&#8220;active&#8220;:9},{&#8222;mainUrl&#8220;:1295,&#8220;epigraphUrl&#8220;:-1,&#8220;redirectUrl&#8220;:-1,&#8220;sourceUrl&#8220;:-1},{&#8222;name&#8220;:2108,&#8220;id&#8220;:2109,&#8220;originalId&#8220;:2110,&#8220;title&#8220;:2108,&#8220;url&#8220;:2111,&#8220;urls&#8220;:5496,&#8220;active&#8220;:9},{&#8222;mainUrl&#8220;:2111,&#8220;epigraphUrl&#8220;:-1,&#8220;redirectUrl&#8220;:-1,&#8220;sourceUrl&#8220;:-1},{&#8222;name&#8220;:5498,&#8220;id&#8220;:5499,&#8220;originalId&#8220;:5500,&#8220;title&#8220;:5498,&#8220;url&#8220;:5501,&#8220;urls&#8220;:5502,&#8220;active&#8220;:9},&#8220;Corona&#8220;,&#8220;602f293f-70ee-3a36-a07e-3eef946f70c2&#8243;,&#8220;REGIONALES_1582921&#8243;,&#8220;\/tags\/corona\/&#8220;,{&#8222;mainUrl&#8220;:5501,&#8220;epigraphUrl&#8220;:-1,&#8220;redirectUrl&#8220;:-1,&#8220;sourceUrl&#8220;:-1},{&#8222;name&#8220;:1967,&#8220;id&#8220;:1968,&#8220;originalId&#8220;:1969,&#8220;title&#8220;:1967,&#8220;url&#8220;:1970,&#8220;urls&#8220;:5504,&#8220;active&#8220;:9},{&#8222;mainUrl&#8220;:1970,&#8220;epigraphUrl&#8220;:-1,&#8220;redirectUrl&#8220;:-1,&#8220;sourceUrl&#8220;:-1},{&#8222;name&#8220;:5506,&#8220;id&#8220;:5507,&#8220;originalId&#8220;:5508,&#8220;title&#8220;:5506,&#8220;url&#8220;:5509,&#8220;urls&#8220;:5510,&#8220;active&#8220;:9},&#8220;Riu&#8220;,&#8220;a8a89121-6728-371e-900b-af20ed3e7374&#8243;,&#8220;REGIONALES_1585574&#8243;,&#8220;\/tags\/riu\/&#8220;,{&#8222;mainUrl&#8220;:5509,&#8220;epigraphUrl&#8220;:-1,&#8220;redirectUrl&#8220;:-1,&#8220;sourceUrl&#8220;:-1},{&#8222;name&#8220;:1814,&#8220;id&#8220;:1815,&#8220;originalId&#8220;:1816,&#8220;title&#8220;:1814,&#8220;url&#8220;:1817,&#8220;urls&#8220;:5512,&#8220;active&#8220;:9},{&#8222;mainUrl&#8220;:1817,&#8220;epigraphUrl&#8220;:-1,&#8220;redirectUrl&#8220;:-1,&#8220;sourceUrl&#8220;:-1},{&#8222;name&#8220;:1236,&#8220;id&#8220;:1237,&#8220;originalId&#8220;:1238,&#8220;title&#8220;:1236,&#8220;url&#8220;:1239,&#8220;urls&#8220;:5514,&#8220;active&#8220;:9},{&#8222;mainUrl&#8220;:1239,&#8220;epigraphUrl&#8220;:-1,&#8220;redirectUrl&#8220;:-1,&#8220;sourceUrl&#8220;:-1},[],{&#8222;accessType&#8220;:1318,&#8220;interviewOptions&#8220;:5517,&#8220;frontOptions&#8220;:5518,&#8220;basicOptions&#8220;:5519,&#8220;adsOptions&#8220;:-1,&#8220;premiumOptions&#8220;:5520,&#8220;appearanceOptions&#8220;:5521,&#8220;countries&#8220;:5522,&#8220;notificationOptions&#8220;:5523,&#8220;type&#8220;:-1,&#8220;editionType&#8220;:-1,&#8220;redirectFollow&#8220;:9,&#8220;analyticsOptions&#8220;:5529,&#8220;communityOptions&#8220;:-1,&#8220;freeformHtmls&#8220;:-1,&#8220;sportsOptions&#8220;:-1},{&#8222;interviewKicker&#8220;:-1,&#8220;intervieweeRole&#8220;:-1,&#8220;isInterview&#8220;:8,&#8220;interviewee&#8220;:-1},{&#8222;showLiveIcon&#8220;:8,&#8220;excludeFromAutomaticModules&#8220;:-1,&#8220;hideColumnistStyle&#8220;:8,&#8220;showVideoIcon&#8220;:8,&#8220;showPhotoGalleryIcon&#8220;:8,&#8220;showImageSignature&#8220;:8,&#8220;specialKicker&#8220;:-1,&#8220;showSignature&#8220;:9,&#8220;hidePhoto&#8220;:8,&#8220;hideMediaReportStyle&#8220;:8,&#8220;titleSize&#8220;:-1,&#8220;showPlace&#8220;:8,&#8220;showPreTitle&#8220;:8},{&#8222;appearanceHideRelations&#8220;:8,&#8220;disablePageRefresh&#8220;:8,&#8220;appearanceHideInTagListings&#8220;:8,&#8220;denyComments&#8220;:8,&#8220;doNotGenerateAmpVersion&#8220;:8,&#8220;oldContent&#8220;:8,&#8220;sourceIsAgency&#8220;:8,&#8220;hideInLastContents&#8220;:8,&#8220;hideInTagPages&#8220;:8,&#8220;hideInMostViewed&#8220;:8,&#8220;hideInAllListings&#8220;:8,&#8220;source&#8220;:1247,&#8220;disableAmp&#8220;:8,&#8220;cxenseEnabled&#8220;:9,&#8220;isOpinion&#8220;:8},{&#8222;premiumKicker&#8220;:-1,&#8220;premiumShowButton&#8220;:8,&#8220;premiumButtonUrl&#8220;:-1,&#8220;premiumShowKicker&#8220;:8},{&#8222;hideRelations&#8220;:8,&#8220;oldContent&#8220;:8},[],{&#8222;expirationMinutes&#8220;:1252,&#8220;isPersistent&#8220;:8,&#8220;appOptions&#8220;:5524,&#8220;webOptions&#8220;:5526,&#8220;title&#8220;:5457,&#8220;body&#8220;:5528},{&#8222;sendPush&#8220;:8,&#8220;notificationButtons&#8220;:5525},[],{&#8222;sendPush&#8220;:8,&#8220;notificationButtons&#8220;:5527},[],&#8220;Der umstrittene S\u00e4nger tritt nach Jahren wieder am Ballermann auf. Dass es mit dem Comeback schnell ging, lag auch an seiner Verhandlungstaktik&#8220;,{&#8222;origin&#8220;:-1,&#8220;type&#8220;:-1,&#8220;editor&#8220;:1260,&#8220;category&#8220;:-1,&#8220;agencies&#8220;:5530,&#8220;adsTypes&#8220;:5531,&#8220;format&#8220;:1698,&#8220;variant&#8220;:1699},[],[],{&#8222;updateDate&#8220;:5533,&#8220;createDate&#8220;:5534,&#8220;releaseDate&#8220;:5535,&#8220;lastModifiedDate&#8220;:-1},[&#8222;Date&#8220;,&#8220;2025-09-09T18:04:39.000Z&#8220;],[&#8222;Date&#8220;,&#8220;2025-09-09T17:46:37.000Z&#8220;],[&#8222;Date&#8220;,&#8220;2025-09-09T18:04:39.000Z&#8220;],[5537,5539,5544],{&#8222;name&#8220;:448,&#8220;id&#8220;:1224,&#8220;originalId&#8220;:1225,&#8220;title&#8220;:448,&#8220;url&#8220;:1226,&#8220;urls&#8220;:5538,&#8220;childUrl&#8220;:-1,&#8220;parentUrl&#8220;:-1,&#8220;active&#8220;:9,&#8220;archived&#8220;:8},{&#8222;mainUrl&#8220;:1226,&#8220;epigraphUrl&#8220;:-1,&#8220;redirectUrl&#8220;:-1,&#8220;sourceUrl&#8220;:-1},{&#8222;name&#8220;:5407,&#8220;id&#8220;:5540,&#8220;originalId&#8220;:5541,&#8220;title&#8220;:5407,&#8220;url&#8220;:5542,&#8220;urls&#8220;:5543,&#8220;childUrl&#8220;:-1,&#8220;parentUrl&#8220;:-1,&#8220;active&#8220;:9,&#8220;archived&#8220;:8},&#8220;877120ba-433b-31d8-aa80-e666a6515864&#8243;,&#8220;REGIONALES_28039&#8243;,&#8220;https:\/\/www.mallorcazeitung.es\/boulevard\/promis\/&#8220;,{&#8222;mainUrl&#8220;:5542,&#8220;epigraphUrl&#8220;:-1,&#8220;redirectUrl&#8220;:-1,&#8220;sourceUrl&#8220;:-1},{&#8222;name&#8220;:1229,&#8220;id&#8220;:1230,&#8220;originalId&#8220;:1231,&#8220;title&#8220;:1229,&#8220;url&#8220;:1232,&#8220;urls&#8220;:5545,&#8220;childUrl&#8220;:-1,&#8220;parentUrl&#8220;:-1,&#8220;active&#8220;:9,&#8220;archived&#8220;:8},{&#8222;mainUrl&#8220;:1232,&#8220;epigraphUrl&#8220;:-1,&#8220;redirectUrl&#8220;:-1,&#8220;sourceUrl&#8220;:-1},[],{&#8222;specialText&#8220;:486,&#8220;text&#8220;:-1,&#8220;type&#8220;:-1},{&#8222;footballInfo&#8220;:-1,&#8220;firstMessages&#8220;:5549,&#8220;multimediaType&#8220;:596,&#8220;contentType&#8220;:141,&#8220;id&#8220;:5550,&#8220;contentId&#8220;:5551,&#8220;title&#8220;:5552,&#8220;subtitle&#8220;:-1,&#8220;subtitleTwo&#8220;:-1,&#8220;photoClippings&#8220;:5553,&#8220;urls&#8220;:5575,&#8220;url&#8220;:5576,&#8220;sponsorship&#8220;:5577,&#8220;authors&#8220;:5578,&#8220;signature&#8220;:-1,&#8220;photoSignature&#8220;:5582,&#8220;qualityUrls&#8220;:-1,&#8220;embedInfo&#8220;:5584,&#8220;tags&#8220;:5585,&#8220;hyperlocalisms&#8220;:5604,&#8220;options&#8220;:5605,&#8220;externalOptions&#8220;:-1,&#8220;dates&#8220;:5622,&#8220;player&#8220;:-1,&#8220;originalId&#8220;:5551,&#8220;liveOptions&#8220;:-1,&#8220;epigraph&#8220;:-1,&#8220;photoDescription&#8220;:-1,&#8220;sections&#8220;:5626,&#8220;relatedContents&#8220;:5631,&#8220;kicker&#8220;:5632,&#8220;published&#8220;:9,&#8220;featuredHtml&#8220;:-1},[],&#8220;62741e88-81a4-30cf-b20c-1752e8aecd2d&#8220;,&#8220;121384742&#8243;,&#8220;Alle wollen Wendler &#8211; Mallorca-Clubs buhlen um Partyschlager-S\u00e4nger&#8220;,[5554,5563],{&#8222;width&#8220;:432,&#8220;url&#8220;:5555,&#8220;height&#8220;:435,&#8220;quality&#8220;:72,&#8220;childPhotoClippings&#8220;:5556,&#8220;type&#8220;:524,&#8220;cropped&#8220;:8},&#8220;https:\/\/estaticos-cdn.prensaiberica.es\/clip\/061b87e3-834f-4747-b517-5e54ae03c907_16-9-discover-aspect-ratio_default_0.jpg&#8220;,[5557,5560],{&#8222;width&#8220;:519,&#8220;url&#8220;:5558,&#8220;height&#8220;:823,&#8220;quality&#8220;:824,&#8220;childPhotoClippings&#8220;:5559,&#8220;type&#8220;:524,&#8220;cropped&#8220;:8},&#8220;https:\/\/estaticos-cdn.prensaiberica.es\/clip\/061b87e3-834f-4747-b517-5e54ae03c907_16-9-discover-aspect-ratio_640w_0.jpg&#8220;,[],{&#8222;width&#8220;:526,&#8220;url&#8220;:5561,&#8220;height&#8220;:828,&#8220;quality&#8220;:824,&#8220;childPhotoClippings&#8220;:5562,&#8220;type&#8220;:524,&#8220;cropped&#8220;:8},&#8220;https:\/\/estaticos-cdn.prensaiberica.es\/clip\/061b87e3-834f-4747-b517-5e54ae03c907_16-9-discover-aspect-ratio_320w_0.jpg&#8220;,[],{&#8222;width&#8220;:532,&#8220;url&#8220;:5564,&#8220;height&#8220;:5565,&#8220;quality&#8220;:73,&#8220;childPhotoClippings&#8220;:5566,&#8220;type&#8220;:530,&#8220;cropped&#8220;:8},&#8220;https:\/\/estaticos-cdn.prensaiberica.es\/clip\/061b87e3-834f-4747-b517-5e54ae03c907_media-libre-aspect-ratio_default_0.jpg&#8220;,&#8220;456&#8243;,[5567,5571],{&#8222;width&#8220;:519,&#8220;url&#8220;:5568,&#8220;height&#8220;:5569,&#8220;quality&#8220;:538,&#8220;childPhotoClippings&#8220;:5570,&#8220;type&#8220;:524,&#8220;cropped&#8220;:8},&#8220;https:\/\/estaticos-cdn.prensaiberica.es\/clip\/061b87e3-834f-4747-b517-5e54ae03c907_media-libre-aspect-ratio_640w_0.jpg&#8220;,&#8220;442&#8243;,[],{&#8222;width&#8220;:526,&#8220;url&#8220;:5572,&#8220;height&#8220;:5573,&#8220;quality&#8220;:538,&#8220;childPhotoClippings&#8220;:5574,&#8220;type&#8220;:524,&#8220;cropped&#8220;:8},&#8220;https:\/\/estaticos-cdn.prensaiberica.es\/clip\/061b87e3-834f-4747-b517-5e54ae03c907_media-libre-aspect-ratio_320w_0.jpg&#8220;,&#8220;221&#8243;,[],{&#8222;mainUrl&#8220;:5576,&#8220;epigraphUrl&#8220;:-1,&#8220;redirectUrl&#8220;:-1,&#8220;sourceUrl&#8220;:-1},&#8220;\/boulevard\/szene\/2025\/09\/09\/alle-wollen-wendler-mallorca-clubs-121384742.html&#8220;,{&#8222;follow&#8220;:8,&#8220;linkTarget&#8220;:-1,&#8220;trackingCode&#8220;:-1,&#8220;trackingCodeAmp&#8220;:-1,&#8220;text&#8220;:-1,&#8220;url&#8220;:-1},[5579],{&#8222;name&#8220;:418,&#8220;id&#8220;:2009,&#8220;originalId&#8220;:2010,&#8220;title&#8220;:418,&#8220;url&#8220;:2011,&#8220;image&#8220;:2012,&#8220;description&#8220;:2013,&#8220;authorInformation&#8220;:5580,&#8220;active&#8220;:9,&#8220;urls&#8220;:5581},{&#8222;position&#8220;:-1,&#8220;twitterUsername&#8220;:-1,&#8220;socialNetworks&#8220;:-1},{&#8222;mainUrl&#8220;:2011,&#8220;epigraphUrl&#8220;:-1,&#8220;redirectUrl&#8220;:-1,&#8220;sourceUrl&#8220;:-1},{&#8222;name&#8220;:5583,&#8220;place&#8220;:-1,&#8220;source&#8220;:-1,&#8220;authorText&#8220;:-1},&#8220;Bernd Thissen\/dpa&#8220;,{&#8222;html&#8220;:-1,&#8220;url&#8220;:-1},[5586,5588,5590,5592,5594,5596,5602],{&#8222;name&#8220;:1828,&#8220;id&#8220;:1829,&#8220;originalId&#8220;:1830,&#8220;title&#8220;:1828,&#8220;url&#8220;:1831,&#8220;urls&#8220;:5587,&#8220;active&#8220;:9},{&#8222;mainUrl&#8220;:1831,&#8220;epigraphUrl&#8220;:-1,&#8220;redirectUrl&#8220;:-1,&#8220;sourceUrl&#8220;:-1},{&#8222;name&#8220;:4876,&#8220;id&#8220;:4877,&#8220;originalId&#8220;:4878,&#8220;title&#8220;:4876,&#8220;url&#8220;:4879,&#8220;urls&#8220;:5589,&#8220;active&#8220;:9},{&#8222;mainUrl&#8220;:4879,&#8220;epigraphUrl&#8220;:-1,&#8220;redirectUrl&#8220;:-1,&#8220;sourceUrl&#8220;:-1},{&#8222;name&#8220;:1820,&#8220;id&#8220;:1821,&#8220;originalId&#8220;:1822,&#8220;title&#8220;:1820,&#8220;url&#8220;:1823,&#8220;urls&#8220;:5591,&#8220;active&#8220;:9},{&#8222;mainUrl&#8220;:1823,&#8220;epigraphUrl&#8220;:-1,&#8220;redirectUrl&#8220;:-1,&#8220;sourceUrl&#8220;:-1},{&#8222;name&#8220;:2108,&#8220;id&#8220;:2109,&#8220;originalId&#8220;:2110,&#8220;title&#8220;:2108,&#8220;url&#8220;:2111,&#8220;urls&#8220;:5593,&#8220;active&#8220;:9},{&#8222;mainUrl&#8220;:2111,&#8220;epigraphUrl&#8220;:-1,&#8220;redirectUrl&#8220;:-1,&#8220;sourceUrl&#8220;:-1},{&#8222;name&#8220;:5250,&#8220;id&#8220;:5251,&#8220;originalId&#8220;:5252,&#8220;title&#8220;:5250,&#8220;url&#8220;:5253,&#8220;urls&#8220;:5595,&#8220;active&#8220;:9},{&#8222;mainUrl&#8220;:5253,&#8220;epigraphUrl&#8220;:-1,&#8220;redirectUrl&#8220;:-1,&#8220;sourceUrl&#8220;:-1},{&#8222;name&#8220;:5597,&#8220;id&#8220;:5598,&#8220;originalId&#8220;:5599,&#8220;title&#8220;:5597,&#8220;url&#8220;:5600,&#8220;urls&#8220;:5601,&#8220;active&#8220;:9},&#8220;Bierbrunnen&#8220;,&#8220;6df8b9e6-a2f9-3417-a399-4b10a20c61bb&#8220;,&#8220;REGIONALES_1582540&#8243;,&#8220;\/tags\/bierbrunnen\/&#8220;,{&#8222;mainUrl&#8220;:5600,&#8220;epigraphUrl&#8220;:-1,&#8220;redirectUrl&#8220;:-1,&#8220;sourceUrl&#8220;:-1},{&#8222;name&#8220;:5256,&#8220;id&#8220;:5257,&#8220;originalId&#8220;:5258,&#8220;title&#8220;:5256,&#8220;url&#8220;:5259,&#8220;urls&#8220;:5603,&#8220;active&#8220;:9},{&#8222;mainUrl&#8220;:5259,&#8220;epigraphUrl&#8220;:-1,&#8220;redirectUrl&#8220;:-1,&#8220;sourceUrl&#8220;:-1},[],{&#8222;accessType&#8220;:1318,&#8220;interviewOptions&#8220;:5606,&#8220;frontOptions&#8220;:5607,&#8220;basicOptions&#8220;:5608,&#8220;adsOptions&#8220;:-1,&#8220;premiumOptions&#8220;:5609,&#8220;appearanceOptions&#8220;:5610,&#8220;countries&#8220;:5611,&#8220;notificationOptions&#8220;:5612,&#8220;type&#8220;:-1,&#8220;editionType&#8220;:-1,&#8220;redirectFollow&#8220;:9,&#8220;analyticsOptions&#8220;:5619,&#8220;communityOptions&#8220;:-1,&#8220;freeformHtmls&#8220;:-1,&#8220;sportsOptions&#8220;:-1},{&#8222;interviewKicker&#8220;:-1,&#8220;intervieweeRole&#8220;:-1,&#8220;isInterview&#8220;:8,&#8220;interviewee&#8220;:-1},{&#8222;showLiveIcon&#8220;:8,&#8220;excludeFromAutomaticModules&#8220;:-1,&#8220;hideColumnistStyle&#8220;:8,&#8220;showVideoIcon&#8220;:8,&#8220;showPhotoGalleryIcon&#8220;:8,&#8220;showImageSignature&#8220;:8,&#8220;specialKicker&#8220;:-1,&#8220;showSignature&#8220;:9,&#8220;hidePhoto&#8220;:8,&#8220;hideMediaReportStyle&#8220;:8,&#8220;titleSize&#8220;:-1,&#8220;showPlace&#8220;:8,&#8220;showPreTitle&#8220;:8},{&#8222;appearanceHideRelations&#8220;:8,&#8220;disablePageRefresh&#8220;:8,&#8220;appearanceHideInTagListings&#8220;:8,&#8220;denyComments&#8220;:8,&#8220;doNotGenerateAmpVersion&#8220;:8,&#8220;oldContent&#8220;:8,&#8220;sourceIsAgency&#8220;:8,&#8220;hideInLastContents&#8220;:8,&#8220;hideInTagPages&#8220;:8,&#8220;hideInMostViewed&#8220;:8,&#8220;hideInAllListings&#8220;:8,&#8220;source&#8220;:1247,&#8220;disableAmp&#8220;:8,&#8220;cxenseEnabled&#8220;:9,&#8220;isOpinion&#8220;:8},{&#8222;premiumKicker&#8220;:-1,&#8220;premiumShowButton&#8220;:8,&#8220;premiumButtonUrl&#8220;:-1,&#8220;premiumShowKicker&#8220;:8},{&#8222;hideRelations&#8220;:8,&#8220;oldContent&#8220;:8},[],{&#8222;expirationMinutes&#8220;:1252,&#8220;isPersistent&#8220;:8,&#8220;appOptions&#8220;:5613,&#8220;webOptions&#8220;:5615,&#8220;title&#8220;:5617,&#8220;body&#8220;:5618},{&#8222;sendPush&#8220;:8,&#8220;notificationButtons&#8220;:5614},[],{&#8222;sendPush&#8220;:8,&#8220;notificationButtons&#8220;:5616},[],&#8220;Alle wollen Wendler &#8211; Mallorca-Clubs buhlen um Partyschlager&#8220;,&#8220;Nach den Konzerten in Deutschland steht nun wom\u00f6glich noch ein Auftritt auf der Insel an&#8220;,{&#8222;origin&#8220;:-1,&#8220;type&#8220;:-1,&#8220;editor&#8220;:1735,&#8220;category&#8220;:-1,&#8220;agencies&#8220;:5620,&#8220;adsTypes&#8220;:5621,&#8220;format&#8220;:1698,&#8220;variant&#8220;:1699},[],[],{&#8222;updateDate&#8220;:5623,&#8220;createDate&#8220;:5624,&#8220;releaseDate&#8220;:5625,&#8220;lastModifiedDate&#8220;:-1},[&#8222;Date&#8220;,&#8220;2025-09-09T11:23:12.000Z&#8220;],[&#8222;Date&#8220;,&#8220;2025-09-09T10:02:44.000Z&#8220;],[&#8222;Date&#8220;,&#8220;2025-09-09T10:28:34.000Z&#8220;],[5627,5629],{&#8222;name&#8220;:448,&#8220;id&#8220;:1224,&#8220;originalId&#8220;:1225,&#8220;title&#8220;:448,&#8220;url&#8220;:1226,&#8220;urls&#8220;:5628,&#8220;childUrl&#8220;:-1,&#8220;parentUrl&#8220;:-1,&#8220;active&#8220;:9,&#8220;archived&#8220;:8},{&#8222;mainUrl&#8220;:1226,&#8220;epigraphUrl&#8220;:-1,&#8220;redirectUrl&#8220;:-1,&#8220;sourceUrl&#8220;:-1},{&#8222;name&#8220;:1229,&#8220;id&#8220;:1230,&#8220;originalId&#8220;:1231,&#8220;title&#8220;:1229,&#8220;url&#8220;:1232,&#8220;urls&#8220;:5630,&#8220;childUrl&#8220;:-1,&#8220;parentUrl&#8220;:-1,&#8220;active&#8220;:9,&#8220;archived&#8220;:8},{&#8222;mainUrl&#8220;:1232,&#8220;epigraphUrl&#8220;:-1,&#8220;redirectUrl&#8220;:-1,&#8220;sourceUrl&#8220;:-1},[],{&#8222;specialText&#8220;:486,&#8220;text&#8220;:-1,&#8220;type&#8220;:-1},{&#8222;footballInfo&#8220;:-1,&#8220;firstMessages&#8220;:5634,&#8220;multimediaType&#8220;:1281,&#8220;contentType&#8220;:141,&#8220;id&#8220;:5635,&#8220;contentId&#8220;:5636,&#8220;title&#8220;:5637,&#8220;subtitle&#8220;:-1,&#8220;subtitleTwo&#8220;:-1,&#8220;photoClippings&#8220;:5638,&#8220;urls&#8220;:5657,&#8220;url&#8220;:5658,&#8220;sponsorship&#8220;:5659,&#8220;authors&#8220;:5660,&#8220;signature&#8220;:-1,&#8220;photoSignature&#8220;:5667,&#8220;qualityUrls&#8220;:-1,&#8220;embedInfo&#8220;:5668,&#8220;tags&#8220;:5669,&#8220;hyperlocalisms&#8220;:5690,&#8220;options&#8220;:5691,&#8220;externalOptions&#8220;:-1,&#8220;dates&#8220;:5708,&#8220;player&#8220;:-1,&#8220;originalId&#8220;:5636,&#8220;liveOptions&#8220;:-1,&#8220;epigraph&#8220;:-1,&#8220;photoDescription&#8220;:-1,&#8220;sections&#8220;:5712,&#8220;relatedContents&#8220;:5717,&#8220;kicker&#8220;:5718,&#8220;published&#8220;:9,&#8220;featuredHtml&#8220;:-1},[],&#8220;99f29c55-c04d-384e-a06e-cf883b58b33d&#8220;,&#8220;121322204&#8243;,&#8220;Mittendrin bei der \\&#8220;Patrona\\&#8220;: So magisch war die Nacht von Palmas Mega-Party&#8220;,[5639,5648],{&#8222;width&#8220;:432,&#8220;url&#8220;:5640,&#8220;height&#8220;:435,&#8220;quality&#8220;:72,&#8220;childPhotoClippings&#8220;:5641,&#8220;type&#8220;:524,&#8220;cropped&#8220;:8},&#8220;https:\/\/estaticos-cdn.prensaiberica.es\/clip\/ab6cb941-d7af-4cd5-8ec5-e98c887a4ae0_16-9-discover-aspect-ratio_default_0.jpg&#8220;,[5642,5645],{&#8222;width&#8220;:519,&#8220;url&#8220;:5643,&#8220;height&#8220;:823,&#8220;quality&#8220;:824,&#8220;childPhotoClippings&#8220;:5644,&#8220;type&#8220;:524,&#8220;cropped&#8220;:8},&#8220;https:\/\/estaticos-cdn.prensaiberica.es\/clip\/ab6cb941-d7af-4cd5-8ec5-e98c887a4ae0_16-9-discover-aspect-ratio_640w_0.jpg&#8220;,[],{&#8222;width&#8220;:526,&#8220;url&#8220;:5646,&#8220;height&#8220;:828,&#8220;quality&#8220;:824,&#8220;childPhotoClippings&#8220;:5647,&#8220;type&#8220;:524,&#8220;cropped&#8220;:8},&#8220;https:\/\/estaticos-cdn.prensaiberica.es\/clip\/ab6cb941-d7af-4cd5-8ec5-e98c887a4ae0_16-9-discover-aspect-ratio_320w_0.jpg&#8220;,[],{&#8222;width&#8220;:532,&#8220;url&#8220;:5649,&#8220;height&#8220;:811,&#8220;quality&#8220;:73,&#8220;childPhotoClippings&#8220;:5650,&#8220;type&#8220;:524,&#8220;cropped&#8220;:8},&#8220;https:\/\/estaticos-cdn.prensaiberica.es\/clip\/ab6cb941-d7af-4cd5-8ec5-e98c887a4ae0_media-libre-aspect-ratio_default_0.jpg&#8220;,[5651,5654],{&#8222;width&#8220;:519,&#8220;url&#8220;:5652,&#8220;height&#8220;:803,&#8220;quality&#8220;:538,&#8220;childPhotoClippings&#8220;:5653,&#8220;type&#8220;:524,&#8220;cropped&#8220;:8},&#8220;https:\/\/estaticos-cdn.prensaiberica.es\/clip\/ab6cb941-d7af-4cd5-8ec5-e98c887a4ae0_media-libre-aspect-ratio_640w_0.jpg&#8220;,[],{&#8222;width&#8220;:526,&#8220;url&#8220;:5655,&#8220;height&#8220;:807,&#8220;quality&#8220;:538,&#8220;childPhotoClippings&#8220;:5656,&#8220;type&#8220;:524,&#8220;cropped&#8220;:8},&#8220;https:\/\/estaticos-cdn.prensaiberica.es\/clip\/ab6cb941-d7af-4cd5-8ec5-e98c887a4ae0_media-libre-aspect-ratio_320w_0.jpg&#8220;,[],{&#8222;mainUrl&#8220;:5658,&#8220;epigraphUrl&#8220;:-1,&#8220;redirectUrl&#8220;:-1,&#8220;sourceUrl&#8220;:-1},&#8220;\/boulevard\/szene\/2025\/09\/07\/mittendrin-bei-der-patrona-magisch-121322204.html&#8220;,{&#8222;follow&#8220;:8,&#8220;linkTarget&#8220;:-1,&#8220;trackingCode&#8220;:-1,&#8220;trackingCodeAmp&#8220;:-1,&#8220;text&#8220;:-1,&#8220;url&#8220;:-1},[5661],{&#8222;name&#8220;:5662,&#8220;id&#8220;:5663,&#8220;originalId&#8220;:5664,&#8220;title&#8220;:5662,&#8220;url&#8220;:5665,&#8220;image&#8220;:-1,&#8220;description&#8220;:-1,&#8220;authorInformation&#8220;:-1,&#8220;active&#8220;:9,&#8220;urls&#8220;:5666},&#8220;Anastasia-Maria Benjawski&#8220;,&#8220;be5e9c7a-9b3b-3850-8032-a20380cde743&#8243;,&#8220;2140985&#8243;,&#8220;\/autores\/anastasia-maria-benjawski.html&#8220;,{&#8222;mainUrl&#8220;:5665,&#8220;epigraphUrl&#8220;:-1,&#8220;redirectUrl&#8220;:-1,&#8220;sourceUrl&#8220;:-1},{&#8222;name&#8220;:4938,&#8220;place&#8220;:-1,&#8220;source&#8220;:-1,&#8220;authorText&#8220;:-1},{&#8222;html&#8220;:-1,&#8220;url&#8220;:-1},[5670,5672,5674,5680,5682,5684],{&#8222;name&#8220;:2731,&#8220;id&#8220;:2732,&#8220;originalId&#8220;:2733,&#8220;title&#8220;:2731,&#8220;url&#8220;:2734,&#8220;urls&#8220;:5671,&#8220;active&#8220;:9},{&#8222;mainUrl&#8220;:2734,&#8220;epigraphUrl&#8220;:-1,&#8220;redirectUrl&#8220;:-1,&#8220;sourceUrl&#8220;:-1},{&#8222;name&#8220;:2719,&#8220;id&#8220;:2720,&#8220;originalId&#8220;:2721,&#8220;title&#8220;:2719,&#8220;url&#8220;:2722,&#8220;urls&#8220;:5673,&#8220;active&#8220;:9},{&#8222;mainUrl&#8220;:2722,&#8220;epigraphUrl&#8220;:-1,&#8220;redirectUrl&#8220;:-1,&#8220;sourceUrl&#8220;:-1},{&#8222;name&#8220;:5675,&#8220;id&#8220;:5676,&#8220;originalId&#8220;:5677,&#8220;title&#8220;:5675,&#8220;url&#8220;:5678,&#8220;urls&#8220;:5679,&#8220;active&#8220;:9},&#8220;Festivals&#8220;,&#8220;0d91c0b4-005b-39fb-bfa6-24e28c057d0c&#8220;,&#8220;REGIONALES_1583317&#8243;,&#8220;\/tags\/festivals\/&#8220;,{&#8222;mainUrl&#8220;:5678,&#8220;epigraphUrl&#8220;:-1,&#8220;redirectUrl&#8220;:-1,&#8220;sourceUrl&#8220;:-1},{&#8222;name&#8220;:2749,&#8220;id&#8220;:2750,&#8220;originalId&#8220;:2751,&#8220;title&#8220;:2749,&#8220;url&#8220;:2752,&#8220;urls&#8220;:5681,&#8220;active&#8220;:9},{&#8222;mainUrl&#8220;:2752,&#8220;epigraphUrl&#8220;:-1,&#8220;redirectUrl&#8220;:-1,&#8220;sourceUrl&#8220;:-1},{&#8222;name&#8220;:3360,&#8220;id&#8220;:3361,&#8220;originalId&#8220;:3362,&#8220;title&#8220;:3360,&#8220;url&#8220;:3363,&#8220;urls&#8220;:5683,&#8220;active&#8220;:9},{&#8222;mainUrl&#8220;:3363,&#8220;epigraphUrl&#8220;:-1,&#8220;redirectUrl&#8220;:-1,&#8220;sourceUrl&#8220;:-1},{&#8222;name&#8220;:5685,&#8220;id&#8220;:5686,&#8220;originalId&#8220;:5687,&#8220;title&#8220;:5685,&#8220;url&#8220;:5688,&#8220;urls&#8220;:5689,&#8220;active&#8220;:9},&#8220;DJ&#8220;,&#8220;8d7bc90c-4f3a-30d9-98a3-688f75225421&#8243;,&#8220;REGIONALES_1583038&#8243;,&#8220;\/tags\/dj\/&#8220;,{&#8222;mainUrl&#8220;:5688,&#8220;epigraphUrl&#8220;:-1,&#8220;redirectUrl&#8220;:-1,&#8220;sourceUrl&#8220;:-1},[],{&#8222;accessType&#8220;:1318,&#8220;interviewOptions&#8220;:5692,&#8220;frontOptions&#8220;:5693,&#8220;basicOptions&#8220;:5694,&#8220;adsOptions&#8220;:-1,&#8220;premiumOptions&#8220;:5695,&#8220;appearanceOptions&#8220;:5696,&#8220;countries&#8220;:5697,&#8220;notificationOptions&#8220;:5698,&#8220;type&#8220;:-1,&#8220;editionType&#8220;:-1,&#8220;redirectFollow&#8220;:9,&#8220;analyticsOptions&#8220;:5705,&#8220;communityOptions&#8220;:-1,&#8220;freeformHtmls&#8220;:-1,&#8220;sportsOptions&#8220;:-1},{&#8222;interviewKicker&#8220;:-1,&#8220;intervieweeRole&#8220;:-1,&#8220;isInterview&#8220;:8,&#8220;interviewee&#8220;:-1},{&#8222;showLiveIcon&#8220;:8,&#8220;excludeFromAutomaticModules&#8220;:-1,&#8220;hideColumnistStyle&#8220;:8,&#8220;showVideoIcon&#8220;:8,&#8220;showPhotoGalleryIcon&#8220;:9,&#8220;showImageSignature&#8220;:8,&#8220;specialKicker&#8220;:-1,&#8220;showSignature&#8220;:9,&#8220;hidePhoto&#8220;:8,&#8220;hideMediaReportStyle&#8220;:8,&#8220;titleSize&#8220;:-1,&#8220;showPlace&#8220;:8,&#8220;showPreTitle&#8220;:8},{&#8222;appearanceHideRelations&#8220;:8,&#8220;disablePageRefresh&#8220;:8,&#8220;appearanceHideInTagListings&#8220;:8,&#8220;denyComments&#8220;:8,&#8220;doNotGenerateAmpVersion&#8220;:8,&#8220;oldContent&#8220;:8,&#8220;sourceIsAgency&#8220;:8,&#8220;hideInLastContents&#8220;:8,&#8220;hideInTagPages&#8220;:8,&#8220;hideInMostViewed&#8220;:8,&#8220;hideInAllListings&#8220;:8,&#8220;source&#8220;:1247,&#8220;disableAmp&#8220;:8,&#8220;cxenseEnabled&#8220;:9,&#8220;isOpinion&#8220;:8},{&#8222;premiumKicker&#8220;:-1,&#8220;premiumShowButton&#8220;:8,&#8220;premiumButtonUrl&#8220;:-1,&#8220;premiumShowKicker&#8220;:8},{&#8222;hideRelations&#8220;:8,&#8220;oldContent&#8220;:8},[],{&#8222;expirationMinutes&#8220;:1252,&#8220;isPersistent&#8220;:8,&#8220;appOptions&#8220;:5699,&#8220;webOptions&#8220;:5701,&#8220;title&#8220;:5703,&#8220;body&#8220;:5704},{&#8222;sendPush&#8220;:8,&#8220;notificationButtons&#8220;:5700},[],{&#8222;sendPush&#8220;:8,&#8220;notificationButtons&#8220;:5702},[],&#8220;Mittendrin bei der \\&#8220;Patrona\\&#8220;: So magisch war die Nacht von P&#8220;,&#8220;Am Samstag (6. September) zog das Stadtfest Tausende auf den Paseo Mar\u00edtimo. Die MZ war mit dabei&#8220;,{&#8222;origin&#8220;:-1,&#8220;type&#8220;:-1,&#8220;editor&#8220;:1874,&#8220;category&#8220;:-1,&#8220;agencies&#8220;:5706,&#8220;adsTypes&#8220;:5707,&#8220;format&#8220;:1698,&#8220;variant&#8220;:1699},[],[],{&#8222;updateDate&#8220;:5709,&#8220;createDate&#8220;:5710,&#8220;releaseDate&#8220;:5711,&#8220;lastModifiedDate&#8220;:-1},[&#8222;Date&#8220;,&#8220;2025-09-07T11:19:33.000Z&#8220;],[&#8222;Date&#8220;,&#8220;2025-09-07T11:08:56.000Z&#8220;],[&#8222;Date&#8220;,&#8220;2025-09-07T11:19:33.000Z&#8220;],[5713,5715],{&#8222;name&#8220;:448,&#8220;id&#8220;:1224,&#8220;originalId&#8220;:1225,&#8220;title&#8220;:448,&#8220;url&#8220;:1226,&#8220;urls&#8220;:5714,&#8220;childUrl&#8220;:-1,&#8220;parentUrl&#8220;:-1,&#8220;active&#8220;:9,&#8220;archived&#8220;:8},{&#8222;mainUrl&#8220;:1226,&#8220;epigraphUrl&#8220;:-1,&#8220;redirectUrl&#8220;:-1,&#8220;sourceUrl&#8220;:-1},{&#8222;name&#8220;:1229,&#8220;id&#8220;:1230,&#8220;originalId&#8220;:1231,&#8220;title&#8220;:1229,&#8220;url&#8220;:1232,&#8220;urls&#8220;:5716,&#8220;childUrl&#8220;:-1,&#8220;parentUrl&#8220;:-1,&#8220;active&#8220;:9,&#8220;archived&#8220;:8},{&#8222;mainUrl&#8220;:1232,&#8220;epigraphUrl&#8220;:-1,&#8220;redirectUrl&#8220;:-1,&#8220;sourceUrl&#8220;:-1},[],{&#8222;specialText&#8220;:486,&#8220;text&#8220;:-1,&#8220;type&#8220;:-1},{&#8222;footballInfo&#8220;:-1,&#8220;firstMessages&#8220;:5720,&#8220;multimediaType&#8220;:596,&#8220;contentType&#8220;:141,&#8220;id&#8220;:5721,&#8220;contentId&#8220;:5722,&#8220;title&#8220;:5723,&#8220;subtitle&#8220;:-1,&#8220;subtitleTwo&#8220;:-1,&#8220;photoClippings&#8220;:5724,&#8220;urls&#8220;:5743,&#8220;url&#8220;:5744,&#8220;sponsorship&#8220;:5745,&#8220;authors&#8220;:5746,&#8220;signature&#8220;:-1,&#8220;photoSignature&#8220;:5750,&#8220;qualityUrls&#8220;:-1,&#8220;embedInfo&#8220;:5751,&#8220;tags&#8220;:5752,&#8220;hyperlocalisms&#8220;:5787,&#8220;options&#8220;:5788,&#8220;externalOptions&#8220;:-1,&#8220;dates&#8220;:5805,&#8220;player&#8220;:-1,&#8220;originalId&#8220;:5722,&#8220;liveOptions&#8220;:-1,&#8220;epigraph&#8220;:-1,&#8220;photoDescription&#8220;:-1,&#8220;sections&#8220;:5809,&#8220;relatedContents&#8220;:5814,&#8220;kicker&#8220;:5815,&#8220;published&#8220;:9,&#8220;featuredHtml&#8220;:-1},[],&#8220;4d6d56f1-b060-3b4f-acb1-afbb7845f544&#8243;,&#8220;121222654&#8243;,&#8220;Der Ballermann wird jeck: Das erwartet Sie bei den K\u00f6lschen Wochen&#8220;,[5725,5734],{&#8222;width&#8220;:432,&#8220;url&#8220;:5726,&#8220;height&#8220;:435,&#8220;quality&#8220;:72,&#8220;childPhotoClippings&#8220;:5727,&#8220;type&#8220;:524,&#8220;cropped&#8220;:8},&#8220;https:\/\/estaticos-cdn.prensaiberica.es\/clip\/54cb727e-713b-4fb3-903d-4d4268d8aa06_16-9-discover-aspect-ratio_default_0.jpg&#8220;,[5728,5731],{&#8222;width&#8220;:519,&#8220;url&#8220;:5729,&#8220;height&#8220;:823,&#8220;quality&#8220;:824,&#8220;childPhotoClippings&#8220;:5730,&#8220;type&#8220;:524,&#8220;cropped&#8220;:8},&#8220;https:\/\/estaticos-cdn.prensaiberica.es\/clip\/54cb727e-713b-4fb3-903d-4d4268d8aa06_16-9-discover-aspect-ratio_640w_0.jpg&#8220;,[],{&#8222;width&#8220;:526,&#8220;url&#8220;:5732,&#8220;height&#8220;:828,&#8220;quality&#8220;:824,&#8220;childPhotoClippings&#8220;:5733,&#8220;type&#8220;:524,&#8220;cropped&#8220;:8},&#8220;https:\/\/estaticos-cdn.prensaiberica.es\/clip\/54cb727e-713b-4fb3-903d-4d4268d8aa06_16-9-discover-aspect-ratio_320w_0.jpg&#8220;,[],{&#8222;width&#8220;:532,&#8220;url&#8220;:5735,&#8220;height&#8220;:811,&#8220;quality&#8220;:73,&#8220;childPhotoClippings&#8220;:5736,&#8220;type&#8220;:530,&#8220;cropped&#8220;:8},&#8220;https:\/\/estaticos-cdn.prensaiberica.es\/clip\/54cb727e-713b-4fb3-903d-4d4268d8aa06_media-libre-aspect-ratio_default_0.jpg&#8220;,[5737,5740],{&#8222;width&#8220;:519,&#8220;url&#8220;:5738,&#8220;height&#8220;:803,&#8220;quality&#8220;:538,&#8220;childPhotoClippings&#8220;:5739,&#8220;type&#8220;:524,&#8220;cropped&#8220;:8},&#8220;https:\/\/estaticos-cdn.prensaiberica.es\/clip\/54cb727e-713b-4fb3-903d-4d4268d8aa06_media-libre-aspect-ratio_640w_0.jpg&#8220;,[],{&#8222;width&#8220;:526,&#8220;url&#8220;:5741,&#8220;height&#8220;:807,&#8220;quality&#8220;:538,&#8220;childPhotoClippings&#8220;:5742,&#8220;type&#8220;:524,&#8220;cropped&#8220;:8},&#8220;https:\/\/estaticos-cdn.prensaiberica.es\/clip\/54cb727e-713b-4fb3-903d-4d4268d8aa06_media-libre-aspect-ratio_320w_0.jpg&#8220;,[],{&#8222;mainUrl&#8220;:5744,&#8220;epigraphUrl&#8220;:-1,&#8220;redirectUrl&#8220;:-1,&#8220;sourceUrl&#8220;:-1},&#8220;\/boulevard\/szene\/2025\/09\/07\/karneval-koelsche-woche-ballermann-121222654.html&#8220;,{&#8222;follow&#8220;:8,&#8220;linkTarget&#8220;:-1,&#8220;trackingCode&#8220;:-1,&#8220;trackingCodeAmp&#8220;:-1,&#8220;text&#8220;:-1,&#8220;url&#8220;:-1},[5747],{&#8222;name&#8220;:418,&#8220;id&#8220;:2009,&#8220;originalId&#8220;:2010,&#8220;title&#8220;:418,&#8220;url&#8220;:2011,&#8220;image&#8220;:2012,&#8220;description&#8220;:2013,&#8220;authorInformation&#8220;:5748,&#8220;active&#8220;:9,&#8220;urls&#8220;:5749},{&#8222;position&#8220;:-1,&#8220;twitterUsername&#8220;:-1,&#8220;socialNetworks&#8220;:-1},{&#8222;mainUrl&#8220;:2011,&#8220;epigraphUrl&#8220;:-1,&#8220;redirectUrl&#8220;:-1,&#8220;sourceUrl&#8220;:-1},{&#8222;name&#8220;:5151,&#8220;place&#8220;:-1,&#8220;source&#8220;:-1,&#8220;authorText&#8220;:-1},{&#8222;html&#8220;:-1,&#8220;url&#8220;:-1},[5753,5755,5761,5767,5773,5775,5781],{&#8222;name&#8220;:1236,&#8220;id&#8220;:1237,&#8220;originalId&#8220;:1238,&#8220;title&#8220;:1236,&#8220;url&#8220;:1239,&#8220;urls&#8220;:5754,&#8220;active&#8220;:9},{&#8222;mainUrl&#8220;:1239,&#8220;epigraphUrl&#8220;:-1,&#8220;redirectUrl&#8220;:-1,&#8220;sourceUrl&#8220;:-1},{&#8222;name&#8220;:5756,&#8220;id&#8220;:5757,&#8220;originalId&#8220;:5758,&#8220;title&#8220;:5756,&#8220;url&#8220;:5759,&#8220;urls&#8220;:5760,&#8220;active&#8220;:9},&#8220;Bierstra\u00dfe&#8220;,&#8220;26450b22-6227-3b9d-a59a-f2cd8f12135e&#8220;,&#8220;REGIONALES_1582542&#8243;,&#8220;\/tags\/bierstrasse\/&#8220;,{&#8222;mainUrl&#8220;:5759,&#8220;epigraphUrl&#8220;:-1,&#8220;redirectUrl&#8220;:-1,&#8220;sourceUrl&#8220;:-1},{&#8222;name&#8220;:5762,&#8220;id&#8220;:5763,&#8220;originalId&#8220;:5764,&#8220;title&#8220;:5762,&#8220;url&#8220;:5765,&#8220;urls&#8220;:5766,&#8220;active&#8220;:9},&#8220;Karneval&#8220;,&#8220;3cd81bfd-1797-33ca-a9f4-46a32b84ea5f&#8220;,&#8220;REGIONALES_1584138&#8243;,&#8220;\/tags\/karneval\/&#8220;,{&#8222;mainUrl&#8220;:5765,&#8220;epigraphUrl&#8220;:-1,&#8220;redirectUrl&#8220;:-1,&#8220;sourceUrl&#8220;:-1},{&#8222;name&#8220;:5768,&#8220;id&#8220;:5769,&#8220;originalId&#8220;:5770,&#8220;title&#8220;:5768,&#8220;url&#8220;:5771,&#8220;urls&#8220;:5772,&#8220;active&#8220;:9},&#8220;K\u00f6lsche Woche&#8220;,&#8220;5a2ddeea-a5f3-348d-bac0-867c6ea58ff6&#8243;,&#8220;REGIONALES_1740971&#8243;,&#8220;\/tags\/koelsche-woche\/&#8220;,{&#8222;mainUrl&#8220;:5771,&#8220;epigraphUrl&#8220;:-1,&#8220;redirectUrl&#8220;:-1,&#8220;sourceUrl&#8220;:-1},{&#8222;name&#8220;:1967,&#8220;id&#8220;:1968,&#8220;originalId&#8220;:1969,&#8220;title&#8220;:1967,&#8220;url&#8220;:1970,&#8220;urls&#8220;:5774,&#8220;active&#8220;:9},{&#8222;mainUrl&#8220;:1970,&#8220;epigraphUrl&#8220;:-1,&#8220;redirectUrl&#8220;:-1,&#8220;sourceUrl&#8220;:-1},{&#8222;name&#8220;:5776,&#8220;id&#8220;:5777,&#8220;originalId&#8220;:5778,&#8220;title&#8220;:5776,&#8220;url&#8220;:5779,&#8220;urls&#8220;:5780,&#8220;active&#8220;:9},&#8220;Partyszene&#8220;,&#8220;46c9b730-814f-384c-bd1b-0906efb7253c&#8220;,&#8220;REGIONALES_1706580&#8243;,&#8220;\/tags\/partyszene\/&#8220;,{&#8222;mainUrl&#8220;:5779,&#8220;epigraphUrl&#8220;:-1,&#8220;redirectUrl&#8220;:-1,&#8220;sourceUrl&#8220;:-1},{&#8222;name&#8220;:5782,&#8220;id&#8220;:5783,&#8220;originalId&#8220;:5784,&#8220;title&#8220;:5782,&#8220;url&#8220;:5785,&#8220;urls&#8220;:5786,&#8220;active&#8220;:9},&#8220;Bier&#8220;,&#8220;26f8e4f3-89d0-3c40-b002-e23129bc1849&#8243;,&#8220;REGIONALES_1582539&#8243;,&#8220;\/tags\/bier\/&#8220;,{&#8222;mainUrl&#8220;:5785,&#8220;epigraphUrl&#8220;:-1,&#8220;redirectUrl&#8220;:-1,&#8220;sourceUrl&#8220;:-1},[],{&#8222;accessType&#8220;:1859,&#8220;interviewOptions&#8220;:5789,&#8220;frontOptions&#8220;:5790,&#8220;basicOptions&#8220;:5791,&#8220;adsOptions&#8220;:-1,&#8220;premiumOptions&#8220;:5792,&#8220;appearanceOptions&#8220;:5793,&#8220;countries&#8220;:5794,&#8220;notificationOptions&#8220;:5795,&#8220;type&#8220;:-1,&#8220;editionType&#8220;:-1,&#8220;redirectFollow&#8220;:9,&#8220;analyticsOptions&#8220;:5802,&#8220;communityOptions&#8220;:-1,&#8220;freeformHtmls&#8220;:-1,&#8220;sportsOptions&#8220;:-1},{&#8222;interviewKicker&#8220;:-1,&#8220;intervieweeRole&#8220;:-1,&#8220;isInterview&#8220;:8,&#8220;interviewee&#8220;:-1},{&#8222;showLiveIcon&#8220;:8,&#8220;excludeFromAutomaticModules&#8220;:-1,&#8220;hideColumnistStyle&#8220;:8,&#8220;showVideoIcon&#8220;:8,&#8220;showPhotoGalleryIcon&#8220;:9,&#8220;showImageSignature&#8220;:8,&#8220;specialKicker&#8220;:-1,&#8220;showSignature&#8220;:9,&#8220;hidePhoto&#8220;:8,&#8220;hideMediaReportStyle&#8220;:8,&#8220;titleSize&#8220;:-1,&#8220;showPlace&#8220;:8,&#8220;showPreTitle&#8220;:8},{&#8222;appearanceHideRelations&#8220;:8,&#8220;disablePageRefresh&#8220;:8,&#8220;appearanceHideInTagListings&#8220;:8,&#8220;denyComments&#8220;:8,&#8220;doNotGenerateAmpVersion&#8220;:8,&#8220;oldContent&#8220;:8,&#8220;sourceIsAgency&#8220;:8,&#8220;hideInLastContents&#8220;:8,&#8220;hideInTagPages&#8220;:8,&#8220;hideInMostViewed&#8220;:8,&#8220;hideInAllListings&#8220;:8,&#8220;source&#8220;:2487,&#8220;disableAmp&#8220;:8,&#8220;cxenseEnabled&#8220;:9,&#8220;isOpinion&#8220;:8},{&#8222;premiumKicker&#8220;:-1,&#8220;premiumShowButton&#8220;:8,&#8220;premiumButtonUrl&#8220;:-1,&#8220;premiumShowKicker&#8220;:8},{&#8222;hideRelations&#8220;:8,&#8220;oldContent&#8220;:8},[],{&#8222;expirationMinutes&#8220;:1252,&#8220;isPersistent&#8220;:8,&#8220;appOptions&#8220;:5796,&#8220;webOptions&#8220;:5798,&#8220;title&#8220;:5800,&#8220;body&#8220;:5801},{&#8222;sendPush&#8220;:8,&#8220;notificationButtons&#8220;:5797},[],{&#8222;sendPush&#8220;:8,&#8220;notificationButtons&#8220;:5799},[],&#8220;Der Ballermann wird jeck: Das erwartet Sie bei den K\u00f6lschen &#8222;,&#8220;Wenn auch offiziell ohne die Merowinger: Die K\u00f6lner werden dieser Tage an der Playa de Palma gl\u00fccklich. Das Programm  im \u00dcberblick&#8220;,{&#8222;origin&#8220;:-1,&#8220;type&#8220;:-1,&#8220;editor&#8220;:2499,&#8220;category&#8220;:-1,&#8220;agencies&#8220;:5803,&#8220;adsTypes&#8220;:5804,&#8220;format&#8220;:1698,&#8220;variant&#8220;:1699},[],[],{&#8222;updateDate&#8220;:5806,&#8220;createDate&#8220;:5807,&#8220;releaseDate&#8220;:5808,&#8220;lastModifiedDate&#8220;:-1},[&#8222;Date&#8220;,&#8220;2025-09-07T09:35:03.000Z&#8220;],[&#8222;Date&#8220;,&#8220;2025-09-04T07:23:53.000Z&#8220;],[&#8222;Date&#8220;,&#8220;2025-09-07T07:09:27.000Z&#8220;],[5810,5812],{&#8222;name&#8220;:448,&#8220;id&#8220;:1224,&#8220;originalId&#8220;:1225,&#8220;title&#8220;:448,&#8220;url&#8220;:1226,&#8220;urls&#8220;:5811,&#8220;childUrl&#8220;:-1,&#8220;parentUrl&#8220;:-1,&#8220;active&#8220;:9,&#8220;archived&#8220;:8},{&#8222;mainUrl&#8220;:1226,&#8220;epigraphUrl&#8220;:-1,&#8220;redirectUrl&#8220;:-1,&#8220;sourceUrl&#8220;:-1},{&#8222;name&#8220;:1229,&#8220;id&#8220;:1230,&#8220;originalId&#8220;:1231,&#8220;title&#8220;:1229,&#8220;url&#8220;:1232,&#8220;urls&#8220;:5813,&#8220;childUrl&#8220;:-1,&#8220;parentUrl&#8220;:-1,&#8220;active&#8220;:9,&#8220;archived&#8220;:8},{&#8222;mainUrl&#8220;:1232,&#8220;epigraphUrl&#8220;:-1,&#8220;redirectUrl&#8220;:-1,&#8220;sourceUrl&#8220;:-1},[],{&#8222;specialText&#8220;:486,&#8220;text&#8220;:-1,&#8220;type&#8220;:-1},{&#8222;footballInfo&#8220;:-1,&#8220;firstMessages&#8220;:5817,&#8220;multimediaType&#8220;:596,&#8220;contentType&#8220;:141,&#8220;id&#8220;:5818,&#8220;contentId&#8220;:5819,&#8220;title&#8220;:5820,&#8220;subtitle&#8220;:-1,&#8220;subtitleTwo&#8220;:-1,&#8220;photoClippings&#8220;:5821,&#8220;urls&#8220;:5840,&#8220;url&#8220;:5841,&#8220;sponsorship&#8220;:5842,&#8220;authors&#8220;:5843,&#8220;signature&#8220;:-1,&#8220;photoSignature&#8220;:5846,&#8220;qualityUrls&#8220;:-1,&#8220;embedInfo&#8220;:5847,&#8220;tags&#8220;:5848,&#8220;hyperlocalisms&#8220;:5897,&#8220;options&#8220;:5898,&#8220;externalOptions&#8220;:-1,&#8220;dates&#8220;:5915,&#8220;player&#8220;:-1,&#8220;originalId&#8220;:5819,&#8220;liveOptions&#8220;:-1,&#8220;epigraph&#8220;:-1,&#8220;photoDescription&#8220;:-1,&#8220;sections&#8220;:5919,&#8220;relatedContents&#8220;:5924,&#8220;kicker&#8220;:5925,&#8220;published&#8220;:9,&#8220;featuredHtml&#8220;:-1},[],&#8220;6fb7f345-a39e-3cce-bca0-2fbe914b95c2&#8243;,&#8220;121222680&#8243;,&#8220;Techno statt Tunnel: An der Pla\u00e7a Gomila er\u00f6ffnet der neue S\u00f3tano Club&#8220;,[5822,5831],{&#8222;width&#8220;:432,&#8220;url&#8220;:5823,&#8220;height&#8220;:435,&#8220;quality&#8220;:72,&#8220;childPhotoClippings&#8220;:5824,&#8220;type&#8220;:524,&#8220;cropped&#8220;:8},&#8220;https:\/\/estaticos-cdn.prensaiberica.es\/clip\/0463024a-2c9e-43c4-9cc8-a45afb08f790_16-9-discover-aspect-ratio_default_0.jpg&#8220;,[5825,5828],{&#8222;width&#8220;:519,&#8220;url&#8220;:5826,&#8220;height&#8220;:823,&#8220;quality&#8220;:824,&#8220;childPhotoClippings&#8220;:5827,&#8220;type&#8220;:524,&#8220;cropped&#8220;:8},&#8220;https:\/\/estaticos-cdn.prensaiberica.es\/clip\/0463024a-2c9e-43c4-9cc8-a45afb08f790_16-9-discover-aspect-ratio_640w_0.jpg&#8220;,[],{&#8222;width&#8220;:526,&#8220;url&#8220;:5829,&#8220;height&#8220;:828,&#8220;quality&#8220;:824,&#8220;childPhotoClippings&#8220;:5830,&#8220;type&#8220;:524,&#8220;cropped&#8220;:8},&#8220;https:\/\/estaticos-cdn.prensaiberica.es\/clip\/0463024a-2c9e-43c4-9cc8-a45afb08f790_16-9-discover-aspect-ratio_320w_0.jpg&#8220;,[],{&#8222;width&#8220;:532,&#8220;url&#8220;:5832,&#8220;height&#8220;:811,&#8220;quality&#8220;:73,&#8220;childPhotoClippings&#8220;:5833,&#8220;type&#8220;:530,&#8220;cropped&#8220;:8},&#8220;https:\/\/estaticos-cdn.prensaiberica.es\/clip\/0463024a-2c9e-43c4-9cc8-a45afb08f790_media-libre-aspect-ratio_default_0.jpg&#8220;,[5834,5837],{&#8222;width&#8220;:519,&#8220;url&#8220;:5835,&#8220;height&#8220;:803,&#8220;quality&#8220;:538,&#8220;childPhotoClippings&#8220;:5836,&#8220;type&#8220;:524,&#8220;cropped&#8220;:8},&#8220;https:\/\/estaticos-cdn.prensaiberica.es\/clip\/0463024a-2c9e-43c4-9cc8-a45afb08f790_media-libre-aspect-ratio_640w_0.jpg&#8220;,[],{&#8222;width&#8220;:526,&#8220;url&#8220;:5838,&#8220;height&#8220;:807,&#8220;quality&#8220;:538,&#8220;childPhotoClippings&#8220;:5839,&#8220;type&#8220;:524,&#8220;cropped&#8220;:8},&#8220;https:\/\/estaticos-cdn.prensaiberica.es\/clip\/0463024a-2c9e-43c4-9cc8-a45afb08f790_media-libre-aspect-ratio_320w_0.jpg&#8220;,[],{&#8222;mainUrl&#8220;:5841,&#8220;epigraphUrl&#8220;:-1,&#8220;redirectUrl&#8220;:-1,&#8220;sourceUrl&#8220;:-1},&#8220;\/boulevard\/szene\/2025\/09\/06\/techno-statt-tunnel-an-der-121222680.html&#8220;,{&#8222;follow&#8220;:8,&#8220;linkTarget&#8220;:-1,&#8220;trackingCode&#8220;:-1,&#8220;trackingCodeAmp&#8220;:-1,&#8220;text&#8220;:-1,&#8220;url&#8220;:-1},[5844],{&#8222;name&#8220;:1839,&#8220;id&#8220;:1840,&#8220;originalId&#8220;:1841,&#8220;title&#8220;:1839,&#8220;url&#8220;:1842,&#8220;image&#8220;:1843,&#8220;description&#8220;:1844,&#8220;authorInformation&#8220;:-1,&#8220;active&#8220;:9,&#8220;urls&#8220;:5845},{&#8222;mainUrl&#8220;:1842,&#8220;epigraphUrl&#8220;:-1,&#8220;redirectUrl&#8220;:-1,&#8220;sourceUrl&#8220;:-1},{&#8222;name&#8220;:5151,&#8220;place&#8220;:-1,&#8220;source&#8220;:-1,&#8220;authorText&#8220;:-1},{&#8222;html&#8220;:-1,&#8220;url&#8220;:-1},[5849,5851,5853,5859,5865,5867,5869,5875,5877,5883,5885,5891],{&#8222;name&#8220;:2737,&#8220;id&#8220;:2738,&#8220;originalId&#8220;:2739,&#8220;title&#8220;:2737,&#8220;url&#8220;:2740,&#8220;urls&#8220;:5850,&#8220;active&#8220;:9},{&#8222;mainUrl&#8220;:2740,&#8220;epigraphUrl&#8220;:-1,&#8220;redirectUrl&#8220;:-1,&#8220;sourceUrl&#8220;:-1},{&#8222;name&#8220;:5685,&#8220;id&#8220;:5686,&#8220;originalId&#8220;:5687,&#8220;title&#8220;:5685,&#8220;url&#8220;:5688,&#8220;urls&#8220;:5852,&#8220;active&#8220;:9},{&#8222;mainUrl&#8220;:5688,&#8220;epigraphUrl&#8220;:-1,&#8220;redirectUrl&#8220;:-1,&#8220;sourceUrl&#8220;:-1},{&#8222;name&#8220;:5854,&#8220;id&#8220;:5855,&#8220;originalId&#8220;:5856,&#8220;title&#8220;:5854,&#8220;url&#8220;:5857,&#8220;urls&#8220;:5858,&#8220;active&#8220;:9},&#8220;Techno&#8220;,&#8220;ee1dd2b3-0dd1-3222-87c6-fd52793540a0&#8243;,&#8220;REGIONALES_1586245&#8243;,&#8220;\/tags\/techno\/&#8220;,{&#8222;mainUrl&#8220;:5857,&#8220;epigraphUrl&#8220;:-1,&#8220;redirectUrl&#8220;:-1,&#8220;sourceUrl&#8220;:-1},{&#8222;name&#8220;:5860,&#8220;id&#8220;:5861,&#8220;originalId&#8220;:5862,&#8220;title&#8220;:5860,&#8220;url&#8220;:5863,&#8220;urls&#8220;:5864,&#8220;active&#8220;:9},&#8220;Dance&#8220;,&#8220;c83e3e9f-4508-3e55-9f88-fb6faa7e0fd4&#8243;,&#8220;REGIONALES_1582956&#8243;,&#8220;\/tags\/dance\/&#8220;,{&#8222;mainUrl&#8220;:5863,&#8220;epigraphUrl&#8220;:-1,&#8220;redirectUrl&#8220;:-1,&#8220;sourceUrl&#8220;:-1},{&#8222;name&#8220;:2725,&#8220;id&#8220;:2726,&#8220;originalId&#8220;:2727,&#8220;title&#8220;:2725,&#8220;url&#8220;:2728,&#8220;urls&#8220;:5866,&#8220;active&#8220;:9},{&#8222;mainUrl&#8220;:2728,&#8220;epigraphUrl&#8220;:-1,&#8220;redirectUrl&#8220;:-1,&#8220;sourceUrl&#8220;:-1},{&#8222;name&#8220;:5161,&#8220;id&#8220;:5162,&#8220;originalId&#8220;:5163,&#8220;title&#8220;:5161,&#8220;url&#8220;:5164,&#8220;urls&#8220;:5868,&#8220;active&#8220;:9},{&#8222;mainUrl&#8220;:5164,&#8220;epigraphUrl&#8220;:-1,&#8220;redirectUrl&#8220;:-1,&#8220;sourceUrl&#8220;:-1},{&#8222;name&#8220;:5870,&#8220;id&#8220;:5871,&#8220;originalId&#8220;:5872,&#8220;title&#8220;:5870,&#8220;url&#8220;:5873,&#8220;urls&#8220;:5874,&#8220;active&#8220;:9},&#8220;Musik&#8220;,&#8220;e4861d90-8180-3a94-8117-e23da05f1ac7&#8243;,&#8220;REGIONALES_1584905&#8243;,&#8220;\/tag\/musik\/&#8220;,{&#8222;mainUrl&#8220;:5873,&#8220;epigraphUrl&#8220;:-1,&#8220;redirectUrl&#8220;:-1,&#8220;sourceUrl&#8220;:-1},{&#8222;name&#8220;:3360,&#8220;id&#8220;:3361,&#8220;originalId&#8220;:3362,&#8220;title&#8220;:3360,&#8220;url&#8220;:3363,&#8220;urls&#8220;:5876,&#8220;active&#8220;:9},{&#8222;mainUrl&#8220;:3363,&#8220;epigraphUrl&#8220;:-1,&#8220;redirectUrl&#8220;:-1,&#8220;sourceUrl&#8220;:-1},{&#8222;name&#8220;:5878,&#8220;id&#8220;:5879,&#8220;originalId&#8220;:5880,&#8220;title&#8220;:5878,&#8220;url&#8220;:5881,&#8220;urls&#8220;:5882,&#8220;active&#8220;:9},&#8220;Pla\u00e7a Gomila&#8220;,&#8220;a57cf2a9-c6b9-37d8-9fa5-20c2c3202ea6&#8243;,&#8220;REGIONALES_1696228&#8243;,&#8220;\/tags\/placa-gomila\/&#8220;,{&#8222;mainUrl&#8220;:5881,&#8220;epigraphUrl&#8220;:-1,&#8220;redirectUrl&#8220;:-1,&#8220;sourceUrl&#8220;:-1},{&#8222;name&#8220;:2731,&#8220;id&#8220;:2732,&#8220;originalId&#8220;:2733,&#8220;title&#8220;:2731,&#8220;url&#8220;:2734,&#8220;urls&#8220;:5884,&#8220;active&#8220;:9},{&#8222;mainUrl&#8220;:2734,&#8220;epigraphUrl&#8220;:-1,&#8220;redirectUrl&#8220;:-1,&#8220;sourceUrl&#8220;:-1},{&#8222;name&#8220;:5886,&#8220;id&#8220;:5887,&#8220;originalId&#8220;:5888,&#8220;title&#8220;:5886,&#8220;url&#8220;:5889,&#8220;urls&#8220;:5890,&#8220;active&#8220;:9},&#8220;Diskotheken&#8220;,&#8220;533a7570-1f69-39a7-af8a-2a32e61647c4&#8243;,&#8220;REGIONALES_1583034&#8243;,&#8220;\/tags\/diskotheken\/&#8220;,{&#8222;mainUrl&#8220;:5889,&#8220;epigraphUrl&#8220;:-1,&#8220;redirectUrl&#8220;:-1,&#8220;sourceUrl&#8220;:-1},{&#8222;name&#8220;:5892,&#8220;id&#8220;:5893,&#8220;originalId&#8220;:5894,&#8220;title&#8220;:5892,&#8220;url&#8220;:5895,&#8220;urls&#8220;:5896,&#8220;active&#8220;:9},&#8220;Konzerte Mallorca&#8220;,&#8220;6a3ab047-0082-3595-ac9e-da837ee3b21f&#8220;,&#8220;REGIONALES_1584248&#8243;,&#8220;\/tags\/konzerte-mallorca\/&#8220;,{&#8222;mainUrl&#8220;:5895,&#8220;epigraphUrl&#8220;:-1,&#8220;redirectUrl&#8220;:-1,&#8220;sourceUrl&#8220;:-1},[],{&#8222;accessType&#8220;:1859,&#8220;interviewOptions&#8220;:5899,&#8220;frontOptions&#8220;:5900,&#8220;basicOptions&#8220;:5901,&#8220;adsOptions&#8220;:-1,&#8220;premiumOptions&#8220;:5902,&#8220;appearanceOptions&#8220;:5903,&#8220;countries&#8220;:5904,&#8220;notificationOptions&#8220;:5905,&#8220;type&#8220;:-1,&#8220;editionType&#8220;:-1,&#8220;redirectFollow&#8220;:9,&#8220;analyticsOptions&#8220;:5912,&#8220;communityOptions&#8220;:-1,&#8220;freeformHtmls&#8220;:-1,&#8220;sportsOptions&#8220;:-1},{&#8222;interviewKicker&#8220;:-1,&#8220;intervieweeRole&#8220;:-1,&#8220;isInterview&#8220;:8,&#8220;interviewee&#8220;:-1},{&#8222;showLiveIcon&#8220;:8,&#8220;excludeFromAutomaticModules&#8220;:-1,&#8220;hideColumnistStyle&#8220;:8,&#8220;showVideoIcon&#8220;:8,&#8220;showPhotoGalleryIcon&#8220;:8,&#8220;showImageSignature&#8220;:8,&#8220;specialKicker&#8220;:-1,&#8220;showSignature&#8220;:9,&#8220;hidePhoto&#8220;:8,&#8220;hideMediaReportStyle&#8220;:8,&#8220;titleSize&#8220;:-1,&#8220;showPlace&#8220;:8,&#8220;showPreTitle&#8220;:8},{&#8222;appearanceHideRelations&#8220;:8,&#8220;disablePageRefresh&#8220;:8,&#8220;appearanceHideInTagListings&#8220;:8,&#8220;denyComments&#8220;:8,&#8220;doNotGenerateAmpVersion&#8220;:8,&#8220;oldContent&#8220;:8,&#8220;sourceIsAgency&#8220;:8,&#8220;hideInLastContents&#8220;:8,&#8220;hideInTagPages&#8220;:8,&#8220;hideInMostViewed&#8220;:8,&#8220;hideInAllListings&#8220;:8,&#8220;source&#8220;:2487,&#8220;disableAmp&#8220;:8,&#8220;cxenseEnabled&#8220;:9,&#8220;isOpinion&#8220;:8},{&#8222;premiumKicker&#8220;:-1,&#8220;premiumShowButton&#8220;:8,&#8220;premiumButtonUrl&#8220;:-1,&#8220;premiumShowKicker&#8220;:8},{&#8222;hideRelations&#8220;:8,&#8220;oldContent&#8220;:8},[],{&#8222;expirationMinutes&#8220;:1252,&#8220;isPersistent&#8220;:8,&#8220;appOptions&#8220;:5906,&#8220;webOptions&#8220;:5908,&#8220;title&#8220;:5910,&#8220;body&#8220;:5911},{&#8222;sendPush&#8220;:8,&#8220;notificationButtons&#8220;:5907},[],{&#8222;sendPush&#8220;:8,&#8220;notificationButtons&#8220;:5909},[],&#8220;Techno statt Tunnel: An der Pla\u00e7a Gomila er\u00f6ffnet der neue S&#8220;,&#8220;Ein bekanntes DJ-Paar hat den ehemaligen Rockclub in Palma \u00fcbernommen \u2013 mit neuem Konzept und dem Ziel \\&#8220;Let\u2019s make Gomila dance again\\&#8220;. Das gro\u00dfe Opening fand am Samstag (6.9.) statt&#8220;,{&#8222;origin&#8220;:-1,&#8220;type&#8220;:-1,&#8220;editor&#8220;:2499,&#8220;category&#8220;:-1,&#8220;agencies&#8220;:5913,&#8220;adsTypes&#8220;:5914,&#8220;format&#8220;:1698,&#8220;variant&#8220;:1699},[],[],{&#8222;updateDate&#8220;:5916,&#8220;createDate&#8220;:5917,&#8220;releaseDate&#8220;:5918,&#8220;lastModifiedDate&#8220;:-1},[&#8222;Date&#8220;,&#8220;2025-09-07T07:57:11.000Z&#8220;],[&#8222;Date&#8220;,&#8220;2025-09-04T07:24:10.000Z&#8220;],[&#8222;Date&#8220;,&#8220;2025-09-06T11:10:09.000Z&#8220;],[5920,5922],{&#8222;name&#8220;:448,&#8220;id&#8220;:1224,&#8220;originalId&#8220;:1225,&#8220;title&#8220;:448,&#8220;url&#8220;:1226,&#8220;urls&#8220;:5921,&#8220;childUrl&#8220;:-1,&#8220;parentUrl&#8220;:-1,&#8220;active&#8220;:9,&#8220;archived&#8220;:8},{&#8222;mainUrl&#8220;:1226,&#8220;epigraphUrl&#8220;:-1,&#8220;redirectUrl&#8220;:-1,&#8220;sourceUrl&#8220;:-1},{&#8222;name&#8220;:1229,&#8220;id&#8220;:1230,&#8220;originalId&#8220;:1231,&#8220;title&#8220;:1229,&#8220;url&#8220;:1232,&#8220;urls&#8220;:5923,&#8220;childUrl&#8220;:-1,&#8220;parentUrl&#8220;:-1,&#8220;active&#8220;:9,&#8220;archived&#8220;:8},{&#8222;mainUrl&#8220;:1232,&#8220;epigraphUrl&#8220;:-1,&#8220;redirectUrl&#8220;:-1,&#8220;sourceUrl&#8220;:-1},[],{&#8222;specialText&#8220;:486,&#8220;text&#8220;:-1,&#8220;type&#8220;:-1},{&#8222;footballInfo&#8220;:-1,&#8220;firstMessages&#8220;:5927,&#8220;multimediaType&#8220;:596,&#8220;contentType&#8220;:141,&#8220;id&#8220;:5928,&#8220;contentId&#8220;:5929,&#8220;title&#8220;:5930,&#8220;subtitle&#8220;:-1,&#8220;subtitleTwo&#8220;:-1,&#8220;photoClippings&#8220;:5931,&#8220;urls&#8220;:5953,&#8220;url&#8220;:5954,&#8220;sponsorship&#8220;:5955,&#8220;authors&#8220;:5956,&#8220;signature&#8220;:-1,&#8220;photoSignature&#8220;:-1,&#8220;qualityUrls&#8220;:-1,&#8220;embedInfo&#8220;:5959,&#8220;tags&#8220;:5960,&#8220;hyperlocalisms&#8220;:5989,&#8220;options&#8220;:5990,&#8220;externalOptions&#8220;:-1,&#8220;dates&#8220;:6007,&#8220;player&#8220;:-1,&#8220;originalId&#8220;:5929,&#8220;liveOptions&#8220;:-1,&#8220;epigraph&#8220;:-1,&#8220;photoDescription&#8220;:-1,&#8220;sections&#8220;:6011,&#8220;relatedContents&#8220;:6016,&#8220;kicker&#8220;:6017,&#8220;published&#8220;:9,&#8220;featuredHtml&#8220;:-1},[],&#8220;defa35b3-7798-38ce-9e4b-ccc9fc7cd90e&#8220;,&#8220;121006498&#8243;,&#8220;Letzte Bastion am Ballermann: Was die Bogart\u2019s Bar so besonders macht&#8220;,[5932,5941],{&#8222;width&#8220;:2520,&#8220;url&#8220;:5933,&#8220;height&#8220;:534,&#8220;quality&#8220;:2522,&#8220;childPhotoClippings&#8220;:5934,&#8220;type&#8220;:524,&#8220;cropped&#8220;:8},&#8220;https:\/\/estaticos-cdn.prensaiberica.es\/clip\/922e163b-2419-4e1c-91e2-291b83b3583c_16-9-aspect-ratio_default_0.jpg&#8220;,[5935,5938],{&#8222;width&#8220;:519,&#8220;url&#8220;:5936,&#8220;height&#8220;:823,&#8220;quality&#8220;:73,&#8220;childPhotoClippings&#8220;:5937,&#8220;type&#8220;:524,&#8220;cropped&#8220;:8},&#8220;https:\/\/estaticos-cdn.prensaiberica.es\/clip\/922e163b-2419-4e1c-91e2-291b83b3583c_16-9-aspect-ratio_640w_0.jpg&#8220;,[],{&#8222;width&#8220;:526,&#8220;url&#8220;:5939,&#8220;height&#8220;:828,&#8220;quality&#8220;:73,&#8220;childPhotoClippings&#8220;:5940,&#8220;type&#8220;:524,&#8220;cropped&#8220;:8},&#8220;https:\/\/estaticos-cdn.prensaiberica.es\/clip\/922e163b-2419-4e1c-91e2-291b83b3583c_16-9-aspect-ratio_320w_0.jpg&#8220;,[],{&#8222;width&#8220;:532,&#8220;url&#8220;:5942,&#8220;height&#8220;:5943,&#8220;quality&#8220;:73,&#8220;childPhotoClippings&#8220;:5944,&#8220;type&#8220;:530,&#8220;cropped&#8220;:8},&#8220;https:\/\/estaticos-cdn.prensaiberica.es\/clip\/922e163b-2419-4e1c-91e2-291b83b3583c_media-libre-aspect-ratio_default_0.jpg&#8220;,&#8220;361&#8243;,[5945,5949],{&#8222;width&#8220;:519,&#8220;url&#8220;:5946,&#8220;height&#8220;:5947,&#8220;quality&#8220;:538,&#8220;childPhotoClippings&#8220;:5948,&#8220;type&#8220;:524,&#8220;cropped&#8220;:8},&#8220;https:\/\/estaticos-cdn.prensaiberica.es\/clip\/922e163b-2419-4e1c-91e2-291b83b3583c_media-libre-aspect-ratio_640w_0.jpg&#8220;,&#8220;350&#8243;,[],{&#8222;width&#8220;:526,&#8220;url&#8220;:5950,&#8220;height&#8220;:5951,&#8220;quality&#8220;:538,&#8220;childPhotoClippings&#8220;:5952,&#8220;type&#8220;:524,&#8220;cropped&#8220;:8},&#8220;https:\/\/estaticos-cdn.prensaiberica.es\/clip\/922e163b-2419-4e1c-91e2-291b83b3583c_media-libre-aspect-ratio_320w_0.jpg&#8220;,&#8220;175&#8243;,[],{&#8222;mainUrl&#8220;:5954,&#8220;epigraphUrl&#8220;:-1,&#8220;redirectUrl&#8220;:-1,&#8220;sourceUrl&#8220;:-1},&#8220;\/boulevard\/szene\/2025\/09\/02\/kneipenkultur-am-ballermann-bogarts-bar-playa-de-palma-121006498.html&#8220;,{&#8222;follow&#8220;:8,&#8220;linkTarget&#8220;:-1,&#8220;trackingCode&#8220;:-1,&#8220;trackingCodeAmp&#8220;:-1,&#8220;text&#8220;:-1,&#8220;url&#8220;:-1},[5957],{&#8222;name&#8220;:5662,&#8220;id&#8220;:5663,&#8220;originalId&#8220;:5664,&#8220;title&#8220;:5662,&#8220;url&#8220;:5665,&#8220;image&#8220;:-1,&#8220;description&#8220;:-1,&#8220;authorInformation&#8220;:-1,&#8220;active&#8220;:9,&#8220;urls&#8220;:5958},{&#8222;mainUrl&#8220;:5665,&#8220;epigraphUrl&#8220;:-1,&#8220;redirectUrl&#8220;:-1,&#8220;sourceUrl&#8220;:-1},{&#8222;html&#8220;:-1,&#8220;url&#8220;:-1},[5961,5963,5965,5971,5977,5983],{&#8222;name&#8220;:2108,&#8220;id&#8220;:2109,&#8220;originalId&#8220;:2110,&#8220;title&#8220;:2108,&#8220;url&#8220;:2111,&#8220;urls&#8220;:5962,&#8220;active&#8220;:9},{&#8222;mainUrl&#8220;:2111,&#8220;epigraphUrl&#8220;:-1,&#8220;redirectUrl&#8220;:-1,&#8220;sourceUrl&#8220;:-1},{&#8222;name&#8220;:1236,&#8220;id&#8220;:1237,&#8220;originalId&#8220;:1238,&#8220;title&#8220;:1236,&#8220;url&#8220;:1239,&#8220;urls&#8220;:5964,&#8220;active&#8220;:9},{&#8222;mainUrl&#8220;:1239,&#8220;epigraphUrl&#8220;:-1,&#8220;redirectUrl&#8220;:-1,&#8220;sourceUrl&#8220;:-1},{&#8222;name&#8220;:5966,&#8220;id&#8220;:5967,&#8220;originalId&#8220;:5968,&#8220;title&#8220;:5966,&#8220;url&#8220;:5969,&#8220;urls&#8220;:5970,&#8220;active&#8220;:9},&#8220;Massentourismus&#8220;,&#8220;3c8b8c3b-4996-3278-a3ea-d331409b0c6c&#8220;,&#8220;REGIONALES_1584680&#8243;,&#8220;\/tags\/massentourismus\/&#8220;,{&#8222;mainUrl&#8220;:5969,&#8220;epigraphUrl&#8220;:-1,&#8220;redirectUrl&#8220;:-1,&#8220;sourceUrl&#8220;:-1},{&#8222;name&#8220;:5972,&#8220;id&#8220;:5973,&#8220;originalId&#8220;:5974,&#8220;title&#8220;:5972,&#8220;url&#8220;:5975,&#8220;urls&#8220;:5976,&#8220;active&#8220;:9},&#8220;Bars&#8220;,&#8220;b090283d-8217-31e2-b76a-1e270f6d715e&#8220;,&#8220;REGIONALES_1582439&#8243;,&#8220;\/tags\/bars\/&#8220;,{&#8222;mainUrl&#8220;:5975,&#8220;epigraphUrl&#8220;:-1,&#8220;redirectUrl&#8220;:-1,&#8220;sourceUrl&#8220;:-1},{&#8222;name&#8220;:5978,&#8220;id&#8220;:5979,&#8220;originalId&#8220;:5980,&#8220;title&#8220;:5978,&#8220;url&#8220;:5981,&#8220;urls&#8220;:5982,&#8220;active&#8220;:9},&#8220;Alkohol&#8220;,&#8220;f9dd2ec5-8003-3d0a-8095-952d64baa958&#8243;,&#8220;REGIONALES_1582147&#8243;,&#8220;\/tags\/alkohol\/&#8220;,{&#8222;mainUrl&#8220;:5981,&#8220;epigraphUrl&#8220;:-1,&#8220;redirectUrl&#8220;:-1,&#8220;sourceUrl&#8220;:-1},{&#8222;name&#8220;:5984,&#8220;id&#8220;:5985,&#8220;originalId&#8220;:5986,&#8220;title&#8220;:5984,&#8220;url&#8220;:5987,&#8220;urls&#8220;:5988,&#8220;active&#8220;:9},&#8220;Partyurlaub&#8220;,&#8220;2e55e503-52c5-3b57-b3b3-a429a03c25fb&#8220;,&#8220;REGIONALES_1772655&#8243;,&#8220;\/tags\/partyurlaub\/&#8220;,{&#8222;mainUrl&#8220;:5987,&#8220;epigraphUrl&#8220;:-1,&#8220;redirectUrl&#8220;:-1,&#8220;sourceUrl&#8220;:-1},[],{&#8222;accessType&#8220;:1859,&#8220;interviewOptions&#8220;:5991,&#8220;frontOptions&#8220;:5992,&#8220;basicOptions&#8220;:5993,&#8220;adsOptions&#8220;:-1,&#8220;premiumOptions&#8220;:5994,&#8220;appearanceOptions&#8220;:5995,&#8220;countries&#8220;:5996,&#8220;notificationOptions&#8220;:5997,&#8220;type&#8220;:-1,&#8220;editionType&#8220;:-1,&#8220;redirectFollow&#8220;:9,&#8220;analyticsOptions&#8220;:6004,&#8220;communityOptions&#8220;:-1,&#8220;freeformHtmls&#8220;:-1,&#8220;sportsOptions&#8220;:-1},{&#8222;interviewKicker&#8220;:-1,&#8220;intervieweeRole&#8220;:-1,&#8220;isInterview&#8220;:8,&#8220;interviewee&#8220;:-1},{&#8222;showLiveIcon&#8220;:8,&#8220;excludeFromAutomaticModules&#8220;:-1,&#8220;hideColumnistStyle&#8220;:8,&#8220;showVideoIcon&#8220;:8,&#8220;showPhotoGalleryIcon&#8220;:8,&#8220;showImageSignature&#8220;:8,&#8220;specialKicker&#8220;:-1,&#8220;showSignature&#8220;:9,&#8220;hidePhoto&#8220;:8,&#8220;hideMediaReportStyle&#8220;:8,&#8220;titleSize&#8220;:-1,&#8220;showPlace&#8220;:8,&#8220;showPreTitle&#8220;:8},{&#8222;appearanceHideRelations&#8220;:8,&#8220;disablePageRefresh&#8220;:8,&#8220;appearanceHideInTagListings&#8220;:8,&#8220;denyComments&#8220;:8,&#8220;doNotGenerateAmpVersion&#8220;:8,&#8220;oldContent&#8220;:8,&#8220;sourceIsAgency&#8220;:8,&#8220;hideInLastContents&#8220;:8,&#8220;hideInTagPages&#8220;:8,&#8220;hideInMostViewed&#8220;:8,&#8220;hideInAllListings&#8220;:8,&#8220;source&#8220;:2487,&#8220;disableAmp&#8220;:8,&#8220;cxenseEnabled&#8220;:9,&#8220;isOpinion&#8220;:8},{&#8222;premiumKicker&#8220;:-1,&#8220;premiumShowButton&#8220;:8,&#8220;premiumButtonUrl&#8220;:-1,&#8220;premiumShowKicker&#8220;:8},{&#8222;hideRelations&#8220;:8,&#8220;oldContent&#8220;:8},[],{&#8222;expirationMinutes&#8220;:1252,&#8220;isPersistent&#8220;:8,&#8220;appOptions&#8220;:5998,&#8220;webOptions&#8220;:6000,&#8220;title&#8220;:6002,&#8220;body&#8220;:6003},{&#8222;sendPush&#8220;:8,&#8220;notificationButtons&#8220;:5999},[],{&#8222;sendPush&#8220;:8,&#8220;notificationButtons&#8220;:6001},[],&#8220;Letzte Bastion am Ballermann: Was die Bogart\u2019s Bar so besond&#8220;,&#8220;Zwischen Megapark und Massentourismus h\u00e4lt sich seit 1983 die schottische Bogart\u2019s Bar. Ein Besuch in einer Welt, die den Titel Kulturerbe verdient h\u00e4tte&#8220;,{&#8222;origin&#8220;:-1,&#8220;type&#8220;:-1,&#8220;editor&#8220;:2499,&#8220;category&#8220;:-1,&#8220;agencies&#8220;:6005,&#8220;adsTypes&#8220;:6006,&#8220;format&#8220;:1698,&#8220;variant&#8220;:1699},[],[],{&#8222;updateDate&#8220;:6008,&#8220;createDate&#8220;:6009,&#8220;releaseDate&#8220;:6010,&#8220;lastModifiedDate&#8220;:-1},[&#8222;Date&#8220;,&#8220;2025-09-02T10:26:51.000Z&#8220;],[&#8222;Date&#8220;,&#8220;2025-08-28T07:36:15.000Z&#8220;],[&#8222;Date&#8220;,&#8220;2025-09-02T10:26:51.000Z&#8220;],[6012,6014],{&#8222;name&#8220;:448,&#8220;id&#8220;:1224,&#8220;originalId&#8220;:1225,&#8220;title&#8220;:448,&#8220;url&#8220;:1226,&#8220;urls&#8220;:6013,&#8220;childUrl&#8220;:-1,&#8220;parentUrl&#8220;:-1,&#8220;active&#8220;:9,&#8220;archived&#8220;:8},{&#8222;mainUrl&#8220;:1226,&#8220;epigraphUrl&#8220;:-1,&#8220;redirectUrl&#8220;:-1,&#8220;sourceUrl&#8220;:-1},{&#8222;name&#8220;:1229,&#8220;id&#8220;:1230,&#8220;originalId&#8220;:1231,&#8220;title&#8220;:1229,&#8220;url&#8220;:1232,&#8220;urls&#8220;:6015,&#8220;childUrl&#8220;:-1,&#8220;parentUrl&#8220;:-1,&#8220;active&#8220;:9,&#8220;archived&#8220;:8},{&#8222;mainUrl&#8220;:1232,&#8220;epigraphUrl&#8220;:-1,&#8220;redirectUrl&#8220;:-1,&#8220;sourceUrl&#8220;:-1},[],{&#8222;specialText&#8220;:486,&#8220;text&#8220;:-1,&#8220;type&#8220;:-1},{&#8222;footballInfo&#8220;:-1,&#8220;firstMessages&#8220;:6019,&#8220;multimediaType&#8220;:596,&#8220;contentType&#8220;:141,&#8220;id&#8220;:6020,&#8220;contentId&#8220;:6021,&#8220;title&#8220;:6022,&#8220;subtitle&#8220;:-1,&#8220;subtitleTwo&#8220;:-1,&#8220;photoClippings&#8220;:6023,&#8220;urls&#8220;:6042,&#8220;url&#8220;:6043,&#8220;sponsorship&#8220;:6044,&#8220;authors&#8220;:6045,&#8220;signature&#8220;:-1,&#8220;photoSignature&#8220;:6048,&#8220;qualityUrls&#8220;:-1,&#8220;embedInfo&#8220;:6050,&#8220;tags&#8220;:6051,&#8220;hyperlocalisms&#8220;:6068,&#8220;options&#8220;:6069,&#8220;externalOptions&#8220;:-1,&#8220;dates&#8220;:6086,&#8220;player&#8220;:-1,&#8220;originalId&#8220;:6021,&#8220;liveOptions&#8220;:-1,&#8220;epigraph&#8220;:-1,&#8220;photoDescription&#8220;:-1,&#8220;sections&#8220;:6090,&#8220;relatedContents&#8220;:6095,&#8220;kicker&#8220;:6096,&#8220;published&#8220;:9,&#8220;featuredHtml&#8220;:-1},[],&#8220;5eb8fab6-1855-3739-a412-63d655c90adb&#8220;,&#8220;121134048&#8243;,&#8220;Adi\u00f3s, Casa de Cookie: Silent Disco deutscher Betreiber in Palma schlie\u00dft nach f\u00fcnf Jahren&#8220;,[6024,6033],{&#8222;width&#8220;:432,&#8220;url&#8220;:6025,&#8220;height&#8220;:435,&#8220;quality&#8220;:72,&#8220;childPhotoClippings&#8220;:6026,&#8220;type&#8220;:524,&#8220;cropped&#8220;:8},&#8220;https:\/\/estaticos-cdn.prensaiberica.es\/clip\/211bcef3-d2e6-43d9-88aa-f9b5fb0c5d5c_16-9-discover-aspect-ratio_default_0.jpg&#8220;,[6027,6030],{&#8222;width&#8220;:519,&#8220;url&#8220;:6028,&#8220;height&#8220;:823,&#8220;quality&#8220;:824,&#8220;childPhotoClippings&#8220;:6029,&#8220;type&#8220;:524,&#8220;cropped&#8220;:8},&#8220;https:\/\/estaticos-cdn.prensaiberica.es\/clip\/211bcef3-d2e6-43d9-88aa-f9b5fb0c5d5c_16-9-discover-aspect-ratio_640w_0.jpg&#8220;,[],{&#8222;width&#8220;:526,&#8220;url&#8220;:6031,&#8220;height&#8220;:828,&#8220;quality&#8220;:824,&#8220;childPhotoClippings&#8220;:6032,&#8220;type&#8220;:524,&#8220;cropped&#8220;:8},&#8220;https:\/\/estaticos-cdn.prensaiberica.es\/clip\/211bcef3-d2e6-43d9-88aa-f9b5fb0c5d5c_16-9-discover-aspect-ratio_320w_0.jpg&#8220;,[],{&#8222;width&#8220;:532,&#8220;url&#8220;:6034,&#8220;height&#8220;:534,&#8220;quality&#8220;:73,&#8220;childPhotoClippings&#8220;:6035,&#8220;type&#8220;:530,&#8220;cropped&#8220;:8},&#8220;https:\/\/estaticos-cdn.prensaiberica.es\/clip\/211bcef3-d2e6-43d9-88aa-f9b5fb0c5d5c_media-libre-aspect-ratio_default_0.jpg&#8220;,[6036,6039],{&#8222;width&#8220;:519,&#8220;url&#8220;:6037,&#8220;height&#8220;:521,&#8220;quality&#8220;:538,&#8220;childPhotoClippings&#8220;:6038,&#8220;type&#8220;:524,&#8220;cropped&#8220;:8},&#8220;https:\/\/estaticos-cdn.prensaiberica.es\/clip\/211bcef3-d2e6-43d9-88aa-f9b5fb0c5d5c_media-libre-aspect-ratio_640w_0.jpg&#8220;,[],{&#8222;width&#8220;:526,&#8220;url&#8220;:6040,&#8220;height&#8220;:528,&#8220;quality&#8220;:538,&#8220;childPhotoClippings&#8220;:6041,&#8220;type&#8220;:524,&#8220;cropped&#8220;:8},&#8220;https:\/\/estaticos-cdn.prensaiberica.es\/clip\/211bcef3-d2e6-43d9-88aa-f9b5fb0c5d5c_media-libre-aspect-ratio_320w_0.jpg&#8220;,[],{&#8222;mainUrl&#8220;:6043,&#8220;epigraphUrl&#8220;:-1,&#8220;redirectUrl&#8220;:-1,&#8220;sourceUrl&#8220;:-1},&#8220;\/boulevard\/szene\/2025\/09\/01\/casa-cookie-silent-disco-palma-schliesst-121134048.html&#8220;,{&#8222;follow&#8220;:8,&#8220;linkTarget&#8220;:-1,&#8220;trackingCode&#8220;:-1,&#8220;trackingCodeAmp&#8220;:-1,&#8220;text&#8220;:-1,&#8220;url&#8220;:-1},[6046],{&#8222;name&#8220;:1839,&#8220;id&#8220;:1840,&#8220;originalId&#8220;:1841,&#8220;title&#8220;:1839,&#8220;url&#8220;:1842,&#8220;image&#8220;:1843,&#8220;description&#8220;:1844,&#8220;authorInformation&#8220;:-1,&#8220;active&#8220;:9,&#8220;urls&#8220;:6047},{&#8222;mainUrl&#8220;:1842,&#8220;epigraphUrl&#8220;:-1,&#8220;redirectUrl&#8220;:-1,&#8220;sourceUrl&#8220;:-1},{&#8222;name&#8220;:6049,&#8220;place&#8220;:-1,&#8220;source&#8220;:-1,&#8220;authorText&#8220;:-1},&#8220;Maru Vock&#8220;,{&#8222;html&#8220;:-1,&#8220;url&#8220;:-1},[6052,6054,6056,6058,6060,6062,6064,6066],{&#8222;name&#8220;:3360,&#8220;id&#8220;:3361,&#8220;originalId&#8220;:3362,&#8220;title&#8220;:3360,&#8220;url&#8220;:3363,&#8220;urls&#8220;:6053,&#8220;active&#8220;:9},{&#8222;mainUrl&#8220;:3363,&#8220;epigraphUrl&#8220;:-1,&#8220;redirectUrl&#8220;:-1,&#8220;sourceUrl&#8220;:-1},{&#8222;name&#8220;:2725,&#8220;id&#8220;:2726,&#8220;originalId&#8220;:2727,&#8220;title&#8220;:2725,&#8220;url&#8220;:2728,&#8220;urls&#8220;:6055,&#8220;active&#8220;:9},{&#8222;mainUrl&#8220;:2728,&#8220;epigraphUrl&#8220;:-1,&#8220;redirectUrl&#8220;:-1,&#8220;sourceUrl&#8220;:-1},{&#8222;name&#8220;:2731,&#8220;id&#8220;:2732,&#8220;originalId&#8220;:2733,&#8220;title&#8220;:2731,&#8220;url&#8220;:2734,&#8220;urls&#8220;:6057,&#8220;active&#8220;:9},{&#8222;mainUrl&#8220;:2734,&#8220;epigraphUrl&#8220;:-1,&#8220;redirectUrl&#8220;:-1,&#8220;sourceUrl&#8220;:-1},{&#8222;name&#8220;:2719,&#8220;id&#8220;:2720,&#8220;originalId&#8220;:2721,&#8220;title&#8220;:2719,&#8220;url&#8220;:2722,&#8220;urls&#8220;:6059,&#8220;active&#8220;:9},{&#8222;mainUrl&#8220;:2722,&#8220;epigraphUrl&#8220;:-1,&#8220;redirectUrl&#8220;:-1,&#8220;sourceUrl&#8220;:-1},{&#8222;name&#8220;:5776,&#8220;id&#8220;:5777,&#8220;originalId&#8220;:5778,&#8220;title&#8220;:5776,&#8220;url&#8220;:5779,&#8220;urls&#8220;:6061,&#8220;active&#8220;:9},{&#8222;mainUrl&#8220;:5779,&#8220;epigraphUrl&#8220;:-1,&#8220;redirectUrl&#8220;:-1,&#8220;sourceUrl&#8220;:-1},{&#8222;name&#8220;:5972,&#8220;id&#8220;:5973,&#8220;originalId&#8220;:5974,&#8220;title&#8220;:5972,&#8220;url&#8220;:5975,&#8220;urls&#8220;:6063,&#8220;active&#8220;:9},{&#8222;mainUrl&#8220;:5975,&#8220;epigraphUrl&#8220;:-1,&#8220;redirectUrl&#8220;:-1,&#8220;sourceUrl&#8220;:-1},{&#8222;name&#8220;:5886,&#8220;id&#8220;:5887,&#8220;originalId&#8220;:5888,&#8220;title&#8220;:5886,&#8220;url&#8220;:5889,&#8220;urls&#8220;:6065,&#8220;active&#8220;:9},{&#8222;mainUrl&#8220;:5889,&#8220;epigraphUrl&#8220;:-1,&#8220;redirectUrl&#8220;:-1,&#8220;sourceUrl&#8220;:-1},{&#8222;name&#8220;:5167,&#8220;id&#8220;:5168,&#8220;originalId&#8220;:5169,&#8220;title&#8220;:5167,&#8220;url&#8220;:5170,&#8220;urls&#8220;:6067,&#8220;active&#8220;:9},{&#8222;mainUrl&#8220;:5170,&#8220;epigraphUrl&#8220;:-1,&#8220;redirectUrl&#8220;:-1,&#8220;sourceUrl&#8220;:-1},[],{&#8222;accessType&#8220;:1318,&#8220;interviewOptions&#8220;:6070,&#8220;frontOptions&#8220;:6071,&#8220;basicOptions&#8220;:6072,&#8220;adsOptions&#8220;:-1,&#8220;premiumOptions&#8220;:6073,&#8220;appearanceOptions&#8220;:6074,&#8220;countries&#8220;:6075,&#8220;notificationOptions&#8220;:6076,&#8220;type&#8220;:-1,&#8220;editionType&#8220;:-1,&#8220;redirectFollow&#8220;:9,&#8220;analyticsOptions&#8220;:6083,&#8220;communityOptions&#8220;:-1,&#8220;freeformHtmls&#8220;:-1,&#8220;sportsOptions&#8220;:-1},{&#8222;interviewKicker&#8220;:-1,&#8220;intervieweeRole&#8220;:-1,&#8220;isInterview&#8220;:8,&#8220;interviewee&#8220;:-1},{&#8222;showLiveIcon&#8220;:8,&#8220;excludeFromAutomaticModules&#8220;:-1,&#8220;hideColumnistStyle&#8220;:8,&#8220;showVideoIcon&#8220;:8,&#8220;showPhotoGalleryIcon&#8220;:8,&#8220;showImageSignature&#8220;:8,&#8220;specialKicker&#8220;:-1,&#8220;showSignature&#8220;:9,&#8220;hidePhoto&#8220;:8,&#8220;hideMediaReportStyle&#8220;:8,&#8220;titleSize&#8220;:-1,&#8220;showPlace&#8220;:8,&#8220;showPreTitle&#8220;:8},{&#8222;appearanceHideRelations&#8220;:8,&#8220;disablePageRefresh&#8220;:8,&#8220;appearanceHideInTagListings&#8220;:8,&#8220;denyComments&#8220;:8,&#8220;doNotGenerateAmpVersion&#8220;:8,&#8220;oldContent&#8220;:8,&#8220;sourceIsAgency&#8220;:8,&#8220;hideInLastContents&#8220;:8,&#8220;hideInTagPages&#8220;:8,&#8220;hideInMostViewed&#8220;:8,&#8220;hideInAllListings&#8220;:8,&#8220;source&#8220;:1247,&#8220;disableAmp&#8220;:8,&#8220;cxenseEnabled&#8220;:9,&#8220;isOpinion&#8220;:8},{&#8222;premiumKicker&#8220;:-1,&#8220;premiumShowButton&#8220;:8,&#8220;premiumButtonUrl&#8220;:-1,&#8220;premiumShowKicker&#8220;:8},{&#8222;hideRelations&#8220;:8,&#8220;oldContent&#8220;:8},[],{&#8222;expirationMinutes&#8220;:1252,&#8220;isPersistent&#8220;:8,&#8220;appOptions&#8220;:6077,&#8220;webOptions&#8220;:6079,&#8220;title&#8220;:6081,&#8220;body&#8220;:6082},{&#8222;sendPush&#8220;:8,&#8220;notificationButtons&#8220;:6078},[],{&#8222;sendPush&#8220;:8,&#8220;notificationButtons&#8220;:6080},[],&#8220;Adi\u00f3s, Casa de Cookie: Silent Disco deutscher Betreiber in P&#8220;,&#8220;Das \\&#8220;Cookie&#8217;s\\&#8220; hat in den sozialen Netzwerken sein Aus verk\u00fcndet. Grund daf\u00fcr sind die anhaltenden Probleme mit den Nachbarn&#8220;,{&#8222;origin&#8220;:-1,&#8220;type&#8220;:-1,&#8220;editor&#8220;:1874,&#8220;category&#8220;:-1,&#8220;agencies&#8220;:6084,&#8220;adsTypes&#8220;:6085,&#8220;format&#8220;:1698,&#8220;variant&#8220;:1699},[],[],{&#8222;updateDate&#8220;:6087,&#8220;createDate&#8220;:6088,&#8220;releaseDate&#8220;:6089,&#8220;lastModifiedDate&#8220;:-1},[&#8222;Date&#8220;,&#8220;2025-09-01T15:53:44.000Z&#8220;],[&#8222;Date&#8220;,&#8220;2025-09-01T14:03:32.000Z&#8220;],[&#8222;Date&#8220;,&#8220;2025-09-01T15:53:44.000Z&#8220;],[6091,6093],{&#8222;name&#8220;:448,&#8220;id&#8220;:1224,&#8220;originalId&#8220;:1225,&#8220;title&#8220;:448,&#8220;url&#8220;:1226,&#8220;urls&#8220;:6092,&#8220;childUrl&#8220;:-1,&#8220;parentUrl&#8220;:-1,&#8220;active&#8220;:9,&#8220;archived&#8220;:8},{&#8222;mainUrl&#8220;:1226,&#8220;epigraphUrl&#8220;:-1,&#8220;redirectUrl&#8220;:-1,&#8220;sourceUrl&#8220;:-1},{&#8222;name&#8220;:1229,&#8220;id&#8220;:1230,&#8220;originalId&#8220;:1231,&#8220;title&#8220;:1229,&#8220;url&#8220;:1232,&#8220;urls&#8220;:6094,&#8220;childUrl&#8220;:-1,&#8220;parentUrl&#8220;:-1,&#8220;active&#8220;:9,&#8220;archived&#8220;:8},{&#8222;mainUrl&#8220;:1232,&#8220;epigraphUrl&#8220;:-1,&#8220;redirectUrl&#8220;:-1,&#8220;sourceUrl&#8220;:-1},[],{&#8222;specialText&#8220;:486,&#8220;text&#8220;:-1,&#8220;type&#8220;:-1},{&#8222;footballInfo&#8220;:-1,&#8220;firstMessages&#8220;:6098,&#8220;multimediaType&#8220;:596,&#8220;contentType&#8220;:141,&#8220;id&#8220;:6099,&#8220;contentId&#8220;:6100,&#8220;title&#8220;:6101,&#8220;subtitle&#8220;:-1,&#8220;subtitleTwo&#8220;:-1,&#8220;photoClippings&#8220;:6102,&#8220;urls&#8220;:6121,&#8220;url&#8220;:6122,&#8220;sponsorship&#8220;:6123,&#8220;authors&#8220;:6124,&#8220;signature&#8220;:-1,&#8220;photoSignature&#8220;:6127,&#8220;qualityUrls&#8220;:-1,&#8220;embedInfo&#8220;:6128,&#8220;tags&#8220;:6129,&#8220;hyperlocalisms&#8220;:6156,&#8220;options&#8220;:6157,&#8220;externalOptions&#8220;:-1,&#8220;dates&#8220;:6174,&#8220;player&#8220;:-1,&#8220;originalId&#8220;:6100,&#8220;liveOptions&#8220;:-1,&#8220;epigraph&#8220;:-1,&#8220;photoDescription&#8220;:-1,&#8220;sections&#8220;:6178,&#8220;relatedContents&#8220;:6183,&#8220;kicker&#8220;:6184,&#8220;published&#8220;:9,&#8220;featuredHtml&#8220;:-1},[],&#8220;a5166662-4a74-3938-85e0-3b5f1b0d3bdf&#8220;,&#8220;121021626&#8243;,&#8220;Endlich wieder ein Tag der offenen T\u00fcr auf der Finca von Peter Maffay&#8220;,[6103,6112],{&#8222;width&#8220;:432,&#8220;url&#8220;:6104,&#8220;height&#8220;:435,&#8220;quality&#8220;:72,&#8220;childPhotoClippings&#8220;:6105,&#8220;type&#8220;:524,&#8220;cropped&#8220;:8},&#8220;https:\/\/estaticos-cdn.prensaiberica.es\/clip\/ddc2d787-34bd-4df9-a2da-1746452b22a5_16-9-discover-aspect-ratio_default_0.jpg&#8220;,[6106,6109],{&#8222;width&#8220;:519,&#8220;url&#8220;:6107,&#8220;height&#8220;:823,&#8220;quality&#8220;:824,&#8220;childPhotoClippings&#8220;:6108,&#8220;type&#8220;:524,&#8220;cropped&#8220;:8},&#8220;https:\/\/estaticos-cdn.prensaiberica.es\/clip\/ddc2d787-34bd-4df9-a2da-1746452b22a5_16-9-discover-aspect-ratio_640w_0.jpg&#8220;,[],{&#8222;width&#8220;:526,&#8220;url&#8220;:6110,&#8220;height&#8220;:828,&#8220;quality&#8220;:824,&#8220;childPhotoClippings&#8220;:6111,&#8220;type&#8220;:524,&#8220;cropped&#8220;:8},&#8220;https:\/\/estaticos-cdn.prensaiberica.es\/clip\/ddc2d787-34bd-4df9-a2da-1746452b22a5_16-9-discover-aspect-ratio_320w_0.jpg&#8220;,[],{&#8222;width&#8220;:532,&#8220;url&#8220;:6113,&#8220;height&#8220;:811,&#8220;quality&#8220;:73,&#8220;childPhotoClippings&#8220;:6114,&#8220;type&#8220;:530,&#8220;cropped&#8220;:8},&#8220;https:\/\/estaticos-cdn.prensaiberica.es\/clip\/ddc2d787-34bd-4df9-a2da-1746452b22a5_media-libre-aspect-ratio_default_0.jpg&#8220;,[6115,6118],{&#8222;width&#8220;:519,&#8220;url&#8220;:6116,&#8220;height&#8220;:803,&#8220;quality&#8220;:538,&#8220;childPhotoClippings&#8220;:6117,&#8220;type&#8220;:524,&#8220;cropped&#8220;:8},&#8220;https:\/\/estaticos-cdn.prensaiberica.es\/clip\/ddc2d787-34bd-4df9-a2da-1746452b22a5_media-libre-aspect-ratio_640w_0.jpg&#8220;,[],{&#8222;width&#8220;:526,&#8220;url&#8220;:6119,&#8220;height&#8220;:807,&#8220;quality&#8220;:538,&#8220;childPhotoClippings&#8220;:6120,&#8220;type&#8220;:524,&#8220;cropped&#8220;:8},&#8220;https:\/\/estaticos-cdn.prensaiberica.es\/clip\/ddc2d787-34bd-4df9-a2da-1746452b22a5_media-libre-aspect-ratio_320w_0.jpg&#8220;,[],{&#8222;mainUrl&#8220;:6122,&#8220;epigraphUrl&#8220;:-1,&#8220;redirectUrl&#8220;:-1,&#8220;sourceUrl&#8220;:-1},&#8220;\/boulevard\/szene\/2025\/08\/29\/maffay-finca-tag-der-offenen-tuer-mallorca-2025-121021626.html&#8220;,{&#8222;follow&#8220;:8,&#8220;linkTarget&#8220;:-1,&#8220;trackingCode&#8220;:-1,&#8220;trackingCodeAmp&#8220;:-1,&#8220;text&#8220;:-1,&#8220;url&#8220;:-1},[6125],{&#8222;name&#8220;:2427,&#8220;id&#8220;:2428,&#8220;originalId&#8220;:2429,&#8220;title&#8220;:2427,&#8220;url&#8220;:2430,&#8220;image&#8220;:2431,&#8220;description&#8220;:2432,&#8220;authorInformation&#8220;:-1,&#8220;active&#8220;:9,&#8220;urls&#8220;:6126},{&#8222;mainUrl&#8220;:2430,&#8220;epigraphUrl&#8220;:-1,&#8220;redirectUrl&#8220;:-1,&#8220;sourceUrl&#8220;:-1},{&#8222;name&#8220;:5151,&#8220;place&#8220;:-1,&#8220;source&#8220;:-1,&#8220;authorText&#8220;:-1},{&#8222;html&#8220;:-1,&#8220;url&#8220;:-1},[6130,6132,6138,6144,6150],{&#8222;name&#8220;:4005,&#8220;id&#8220;:4006,&#8220;originalId&#8220;:4007,&#8220;title&#8220;:4005,&#8220;url&#8220;:4008,&#8220;urls&#8220;:6131,&#8220;active&#8220;:9},{&#8222;mainUrl&#8220;:4008,&#8220;epigraphUrl&#8220;:-1,&#8220;redirectUrl&#8220;:-1,&#8220;sourceUrl&#8220;:-1},{&#8222;name&#8220;:6133,&#8220;id&#8220;:6134,&#8220;originalId&#8220;:6135,&#8220;title&#8220;:6133,&#8220;url&#8220;:6136,&#8220;urls&#8220;:6137,&#8220;active&#8220;:9},&#8220;Can Sureda&#8220;,&#8220;93a74f48-382f-32f2-bcd3-b116037f8044&#8243;,&#8220;REGIONALES_1582750&#8243;,&#8220;\/tags\/can-sureda\/&#8220;,{&#8222;mainUrl&#8220;:6136,&#8220;epigraphUrl&#8220;:-1,&#8220;redirectUrl&#8220;:-1,&#8220;sourceUrl&#8220;:-1},{&#8222;name&#8220;:6139,&#8220;id&#8220;:6140,&#8220;originalId&#8220;:6141,&#8220;title&#8220;:6139,&#8220;url&#8220;:6142,&#8220;urls&#8220;:6143,&#8220;active&#8220;:9},&#8220;Can Llompart&#8220;,&#8220;42ff9bb9-5980-35d7-893e-d29887227778&#8243;,&#8220;REGIONALES_1582741&#8243;,&#8220;\/tags\/can-llompart\/&#8220;,{&#8222;mainUrl&#8220;:6142,&#8220;epigraphUrl&#8220;:-1,&#8220;redirectUrl&#8220;:-1,&#8220;sourceUrl&#8220;:-1},{&#8222;name&#8220;:6145,&#8220;id&#8220;:6146,&#8220;originalId&#8220;:6147,&#8220;title&#8220;:6145,&#8220;url&#8220;:6148,&#8220;urls&#8220;:6149,&#8220;active&#8220;:9},&#8220;Pollen\u00e7a&#8220;,&#8220;4e22d51b-d616-3fc4-855d-e85be00aea92&#8243;,&#8220;REGIONALES_1585312&#8243;,&#8220;\/tags\/pollenca\/&#8220;,{&#8222;mainUrl&#8220;:6148,&#8220;epigraphUrl&#8220;:-1,&#8220;redirectUrl&#8220;:-1,&#8220;sourceUrl&#8220;:-1},{&#8222;name&#8220;:6151,&#8220;id&#8220;:6152,&#8220;originalId&#8220;:6153,&#8220;title&#8220;:6151,&#8220;url&#8220;:6154,&#8220;urls&#8220;:6155,&#8220;active&#8220;:9},&#8220;Tag der offenen T\u00fcr&#8220;,&#8220;d1c14d9e-3c1f-356b-82d8-2e74027a3098&#8243;,&#8220;REGIONALES_1586208&#8243;,&#8220;\/tags\/tag-der-offenen-tur\/&#8220;,{&#8222;mainUrl&#8220;:6154,&#8220;epigraphUrl&#8220;:-1,&#8220;redirectUrl&#8220;:-1,&#8220;sourceUrl&#8220;:-1},[],{&#8222;accessType&#8220;:1318,&#8220;interviewOptions&#8220;:6158,&#8220;frontOptions&#8220;:6159,&#8220;basicOptions&#8220;:6160,&#8220;adsOptions&#8220;:-1,&#8220;premiumOptions&#8220;:6161,&#8220;appearanceOptions&#8220;:6162,&#8220;countries&#8220;:6163,&#8220;notificationOptions&#8220;:6164,&#8220;type&#8220;:-1,&#8220;editionType&#8220;:-1,&#8220;redirectFollow&#8220;:9,&#8220;analyticsOptions&#8220;:6171,&#8220;communityOptions&#8220;:-1,&#8220;freeformHtmls&#8220;:-1,&#8220;sportsOptions&#8220;:-1},{&#8222;interviewKicker&#8220;:-1,&#8220;intervieweeRole&#8220;:-1,&#8220;isInterview&#8220;:8,&#8220;interviewee&#8220;:-1},{&#8222;showLiveIcon&#8220;:8,&#8220;excludeFromAutomaticModules&#8220;:-1,&#8220;hideColumnistStyle&#8220;:8,&#8220;showVideoIcon&#8220;:8,&#8220;showPhotoGalleryIcon&#8220;:8,&#8220;showImageSignature&#8220;:8,&#8220;specialKicker&#8220;:-1,&#8220;showSignature&#8220;:9,&#8220;hidePhoto&#8220;:8,&#8220;hideMediaReportStyle&#8220;:8,&#8220;titleSize&#8220;:-1,&#8220;showPlace&#8220;:8,&#8220;showPreTitle&#8220;:8},{&#8222;appearanceHideRelations&#8220;:8,&#8220;disablePageRefresh&#8220;:8,&#8220;appearanceHideInTagListings&#8220;:8,&#8220;denyComments&#8220;:8,&#8220;doNotGenerateAmpVersion&#8220;:8,&#8220;oldContent&#8220;:8,&#8220;sourceIsAgency&#8220;:8,&#8220;hideInLastContents&#8220;:8,&#8220;hideInTagPages&#8220;:8,&#8220;hideInMostViewed&#8220;:8,&#8220;hideInAllListings&#8220;:8,&#8220;source&#8220;:1247,&#8220;disableAmp&#8220;:8,&#8220;cxenseEnabled&#8220;:9,&#8220;isOpinion&#8220;:8},{&#8222;premiumKicker&#8220;:-1,&#8220;premiumShowButton&#8220;:8,&#8220;premiumButtonUrl&#8220;:-1,&#8220;premiumShowKicker&#8220;:8},{&#8222;hideRelations&#8220;:8,&#8220;oldContent&#8220;:8},[],{&#8222;expirationMinutes&#8220;:1252,&#8220;isPersistent&#8220;:8,&#8220;appOptions&#8220;:6165,&#8220;webOptions&#8220;:6167,&#8220;title&#8220;:6169,&#8220;body&#8220;:6170},{&#8222;sendPush&#8220;:8,&#8220;notificationButtons&#8220;:6166},[],{&#8222;sendPush&#8220;:8,&#8220;notificationButtons&#8220;:6168},[],&#8220;Endlich wieder ein Tag der offenen T\u00fcr auf der Finca von Pet&#8220;,&#8220;Anlass ist das 25-j\u00e4hrige Bestehen der Peter-Maffay-Stiftung&#8220;,{&#8222;origin&#8220;:-1,&#8220;type&#8220;:-1,&#8220;editor&#8220;:2982,&#8220;category&#8220;:-1,&#8220;agencies&#8220;:6172,&#8220;adsTypes&#8220;:6173,&#8220;format&#8220;:1698,&#8220;variant&#8220;:1699},[],[],{&#8222;updateDate&#8220;:6175,&#8220;createDate&#8220;:6176,&#8220;releaseDate&#8220;:6177,&#8220;lastModifiedDate&#8220;:-1},[&#8222;Date&#8220;,&#8220;2025-08-29T18:13:38.000Z&#8220;],[&#8222;Date&#8220;,&#8220;2025-08-28T14:07:20.000Z&#8220;],[&#8222;Date&#8220;,&#8220;2025-08-29T18:13:38.000Z&#8220;],[6179,6181],{&#8222;name&#8220;:448,&#8220;id&#8220;:1224,&#8220;originalId&#8220;:1225,&#8220;title&#8220;:448,&#8220;url&#8220;:1226,&#8220;urls&#8220;:6180,&#8220;childUrl&#8220;:-1,&#8220;parentUrl&#8220;:-1,&#8220;active&#8220;:9,&#8220;archived&#8220;:8},{&#8222;mainUrl&#8220;:1226,&#8220;epigraphUrl&#8220;:-1,&#8220;redirectUrl&#8220;:-1,&#8220;sourceUrl&#8220;:-1},{&#8222;name&#8220;:1229,&#8220;id&#8220;:1230,&#8220;originalId&#8220;:1231,&#8220;title&#8220;:1229,&#8220;url&#8220;:1232,&#8220;urls&#8220;:6182,&#8220;childUrl&#8220;:-1,&#8220;parentUrl&#8220;:-1,&#8220;active&#8220;:9,&#8220;archived&#8220;:8},{&#8222;mainUrl&#8220;:1232,&#8220;epigraphUrl&#8220;:-1,&#8220;redirectUrl&#8220;:-1,&#8220;sourceUrl&#8220;:-1},[],{&#8222;specialText&#8220;:486,&#8220;text&#8220;:-1,&#8220;type&#8220;:-1},{&#8222;footballInfo&#8220;:-1,&#8220;firstMessages&#8220;:6186,&#8220;multimediaType&#8220;:596,&#8220;contentType&#8220;:141,&#8220;id&#8220;:6187,&#8220;contentId&#8220;:6188,&#8220;title&#8220;:6189,&#8220;subtitle&#8220;:-1,&#8220;subtitleTwo&#8220;:-1,&#8220;photoClippings&#8220;:6190,&#8220;urls&#8220;:6209,&#8220;url&#8220;:6210,&#8220;sponsorship&#8220;:6211,&#8220;authors&#8220;:6212,&#8220;signature&#8220;:-1,&#8220;photoSignature&#8220;:6216,&#8220;qualityUrls&#8220;:-1,&#8220;embedInfo&#8220;:6217,&#8220;tags&#8220;:6218,&#8220;hyperlocalisms&#8220;:6229,&#8220;options&#8220;:6230,&#8220;externalOptions&#8220;:-1,&#8220;dates&#8220;:6247,&#8220;player&#8220;:-1,&#8220;originalId&#8220;:6188,&#8220;liveOptions&#8220;:-1,&#8220;epigraph&#8220;:-1,&#8220;photoDescription&#8220;:-1,&#8220;sections&#8220;:6251,&#8220;relatedContents&#8220;:6256,&#8220;kicker&#8220;:6257,&#8220;published&#8220;:9,&#8220;featuredHtml&#8220;:-1},[],&#8220;8f240703-6b26-3aa6-a3bf-9af64f5b9678&#8243;,&#8220;121007346&#8243;,&#8220;FC Merowinger sagt K\u00f6lsche Woche am Ballermann ab \u2013 Tradition nach 53 Jahren beendet&#8220;,[6191,6200],{&#8222;width&#8220;:432,&#8220;url&#8220;:6192,&#8220;height&#8220;:435,&#8220;quality&#8220;:72,&#8220;childPhotoClippings&#8220;:6193,&#8220;type&#8220;:524,&#8220;cropped&#8220;:8},&#8220;https:\/\/estaticos-cdn.prensaiberica.es\/clip\/322c3960-3c41-4828-a989-75ef512ae672_16-9-discover-aspect-ratio_default_0.jpg&#8220;,[6194,6197],{&#8222;width&#8220;:519,&#8220;url&#8220;:6195,&#8220;height&#8220;:823,&#8220;quality&#8220;:824,&#8220;childPhotoClippings&#8220;:6196,&#8220;type&#8220;:524,&#8220;cropped&#8220;:8},&#8220;https:\/\/estaticos-cdn.prensaiberica.es\/clip\/322c3960-3c41-4828-a989-75ef512ae672_16-9-discover-aspect-ratio_640w_0.jpg&#8220;,[],{&#8222;width&#8220;:526,&#8220;url&#8220;:6198,&#8220;height&#8220;:828,&#8220;quality&#8220;:824,&#8220;childPhotoClippings&#8220;:6199,&#8220;type&#8220;:524,&#8220;cropped&#8220;:8},&#8220;https:\/\/estaticos-cdn.prensaiberica.es\/clip\/322c3960-3c41-4828-a989-75ef512ae672_16-9-discover-aspect-ratio_320w_0.jpg&#8220;,[],{&#8222;width&#8220;:532,&#8220;url&#8220;:6201,&#8220;height&#8220;:534,&#8220;quality&#8220;:73,&#8220;childPhotoClippings&#8220;:6202,&#8220;type&#8220;:530,&#8220;cropped&#8220;:8},&#8220;https:\/\/estaticos-cdn.prensaiberica.es\/clip\/322c3960-3c41-4828-a989-75ef512ae672_media-libre-aspect-ratio_default_0.jpg&#8220;,[6203,6206],{&#8222;width&#8220;:519,&#8220;url&#8220;:6204,&#8220;height&#8220;:521,&#8220;quality&#8220;:538,&#8220;childPhotoClippings&#8220;:6205,&#8220;type&#8220;:524,&#8220;cropped&#8220;:8},&#8220;https:\/\/estaticos-cdn.prensaiberica.es\/clip\/322c3960-3c41-4828-a989-75ef512ae672_media-libre-aspect-ratio_640w_0.jpg&#8220;,[],{&#8222;width&#8220;:526,&#8220;url&#8220;:6207,&#8220;height&#8220;:528,&#8220;quality&#8220;:538,&#8220;childPhotoClippings&#8220;:6208,&#8220;type&#8220;:524,&#8220;cropped&#8220;:8},&#8220;https:\/\/estaticos-cdn.prensaiberica.es\/clip\/322c3960-3c41-4828-a989-75ef512ae672_media-libre-aspect-ratio_320w_0.jpg&#8220;,[],{&#8222;mainUrl&#8220;:6210,&#8220;epigraphUrl&#8220;:-1,&#8220;redirectUrl&#8220;:-1,&#8220;sourceUrl&#8220;:-1},&#8220;\/boulevard\/szene\/2025\/08\/28\/fc-merowinger-koelsche-woche-ballermann-absage-121007346.html&#8220;,{&#8222;follow&#8220;:8,&#8220;linkTarget&#8220;:-1,&#8220;trackingCode&#8220;:-1,&#8220;trackingCodeAmp&#8220;:-1,&#8220;text&#8220;:-1,&#8220;url&#8220;:-1},[6213],{&#8222;name&#8220;:418,&#8220;id&#8220;:2009,&#8220;originalId&#8220;:2010,&#8220;title&#8220;:418,&#8220;url&#8220;:2011,&#8220;image&#8220;:2012,&#8220;description&#8220;:2013,&#8220;authorInformation&#8220;:6214,&#8220;active&#8220;:9,&#8220;urls&#8220;:6215},{&#8222;position&#8220;:-1,&#8220;twitterUsername&#8220;:-1,&#8220;socialNetworks&#8220;:-1},{&#8222;mainUrl&#8220;:2011,&#8220;epigraphUrl&#8220;:-1,&#8220;redirectUrl&#8220;:-1,&#8220;sourceUrl&#8220;:-1},{&#8222;name&#8220;:5234,&#8220;place&#8220;:-1,&#8220;source&#8220;:-1,&#8220;authorText&#8220;:-1},{&#8222;html&#8220;:-1,&#8220;url&#8220;:-1},[6219,6221,6223,6225,6227],{&#8222;name&#8220;:5768,&#8220;id&#8220;:5769,&#8220;originalId&#8220;:5770,&#8220;title&#8220;:5768,&#8220;url&#8220;:5771,&#8220;urls&#8220;:6220,&#8220;active&#8220;:9},{&#8222;mainUrl&#8220;:5771,&#8220;epigraphUrl&#8220;:-1,&#8220;redirectUrl&#8220;:-1,&#8220;sourceUrl&#8220;:-1},{&#8222;name&#8220;:1236,&#8220;id&#8220;:1237,&#8220;originalId&#8220;:1238,&#8220;title&#8220;:1236,&#8220;url&#8220;:1239,&#8220;urls&#8220;:6222,&#8220;active&#8220;:9},{&#8222;mainUrl&#8220;:1239,&#8220;epigraphUrl&#8220;:-1,&#8220;redirectUrl&#8220;:-1,&#8220;sourceUrl&#8220;:-1},{&#8222;name&#8220;:1967,&#8220;id&#8220;:1968,&#8220;originalId&#8220;:1969,&#8220;title&#8220;:1967,&#8220;url&#8220;:1970,&#8220;urls&#8220;:6224,&#8220;active&#8220;:9},{&#8222;mainUrl&#8220;:1970,&#8220;epigraphUrl&#8220;:-1,&#8220;redirectUrl&#8220;:-1,&#8220;sourceUrl&#8220;:-1},{&#8222;name&#8220;:1820,&#8220;id&#8220;:1821,&#8220;originalId&#8220;:1822,&#8220;title&#8220;:1820,&#8220;url&#8220;:1823,&#8220;urls&#8220;:6226,&#8220;active&#8220;:9},{&#8222;mainUrl&#8220;:1823,&#8220;epigraphUrl&#8220;:-1,&#8220;redirectUrl&#8220;:-1,&#8220;sourceUrl&#8220;:-1},{&#8222;name&#8220;:5984,&#8220;id&#8220;:5985,&#8220;originalId&#8220;:5986,&#8220;title&#8220;:5984,&#8220;url&#8220;:5987,&#8220;urls&#8220;:6228,&#8220;active&#8220;:9},{&#8222;mainUrl&#8220;:5987,&#8220;epigraphUrl&#8220;:-1,&#8220;redirectUrl&#8220;:-1,&#8220;sourceUrl&#8220;:-1},[],{&#8222;accessType&#8220;:1318,&#8220;interviewOptions&#8220;:6231,&#8220;frontOptions&#8220;:6232,&#8220;basicOptions&#8220;:6233,&#8220;adsOptions&#8220;:-1,&#8220;premiumOptions&#8220;:6234,&#8220;appearanceOptions&#8220;:6235,&#8220;countries&#8220;:6236,&#8220;notificationOptions&#8220;:6237,&#8220;type&#8220;:-1,&#8220;editionType&#8220;:-1,&#8220;redirectFollow&#8220;:9,&#8220;analyticsOptions&#8220;:6244,&#8220;communityOptions&#8220;:-1,&#8220;freeformHtmls&#8220;:-1,&#8220;sportsOptions&#8220;:-1},{&#8222;interviewKicker&#8220;:-1,&#8220;intervieweeRole&#8220;:-1,&#8220;isInterview&#8220;:8,&#8220;interviewee&#8220;:-1},{&#8222;showLiveIcon&#8220;:8,&#8220;excludeFromAutomaticModules&#8220;:-1,&#8220;hideColumnistStyle&#8220;:8,&#8220;showVideoIcon&#8220;:8,&#8220;showPhotoGalleryIcon&#8220;:8,&#8220;showImageSignature&#8220;:8,&#8220;specialKicker&#8220;:-1,&#8220;showSignature&#8220;:9,&#8220;hidePhoto&#8220;:8,&#8220;hideMediaReportStyle&#8220;:8,&#8220;titleSize&#8220;:-1,&#8220;showPlace&#8220;:8,&#8220;showPreTitle&#8220;:8},{&#8222;appearanceHideRelations&#8220;:8,&#8220;disablePageRefresh&#8220;:8,&#8220;appearanceHideInTagListings&#8220;:8,&#8220;denyComments&#8220;:8,&#8220;doNotGenerateAmpVersion&#8220;:8,&#8220;oldContent&#8220;:8,&#8220;sourceIsAgency&#8220;:8,&#8220;hideInLastContents&#8220;:8,&#8220;hideInTagPages&#8220;:8,&#8220;hideInMostViewed&#8220;:8,&#8220;hideInAllListings&#8220;:8,&#8220;source&#8220;:1247,&#8220;disableAmp&#8220;:8,&#8220;cxenseEnabled&#8220;:9,&#8220;isOpinion&#8220;:8},{&#8222;premiumKicker&#8220;:-1,&#8220;premiumShowButton&#8220;:8,&#8220;premiumButtonUrl&#8220;:-1,&#8220;premiumShowKicker&#8220;:8},{&#8222;hideRelations&#8220;:8,&#8220;oldContent&#8220;:8},[],{&#8222;expirationMinutes&#8220;:1252,&#8220;isPersistent&#8220;:8,&#8220;appOptions&#8220;:6238,&#8220;webOptions&#8220;:6240,&#8220;title&#8220;:6242,&#8220;body&#8220;:6243},{&#8222;sendPush&#8220;:8,&#8220;notificationButtons&#8220;:6239},[],{&#8222;sendPush&#8220;:8,&#8220;notificationButtons&#8220;:6241},[],&#8220;FC Merowinger sagt K\u00f6lsche Woche am Ballermann ab \u2013 Traditio&#8220;,&#8220;Seit 1972 pr\u00e4gte der FC Merowinger die K\u00f6lsche Woche am Ballermann \u2013 nun ist Schluss. Der Tod von Ehrenpr\u00e4sident Werner Dive beendet eine \u00c4ra.&#8220;,{&#8222;origin&#8220;:-1,&#8220;type&#8220;:-1,&#8220;editor&#8220;:1735,&#8220;category&#8220;:-1,&#8220;agencies&#8220;:6245,&#8220;adsTypes&#8220;:6246,&#8220;format&#8220;:1698,&#8220;variant&#8220;:1699},[],[],{&#8222;updateDate&#8220;:6248,&#8220;createDate&#8220;:6249,&#8220;releaseDate&#8220;:6250,&#8220;lastModifiedDate&#8220;:-1},[&#8222;Date&#8220;,&#8220;2025-08-28T08:34:24.000Z&#8220;],[&#8222;Date&#8220;,&#8220;2025-08-28T08:02:35.000Z&#8220;],[&#8222;Date&#8220;,&#8220;2025-08-28T08:16:59.000Z&#8220;],[6252,6254],{&#8222;name&#8220;:448,&#8220;id&#8220;:1224,&#8220;originalId&#8220;:1225,&#8220;title&#8220;:448,&#8220;url&#8220;:1226,&#8220;urls&#8220;:6253,&#8220;childUrl&#8220;:-1,&#8220;parentUrl&#8220;:-1,&#8220;active&#8220;:9,&#8220;archived&#8220;:8},{&#8222;mainUrl&#8220;:1226,&#8220;epigraphUrl&#8220;:-1,&#8220;redirectUrl&#8220;:-1,&#8220;sourceUrl&#8220;:-1},{&#8222;name&#8220;:1229,&#8220;id&#8220;:1230,&#8220;originalId&#8220;:1231,&#8220;title&#8220;:1229,&#8220;url&#8220;:1232,&#8220;urls&#8220;:6255,&#8220;childUrl&#8220;:-1,&#8220;parentUrl&#8220;:-1,&#8220;active&#8220;:9,&#8220;archived&#8220;:8},{&#8222;mainUrl&#8220;:1232,&#8220;epigraphUrl&#8220;:-1,&#8220;redirectUrl&#8220;:-1,&#8220;sourceUrl&#8220;:-1},[],{&#8222;specialText&#8220;:486,&#8220;text&#8220;:-1,&#8220;type&#8220;:-1},{&#8222;footballInfo&#8220;:-1,&#8220;firstMessages&#8220;:6259,&#8220;multimediaType&#8220;:596,&#8220;contentType&#8220;:141,&#8220;id&#8220;:6260,&#8220;contentId&#8220;:6261,&#8220;title&#8220;:6262,&#8220;subtitle&#8220;:-1,&#8220;subtitleTwo&#8220;:-1,&#8220;photoClippings&#8220;:6263,&#8220;urls&#8220;:6282,&#8220;url&#8220;:6283,&#8220;sponsorship&#8220;:6284,&#8220;authors&#8220;:6285,&#8220;signature&#8220;:-1,&#8220;photoSignature&#8220;:-1,&#8220;qualityUrls&#8220;:-1,&#8220;embedInfo&#8220;:6294,&#8220;tags&#8220;:6295,&#8220;hyperlocalisms&#8220;:6329,&#8220;options&#8220;:6330,&#8220;externalOptions&#8220;:-1,&#8220;dates&#8220;:6347,&#8220;player&#8220;:-1,&#8220;originalId&#8220;:6261,&#8220;liveOptions&#8220;:-1,&#8220;epigraph&#8220;:-1,&#8220;photoDescription&#8220;:-1,&#8220;sections&#8220;:6351,&#8220;relatedContents&#8220;:6356,&#8220;kicker&#8220;:6357,&#8220;published&#8220;:9,&#8220;featuredHtml&#8220;:-1},[],&#8220;b010c432-4b57-35b0-9e05-24c1c579362d&#8220;,&#8220;120807686&#8243;,&#8220;Nutella-Paella und Eheprobleme: Neckermann-Reiseleiterin plaudert aus dem N\u00e4hk\u00e4stchen&#8220;,[6264,6273],{&#8222;width&#8220;:2520,&#8220;url&#8220;:6265,&#8220;height&#8220;:534,&#8220;quality&#8220;:2522,&#8220;childPhotoClippings&#8220;:6266,&#8220;type&#8220;:524,&#8220;cropped&#8220;:8},&#8220;https:\/\/estaticos-cdn.prensaiberica.es\/clip\/cb87cc91-5b2e-4469-bfdc-d86e0120c74d_16-9-aspect-ratio_default_0.jpg&#8220;,[6267,6270],{&#8222;width&#8220;:519,&#8220;url&#8220;:6268,&#8220;height&#8220;:823,&#8220;quality&#8220;:73,&#8220;childPhotoClippings&#8220;:6269,&#8220;type&#8220;:524,&#8220;cropped&#8220;:8},&#8220;https:\/\/estaticos-cdn.prensaiberica.es\/clip\/cb87cc91-5b2e-4469-bfdc-d86e0120c74d_16-9-aspect-ratio_640w_0.jpg&#8220;,[],{&#8222;width&#8220;:526,&#8220;url&#8220;:6271,&#8220;height&#8220;:828,&#8220;quality&#8220;:73,&#8220;childPhotoClippings&#8220;:6272,&#8220;type&#8220;:524,&#8220;cropped&#8220;:8},&#8220;https:\/\/estaticos-cdn.prensaiberica.es\/clip\/cb87cc91-5b2e-4469-bfdc-d86e0120c74d_16-9-aspect-ratio_320w_0.jpg&#8220;,[],{&#8222;width&#8220;:532,&#8220;url&#8220;:6274,&#8220;height&#8220;:3423,&#8220;quality&#8220;:73,&#8220;childPhotoClippings&#8220;:6275,&#8220;type&#8220;:530,&#8220;cropped&#8220;:8},&#8220;https:\/\/estaticos-cdn.prensaiberica.es\/clip\/cb87cc91-5b2e-4469-bfdc-d86e0120c74d_media-libre-aspect-ratio_default_0.jpg&#8220;,[6276,6279],{&#8222;width&#8220;:519,&#8220;url&#8220;:6277,&#8220;height&#8220;:3427,&#8220;quality&#8220;:538,&#8220;childPhotoClippings&#8220;:6278,&#8220;type&#8220;:524,&#8220;cropped&#8220;:8},&#8220;https:\/\/estaticos-cdn.prensaiberica.es\/clip\/cb87cc91-5b2e-4469-bfdc-d86e0120c74d_media-libre-aspect-ratio_640w_0.jpg&#8220;,[],{&#8222;width&#8220;:526,&#8220;url&#8220;:6280,&#8220;height&#8220;:3431,&#8220;quality&#8220;:538,&#8220;childPhotoClippings&#8220;:6281,&#8220;type&#8220;:524,&#8220;cropped&#8220;:8},&#8220;https:\/\/estaticos-cdn.prensaiberica.es\/clip\/cb87cc91-5b2e-4469-bfdc-d86e0120c74d_media-libre-aspect-ratio_320w_0.jpg&#8220;,[],{&#8222;mainUrl&#8220;:6283,&#8220;epigraphUrl&#8220;:-1,&#8220;redirectUrl&#8220;:-1,&#8220;sourceUrl&#8220;:-1},&#8220;\/boulevard\/szene\/2025\/08\/25\/mallorca-reiseleiterin-buch-urlauber-anekdoten-120807686.html&#8220;,{&#8222;follow&#8220;:8,&#8220;linkTarget&#8220;:-1,&#8220;trackingCode&#8220;:-1,&#8220;trackingCodeAmp&#8220;:-1,&#8220;text&#8220;:-1,&#8220;url&#8220;:-1},[6286],{&#8222;name&#8220;:6287,&#8220;id&#8220;:6288,&#8220;originalId&#8220;:6289,&#8220;title&#8220;:6287,&#8220;url&#8220;:6290,&#8220;image&#8220;:6291,&#8220;description&#8220;:6292,&#8220;authorInformation&#8220;:-1,&#8220;active&#8220;:9,&#8220;urls&#8220;:6293},&#8220;Ralf Petzold&#8220;,&#8220;3c4bb81b-665d-3325-9d7c-35ca2f66cceb&#8220;,&#8220;28504&#8243;,&#8220;\/autoren\/ralf-petzold.html&#8220;,&#8220;https:\/\/estaticos-cdn.prensaiberica.es\/clip\/74bc5db4-fbfe-4579-80eb-d602fb331d31_source-aspect-ratio_320w_0.jpeg&#8220;,&#8220;\\u003Cp>2014 als Praktikant zur MZ gekommen, seit 2016 festes Mitglied der Redaktion. Eigentlich bin ich als Sportredakteur unterwegs, \u00fcbernehme aber auch viele aktuelle F\u00e4lle in der Nachrichtenwelt und k\u00fcmmere mich um das Wetter.\\u003C\/p>&#8220;,{&#8222;mainUrl&#8220;:6290,&#8220;epigraphUrl&#8220;:-1,&#8220;redirectUrl&#8220;:-1,&#8220;sourceUrl&#8220;:-1},{&#8222;html&#8220;:-1,&#8220;url&#8220;:-1},[6296,6298,6300,6306,6311,6317,6323],{&#8222;name&#8220;:1985,&#8220;id&#8220;:1986,&#8220;originalId&#8220;:1987,&#8220;title&#8220;:1985,&#8220;url&#8220;:1988,&#8220;urls&#8220;:6297,&#8220;active&#8220;:9},{&#8222;mainUrl&#8220;:1988,&#8220;epigraphUrl&#8220;:-1,&#8220;redirectUrl&#8220;:-1,&#8220;sourceUrl&#8220;:-1},{&#8222;name&#8220;:29,&#8220;id&#8220;:1293,&#8220;originalId&#8220;:1294,&#8220;title&#8220;:29,&#8220;url&#8220;:1295,&#8220;urls&#8220;:6299,&#8220;active&#8220;:9},{&#8222;mainUrl&#8220;:1295,&#8220;epigraphUrl&#8220;:-1,&#8220;redirectUrl&#8220;:-1,&#8220;sourceUrl&#8220;:-1},{&#8222;name&#8220;:6301,&#8220;id&#8220;:6302,&#8220;originalId&#8220;:6303,&#8220;title&#8220;:6301,&#8220;url&#8220;:6304,&#8220;urls&#8220;:6305,&#8220;active&#8220;:9},&#8220;Neckermann&#8220;,&#8220;092e4d30-e3d3-39c5-ad0c-c8ed3697cba7&#8243;,&#8220;REGIONALES_1584972&#8243;,&#8220;\/tags\/neckermann\/&#8220;,{&#8222;mainUrl&#8220;:6304,&#8220;epigraphUrl&#8220;:-1,&#8220;redirectUrl&#8220;:-1,&#8220;sourceUrl&#8220;:-1},{&#8222;name&#8220;:1229,&#8220;id&#8220;:6307,&#8220;originalId&#8220;:6308,&#8220;title&#8220;:1229,&#8220;url&#8220;:6309,&#8220;urls&#8220;:6310,&#8220;active&#8220;:9},&#8220;56cbd59d-33f9-3dcc-8992-7069b5fd6d48&#8243;,&#8220;REGIONALES_1582603&#8243;,&#8220;\/tags\/boulevard\/&#8220;,{&#8222;mainUrl&#8220;:6309,&#8220;epigraphUrl&#8220;:-1,&#8220;redirectUrl&#8220;:-1,&#8220;sourceUrl&#8220;:-1},{&#8222;name&#8220;:6312,&#8220;id&#8220;:6313,&#8220;originalId&#8220;:6314,&#8220;title&#8220;:6312,&#8220;url&#8220;:6315,&#8220;urls&#8220;:6316,&#8220;active&#8220;:9},&#8220;Koffer&#8220;,&#8220;a300f5b6-faac-34da-95e3-98214e32185f&#8220;,&#8220;REGIONALES_1584223&#8243;,&#8220;\/tags\/koffer\/&#8220;,{&#8222;mainUrl&#8220;:6315,&#8220;epigraphUrl&#8220;:-1,&#8220;redirectUrl&#8220;:-1,&#8220;sourceUrl&#8220;:-1},{&#8222;name&#8220;:6318,&#8220;id&#8220;:6319,&#8220;originalId&#8220;:6320,&#8220;title&#8220;:6318,&#8220;url&#8220;:6321,&#8220;urls&#8220;:6322,&#8220;active&#8220;:9},&#8220;Can Picafort&#8220;,&#8220;007015bc-0f74-37bb-8ca2-df83b01de812&#8243;,&#8220;REGIONALES_1582747&#8243;,&#8220;\/tags\/can-picafort\/&#8220;,{&#8222;mainUrl&#8220;:6321,&#8220;epigraphUrl&#8220;:-1,&#8220;redirectUrl&#8220;:-1,&#8220;sourceUrl&#8220;:-1},{&#8222;name&#8220;:6324,&#8220;id&#8220;:6325,&#8220;originalId&#8220;:6326,&#8220;title&#8220;:6324,&#8220;url&#8220;:6327,&#8220;urls&#8220;:6328,&#8220;active&#8220;:9},&#8220;Reiseleiter&#8220;,&#8220;217769a4-c234-376c-b96d-c51a306e34e0&#8243;,&#8220;REGIONALES_1585527&#8243;,&#8220;\/tags\/reiseleiter\/&#8220;,{&#8222;mainUrl&#8220;:6327,&#8220;epigraphUrl&#8220;:-1,&#8220;redirectUrl&#8220;:-1,&#8220;sourceUrl&#8220;:-1},[],{&#8222;accessType&#8220;:1859,&#8220;interviewOptions&#8220;:6331,&#8220;frontOptions&#8220;:6332,&#8220;basicOptions&#8220;:6333,&#8220;adsOptions&#8220;:-1,&#8220;premiumOptions&#8220;:6334,&#8220;appearanceOptions&#8220;:6335,&#8220;countries&#8220;:6336,&#8220;notificationOptions&#8220;:6337,&#8220;type&#8220;:-1,&#8220;editionType&#8220;:-1,&#8220;redirectFollow&#8220;:9,&#8220;analyticsOptions&#8220;:6344,&#8220;communityOptions&#8220;:-1,&#8220;freeformHtmls&#8220;:-1,&#8220;sportsOptions&#8220;:-1},{&#8222;interviewKicker&#8220;:-1,&#8220;intervieweeRole&#8220;:-1,&#8220;isInterview&#8220;:8,&#8220;interviewee&#8220;:-1},{&#8222;showLiveIcon&#8220;:8,&#8220;excludeFromAutomaticModules&#8220;:-1,&#8220;hideColumnistStyle&#8220;:8,&#8220;showVideoIcon&#8220;:8,&#8220;showPhotoGalleryIcon&#8220;:8,&#8220;showImageSignature&#8220;:8,&#8220;specialKicker&#8220;:-1,&#8220;showSignature&#8220;:9,&#8220;hidePhoto&#8220;:8,&#8220;hideMediaReportStyle&#8220;:8,&#8220;titleSize&#8220;:-1,&#8220;showPlace&#8220;:8,&#8220;showPreTitle&#8220;:8},{&#8222;appearanceHideRelations&#8220;:8,&#8220;disablePageRefresh&#8220;:8,&#8220;appearanceHideInTagListings&#8220;:8,&#8220;denyComments&#8220;:8,&#8220;doNotGenerateAmpVersion&#8220;:8,&#8220;oldContent&#8220;:8,&#8220;sourceIsAgency&#8220;:8,&#8220;hideInLastContents&#8220;:8,&#8220;hideInTagPages&#8220;:8,&#8220;hideInMostViewed&#8220;:8,&#8220;hideInAllListings&#8220;:8,&#8220;source&#8220;:2487,&#8220;disableAmp&#8220;:8,&#8220;cxenseEnabled&#8220;:9,&#8220;isOpinion&#8220;:8},{&#8222;premiumKicker&#8220;:-1,&#8220;premiumShowButton&#8220;:8,&#8220;premiumButtonUrl&#8220;:-1,&#8220;premiumShowKicker&#8220;:8},{&#8222;hideRelations&#8220;:8,&#8220;oldContent&#8220;:8},[],{&#8222;expirationMinutes&#8220;:1252,&#8220;isPersistent&#8220;:8,&#8220;appOptions&#8220;:6338,&#8220;webOptions&#8220;:6340,&#8220;title&#8220;:6342,&#8220;body&#8220;:6343},{&#8222;sendPush&#8220;:8,&#8220;notificationButtons&#8220;:6339},[],{&#8222;sendPush&#8220;:8,&#8220;notificationButtons&#8220;:6341},[],&#8220;Nutella-Paella und Eheprobleme: Neckermann-Reiseleiterin pla&#8220;,&#8220;Astrid Schelfhout hat 40 Jahre lang f\u00fcr Neckermann Urlauber auf Mallorca betreut. In einem Buch hat sie jetzt die kuriosesten Erlebnisse ver\u00f6ffentlicht&#8220;,{&#8222;origin&#8220;:-1,&#8220;type&#8220;:-1,&#8220;editor&#8220;:2499,&#8220;category&#8220;:-1,&#8220;agencies&#8220;:6345,&#8220;adsTypes&#8220;:6346,&#8220;format&#8220;:1698,&#8220;variant&#8220;:1699},[],[],{&#8222;updateDate&#8220;:6348,&#8220;createDate&#8220;:6349,&#8220;releaseDate&#8220;:6350,&#8220;lastModifiedDate&#8220;:-1},[&#8222;Date&#8220;,&#8220;2025-08-25T09:33:57.000Z&#8220;],[&#8222;Date&#8220;,&#8220;2025-08-21T07:27:47.000Z&#8220;],[&#8222;Date&#8220;,&#8220;2025-08-25T09:33:57.000Z&#8220;],[6352,6354],{&#8222;name&#8220;:448,&#8220;id&#8220;:1224,&#8220;originalId&#8220;:1225,&#8220;title&#8220;:448,&#8220;url&#8220;:1226,&#8220;urls&#8220;:6353,&#8220;childUrl&#8220;:-1,&#8220;parentUrl&#8220;:-1,&#8220;active&#8220;:9,&#8220;archived&#8220;:8},{&#8222;mainUrl&#8220;:1226,&#8220;epigraphUrl&#8220;:-1,&#8220;redirectUrl&#8220;:-1,&#8220;sourceUrl&#8220;:-1},{&#8222;name&#8220;:1229,&#8220;id&#8220;:1230,&#8220;originalId&#8220;:1231,&#8220;title&#8220;:1229,&#8220;url&#8220;:1232,&#8220;urls&#8220;:6355,&#8220;childUrl&#8220;:-1,&#8220;parentUrl&#8220;:-1,&#8220;active&#8220;:9,&#8220;archived&#8220;:8},{&#8222;mainUrl&#8220;:1232,&#8220;epigraphUrl&#8220;:-1,&#8220;redirectUrl&#8220;:-1,&#8220;sourceUrl&#8220;:-1},[],{&#8222;specialText&#8220;:486,&#8220;text&#8220;:-1,&#8220;type&#8220;:-1},{&#8222;footballInfo&#8220;:-1,&#8220;firstMessages&#8220;:6359,&#8220;multimediaType&#8220;:596,&#8220;contentType&#8220;:141,&#8220;id&#8220;:6360,&#8220;contentId&#8220;:6361,&#8220;title&#8220;:6362,&#8220;subtitle&#8220;:-1,&#8220;subtitleTwo&#8220;:-1,&#8220;photoClippings&#8220;:6363,&#8220;urls&#8220;:6382,&#8220;url&#8220;:6383,&#8220;sponsorship&#8220;:6384,&#8220;authors&#8220;:6385,&#8220;signature&#8220;:-1,&#8220;photoSignature&#8220;:6389,&#8220;qualityUrls&#8220;:-1,&#8220;embedInfo&#8220;:6390,&#8220;tags&#8220;:6391,&#8220;hyperlocalisms&#8220;:6413,&#8220;options&#8220;:6414,&#8220;externalOptions&#8220;:-1,&#8220;dates&#8220;:6431,&#8220;player&#8220;:-1,&#8220;originalId&#8220;:6361,&#8220;liveOptions&#8220;:-1,&#8220;epigraph&#8220;:-1,&#8220;photoDescription&#8220;:-1,&#8220;sections&#8220;:6435,&#8220;relatedContents&#8220;:6442,&#8220;kicker&#8220;:6443,&#8220;published&#8220;:9,&#8220;featuredHtml&#8220;:-1},[],&#8220;494c0360-7648-3d03-9380-ed07fa38036e&#8220;,&#8220;120849310&#8243;,&#8220;Zeitenwende vollendet: Der Billig-Ballermann ist endg\u00fcltig tot&#8220;,[6364,6373],{&#8222;width&#8220;:432,&#8220;url&#8220;:6365,&#8220;height&#8220;:435,&#8220;quality&#8220;:72,&#8220;childPhotoClippings&#8220;:6366,&#8220;type&#8220;:524,&#8220;cropped&#8220;:8},&#8220;https:\/\/estaticos-cdn.prensaiberica.es\/clip\/48ec2135-6b50-4b1f-8984-14fa787cfb8a_16-9-discover-aspect-ratio_default_0.jpg&#8220;,[6367,6370],{&#8222;width&#8220;:519,&#8220;url&#8220;:6368,&#8220;height&#8220;:823,&#8220;quality&#8220;:824,&#8220;childPhotoClippings&#8220;:6369,&#8220;type&#8220;:524,&#8220;cropped&#8220;:8},&#8220;https:\/\/estaticos-cdn.prensaiberica.es\/clip\/48ec2135-6b50-4b1f-8984-14fa787cfb8a_16-9-discover-aspect-ratio_640w_0.jpg&#8220;,[],{&#8222;width&#8220;:526,&#8220;url&#8220;:6371,&#8220;height&#8220;:828,&#8220;quality&#8220;:824,&#8220;childPhotoClippings&#8220;:6372,&#8220;type&#8220;:524,&#8220;cropped&#8220;:8},&#8220;https:\/\/estaticos-cdn.prensaiberica.es\/clip\/48ec2135-6b50-4b1f-8984-14fa787cfb8a_16-9-discover-aspect-ratio_320w_0.jpg&#8220;,[],{&#8222;width&#8220;:532,&#8220;url&#8220;:6374,&#8220;height&#8220;:811,&#8220;quality&#8220;:73,&#8220;childPhotoClippings&#8220;:6375,&#8220;type&#8220;:530,&#8220;cropped&#8220;:8},&#8220;https:\/\/estaticos-cdn.prensaiberica.es\/clip\/48ec2135-6b50-4b1f-8984-14fa787cfb8a_media-libre-aspect-ratio_default_0.jpg&#8220;,[6376,6379],{&#8222;width&#8220;:519,&#8220;url&#8220;:6377,&#8220;height&#8220;:803,&#8220;quality&#8220;:538,&#8220;childPhotoClippings&#8220;:6378,&#8220;type&#8220;:524,&#8220;cropped&#8220;:8},&#8220;https:\/\/estaticos-cdn.prensaiberica.es\/clip\/48ec2135-6b50-4b1f-8984-14fa787cfb8a_media-libre-aspect-ratio_640w_0.jpg&#8220;,[],{&#8222;width&#8220;:526,&#8220;url&#8220;:6380,&#8220;height&#8220;:807,&#8220;quality&#8220;:538,&#8220;childPhotoClippings&#8220;:6381,&#8220;type&#8220;:524,&#8220;cropped&#8220;:8},&#8220;https:\/\/estaticos-cdn.prensaiberica.es\/clip\/48ec2135-6b50-4b1f-8984-14fa787cfb8a_media-libre-aspect-ratio_320w_0.jpg&#8220;,[],{&#8222;mainUrl&#8220;:6383,&#8220;epigraphUrl&#8220;:-1,&#8220;redirectUrl&#8220;:-1,&#8220;sourceUrl&#8220;:-1},&#8220;\/meinung\/2025\/08\/22\/zeitenwende-vollendet-der-billig-ballermann-120849310.html&#8220;,{&#8222;follow&#8220;:8,&#8220;linkTarget&#8220;:-1,&#8220;trackingCode&#8220;:-1,&#8220;trackingCodeAmp&#8220;:-1,&#8220;text&#8220;:-1,&#8220;url&#8220;:-1},[6386],{&#8222;name&#8220;:418,&#8220;id&#8220;:2009,&#8220;originalId&#8220;:2010,&#8220;title&#8220;:418,&#8220;url&#8220;:2011,&#8220;image&#8220;:2012,&#8220;description&#8220;:2013,&#8220;authorInformation&#8220;:6387,&#8220;active&#8220;:9,&#8220;urls&#8220;:6388},{&#8222;position&#8220;:-1,&#8220;twitterUsername&#8220;:-1,&#8220;socialNetworks&#8220;:-1},{&#8222;mainUrl&#8220;:2011,&#8220;epigraphUrl&#8220;:-1,&#8220;redirectUrl&#8220;:-1,&#8220;sourceUrl&#8220;:-1},{&#8222;name&#8220;:5151,&#8220;place&#8220;:-1,&#8220;source&#8220;:-1,&#8220;authorText&#8220;:-1},{&#8222;html&#8220;:-1,&#8220;url&#8220;:-1},[6392,6394,6396,6398,6403,6405,6407],{&#8222;name&#8220;:1236,&#8220;id&#8220;:1237,&#8220;originalId&#8220;:1238,&#8220;title&#8220;:1236,&#8220;url&#8220;:1239,&#8220;urls&#8220;:6393,&#8220;active&#8220;:9},{&#8222;mainUrl&#8220;:1239,&#8220;epigraphUrl&#8220;:-1,&#8220;redirectUrl&#8220;:-1,&#8220;sourceUrl&#8220;:-1},{&#8222;name&#8220;:1304,&#8220;id&#8220;:1305,&#8220;originalId&#8220;:1306,&#8220;title&#8220;:1304,&#8220;url&#8220;:1307,&#8220;urls&#8220;:6395,&#8220;active&#8220;:9},{&#8222;mainUrl&#8220;:1307,&#8220;epigraphUrl&#8220;:-1,&#8220;redirectUrl&#8220;:-1,&#8220;sourceUrl&#8220;:-1},{&#8222;name&#8220;:3037,&#8220;id&#8220;:3038,&#8220;originalId&#8220;:3039,&#8220;title&#8220;:3037,&#8220;url&#8220;:3040,&#8220;urls&#8220;:6397,&#8220;active&#8220;:9},{&#8222;mainUrl&#8220;:3040,&#8220;epigraphUrl&#8220;:-1,&#8220;redirectUrl&#8220;:-1,&#8220;sourceUrl&#8220;:-1},{&#8222;name&#8220;:258,&#8220;id&#8220;:6399,&#8220;originalId&#8220;:6400,&#8220;title&#8220;:258,&#8220;url&#8220;:6401,&#8220;urls&#8220;:6402,&#8220;active&#8220;:9},&#8220;55a84457-0136-3e86-aada-3dfa2b9fc25f&#8220;,&#8220;REGIONALES_1584719&#8243;,&#8220;\/tags\/meinung\/&#8220;,{&#8222;mainUrl&#8220;:6401,&#8220;epigraphUrl&#8220;:-1,&#8220;redirectUrl&#8220;:-1,&#8220;sourceUrl&#8220;:-1},{&#8222;name&#8220;:4112,&#8220;id&#8220;:4113,&#8220;originalId&#8220;:4114,&#8220;title&#8220;:4112,&#8220;url&#8220;:4115,&#8220;urls&#8220;:6404,&#8220;active&#8220;:9},{&#8222;mainUrl&#8220;:4115,&#8220;epigraphUrl&#8220;:-1,&#8220;redirectUrl&#8220;:-1,&#8220;sourceUrl&#8220;:-1},{&#8222;name&#8220;:2108,&#8220;id&#8220;:2109,&#8220;originalId&#8220;:2110,&#8220;title&#8220;:2108,&#8220;url&#8220;:2111,&#8220;urls&#8220;:6406,&#8220;active&#8220;:9},{&#8222;mainUrl&#8220;:2111,&#8220;epigraphUrl&#8220;:-1,&#8220;redirectUrl&#8220;:-1,&#8220;sourceUrl&#8220;:-1},{&#8222;name&#8220;:6408,&#8220;id&#8220;:6409,&#8220;originalId&#8220;:6410,&#8220;title&#8220;:6408,&#8220;url&#8220;:6411,&#8220;urls&#8220;:6412,&#8220;active&#8220;:9},&#8220;Sicherheit&#8220;,&#8220;00899810-f5aa-3dfb-a689-712363139b16&#8243;,&#8220;REGIONALES_1585904&#8243;,&#8220;\/tags\/sicherheit\/&#8220;,{&#8222;mainUrl&#8220;:6411,&#8220;epigraphUrl&#8220;:-1,&#8220;redirectUrl&#8220;:-1,&#8220;sourceUrl&#8220;:-1},[],{&#8222;accessType&#8220;:1859,&#8220;interviewOptions&#8220;:6415,&#8220;frontOptions&#8220;:6416,&#8220;basicOptions&#8220;:6417,&#8220;adsOptions&#8220;:-1,&#8220;premiumOptions&#8220;:6418,&#8220;appearanceOptions&#8220;:6419,&#8220;countries&#8220;:6420,&#8220;notificationOptions&#8220;:6421,&#8220;type&#8220;:-1,&#8220;editionType&#8220;:-1,&#8220;redirectFollow&#8220;:9,&#8220;analyticsOptions&#8220;:6428,&#8220;communityOptions&#8220;:-1,&#8220;freeformHtmls&#8220;:-1,&#8220;sportsOptions&#8220;:-1},{&#8222;interviewKicker&#8220;:-1,&#8220;intervieweeRole&#8220;:-1,&#8220;isInterview&#8220;:8,&#8220;interviewee&#8220;:-1},{&#8222;showLiveIcon&#8220;:8,&#8220;excludeFromAutomaticModules&#8220;:-1,&#8220;hideColumnistStyle&#8220;:8,&#8220;showVideoIcon&#8220;:8,&#8220;showPhotoGalleryIcon&#8220;:8,&#8220;showImageSignature&#8220;:8,&#8220;specialKicker&#8220;:-1,&#8220;showSignature&#8220;:9,&#8220;hidePhoto&#8220;:8,&#8220;hideMediaReportStyle&#8220;:8,&#8220;titleSize&#8220;:-1,&#8220;showPlace&#8220;:8,&#8220;showPreTitle&#8220;:8},{&#8222;appearanceHideRelations&#8220;:8,&#8220;disablePageRefresh&#8220;:8,&#8220;appearanceHideInTagListings&#8220;:8,&#8220;denyComments&#8220;:8,&#8220;doNotGenerateAmpVersion&#8220;:8,&#8220;oldContent&#8220;:8,&#8220;sourceIsAgency&#8220;:8,&#8220;hideInLastContents&#8220;:8,&#8220;hideInTagPages&#8220;:8,&#8220;hideInMostViewed&#8220;:8,&#8220;hideInAllListings&#8220;:8,&#8220;source&#8220;:1247,&#8220;disableAmp&#8220;:8,&#8220;cxenseEnabled&#8220;:9,&#8220;isOpinion&#8220;:9},{&#8222;premiumKicker&#8220;:-1,&#8220;premiumShowButton&#8220;:8,&#8220;premiumButtonUrl&#8220;:-1,&#8220;premiumShowKicker&#8220;:8},{&#8222;hideRelations&#8220;:8,&#8220;oldContent&#8220;:8},[],{&#8222;expirationMinutes&#8220;:1252,&#8220;isPersistent&#8220;:8,&#8220;appOptions&#8220;:6422,&#8220;webOptions&#8220;:6424,&#8220;title&#8220;:6426,&#8220;body&#8220;:6427},{&#8222;sendPush&#8220;:8,&#8220;notificationButtons&#8220;:6423},[],{&#8222;sendPush&#8220;:8,&#8220;notificationButtons&#8220;:6425},[],&#8220;Zeitenwende vollendet: Der Billig-Ballermann ist endg\u00fcltig t&#8220;,&#8220;MZ-Kolumnist Ingo Wohlfeil \u00fcber den unaufhaltsamen Mentalit\u00e4tswechsel an der Partyhochburg Playa de Palma&#8220;,{&#8222;origin&#8220;:-1,&#8220;type&#8220;:-1,&#8220;editor&#8220;:1260,&#8220;category&#8220;:-1,&#8220;agencies&#8220;:6429,&#8220;adsTypes&#8220;:6430,&#8220;format&#8220;:1698,&#8220;variant&#8220;:1699},[],[],{&#8222;updateDate&#8220;:6432,&#8220;createDate&#8220;:6433,&#8220;releaseDate&#8220;:6434,&#8220;lastModifiedDate&#8220;:-1},[&#8222;Date&#8220;,&#8220;2025-08-22T12:40:29.000Z&#8220;],[&#8222;Date&#8220;,&#8220;2025-08-22T12:26:02.000Z&#8220;],[&#8222;Date&#8220;,&#8220;2025-08-22T12:40:29.000Z&#8220;],[6436,6438,6440],{&#8222;name&#8220;:258,&#8220;id&#8220;:5287,&#8220;originalId&#8220;:5288,&#8220;title&#8220;:258,&#8220;url&#8220;:5289,&#8220;urls&#8220;:6437,&#8220;childUrl&#8220;:-1,&#8220;parentUrl&#8220;:-1,&#8220;active&#8220;:9,&#8220;archived&#8220;:8},{&#8222;mainUrl&#8220;:5289,&#8220;epigraphUrl&#8220;:-1,&#8220;redirectUrl&#8220;:-1,&#8220;sourceUrl&#8220;:-1},{&#8222;name&#8220;:448,&#8220;id&#8220;:1224,&#8220;originalId&#8220;:1225,&#8220;title&#8220;:448,&#8220;url&#8220;:1226,&#8220;urls&#8220;:6439,&#8220;childUrl&#8220;:-1,&#8220;parentUrl&#8220;:-1,&#8220;active&#8220;:9,&#8220;archived&#8220;:8},{&#8222;mainUrl&#8220;:1226,&#8220;epigraphUrl&#8220;:-1,&#8220;redirectUrl&#8220;:-1,&#8220;sourceUrl&#8220;:-1},{&#8222;name&#8220;:1229,&#8220;id&#8220;:1230,&#8220;originalId&#8220;:1231,&#8220;title&#8220;:1229,&#8220;url&#8220;:1232,&#8220;urls&#8220;:6441,&#8220;childUrl&#8220;:-1,&#8220;parentUrl&#8220;:-1,&#8220;active&#8220;:9,&#8220;archived&#8220;:8},{&#8222;mainUrl&#8220;:1232,&#8220;epigraphUrl&#8220;:-1,&#8220;redirectUrl&#8220;:-1,&#8220;sourceUrl&#8220;:-1},[],{&#8222;specialText&#8220;:486,&#8220;text&#8220;:-1,&#8220;type&#8220;:-1},{&#8222;footballInfo&#8220;:-1,&#8220;firstMessages&#8220;:6445,&#8220;multimediaType&#8220;:596,&#8220;contentType&#8220;:143,&#8220;id&#8220;:6446,&#8220;contentId&#8220;:6447,&#8220;title&#8220;:6448,&#8220;subtitle&#8220;:-1,&#8220;subtitleTwo&#8220;:-1,&#8220;photoClippings&#8220;:6449,&#8220;urls&#8220;:6471,&#8220;url&#8220;:6472,&#8220;sponsorship&#8220;:6473,&#8220;authors&#8220;:6474,&#8220;signature&#8220;:6475,&#8220;photoSignature&#8220;:6477,&#8220;qualityUrls&#8220;:6479,&#8220;embedInfo&#8220;:6483,&#8220;tags&#8220;:6484,&#8220;hyperlocalisms&#8220;:6485,&#8220;options&#8220;:6486,&#8220;externalOptions&#8220;:-1,&#8220;dates&#8220;:6503,&#8220;player&#8220;:6507,&#8220;originalId&#8220;:6447,&#8220;liveOptions&#8220;:-1,&#8220;epigraph&#8220;:-1,&#8220;photoDescription&#8220;:-1,&#8220;sections&#8220;:6525,&#8220;relatedContents&#8220;:6530,&#8220;kicker&#8220;:6531,&#8220;published&#8220;:9,&#8220;featuredHtml&#8220;:-1},[],&#8220;52aa8940-b0db-3b93-a5fd-22caa8ae2175&#8243;,&#8220;120840377&#8243;,&#8220;So sah unser Selbstversuch aus \u2013 die MZ mittendrin im Gummikrieg um Gleichgewicht und W\u00fcrde&#8220;,[6450,6459],{&#8222;width&#8220;:2520,&#8220;url&#8220;:6451,&#8220;height&#8220;:534,&#8220;quality&#8220;:2522,&#8220;childPhotoClippings&#8220;:6452,&#8220;type&#8220;:524,&#8220;cropped&#8220;:8},&#8220;https:\/\/estaticos-cdn.prensaiberica.es\/clip\/45b8495d-3e89-4a97-99d9-eafbbeacbabc_16-9-aspect-ratio_default_0.jpg&#8220;,[6453,6456],{&#8222;width&#8220;:519,&#8220;url&#8220;:6454,&#8220;height&#8220;:823,&#8220;quality&#8220;:73,&#8220;childPhotoClippings&#8220;:6455,&#8220;type&#8220;:524,&#8220;cropped&#8220;:8},&#8220;https:\/\/estaticos-cdn.prensaiberica.es\/clip\/45b8495d-3e89-4a97-99d9-eafbbeacbabc_16-9-aspect-ratio_640w_0.jpg&#8220;,[],{&#8222;width&#8220;:526,&#8220;url&#8220;:6457,&#8220;height&#8220;:828,&#8220;quality&#8220;:73,&#8220;childPhotoClippings&#8220;:6458,&#8220;type&#8220;:524,&#8220;cropped&#8220;:8},&#8220;https:\/\/estaticos-cdn.prensaiberica.es\/clip\/45b8495d-3e89-4a97-99d9-eafbbeacbabc_16-9-aspect-ratio_320w_0.jpg&#8220;,[],{&#8222;width&#8220;:532,&#8220;url&#8220;:6460,&#8220;height&#8220;:6461,&#8220;quality&#8220;:73,&#8220;childPhotoClippings&#8220;:6462,&#8220;type&#8220;:530,&#8220;cropped&#8220;:8},&#8220;https:\/\/estaticos-cdn.prensaiberica.es\/clip\/45b8495d-3e89-4a97-99d9-eafbbeacbabc_media-libre-aspect-ratio_default_0.jpg&#8220;,&#8220;468&#8243;,[6463,6467],{&#8222;width&#8220;:519,&#8220;url&#8220;:6464,&#8220;height&#8220;:6465,&#8220;quality&#8220;:538,&#8220;childPhotoClippings&#8220;:6466,&#8220;type&#8220;:524,&#8220;cropped&#8220;:8},&#8220;https:\/\/estaticos-cdn.prensaiberica.es\/clip\/45b8495d-3e89-4a97-99d9-eafbbeacbabc_media-libre-aspect-ratio_640w_0.jpg&#8220;,&#8220;454&#8243;,[],{&#8222;width&#8220;:526,&#8220;url&#8220;:6468,&#8220;height&#8220;:6469,&#8220;quality&#8220;:538,&#8220;childPhotoClippings&#8220;:6470,&#8220;type&#8220;:524,&#8220;cropped&#8220;:8},&#8220;https:\/\/estaticos-cdn.prensaiberica.es\/clip\/45b8495d-3e89-4a97-99d9-eafbbeacbabc_media-libre-aspect-ratio_320w_0.jpg&#8220;,&#8220;227&#8243;,[],{&#8222;mainUrl&#8220;:6472,&#8220;epigraphUrl&#8220;:-1,&#8220;redirectUrl&#8220;:-1,&#8220;sourceUrl&#8220;:-1},&#8220;\/boulevard\/szene\/2025\/08\/22\/sah-unser-selbstversuch-aus-die-120840377.html&#8220;,{&#8222;follow&#8220;:8,&#8220;linkTarget&#8220;:-1,&#8220;trackingCode&#8220;:-1,&#8220;trackingCodeAmp&#8220;:-1,&#8220;text&#8220;:-1,&#8220;url&#8220;:-1},[],{&#8222;name&#8220;:6476,&#8220;place&#8220;:-1,&#8220;source&#8220;:-1,&#8220;authorText&#8220;:-1},&#8220;Marah Weigel \/ Jendrik Bolte&#8220;,{&#8222;name&#8220;:6478,&#8220;place&#8220;:-1,&#8220;source&#8220;:-1,&#8220;authorText&#8220;:-1},&#8220;marah weigel&#8220;,{&#8222;small&#8220;:6480,&#8220;medium&#8220;:6481,&#8220;hd&#8220;:6482},&#8220;https:\/\/estaticos-cdn.prensaiberica.es\/epi\/public\/videoquality\/2025\/0822\/08\/mega-jump-park-zusammenfassung.mp4&#8243;,&#8220;https:\/\/estaticos-cdn.prensaiberica.es\/epi\/public\/videoquality\/2025\/0822\/08\/mega-jump-park-zusammenfassung-2.mp4&#8243;,&#8220;https:\/\/estaticos-cdn.prensaiberica.es\/epi\/public\/videoquality\/2025\/0822\/08\/mega-jump-park-zusammenfassung-3.mp4&#8243;,{&#8222;html&#8220;:-1,&#8220;url&#8220;:-1},[],[],{&#8222;accessType&#8220;:1318,&#8220;interviewOptions&#8220;:6487,&#8220;frontOptions&#8220;:6488,&#8220;basicOptions&#8220;:6489,&#8220;adsOptions&#8220;:-1,&#8220;premiumOptions&#8220;:6490,&#8220;appearanceOptions&#8220;:6491,&#8220;countries&#8220;:6492,&#8220;notificationOptions&#8220;:6493,&#8220;type&#8220;:-1,&#8220;editionType&#8220;:-1,&#8220;redirectFollow&#8220;:9,&#8220;analyticsOptions&#8220;:6499,&#8220;communityOptions&#8220;:-1,&#8220;freeformHtmls&#8220;:-1,&#8220;sportsOptions&#8220;:-1},{&#8222;interviewKicker&#8220;:-1,&#8220;intervieweeRole&#8220;:-1,&#8220;isInterview&#8220;:8,&#8220;interviewee&#8220;:-1},{&#8222;showLiveIcon&#8220;:8,&#8220;excludeFromAutomaticModules&#8220;:-1,&#8220;hideColumnistStyle&#8220;:8,&#8220;showVideoIcon&#8220;:8,&#8220;showPhotoGalleryIcon&#8220;:8,&#8220;showImageSignature&#8220;:8,&#8220;specialKicker&#8220;:-1,&#8220;showSignature&#8220;:8,&#8220;hidePhoto&#8220;:8,&#8220;hideMediaReportStyle&#8220;:8,&#8220;titleSize&#8220;:-1,&#8220;showPlace&#8220;:8,&#8220;showPreTitle&#8220;:8},{&#8222;appearanceHideRelations&#8220;:8,&#8220;disablePageRefresh&#8220;:8,&#8220;appearanceHideInTagListings&#8220;:8,&#8220;denyComments&#8220;:8,&#8220;doNotGenerateAmpVersion&#8220;:8,&#8220;oldContent&#8220;:8,&#8220;sourceIsAgency&#8220;:8,&#8220;hideInLastContents&#8220;:8,&#8220;hideInTagPages&#8220;:8,&#8220;hideInMostViewed&#8220;:8,&#8220;hideInAllListings&#8220;:8,&#8220;source&#8220;:1247,&#8220;disableAmp&#8220;:8,&#8220;cxenseEnabled&#8220;:8,&#8220;isOpinion&#8220;:8},{&#8222;premiumKicker&#8220;:-1,&#8220;premiumShowButton&#8220;:8,&#8220;premiumButtonUrl&#8220;:-1,&#8220;premiumShowKicker&#8220;:8},{&#8222;hideRelations&#8220;:8,&#8220;oldContent&#8220;:8},[],{&#8222;expirationMinutes&#8220;:1252,&#8220;isPersistent&#8220;:8,&#8220;appOptions&#8220;:6494,&#8220;webOptions&#8220;:6496,&#8220;title&#8220;:6498,&#8220;body&#8220;:-1},{&#8222;sendPush&#8220;:8,&#8220;notificationButtons&#8220;:6495},[],{&#8222;sendPush&#8220;:8,&#8220;notificationButtons&#8220;:6497},[],&#8220;So sah unser Selbstversuch aus \u2013 die MZ mittendrin im Gummik&#8220;,{&#8222;origin&#8220;:4366,&#8220;type&#8220;:4367,&#8220;editor&#8220;:6500,&#8220;category&#8220;:-1,&#8220;agencies&#8220;:6501,&#8220;adsTypes&#8220;:6502,&#8220;format&#8220;:-1,&#8220;variant&#8220;:-1},&#8220;anastasia&#8220;,[],[4370],{&#8222;updateDate&#8220;:6504,&#8220;createDate&#8220;:6505,&#8220;releaseDate&#8220;:6506,&#8220;lastModifiedDate&#8220;:-1},[&#8222;Date&#8220;,&#8220;2025-08-22T08:33:57.000Z&#8220;],[&#8222;Date&#8220;,&#8220;2025-08-22T08:26:17.000Z&#8220;],[&#8222;Date&#8220;,&#8220;2025-08-22T08:33:57.000Z&#8220;],{&#8222;qualityUrls&#8220;:6508,&#8220;title&#8220;:6448,&#8220;compliant&#8220;:8,&#8220;disableAdvertising&#8220;:8,&#8220;id&#8220;:6446,&#8220;sourceImage&#8220;:6460,&#8220;photoClippings&#8220;:6509,&#8220;tags&#8220;:6522,&#8220;hyperlocalisms&#8220;:6523,&#8220;videoUrl&#8220;:-1,&#8220;authors&#8220;:6524},{&#8222;small&#8220;:6480,&#8220;medium&#8220;:6481,&#8220;hd&#8220;:6482},[6510,6516],{&#8222;width&#8220;:2520,&#8220;url&#8220;:6451,&#8220;height&#8220;:534,&#8220;quality&#8220;:2522,&#8220;childPhotoClippings&#8220;:6511,&#8220;type&#8220;:524,&#8220;cropped&#8220;:8},[6512,6514],{&#8222;width&#8220;:519,&#8220;url&#8220;:6454,&#8220;height&#8220;:823,&#8220;quality&#8220;:73,&#8220;childPhotoClippings&#8220;:6513,&#8220;type&#8220;:524,&#8220;cropped&#8220;:8},[],{&#8222;width&#8220;:526,&#8220;url&#8220;:6457,&#8220;height&#8220;:828,&#8220;quality&#8220;:73,&#8220;childPhotoClippings&#8220;:6515,&#8220;type&#8220;:524,&#8220;cropped&#8220;:8},[],{&#8222;width&#8220;:532,&#8220;url&#8220;:6460,&#8220;height&#8220;:6461,&#8220;quality&#8220;:73,&#8220;childPhotoClippings&#8220;:6517,&#8220;type&#8220;:530,&#8220;cropped&#8220;:8},[6518,6520],{&#8222;width&#8220;:519,&#8220;url&#8220;:6464,&#8220;height&#8220;:6465,&#8220;quality&#8220;:538,&#8220;childPhotoClippings&#8220;:6519,&#8220;type&#8220;:524,&#8220;cropped&#8220;:8},[],{&#8222;width&#8220;:526,&#8220;url&#8220;:6468,&#8220;height&#8220;:6469,&#8220;quality&#8220;:538,&#8220;childPhotoClippings&#8220;:6521,&#8220;type&#8220;:524,&#8220;cropped&#8220;:8},[],[],[],[],[6526,6528],{&#8222;name&#8220;:448,&#8220;id&#8220;:1224,&#8220;originalId&#8220;:1225,&#8220;title&#8220;:448,&#8220;url&#8220;:1226,&#8220;urls&#8220;:6527,&#8220;childUrl&#8220;:-1,&#8220;parentUrl&#8220;:-1,&#8220;active&#8220;:9,&#8220;archived&#8220;:8},{&#8222;mainUrl&#8220;:1226,&#8220;epigraphUrl&#8220;:-1,&#8220;redirectUrl&#8220;:-1,&#8220;sourceUrl&#8220;:-1},{&#8222;name&#8220;:1229,&#8220;id&#8220;:1230,&#8220;originalId&#8220;:1231,&#8220;title&#8220;:1229,&#8220;url&#8220;:1232,&#8220;urls&#8220;:6529,&#8220;childUrl&#8220;:-1,&#8220;parentUrl&#8220;:-1,&#8220;active&#8220;:9,&#8220;archived&#8220;:8},{&#8222;mainUrl&#8220;:1232,&#8220;epigraphUrl&#8220;:-1,&#8220;redirectUrl&#8220;:-1,&#8220;sourceUrl&#8220;:-1},[],{&#8222;specialText&#8220;:-1,&#8220;text&#8220;:-1},{&#8222;footballInfo&#8220;:-1,&#8220;firstMessages&#8220;:6533,&#8220;multimediaType&#8220;:596,&#8220;contentType&#8220;:141,&#8220;id&#8220;:6534,&#8220;contentId&#8220;:6535,&#8220;title&#8220;:6536,&#8220;subtitle&#8220;:-1,&#8220;subtitleTwo&#8220;:-1,&#8220;photoClippings&#8220;:6537,&#8220;urls&#8220;:6556,&#8220;url&#8220;:6557,&#8220;sponsorship&#8220;:6558,&#8220;authors&#8220;:6559,&#8220;signature&#8220;:-1,&#8220;photoSignature&#8220;:6563,&#8220;qualityUrls&#8220;:-1,&#8220;embedInfo&#8220;:6565,&#8220;tags&#8220;:6566,&#8220;hyperlocalisms&#8220;:6575,&#8220;options&#8220;:6576,&#8220;externalOptions&#8220;:-1,&#8220;dates&#8220;:6593,&#8220;player&#8220;:-1,&#8220;originalId&#8220;:6535,&#8220;liveOptions&#8220;:-1,&#8220;epigraph&#8220;:-1,&#8220;photoDescription&#8220;:-1,&#8220;sections&#8220;:6597,&#8220;relatedContents&#8220;:6602,&#8220;kicker&#8220;:6603,&#8220;published&#8220;:9,&#8220;featuredHtml&#8220;:-1},[],&#8220;58553caa-e448-37f9-8820-c6565e302824&#8243;,&#8220;120729077&#8243;,&#8220;25 Euro statt kostenlos: Jetzt gibt es auch im Bierk\u00f6nig auf Mallorca einen Mindestverzehr&#8220;,[6538,6547],{&#8222;width&#8220;:432,&#8220;url&#8220;:6539,&#8220;height&#8220;:435,&#8220;quality&#8220;:72,&#8220;childPhotoClippings&#8220;:6540,&#8220;type&#8220;:524,&#8220;cropped&#8220;:8},&#8220;https:\/\/estaticos-cdn.prensaiberica.es\/clip\/d04f0972-0279-4a1e-94af-6723f9ff1ea9_16-9-discover-aspect-ratio_default_0.jpg&#8220;,[6541,6544],{&#8222;width&#8220;:519,&#8220;url&#8220;:6542,&#8220;height&#8220;:823,&#8220;quality&#8220;:824,&#8220;childPhotoClippings&#8220;:6543,&#8220;type&#8220;:524,&#8220;cropped&#8220;:8},&#8220;https:\/\/estaticos-cdn.prensaiberica.es\/clip\/d04f0972-0279-4a1e-94af-6723f9ff1ea9_16-9-discover-aspect-ratio_640w_0.jpg&#8220;,[],{&#8222;width&#8220;:526,&#8220;url&#8220;:6545,&#8220;height&#8220;:828,&#8220;quality&#8220;:824,&#8220;childPhotoClippings&#8220;:6546,&#8220;type&#8220;:524,&#8220;cropped&#8220;:8},&#8220;https:\/\/estaticos-cdn.prensaiberica.es\/clip\/d04f0972-0279-4a1e-94af-6723f9ff1ea9_16-9-discover-aspect-ratio_320w_0.jpg&#8220;,[],{&#8222;width&#8220;:532,&#8220;url&#8220;:6548,&#8220;height&#8220;:534,&#8220;quality&#8220;:73,&#8220;childPhotoClippings&#8220;:6549,&#8220;type&#8220;:530,&#8220;cropped&#8220;:8},&#8220;https:\/\/estaticos-cdn.prensaiberica.es\/clip\/d04f0972-0279-4a1e-94af-6723f9ff1ea9_media-libre-aspect-ratio_default_0.jpg&#8220;,[6550,6553],{&#8222;width&#8220;:519,&#8220;url&#8220;:6551,&#8220;height&#8220;:521,&#8220;quality&#8220;:538,&#8220;childPhotoClippings&#8220;:6552,&#8220;type&#8220;:524,&#8220;cropped&#8220;:8},&#8220;https:\/\/estaticos-cdn.prensaiberica.es\/clip\/d04f0972-0279-4a1e-94af-6723f9ff1ea9_media-libre-aspect-ratio_640w_0.jpg&#8220;,[],{&#8222;width&#8220;:526,&#8220;url&#8220;:6554,&#8220;height&#8220;:528,&#8220;quality&#8220;:538,&#8220;childPhotoClippings&#8220;:6555,&#8220;type&#8220;:524,&#8220;cropped&#8220;:8},&#8220;https:\/\/estaticos-cdn.prensaiberica.es\/clip\/d04f0972-0279-4a1e-94af-6723f9ff1ea9_media-libre-aspect-ratio_320w_0.jpg&#8220;,[],{&#8222;mainUrl&#8220;:6557,&#8220;epigraphUrl&#8220;:-1,&#8220;redirectUrl&#8220;:-1,&#8220;sourceUrl&#8220;:-1},&#8220;\/boulevard\/szene\/2025\/08\/18\/nach-dem-megapark-jetzt-verlangte-bierkonig-eintritt-ballermann-120729077.html&#8220;,{&#8222;follow&#8220;:8,&#8220;linkTarget&#8220;:-1,&#8220;trackingCode&#8220;:-1,&#8220;trackingCodeAmp&#8220;:-1,&#8220;text&#8220;:-1,&#8220;url&#8220;:-1},[6560],{&#8222;name&#8220;:418,&#8220;id&#8220;:2009,&#8220;originalId&#8220;:2010,&#8220;title&#8220;:418,&#8220;url&#8220;:2011,&#8220;image&#8220;:2012,&#8220;description&#8220;:2013,&#8220;authorInformation&#8220;:6561,&#8220;active&#8220;:9,&#8220;urls&#8220;:6562},{&#8222;position&#8220;:-1,&#8220;twitterUsername&#8220;:-1,&#8220;socialNetworks&#8220;:-1},{&#8222;mainUrl&#8220;:2011,&#8220;epigraphUrl&#8220;:-1,&#8220;redirectUrl&#8220;:-1,&#8220;sourceUrl&#8220;:-1},{&#8222;name&#8220;:6564,&#8220;place&#8220;:-1,&#8220;source&#8220;:-1,&#8220;authorText&#8220;:-1},&#8220;Petzold&#8220;,{&#8222;html&#8220;:-1,&#8220;url&#8220;:-1},[6567,6569,6571,6573],{&#8222;name&#8220;:5250,&#8220;id&#8220;:5251,&#8220;originalId&#8220;:5252,&#8220;title&#8220;:5250,&#8220;url&#8220;:5253,&#8220;urls&#8220;:6568,&#8220;active&#8220;:9},{&#8222;mainUrl&#8220;:5253,&#8220;epigraphUrl&#8220;:-1,&#8220;redirectUrl&#8220;:-1,&#8220;sourceUrl&#8220;:-1},{&#8222;name&#8220;:1236,&#8220;id&#8220;:1237,&#8220;originalId&#8220;:1238,&#8220;title&#8220;:1236,&#8220;url&#8220;:1239,&#8220;urls&#8220;:6570,&#8220;active&#8220;:9},{&#8222;mainUrl&#8220;:1239,&#8220;epigraphUrl&#8220;:-1,&#8220;redirectUrl&#8220;:-1,&#8220;sourceUrl&#8220;:-1},{&#8222;name&#8220;:1967,&#8220;id&#8220;:1968,&#8220;originalId&#8220;:1969,&#8220;title&#8220;:1967,&#8220;url&#8220;:1970,&#8220;urls&#8220;:6572,&#8220;active&#8220;:9},{&#8222;mainUrl&#8220;:1970,&#8220;epigraphUrl&#8220;:-1,&#8220;redirectUrl&#8220;:-1,&#8220;sourceUrl&#8220;:-1},{&#8222;name&#8220;:1991,&#8220;id&#8220;:1992,&#8220;originalId&#8220;:1993,&#8220;title&#8220;:1991,&#8220;url&#8220;:1994,&#8220;urls&#8220;:6574,&#8220;active&#8220;:9},{&#8222;mainUrl&#8220;:1994,&#8220;epigraphUrl&#8220;:-1,&#8220;redirectUrl&#8220;:-1,&#8220;sourceUrl&#8220;:-1},[],{&#8222;accessType&#8220;:1318,&#8220;interviewOptions&#8220;:6577,&#8220;frontOptions&#8220;:6578,&#8220;basicOptions&#8220;:6579,&#8220;adsOptions&#8220;:-1,&#8220;premiumOptions&#8220;:6580,&#8220;appearanceOptions&#8220;:6581,&#8220;countries&#8220;:6582,&#8220;notificationOptions&#8220;:6583,&#8220;type&#8220;:-1,&#8220;editionType&#8220;:-1,&#8220;redirectFollow&#8220;:9,&#8220;analyticsOptions&#8220;:6590,&#8220;communityOptions&#8220;:-1,&#8220;freeformHtmls&#8220;:-1,&#8220;sportsOptions&#8220;:-1},{&#8222;interviewKicker&#8220;:-1,&#8220;intervieweeRole&#8220;:-1,&#8220;isInterview&#8220;:8,&#8220;interviewee&#8220;:-1},{&#8222;showLiveIcon&#8220;:8,&#8220;excludeFromAutomaticModules&#8220;:-1,&#8220;hideColumnistStyle&#8220;:8,&#8220;showVideoIcon&#8220;:8,&#8220;showPhotoGalleryIcon&#8220;:8,&#8220;showImageSignature&#8220;:8,&#8220;specialKicker&#8220;:-1,&#8220;showSignature&#8220;:9,&#8220;hidePhoto&#8220;:8,&#8220;hideMediaReportStyle&#8220;:8,&#8220;titleSize&#8220;:-1,&#8220;showPlace&#8220;:8,&#8220;showPreTitle&#8220;:8},{&#8222;appearanceHideRelations&#8220;:8,&#8220;disablePageRefresh&#8220;:8,&#8220;appearanceHideInTagListings&#8220;:8,&#8220;denyComments&#8220;:8,&#8220;doNotGenerateAmpVersion&#8220;:8,&#8220;oldContent&#8220;:8,&#8220;sourceIsAgency&#8220;:8,&#8220;hideInLastContents&#8220;:8,&#8220;hideInTagPages&#8220;:8,&#8220;hideInMostViewed&#8220;:8,&#8220;hideInAllListings&#8220;:8,&#8220;source&#8220;:1247,&#8220;disableAmp&#8220;:8,&#8220;cxenseEnabled&#8220;:9,&#8220;isOpinion&#8220;:8},{&#8222;premiumKicker&#8220;:-1,&#8220;premiumShowButton&#8220;:8,&#8220;premiumButtonUrl&#8220;:-1,&#8220;premiumShowKicker&#8220;:8},{&#8222;hideRelations&#8220;:8,&#8220;oldContent&#8220;:8},[],{&#8222;expirationMinutes&#8220;:1252,&#8220;isPersistent&#8220;:8,&#8220;appOptions&#8220;:6584,&#8220;webOptions&#8220;:6586,&#8220;title&#8220;:6588,&#8220;body&#8220;:6589},{&#8222;sendPush&#8220;:8,&#8220;notificationButtons&#8220;:6585},[],{&#8222;sendPush&#8220;:8,&#8220;notificationButtons&#8220;:6587},[],&#8220;25 Euro statt kostenlos: Jetzt gibt es auch im Bierk\u00f6nig auf&#8220;,&#8220;Der Partytempel zog damit mit dem Megapark gleich. Es ist unklar, ob es bei einer einmaligen Aktion bleibt&#8220;,{&#8222;origin&#8220;:-1,&#8220;type&#8220;:-1,&#8220;editor&#8220;:2037,&#8220;category&#8220;:-1,&#8220;agencies&#8220;:6591,&#8220;adsTypes&#8220;:6592,&#8220;format&#8220;:1698,&#8220;variant&#8220;:1699},[],[],{&#8222;updateDate&#8220;:6594,&#8220;createDate&#8220;:6595,&#8220;releaseDate&#8220;:6596,&#8220;lastModifiedDate&#8220;:-1},[&#8222;Date&#8220;,&#8220;2025-08-20T08:42:17.000Z&#8220;],[&#8222;Date&#8220;,&#8220;2025-08-18T13:27:58.000Z&#8220;],[&#8222;Date&#8220;,&#8220;2025-08-18T13:40:49.000Z&#8220;],[6598,6600],{&#8222;name&#8220;:448,&#8220;id&#8220;:1224,&#8220;originalId&#8220;:1225,&#8220;title&#8220;:448,&#8220;url&#8220;:1226,&#8220;urls&#8220;:6599,&#8220;childUrl&#8220;:-1,&#8220;parentUrl&#8220;:-1,&#8220;active&#8220;:9,&#8220;archived&#8220;:8},{&#8222;mainUrl&#8220;:1226,&#8220;epigraphUrl&#8220;:-1,&#8220;redirectUrl&#8220;:-1,&#8220;sourceUrl&#8220;:-1},{&#8222;name&#8220;:1229,&#8220;id&#8220;:1230,&#8220;originalId&#8220;:1231,&#8220;title&#8220;:1229,&#8220;url&#8220;:1232,&#8220;urls&#8220;:6601,&#8220;childUrl&#8220;:-1,&#8220;parentUrl&#8220;:-1,&#8220;active&#8220;:9,&#8220;archived&#8220;:8},{&#8222;mainUrl&#8220;:1232,&#8220;epigraphUrl&#8220;:-1,&#8220;redirectUrl&#8220;:-1,&#8220;sourceUrl&#8220;:-1},[],{&#8222;specialText&#8220;:486,&#8220;text&#8220;:-1,&#8220;type&#8220;:-1},[&#8222;EmptyShallowRef&#8220;,6605],&#8220;_&#8220;,{&#8222;headers&#8220;:2162,&#8220;errorHeadersData&#8220;:-1},{&#8222;adUnit&#8220;:6608,&#8220;idPost&#8220;:6610,&#8220;isPreview&#8220;:6611,&#8220;boardId&#8220;:6612,&#8220;positionAds&#8220;:6613,&#8220;positionsPreview&#8220;:6614,&#8220;adsJs&#8220;:6616,&#8220;countOrderMobile&#8220;:6620,&#8220;rawPageStealers&#8220;:6622,&#8220;ampPageStealerOrder&#8220;:6624,&#8220;publishedRawPageStealersParagraphs&#8220;:6625,&#8220;ordersMobile&#8220;:6627,&#8220;ordersBoard&#8220;:6629,&#8220;ordersBoardSimple&#8220;:6630,&#8220;ordersBannersHorizontal&#8220;:6631,&#8220;ordersDesktop&#8220;:6632,&#8220;countAdsRightMobile&#8220;:6634,&#8220;countAdsRightLiveMobile&#8220;:6635,&#8220;countAdsRightSectionAutomaticMobile&#8220;:6636,&#8220;hasShowFirstRoba&#8220;:6637,&#8220;countOrderBoardPageStealerPc&#8220;:6638,&#8220;countOrderBoardPageStealerMobile&#8220;:6639,&#8220;countOrderBoardPageStealerSimplePc&#8220;:6640,&#8220;countOrderBoardPageStealerSimpleMobile&#8220;:6641,&#8220;showInTextElement&#8220;:6642,&#8220;pageType&#8220;:6644,&#8220;adMapsContent&#8220;:6647,&#8220;contentAdUnits&#8220;:6648,&#8220;networkCode&#8220;:6649,&#8220;explicitContent&#8220;:6650},[&#8222;EmptyShallowRef&#8220;,6609],&#8220;\\&#8220;\\&#8220;&#8220;,[&#8222;EmptyShallowRef&#8220;,6609],[&#8222;EmptyShallowRef&#8220;,387],[&#8222;EmptyShallowRef&#8220;,6609],[&#8222;ShallowRef&#8220;,1326],[&#8222;ShallowRef&#8220;,6615],{},[&#8222;ShallowRef&#8220;,6617],{&#8222;moduleInit&#8220;:6618,&#8220;esiAdsScripts&#8220;:6619},&#8220;let module = {\\&#8220;adMap\\&#8220;:{\\&#8220;name\\&#8220;:\\&#8220;all &#8211; web &#8211; noticia\\&#8220;,\\&#8220;positions\\&#8220;:{\\&#8220;footer\\&#8220;:[{\\&#8220;data\\&#8220;:{\\&#8220;targeting\\&#8220;:[{\\&#8220;value\\&#8220;:\\&#8220;cpm_fmega\\&#8220;,\\&#8220;key\\&#8220;:\\&#8220;p\\&#8220;}],\\&#8220;mapping\\&#8220;:[{\\&#8220;value\\&#8220;:\\&#8220;[[1,1],[728,90],[980,90],[990,90],[970,90],[990,45],[990,50],[980,45],[980,50],[970,50]]\\&#8220;,\\&#8220;key\\&#8220;:\\&#8220;[990,0]\\&#8220;},{\\&#8220;value\\&#8220;:\\&#8220;[[1,1],[728,90],[980,90],[970,90],[980,45],[980,50],[970,50]]\\&#8220;,\\&#8220;key\\&#8220;:\\&#8220;[980,0]\\&#8220;},{\\&#8220;value\\&#8220;:\\&#8220;[[1,1],[728,90],[970,90],[970,50]]\\&#8220;,\\&#8220;key\\&#8220;:\\&#8220;[970,0]\\&#8220;},{\\&#8220;value\\&#8220;:\\&#8220;[[1,1],[728,90],[320,50],[320,53],[320,100],[300,100]]\\&#8220;,\\&#8220;key\\&#8220;:\\&#8220;[728,0]\\&#8220;},{\\&#8220;value\\&#8220;:\\&#8220;[[1,1],[320,50],[320,53],[320,100],[300,100],\\\\\\&#8220;fluid\\\\\\&#8220;]\\&#8220;,\\&#8220;key\\&#8220;:\\&#8220;[0,0]\\&#8220;}],\\&#8220;sizes\\&#8220;:\\&#8220;[[1, 1]]\\&#8220;,\\&#8220;slot\\&#8220;:\\&#8220;cpm_fmega\\&#8220;,\\&#8220;type\\&#8220;:\\&#8220;local\\&#8220;},\\&#8220;name\\&#8220;:\\&#8220;all &#8211; web &#8211; cpm_fmega\\&#8220;,\\&#8220;id\\&#8220;:\\&#8220;5b117aeb-6c14-3642-82d7-a36956ca3fbc\\&#8220;,\\&#8220;published\\&#8220;:true,\\&#8220;typeAlias\\&#8220;:\\&#8220;adserverAdPosition\\&#8220;,\\&#8220;config\\&#8220;:{\\&#8220;delay\\&#8220;:true,\\&#8220;orderMobile\\&#8220;:0,\\&#8220;lazyLoad\\&#8220;:false,\\&#8220;order\\&#8220;:0,\\&#8220;enabledForRegistered\\&#8220;:true,\\&#8220;enabledForAnonymous\\&#8220;:true,\\&#8220;enabledForSubscribers\\&#8220;:true,\\&#8220;enabledForBitMask\\&#8220;:7},\\&#8220;adPositionId\\&#8220;:\\&#8220;1000019\\&#8220;,\\&#8220;slotBitMask\\&#8220;:\\&#8220;cpm_fmega-7\\&#8220;}],\\&#8220;columns\\&#8220;:{\\&#8220;right\\&#8220;:[{\\&#8220;data\\&#8220;:{\\&#8220;targeting\\&#8220;:[{\\&#8220;value\\&#8220;:\\&#8220;cpm_r_dcha\\&#8220;,\\&#8220;key\\&#8220;:\\&#8220;p\\&#8220;}],\\&#8220;mapping\\&#8220;:[{\\&#8220;value\\&#8220;:\\&#8220;[[1,1],[300,250],[300,300],[300,600],\\\\\\&#8220;fluid\\\\\\&#8220;]\\&#8220;,\\&#8220;key\\&#8220;:\\&#8220;[768,0]\\&#8220;},{\\&#8220;value\\&#8220;:\\&#8220;[[1,1],[300,600],[336,280],[320,480],[300,250],[300,300],[250,250],[300,100],\\\\\\&#8220;fluid\\\\\\&#8220;]\\&#8220;,\\&#8220;key\\&#8220;:\\&#8220;[0,0]\\&#8220;}],\\&#8220;sizes\\&#8220;:\\&#8220;[[1, 1]]\\&#8220;,\\&#8220;slot\\&#8220;:\\&#8220;300dcha\\&#8220;,\\&#8220;type\\&#8220;:\\&#8220;nacional\\&#8220;},\\&#8220;name\\&#8220;:\\&#8220;all &#8211; web &#8211; cpm_r_dcha\\&#8220;,\\&#8220;id\\&#8220;:\\&#8220;d51e6032-66d7-3fc8-984f-e07e21b44627\\&#8220;,\\&#8220;published\\&#8220;:true,\\&#8220;typeAlias\\&#8220;:\\&#8220;adserverAdPosition\\&#8220;,\\&#8220;config\\&#8220;:{\\&#8220;delay\\&#8220;:false,\\&#8220;locationMobile\\&#8220;:\\&#8220;Bajo p\u00e1rrafo del cuerpo\\&#8220;,\\&#8220;orderMobile\\&#8220;:2,\\&#8220;lazyLoad\\&#8220;:false,\\&#8220;order\\&#8220;:1,\\&#8220;enabledForRegistered\\&#8220;:true,\\&#8220;enabledForAnonymous\\&#8220;:true,\\&#8220;enabledForSubscribers\\&#8220;:true,\\&#8220;enabledForBitMask\\&#8220;:7},\\&#8220;adPositionId\\&#8220;:\\&#8220;1000004\\&#8220;,\\&#8220;slotBitMask\\&#8220;:\\&#8220;300dcha-7\\&#8220;},{\\&#8220;data\\&#8220;:{\\&#8220;targeting\\&#8220;:[{\\&#8220;value\\&#8220;:\\&#8220;cpm_r_dchab\\&#8220;,\\&#8220;key\\&#8220;:\\&#8220;p\\&#8220;}],\\&#8220;mapping\\&#8220;:[{\\&#8220;value\\&#8220;:\\&#8220;[[1,1],[300,250],[300,300],[300,600],\\\\\\&#8220;fluid\\\\\\&#8220;]\\&#8220;,\\&#8220;key\\&#8220;:\\&#8220;[768,0]\\&#8220;},{\\&#8220;value\\&#8220;:\\&#8220;[[1,1],[300,600],[336,280],[320,480],[300,250],[300,300],[250,250],[300,100],\\\\\\&#8220;fluid\\\\\\&#8220;]\\&#8220;,\\&#8220;key\\&#8220;:\\&#8220;[0,0]\\&#8220;}],\\&#8220;sizes\\&#8220;:\\&#8220;[[1, 1]]\\&#8220;,\\&#8220;slot\\&#8220;:\\&#8220;300dchab\\&#8220;,\\&#8220;type\\&#8220;:\\&#8220;local\\&#8220;},\\&#8220;name\\&#8220;:\\&#8220;all &#8211; web &#8211; cpm_r_dchab\\&#8220;,\\&#8220;id\\&#8220;:\\&#8220;de5b8131-a464-315a-aeee-41406df6606d\\&#8220;,\\&#8220;published\\&#8220;:true,\\&#8220;typeAlias\\&#8220;:\\&#8220;adserverAdPosition\\&#8220;,\\&#8220;config\\&#8220;:{\\&#8220;delay\\&#8220;:false,\\&#8220;locationMobile\\&#8220;:\\&#8220;Bajo p\u00e1rrafo del cuerpo\\&#8220;,\\&#8220;orderMobile\\&#8220;:6,\\&#8220;lazyLoad\\&#8220;:false,\\&#8220;order\\&#8220;:3,\\&#8220;enabledForRegistered\\&#8220;:true,\\&#8220;enabledForAnonymous\\&#8220;:true,\\&#8220;enabledForSubscribers\\&#8220;:true,\\&#8220;enabledForBitMask\\&#8220;:7},\\&#8220;adPositionId\\&#8220;:\\&#8220;1000005\\&#8220;,\\&#8220;slotBitMask\\&#8220;:\\&#8220;300dchab-7\\&#8220;},{\\&#8220;data\\&#8220;:{\\&#8220;targeting\\&#8220;:[{\\&#8220;value\\&#8220;:\\&#8220;cpm_r_dchac\\&#8220;,\\&#8220;key\\&#8220;:\\&#8220;p\\&#8220;}],\\&#8220;mapping\\&#8220;:[{\\&#8220;value\\&#8220;:\\&#8220;[[1,1],[300,250],[300,300],[300,600],\\\\\\&#8220;fluid\\\\\\&#8220;]\\&#8220;,\\&#8220;key\\&#8220;:\\&#8220;[768,0]\\&#8220;},{\\&#8220;value\\&#8220;:\\&#8220;[[1,1],[300,600],[336,280],[320,480],[300,250],[300,300],[250,250],[300,100],\\\\\\&#8220;fluid\\\\\\&#8220;]\\&#8220;,\\&#8220;key\\&#8220;:\\&#8220;[0,0]\\&#8220;}],\\&#8220;sizes\\&#8220;:\\&#8220;[[1, 1]]\\&#8220;,\\&#8220;slot\\&#8220;:\\&#8220;300dchac\\&#8220;,\\&#8220;type\\&#8220;:\\&#8220;nacional\\&#8220;},\\&#8220;name\\&#8220;:\\&#8220;all &#8211; web &#8211; cpm_r_dchac\\&#8220;,\\&#8220;id\\&#8220;:\\&#8220;bed06774-7bf1-30ce-b3eb-146d1f1f2f96\\&#8220;,\\&#8220;published\\&#8220;:true,\\&#8220;typeAlias\\&#8220;:\\&#8220;adserverAdPosition\\&#8220;,\\&#8220;config\\&#8220;:{\\&#8220;delay\\&#8220;:false,\\&#8220;locationMobile\\&#8220;:\\&#8220;Bajo p\u00e1rrafo del cuerpo\\&#8220;,\\&#8220;orderMobile\\&#8220;:11,\\&#8220;lazyLoad\\&#8220;:false,\\&#8220;order\\&#8220;:5,\\&#8220;enabledForRegistered\\&#8220;:true,\\&#8220;enabledForAnonymous\\&#8220;:true,\\&#8220;enabledForSubscribers\\&#8220;:false,\\&#8220;enabledForBitMask\\&#8220;:3},\\&#8220;adPositionId\\&#8220;:\\&#8220;1000009\\&#8220;,\\&#8220;slotBitMask\\&#8220;:\\&#8220;300dchac-3\\&#8220;}]},\\&#8220;header\\&#8220;:[{\\&#8220;data\\&#8220;:{\\&#8220;targeting\\&#8220;:[{\\&#8220;value\\&#8220;:\\&#8220;cpm_m\\&#8220;,\\&#8220;key\\&#8220;:\\&#8220;p\\&#8220;}],\\&#8220;mapping\\&#8220;:[{\\&#8220;value\\&#8220;:\\&#8220;[[1,1],[728,90],[980,90],[980,180],[728,250],[990,90],[980,200],[980,250],[990,200],[990,250],[970,90],[970,250],[990,45],[990,50],[980,45],[980,50],\\\\\\&#8220;fluid\\\\\\&#8220;]\\&#8220;,\\&#8220;key\\&#8220;:\\&#8220;[990,0]\\&#8220;},{\\&#8220;value\\&#8220;:\\&#8220;[[1,1],[728,90],[980,90],[980,180],[728,250],[980,200],[980,250],[970,90],[970,250],[980,45],[980,50],[320,50],[320,53],[320,100],[300,50],[300,53],[300,100],\\\\\\&#8220;fluid\\\\\\&#8220;]\\&#8220;,\\&#8220;key\\&#8220;:\\&#8220;[980,0]\\&#8220;},{\\&#8220;value\\&#8220;:\\&#8220;[[1,1],[728,90],[728,250],[970,90],[970,250],[320,50],[320,53],[320,100],[300,50],[300,53],[300,100],\\\\\\&#8220;fluid\\\\\\&#8220;]\\&#8220;,\\&#8220;key\\&#8220;:\\&#8220;[970,0]\\&#8220;},{\\&#8220;value\\&#8220;:\\&#8220;[[1,1],[728,90],[728,250],[320,50],[320,53],[320,100],[300,50],[300,53],[300,100],\\\\\\&#8220;fluid\\\\\\&#8220;]\\&#8220;,\\&#8220;key\\&#8220;:\\&#8220;[728,0]\\&#8220;},{\\&#8220;value\\&#8220;:\\&#8220;[[1,1],[320,50],[320,53],[320,100],[300,50],[300,53],[300,100],\\\\\\&#8220;fluid\\\\\\&#8220;]\\&#8220;,\\&#8220;key\\&#8220;:\\&#8220;[0,0]\\&#8220;}],\\&#8220;sizes\\&#8220;:\\&#8220;[[1, 1]]\\&#8220;,\\&#8220;slot\\&#8220;:\\&#8220;728\\&#8220;,\\&#8220;type\\&#8220;:\\&#8220;nacional\\&#8220;},\\&#8220;name\\&#8220;:\\&#8220;all &#8211; web &#8211; cpm_m\\&#8220;,\\&#8220;id\\&#8220;:\\&#8220;0b8fc971-2947-3e7b-bee9-8a0492fb7691\\&#8220;,\\&#8220;published\\&#8220;:true,\\&#8220;typeAlias\\&#8220;:\\&#8220;adserverAdPosition\\&#8220;,\\&#8220;config\\&#8220;:{\\&#8220;delay\\&#8220;:false,\\&#8220;orderMobile\\&#8220;:0,\\&#8220;lazyLoad\\&#8220;:false,\\&#8220;order\\&#8220;:0,\\&#8220;enabledForRegistered\\&#8220;:true,\\&#8220;enabledForAnonymous\\&#8220;:true,\\&#8220;enabledForSubscribers\\&#8220;:true,\\&#8220;enabledForBitMask\\&#8220;:7},\\&#8220;adPositionId\\&#8220;:\\&#8220;1000001\\&#8220;,\\&#8220;slotBitMask\\&#8220;:\\&#8220;728-7\\&#8220;}],\\&#8220;skies\\&#8220;:{\\&#8220;left\\&#8220;:[{\\&#8220;data\\&#8220;:{\\&#8220;targeting\\&#8220;:[{\\&#8220;value\\&#8220;:\\&#8220;cpm_si\\&#8220;,\\&#8220;key\\&#8220;:\\&#8220;p\\&#8220;}],\\&#8220;mapping\\&#8220;:[{\\&#8220;value\\&#8220;:\\&#8220;[[1,1],[120,600],[120,1000],[160,1000],[160,600],[450,1000]]\\&#8220;,\\&#8220;key\\&#8220;:\\&#8220;[1280,0]\\&#8220;},{\\&#8220;value\\&#8220;:\\&#8220;[]\\&#8220;,\\&#8220;key\\&#8220;:\\&#8220;[0,0]\\&#8220;}],\\&#8220;sizes\\&#8220;:\\&#8220;[[1, 1]]\\&#8220;,\\&#8220;slot\\&#8220;:\\&#8220;skyizda\\&#8220;,\\&#8220;type\\&#8220;:\\&#8220;nacional\\&#8220;},\\&#8220;name\\&#8220;:\\&#8220;all &#8211; web &#8211; cpm_si\\&#8220;,\\&#8220;id\\&#8220;:\\&#8220;658f0c87-3469-3156-aad2-190bdc40b22d\\&#8220;,\\&#8220;published\\&#8220;:true,\\&#8220;typeAlias\\&#8220;:\\&#8220;adserverAdPosition\\&#8220;,\\&#8220;config\\&#8220;:{\\&#8220;delay\\&#8220;:false,\\&#8220;orderMobile\\&#8220;:0,\\&#8220;lazyLoad\\&#8220;:false,\\&#8220;order\\&#8220;:0,\\&#8220;enabledForRegistered\\&#8220;:true,\\&#8220;enabledForAnonymous\\&#8220;:true,\\&#8220;enabledForSubscribers\\&#8220;:true,\\&#8220;enabledForBitMask\\&#8220;:7},\\&#8220;adPositionId\\&#8220;:\\&#8220;1000002\\&#8220;,\\&#8220;slotBitMask\\&#8220;:\\&#8220;skyizda-7\\&#8220;}],\\&#8220;right\\&#8220;:[{\\&#8220;data\\&#8220;:{\\&#8220;targeting\\&#8220;:[{\\&#8220;value\\&#8220;:\\&#8220;cpm_sd\\&#8220;,\\&#8220;key\\&#8220;:\\&#8220;p\\&#8220;}],\\&#8220;mapping\\&#8220;:[{\\&#8220;value\\&#8220;:\\&#8220;[[1,1],[120,601],[120,1001],[160,1001],[160,601],[450,1001]]\\&#8220;,\\&#8220;key\\&#8220;:\\&#8220;[1280,0]\\&#8220;},{\\&#8220;value\\&#8220;:\\&#8220;[]\\&#8220;,\\&#8220;key\\&#8220;:\\&#8220;[0,0]\\&#8220;}],\\&#8220;sizes\\&#8220;:\\&#8220;[[1, 1]]\\&#8220;,\\&#8220;slot\\&#8220;:\\&#8220;skydcha\\&#8220;,\\&#8220;type\\&#8220;:\\&#8220;nacional\\&#8220;},\\&#8220;name\\&#8220;:\\&#8220;all &#8211; web &#8211; cpm_sd\\&#8220;,\\&#8220;id\\&#8220;:\\&#8220;ce904dfc-3f41-3577-814f-fc932949883c\\&#8220;,\\&#8220;published\\&#8220;:true,\\&#8220;typeAlias\\&#8220;:\\&#8220;adserverAdPosition\\&#8220;,\\&#8220;config\\&#8220;:{\\&#8220;delay\\&#8220;:false,\\&#8220;orderMobile\\&#8220;:0,\\&#8220;lazyLoad\\&#8220;:false,\\&#8220;order\\&#8220;:0,\\&#8220;enabledForRegistered\\&#8220;:true,\\&#8220;enabledForAnonymous\\&#8220;:true,\\&#8220;enabledForSubscribers\\&#8220;:true,\\&#8220;enabledForBitMask\\&#8220;:7},\\&#8220;adPositionId\\&#8220;:\\&#8220;1000003\\&#8220;,\\&#8220;slotBitMask\\&#8220;:\\&#8220;skydcha-7\\&#8220;}]}},\\&#8220;id\\&#8220;:\\&#8220;4933c8ca-4304-34fb-966e-32f3fb672260\\&#8220;,\\&#8220;published\\&#8220;:true,\\&#8220;typeAlias\\&#8220;:\\&#8220;adMapContent\\&#8220;,\\&#8220;config\\&#8220;:{\\&#8220;lazyLoadSensibilityDesktop\\&#8220;:1,\\&#8220;lazyLoadSensibilityMobile\\&#8220;:2},\\&#8220;adMapId\\&#8220;:\\&#8220;1000005\\&#8220;},\\&#8220;adUnits\\&#8220;:{\\&#8220;prerollAmp\\&#8220;:\\&#8220;mz\/mz-generico\/vc\/amp\\&#8220;,\\&#8220;premium\\&#8220;:\\&#8220;mz\/servicios\\&#8220;,\\&#8220;preroll\\&#8220;:\\&#8220;mz\/mz-generico\/vc\\&#8220;,\\&#8220;main\\&#8220;:\\&#8220;mz\/servicios\\&#8220;},\\&#8220;compliant\\&#8220;:\\&#8220;yes\\&#8220;,\\&#8220;isPremiumContent\\&#8220;:0,\\&#8220;pageId\\&#8220;:\\&#8220;125473550\\&#8220;,\\&#8220;premiumEnabled\\&#8220;:1,\\&#8220;tagepi\\&#8220;:[\\&#8220;ballermann\\&#8220;,\\&#8220;mallorca\\&#8220;,\\&#8220;musicals\\&#8220;,\\&#8220;bierkonig\\&#8220;,\\&#8220;theater\\&#8220;],\\&#8220;hasPrebid\\&#8220;:true,\\&#8220;media\\&#8220;:\\&#8220;mz\\&#8220;,\\&#8220;target\\&#8220;:\\&#8220;_noticia\\&#8220;,\\&#8220;disableAds\\&#8220;:\\&#8220;no\\&#8220;,\\&#8220;disableNoAdserverAds\\&#8220;:\\&#8220;no\\&#8220;,\\&#8220;disableAdsInImage\\&#8220;:\\&#8220;no\\&#8220;,\\&#8220;openContentData\\&#8220;:false,\\&#8220;pageType\\&#8220;:[\\&#8220;noticia\\&#8220;],\\&#8220;isRegional\\&#8220;:true};\\n        let updatedAdMap = false;\\n      \\n              const slotTargetings = {\\&#8220;leftSky\\&#8220;:\\&#8220;cpm_si\\&#8220;,\\&#8220;rightSky\\&#8220;:\\&#8220;cpm_sd\\&#8220;,\\&#8220;footer\\&#8220;:\\&#8220;cpm_fmega\\&#8220;,\\&#8220;header\\&#8220;:\\&#8220;cpm_m\\&#8220;};&#8220;,&#8220;\\u003Cesi:include src=\\&#8220;\/cds-statics\/esi\/ads\/index.html\\&#8220; \/>\\n              \\n        \\u003Cesi:include src=\\&#8220;\/cds-statics\/esi\/site\/config\/no\\&#8220; \/>\\n        \\u003Cesi:include src=\\&#8220;\/cds-statics\/esi\/ads\/priorityAds.js\\&#8220; \/>\\n        \\u003Cesi:include src=\\&#8220;\/cds-statics\/esi\/ads\/gam360.js\\&#8220; \/>\\n        \\u003Cesi:include src=\\&#8220;\/cds-statics\/esi\/ads\/scriptsPrebid.js\\&#8220; \/>\\n      &#8222;,[&#8222;EmptyShallowRef&#8220;,6621],&#8220;0&#8243;,[&#8222;ShallowRef&#8220;,6623],[],[&#8222;ShallowRef&#8220;,1379],[&#8222;ShallowRef&#8220;,6626],[],[&#8222;ShallowRef&#8220;,6628],{&#8222;300dcha&#8220;:1379,&#8220;300dchab&#8220;:1395,&#8220;300dchac&#8220;:1411},[&#8222;EmptyShallowRef&#8220;,6605],[&#8222;EmptyShallowRef&#8220;,6605],[&#8222;EmptyShallowRef&#8220;,6605],[&#8222;ShallowRef&#8220;,6633],{&#8222;300dcha&#8220;:1380,&#8220;300dchab&#8220;:1396,&#8220;300dchac&#8220;:1412},[&#8222;EmptyShallowRef&#8220;,6621],[&#8222;EmptyShallowRef&#8220;,6621],[&#8222;EmptyShallowRef&#8220;,6621],[&#8222;EmptyShallowRef&#8220;,387],[&#8222;ShallowRef&#8220;,1380],[&#8222;ShallowRef&#8220;,1380],[&#8222;ShallowRef&#8220;,1380],[&#8222;ShallowRef&#8220;,1380],[&#8222;ShallowRef&#8220;,6643],{&#8222;1&#8243;:8,&#8220;2&#8243;:8,&#8220;mobile1&#8243;:9,&#8220;desktop1&#8243;:9,&#8220;mobile2&#8243;:9,&#8220;desktop2&#8220;:9},[&#8222;ShallowRef&#8220;,6645],[6646],&#8220;noticia&#8220;,[&#8222;EmptyShallowRef&#8220;,6605],[&#8222;EmptyShallowRef&#8220;,6605],[&#8222;EmptyShallowRef&#8220;,6605],[&#8222;EmptyShallowRef&#8220;,387],{&#8222;positionAds&#8220;:1326,&#8220;slotsRobaAll&#8220;:6652,&#8220;slotsRobaNoRepeatSize&#8220;:1396,&#8220;hasShowFirstRoba&#8220;:9,&#8220;rightRobaShowed&#8220;:1396,&#8220;rightRobaShowedData&#8220;:6657,&#8220;rightRobaShowedLiveData&#8220;:6661,&#8220;rightRobaShowedLive&#8220;:1356},[6653,6655,6656],{&#8222;title&#8220;:1366,&#8220;id&#8220;:1373,&#8220;positionMobile&#8220;:1379,&#8220;positionDesktop&#8220;:1380,&#8220;bitMask&#8220;:1382,&#8220;position&#8220;:1378,&#8220;user&#8220;:6654,&#8220;type&#8220;:1354,&#8220;htmlCode&#8220;:-1},&#8220;anonymous&#8220;,{&#8222;title&#8220;:1387,&#8220;id&#8220;:1391,&#8220;positionMobile&#8220;:1395,&#8220;positionDesktop&#8220;:1396,&#8220;bitMask&#8220;:1398,&#8220;position&#8220;:1378,&#8220;user&#8220;:6654,&#8220;type&#8220;:1354,&#8220;htmlCode&#8220;:-1},{&#8222;title&#8220;:1403,&#8220;id&#8220;:1407,&#8220;positionMobile&#8220;:1411,&#8220;positionDesktop&#8220;:1412,&#8220;bitMask&#8220;:1414,&#8220;position&#8220;:1378,&#8220;user&#8220;:6654,&#8220;type&#8220;:1354,&#8220;htmlCode&#8220;:-1},[6658,6659,6660],&#8220;movil-div-gpt-ad_300dcha-7&#8243;,&#8220;movil-div-gpt-ad_300dchab-7&#8243;,&#8220;movil-div-gpt-ad_300dchac-3&#8243;,[],{&#8222;idMissedIt&#8220;:1224,&#8220;section&#8220;:6663},{},{&#8222;menuLinks&#8220;:6665,&#8220;navBarLinks&#8220;:6666,&#8220;sideBarLinks&#8220;:6667,&#8220;ampSideBarLinks&#8220;:6668,&#8220;sideBarLinksItemsLinks&#8220;:6669,&#8220;themesLinks&#8220;:6670,&#8220;editionLinks&#8220;:6671,&#8220;mobileLinks&#8220;:6672,&#8220;tapBarLinks&#8220;:6673,&#8220;headers&#8220;:6674,&#8220;breadcrumbSubItems&#8220;:6676},{},[],[],[],[],[],[],[],[],{&#8222;Surrogate-Key&#8220;:6675,&#8220;xkey&#8220;:6675},&#8220;maz_d44f5dec-6384-3788-81f5-1c70d9418449 maz_f701ffb1-61f6-3a8b-ba96-2d7f2bfbb4c6 maz-all&#8220;,[6677,6680,6681,6683,6684,6685,6687],{&#8222;url&#8220;:6678,&#8220;title&#8220;:6679,&#8220;text&#8220;:6679},&#8220;https:\/\/www.mallorcazeitung.es\/boulevard\/szene\/2026\/01\/08\/undefined\/&#8220;,&#8220;Auswanderer&#8220;,{&#8222;url&#8220;:6678,&#8220;title&#8220;:5407,&#8220;text&#8220;:5407},{&#8222;url&#8220;:6678,&#8220;title&#8220;:6682,&#8220;text&#8220;:6682},&#8220;Style&#8220;,{&#8222;url&#8220;:6678,&#8220;title&#8220;:5198,&#8220;text&#8220;:5198},{&#8222;url&#8220;:6678,&#8220;title&#8220;:4054,&#8220;text&#8220;:4054},{&#8222;url&#8220;:6678,&#8220;title&#8220;:6686,&#8220;text&#8220;:6686},&#8220;Food&#8220;,{&#8222;url&#8220;:6688,&#8220;title&#8220;:3906,&#8220;text&#8220;:3906},&#8220;https:\/\/www.mallorcazeitung.es\/boulevard\/kino\/programm\/&#8220;,{&#8222;navBarLinks&#8220;:6690,&#8220;sidebarLinks&#8220;:6691,&#8220;navBarLinksItemsSection&#8220;:6692,&#8220;themesLinks&#8220;:6693,&#8220;editionLinks&#8220;:6694,&#8220;breadcrumb&#8220;:6695,&#8220;headers&#8220;:6696},[],[],[],[],[],{},{},{&#8222;authorPageOpinion&#8220;:6698,&#8220;authorPage&#8220;:6699,&#8220;author&#8220;:6700,&#8220;seeMorePage&#8220;:6701,&#8220;seeMoreContentViews&#8220;:6702,&#8220;isUrlPaginated&#8220;:6704},[&#8222;EmptyShallowRef&#8220;,6605],[&#8222;EmptyShallowRef&#8220;,6605],[&#8222;EmptyShallowRef&#8220;,6605],[&#8222;ShallowRef&#8220;,1379],[&#8222;ShallowRef&#8220;,6703],[],[&#8222;EmptyShallowRef&#8220;,387],{&#8222;isSuscriptor&#8220;:6706,&#8220;isWebSubscriber&#8220;:6707,&#8220;isPdfSubscriber&#8220;:6708,&#8220;isPaperSubscriber&#8220;:6709,&#8220;isRegistered&#8220;:6710},[&#8222;EmptyShallowRef&#8220;,387],[&#8222;EmptyShallowRef&#8220;,387],[&#8222;EmptyShallowRef&#8220;,387],[&#8222;EmptyShallowRef&#8220;,387],[&#8222;EmptyShallowRef&#8220;,387],{&#8222;board&#8220;:6712,&#8220;seeMorePage&#8220;:6714,&#8220;seeMoreContentViews&#8220;:6715,&#8220;initialModule&#8220;:6717,&#8220;initialSlot&#8220;:6719,&#8220;bottomScripts&#8220;:6721,&#8220;compositionVersionId&#8220;:6722,&#8220;isBoardComplete&#8220;:6723,&#8220;isEditModule&#8220;:6724,&#8220;isTypeLayout100&#8243;:6725,&#8220;isEditModeHomeItem&#8220;:6726,&#8220;parentModuleType&#8220;:6727,&#8220;parentSlotType&#8220;:6728,&#8220;isEditModeBoard&#8220;:6729,&#8220;globalSafeMode&#8220;:6730,&#8220;isFirstImage&#8220;:6731,&#8220;imagesOpeningTwoPlusOne&#8220;:6732,&#8220;totalPagesSectionList&#8220;:6733,&#8220;idsItems&#8220;:6734,&#8220;liveSport&#8220;:6736,&#8220;sectionListCGId&#8220;:6738,&#8220;boardPositions&#8220;:6739},[&#8222;ShallowRef&#8220;,6713],{},[&#8222;ShallowRef&#8220;,1379],[&#8222;ShallowRef&#8220;,6716],[],[&#8222;ShallowRef&#8220;,6718],{},[&#8222;ShallowRef&#8220;,6720],{},[&#8222;EmptyShallowRef&#8220;,6609],[&#8222;EmptyShallowRef&#8220;,6621],[&#8222;ShallowRef&#8220;,9],[&#8222;ShallowRef&#8220;,9],[&#8222;ShallowRef&#8220;,9],[&#8222;EmptyShallowRef&#8220;,387],[&#8222;EmptyShallowRef&#8220;,6605],[&#8222;EmptyShallowRef&#8220;,6605],[&#8222;EmptyShallowRef&#8220;,387],[&#8222;ShallowRef&#8220;,9],[&#8222;EmptyShallowRef&#8220;,387],[&#8222;EmptyShallowRef&#8220;,6621],[&#8222;ShallowRef&#8220;,1380],[&#8222;ShallowRef&#8220;,6735],[],[&#8222;ShallowRef&#8220;,6737],[],[&#8222;EmptyShallowRef&#8220;,6605],[&#8222;ShallowRef&#8220;,6740],[],{&#8222;analyticsModulesFromData&#8220;:6742,&#8220;jwplayer_rer&#8220;:6743,&#8220;login&#8220;:6744,&#8220;masthead&#8220;:6745,&#8220;newrelic_int&#8220;:6746,&#8220;newrelic_pre&#8220;:6747,&#8220;newrelic_prod&#8220;:6748,&#8220;renr-ads_skys-sticky&#8220;:6749,&#8220;renr_header&#8220;:6750,&#8220;scoreboard&#8220;:6751,&#8220;dsStylesByBrand&#8220;:6752,&#8220;fourty-ads_skys-sticky.js&#8220;:6757,&#8220;fourty-js-tabs.js&#8220;:6758,&#8220;fortty-js-dropdown-simple.js&#8220;:6759,&#8220;fourty-js-modal.js&#8220;:6760,&#8220;fourty-js-prism.js&#8220;:6761,&#8220;fourty-js-popover.js&#8220;:6762,&#8220;fourty-js-tapbar.js&#8220;:6763,&#8220;fourty-header-sticky.js&#8220;:6764},&#8220;d1f79011&#8243;,&#8220;1cf20da5&#8243;,&#8220;1ebdf72b&#8220;,&#8220;baf15ce9&#8243;,&#8220;0cb01f18&#8243;,&#8220;eeff6f7c&#8220;,&#8220;d3279b9b&#8220;,&#8220;128faac5&#8243;,&#8220;7a2f2a60&#8243;,&#8220;1239634a&#8220;,{&#8222;epe&#8220;:6753,&#8220;ep&#8220;:6754,&#8220;sport&#8220;:6755,&#8220;regionales&#8220;:6756},&#8220;78d36656&#8243;,&#8220;528740a7&#8243;,&#8220;7ff65789&#8243;,&#8220;83311a86&#8243;,&#8220;fd9df070&#8243;,&#8220;b29ba571&#8243;,&#8220;d4c0dec8&#8243;,&#8220;bf7b1b30&#8243;,&#8220;2fea88e3&#8243;,&#8220;06bc02c2&#8243;,&#8220;71871cb2&#8243;,&#8220;f89caf96&#8243;]<\/p>\n","protected":false},"excerpt":{"rendered":"Ich finde ja Musicals ungef\u00e4hr so spannend wie Synchronschwimmen. Einige musste ich schon \u00fcber mich ergehen lassen. Doch&hellip;\n","protected":false},"author":2,"featured_media":703748,"comment_status":"","ping_status":"","sticky":false,"template":"","format":"standard","meta":{"footnotes":""},"categories":[1838],"tags":[3015,162392,162393,3364,29,3715,30,474,64169,1209,94],"class_list":{"0":"post-703747","1":"post","2":"type-post","3":"status-publish","4":"format-standard","5":"has-post-thumbnail","7":"category-duisburg","8":"tag-ballermann","9":"tag-ballermann-musical-malle-ole-duisburg","10":"tag-bierkonig","11":"tag-de","12":"tag-deutschland","13":"tag-duisburg","14":"tag-germany","15":"tag-mallorca","16":"tag-musicals","17":"tag-nordrhein-westfalen","18":"tag-theater"},"share_on_mastodon":{"url":"https:\/\/pubeurope.com\/@de\/115861987498729371","error":""},"_links":{"self":[{"href":"https:\/\/www.europesays.com\/de\/wp-json\/wp\/v2\/posts\/703747","targetHints":{"allow":["GET"]}}],"collection":[{"href":"https:\/\/www.europesays.com\/de\/wp-json\/wp\/v2\/posts"}],"about":[{"href":"https:\/\/www.europesays.com\/de\/wp-json\/wp\/v2\/types\/post"}],"author":[{"embeddable":true,"href":"https:\/\/www.europesays.com\/de\/wp-json\/wp\/v2\/users\/2"}],"replies":[{"embeddable":true,"href":"https:\/\/www.europesays.com\/de\/wp-json\/wp\/v2\/comments?post=703747"}],"version-history":[{"count":0,"href":"https:\/\/www.europesays.com\/de\/wp-json\/wp\/v2\/posts\/703747\/revisions"}],"wp:featuredmedia":[{"embeddable":true,"href":"https:\/\/www.europesays.com\/de\/wp-json\/wp\/v2\/media\/703748"}],"wp:attachment":[{"href":"https:\/\/www.europesays.com\/de\/wp-json\/wp\/v2\/media?parent=703747"}],"wp:term":[{"taxonomy":"category","embeddable":true,"href":"https:\/\/www.europesays.com\/de\/wp-json\/wp\/v2\/categories?post=703747"},{"taxonomy":"post_tag","embeddable":true,"href":"https:\/\/www.europesays.com\/de\/wp-json\/wp\/v2\/tags?post=703747"}],"curies":[{"name":"wp","href":"https:\/\/api.w.org\/{rel}","templated":true}]}}