{"id":703762,"date":"2026-01-08T23:13:11","date_gmt":"2026-01-08T23:13:11","guid":{"rendered":"https:\/\/www.europesays.com\/de\/703762\/"},"modified":"2026-01-08T23:13:11","modified_gmt":"2026-01-08T23:13:11","slug":"pol-ge-schusswaffenfund-bei-verkehrskontrolle-einsatz-von-spezialeinheiten-in-gladbeck","status":"publish","type":"post","link":"https:\/\/www.europesays.com\/de\/703762\/","title":{"rendered":"POL-GE: Schusswaffenfund bei Verkehrskontrolle &#8211; Einsatz von Spezialeinheiten in Gladbeck"},"content":{"rendered":"<p class=\"date\">08.01.2026 \u2013 20:00<\/p>\n<p class=\"customer\">\n                        <a class=\"story-customer\" title=\"weiter zum newsroom von Polizei Gelsenkirchen\" href=\"https:\/\/www.presseportal.de\/blaulicht\/nr\/51056\" target=\"_blank\" rel=\"noopener\">Polizei Gelsenkirchen<\/a>\n                    <\/p>\n<p><a data-category=\"citylink-story-view\" data-action=\"click\" data-label=\"Citylink in Meldungsansicht\" class=\"story-city event-trigger\" href=\"https:\/\/www.presseportal.de\/regional\/Gelsenkirchen\" title=\"News aus Gelsenkirchen \" target=\"_blank\" rel=\"noopener\">Gelsenkirchen<\/a> (ots)<\/p>\n<p>Im Rahmen einer allgemeinen Verkehrskontrolle in Gelsenkirchen-He\u00dfler fanden Einsatzkr\u00e4fte der Polizei Gelsenkirchen am Donnerstag, 8. Januar 2026, mehrere Waffen.<br \/>\nDer mit mehreren m\u00e4nnlichen Personen besetzte Pkw aus Gladbeck fiel den Einsatzkr\u00e4ften gegen 10 Uhr auf der Grothusstra\u00dfe auf und wurde im Bereich des Lehrhovebruchs angehalten und kontrolliert. Im weiteren Verlauf der Kontrolle fiel den Beamten in einer Seitent\u00fcr des Fahrzeuges ein griffbereites Messer auf. Zudem ergaben sich Hinweise auf weitere Waffen, die sich im Fahrzeug befinden sollten. Daraufhin durchsuchten die Beamten das Fahrzeug und fanden eine Schreckschusspistole sowie zwei scharfe Pistolen. Beim 26-j\u00e4hrigen Fahrer aus Gladbeck wurde eine weitere scharfe Schusswaffe aufgefunden. Der Fahrer des Pkw und die weiteren 19, 22, und 29 Jahre alten Personen aus Gladbeck wurden zun\u00e4chst in Gewahrsam genommen.<\/p>\n<p>\u00dcber die Staatsanwaltschaft Essen wurden bei Gericht Durchsuchungsbeschl\u00fcsse f\u00fcr vier Wohnanschriften in Gladbeck und eine Gewerbeanschrift in Gelsenkirchen erwirkt.<br \/>\nDiese wurden unter Beteiligung von Spezialkr\u00e4ften, Kr\u00e4ften der Polizei Recklinghausen sowie der Bereitschaftspolizei am Abend vollzogen. Ziel der Durchsuchung war das Auffinden weiterer Waffen.<\/p>\n<p>Ermittlungsverfahren wegen unerlaubten Waffenbesitzes wurden eingeleitet. Die Ermittlungen dauern an.<\/p>\n<p class=\"contact-headline\">Nachfragen f\u00fcr Journalistinnen und Journalisten:<\/p>\n<p class=\"contact-text\">Polizei Gelsenkirchen<br \/>Kevin Bojahr<br \/>Telefon: +49 (0) 209 365-2013<br \/>E-Mail: <a href=\"https:\/\/www.presseportal.de\/blaulicht\/pm\/51056\/mailto: pressestelle.gelsenkirchen@polizei.nrw.de\" class=\"uri-mailto\" target=\"_blank\" rel=\"noopener\"> pressestelle.gelsenkirchen@polizei.nrw.de<\/a><br \/><a target=\"_blank\" class=\"uri-ext outbound\" rel=\"noopener\" href=\"https:\/\/gelsenkirchen.polizei.nrw\/\">https:\/\/gelsenkirchen.polizei.nrw\/<\/a><\/p>\n<p class=\"originator\">Original-Content von: Polizei Gelsenkirchen, \u00fcbermittelt durch news aktuell<\/p>\n","protected":false},"excerpt":{"rendered":"08.01.2026 \u2013 20:00 Polizei Gelsenkirchen Gelsenkirchen (ots) Im Rahmen einer allgemeinen Verkehrskontrolle in Gelsenkirchen-He\u00dfler fanden Einsatzkr\u00e4fte der Polizei&hellip;\n","protected":false},"author":2,"featured_media":386213,"comment_status":"","ping_status":"","sticky":false,"template":"","format":"standard","meta":{"footnotes":""},"categories":[1834],"tags":[3364,29,3688,30,177,1209,176,121,178,180,179,181],"class_list":{"0":"post-703762","1":"post","2":"type-post","3":"status-publish","4":"format-standard","5":"has-post-thumbnail","7":"category-essen","8":"tag-de","9":"tag-deutschland","10":"tag-essen","11":"tag-germany","12":"tag-kriminalitt","13":"tag-nordrhein-westfalen","14":"tag-nrw","15":"tag-polizei","16":"tag-presse","17":"tag-pressemeldung","18":"tag-pressemitteilung","19":"tag-pressemitteilungen"},"share_on_mastodon":{"url":"https:\/\/pubeurope.com\/@de\/115862018918883907","error":""},"_links":{"self":[{"href":"https:\/\/www.europesays.com\/de\/wp-json\/wp\/v2\/posts\/703762","targetHints":{"allow":["GET"]}}],"collection":[{"href":"https:\/\/www.europesays.com\/de\/wp-json\/wp\/v2\/posts"}],"about":[{"href":"https:\/\/www.europesays.com\/de\/wp-json\/wp\/v2\/types\/post"}],"author":[{"embeddable":true,"href":"https:\/\/www.europesays.com\/de\/wp-json\/wp\/v2\/users\/2"}],"replies":[{"embeddable":true,"href":"https:\/\/www.europesays.com\/de\/wp-json\/wp\/v2\/comments?post=703762"}],"version-history":[{"count":0,"href":"https:\/\/www.europesays.com\/de\/wp-json\/wp\/v2\/posts\/703762\/revisions"}],"wp:featuredmedia":[{"embeddable":true,"href":"https:\/\/www.europesays.com\/de\/wp-json\/wp\/v2\/media\/386213"}],"wp:attachment":[{"href":"https:\/\/www.europesays.com\/de\/wp-json\/wp\/v2\/media?parent=703762"}],"wp:term":[{"taxonomy":"category","embeddable":true,"href":"https:\/\/www.europesays.com\/de\/wp-json\/wp\/v2\/categories?post=703762"},{"taxonomy":"post_tag","embeddable":true,"href":"https:\/\/www.europesays.com\/de\/wp-json\/wp\/v2\/tags?post=703762"}],"curies":[{"name":"wp","href":"https:\/\/api.w.org\/{rel}","templated":true}]}}