{"id":703806,"date":"2026-01-08T23:37:10","date_gmt":"2026-01-08T23:37:10","guid":{"rendered":"https:\/\/www.europesays.com\/de\/703806\/"},"modified":"2026-01-08T23:37:10","modified_gmt":"2026-01-08T23:37:10","slug":"gil-ofarim-erster-dschungelcamp-zoff-mit-camperin-findet-deutliche-worte-unterhaltung","status":"publish","type":"post","link":"https:\/\/www.europesays.com\/de\/703806\/","title":{"rendered":"Gil Ofarim: Erster Dschungelcamp-Zoff! Mit-Camperin findet deutliche Worte | Unterhaltung"},"content":{"rendered":"<p><b>Der Start des RTL-Dschungelcamps steht vor der T\u00fcr, doch bereits im Vorfeld sorgt die Teilnahme von Skandal-S\u00e4nger Gil Ofarim f\u00fcr Aufruhr. <\/b><\/p>\n<p>Fans der Kult-Show protestieren, weil Ofarim mit einer erfundenen Antisemitismus-Geschichte die j\u00fcdische Gemeinschaft bis ins Mark traf und nun ins Rampenlicht zur\u00fcckkehren darf.<\/p>\n<p><b>\u201eMarienhof\u201c-Star und Ofarims Mit-Camperin Nicole Belstler-Boettcher hat eine deutliche Meinung zu Ofarim und nimmt bei BILD kein Blatt vor den Mund. Lesen Sie mehr mit BILDplus.<\/b><\/p>\n","protected":false},"excerpt":{"rendered":"Der Start des RTL-Dschungelcamps steht vor der T\u00fcr, doch bereits im Vorfeld sorgt die Teilnahme von Skandal-S\u00e4nger Gil&hellip;\n","protected":false},"author":2,"featured_media":703807,"comment_status":"","ping_status":"","sticky":false,"template":"","format":"standard","meta":{"footnotes":""},"categories":[1776],"tags":[712,1801,29,933,214,30,71,21171,121,1802,45,215,21172],"class_list":{"0":"post-703806","1":"post","2":"type-post","3":"status-publish","4":"format-standard","5":"has-post-thumbnail","7":"category-prominente","8":"tag-antisemitismus","9":"tag-celebrities","10":"tag-deutschland","11":"tag-dschungelcamp","12":"tag-entertainment","13":"tag-germany","14":"tag-leipzig","15":"tag-ofarim-gil","16":"tag-polizei","17":"tag-prominente","18":"tag-texttospeech","19":"tag-unterhaltung","20":"tag-verleumdung"},"share_on_mastodon":{"url":"https:\/\/pubeurope.com\/@de\/115862113117515929","error":""},"_links":{"self":[{"href":"https:\/\/www.europesays.com\/de\/wp-json\/wp\/v2\/posts\/703806","targetHints":{"allow":["GET"]}}],"collection":[{"href":"https:\/\/www.europesays.com\/de\/wp-json\/wp\/v2\/posts"}],"about":[{"href":"https:\/\/www.europesays.com\/de\/wp-json\/wp\/v2\/types\/post"}],"author":[{"embeddable":true,"href":"https:\/\/www.europesays.com\/de\/wp-json\/wp\/v2\/users\/2"}],"replies":[{"embeddable":true,"href":"https:\/\/www.europesays.com\/de\/wp-json\/wp\/v2\/comments?post=703806"}],"version-history":[{"count":0,"href":"https:\/\/www.europesays.com\/de\/wp-json\/wp\/v2\/posts\/703806\/revisions"}],"wp:featuredmedia":[{"embeddable":true,"href":"https:\/\/www.europesays.com\/de\/wp-json\/wp\/v2\/media\/703807"}],"wp:attachment":[{"href":"https:\/\/www.europesays.com\/de\/wp-json\/wp\/v2\/media?parent=703806"}],"wp:term":[{"taxonomy":"category","embeddable":true,"href":"https:\/\/www.europesays.com\/de\/wp-json\/wp\/v2\/categories?post=703806"},{"taxonomy":"post_tag","embeddable":true,"href":"https:\/\/www.europesays.com\/de\/wp-json\/wp\/v2\/tags?post=703806"}],"curies":[{"name":"wp","href":"https:\/\/api.w.org\/{rel}","templated":true}]}}