{"id":703861,"date":"2026-01-09T00:08:11","date_gmt":"2026-01-09T00:08:11","guid":{"rendered":"https:\/\/www.europesays.com\/de\/703861\/"},"modified":"2026-01-09T00:08:11","modified_gmt":"2026-01-09T00:08:11","slug":"fw-w-abstuetzung-einer-hausfassade-in-wuppertal-ronsdorf","status":"publish","type":"post","link":"https:\/\/www.europesays.com\/de\/703861\/","title":{"rendered":"FW-W: Abst\u00fctzung einer Hausfassade in Wuppertal-Ronsdorf"},"content":{"rendered":"<p class=\"date\">08.01.2026 \u2013 23:39<\/p>\n<p class=\"customer\">\n                        <a class=\"story-customer\" title=\"weiter zum newsroom von Feuerwehr Wuppertal\" href=\"https:\/\/www.presseportal.de\/blaulicht\/nr\/115885\" target=\"_blank\" rel=\"noopener\">Feuerwehr Wuppertal<\/a>\n                    <\/p>\n<p><a data-category=\"citylink-story-view\" data-action=\"click\" data-label=\"Citylink in Meldungsansicht\" class=\"story-city event-trigger\" href=\"https:\/\/www.presseportal.de\/regional\/Wuppertal\" title=\"News aus Wuppertal \" target=\"_blank\" rel=\"noopener\">Wuppertal<\/a> (ots)<\/p>\n<p>Die Feuerwehr Wuppertal wurde am 08.01.2026 gegen 19:30 Uhr \u00fcber eine Verformung unterhalb einer Plane an einer Hausfassade informiert.<\/p>\n<p>Der F\u00fchrungsdienst der Feuerwehr Wuppertal erkundete, unterst\u00fctzt durch einen Baufachberater des THW, die Fassade und stellt eine nicht mehr ausreichende Tragf\u00e4higkeit der Geb\u00e4udestruktur fest.<\/p>\n<p>Das Geb\u00e4ude wurde in der Folge ger\u00e4umt, wobei die Bewohner eigenst\u00e4ndig untergebracht werden konnten.<\/p>\n<p>Bereits in den Abendstunden wurde das THW mit weiteren Kr\u00e4ften vor Ort t\u00e4tig und verst\u00e4rkte nicht mehr ausreichend tragf\u00e4hige Teile des Fachwerkhauses. Durch diese Ma\u00dfnahmen wird eine ausreichende Standfestigkeit wieder hergestellt werden.<\/p>\n<p>Der Einsatz wird sich bis in die fr\u00fchen Morgenstunden hinziehen. Auf Grund der Witterung wurde fr\u00fchzeitig eine Aufenthaltsm\u00f6glichkeit f\u00fcr die eingesetzten Kr\u00e4fte mittels eines Abrollbeh\u00e4lters der Feuerwehr Wuppertal sichergestellt.<\/p>\n<p>Im Einsatz waren neben Kr\u00e4ften der Berufsfeuerwehr, auch Kr\u00e4fte des L\u00f6schzuges Ronsdorf sowie Kr\u00e4fte des THW.<\/p>\n<p class=\"contact-headline\">R\u00fcckfragen bitte an:<\/p>\n<p class=\"contact-text\">Feuerwehr Wuppertal<br \/>Leitstelle<br \/>Telefon: 0202-563 1111<br \/>E-Mail: <a href=\"https:\/\/www.presseportal.de\/blaulicht\/pm\/115885\/mailto: leitstelle.feuerwehr@stadt.wuppertal.de\" class=\"uri-mailto\" target=\"_blank\" rel=\"noopener\"> leitstelle.feuerwehr@stadt.wuppertal.de<\/a><br \/><a target=\"_blank\" class=\"uri-ext outbound\" rel=\"noopener\" href=\"https:\/\/www.wuppertal.de\/feuerwehr\">https:\/\/www.wuppertal.de\/feuerwehr<\/a><\/p>\n<p class=\"originator\">Original-Content von: Feuerwehr Wuppertal, \u00fcbermittelt durch news aktuell<\/p>\n","protected":false},"excerpt":{"rendered":"08.01.2026 \u2013 23:39 Feuerwehr Wuppertal Wuppertal (ots) Die Feuerwehr Wuppertal wurde am 08.01.2026 gegen 19:30 Uhr \u00fcber eine&hellip;\n","protected":false},"author":2,"featured_media":386213,"comment_status":"","ping_status":"","sticky":false,"template":"","format":"standard","meta":{"footnotes":""},"categories":[1840],"tags":[3364,29,985,30,1209,176,178,180,179,181,4418],"class_list":{"0":"post-703861","1":"post","2":"type-post","3":"status-publish","4":"format-standard","5":"has-post-thumbnail","7":"category-wuppertal","8":"tag-de","9":"tag-deutschland","10":"tag-feuerwehr","11":"tag-germany","12":"tag-nordrhein-westfalen","13":"tag-nrw","14":"tag-presse","15":"tag-pressemeldung","16":"tag-pressemitteilung","17":"tag-pressemitteilungen","18":"tag-wuppertal"},"share_on_mastodon":{"url":"https:\/\/pubeurope.com\/@de\/115862235509036512","error":""},"_links":{"self":[{"href":"https:\/\/www.europesays.com\/de\/wp-json\/wp\/v2\/posts\/703861","targetHints":{"allow":["GET"]}}],"collection":[{"href":"https:\/\/www.europesays.com\/de\/wp-json\/wp\/v2\/posts"}],"about":[{"href":"https:\/\/www.europesays.com\/de\/wp-json\/wp\/v2\/types\/post"}],"author":[{"embeddable":true,"href":"https:\/\/www.europesays.com\/de\/wp-json\/wp\/v2\/users\/2"}],"replies":[{"embeddable":true,"href":"https:\/\/www.europesays.com\/de\/wp-json\/wp\/v2\/comments?post=703861"}],"version-history":[{"count":0,"href":"https:\/\/www.europesays.com\/de\/wp-json\/wp\/v2\/posts\/703861\/revisions"}],"wp:featuredmedia":[{"embeddable":true,"href":"https:\/\/www.europesays.com\/de\/wp-json\/wp\/v2\/media\/386213"}],"wp:attachment":[{"href":"https:\/\/www.europesays.com\/de\/wp-json\/wp\/v2\/media?parent=703861"}],"wp:term":[{"taxonomy":"category","embeddable":true,"href":"https:\/\/www.europesays.com\/de\/wp-json\/wp\/v2\/categories?post=703861"},{"taxonomy":"post_tag","embeddable":true,"href":"https:\/\/www.europesays.com\/de\/wp-json\/wp\/v2\/tags?post=703861"}],"curies":[{"name":"wp","href":"https:\/\/api.w.org\/{rel}","templated":true}]}}