{"id":703881,"date":"2026-01-09T00:22:21","date_gmt":"2026-01-09T00:22:21","guid":{"rendered":"https:\/\/www.europesays.com\/de\/703881\/"},"modified":"2026-01-09T00:22:21","modified_gmt":"2026-01-09T00:22:21","slug":"bpol-nrw-allgemeinverfuegung-zum-mitfuehrverbot-gefaehrlicher-gegenstaende","status":"publish","type":"post","link":"https:\/\/www.europesays.com\/de\/703881\/","title":{"rendered":"BPOL NRW: Allgemeinverf\u00fcgung zum Mitf\u00fchrverbot gef\u00e4hrlicher Gegenst\u00e4nde &#8211; &#8230;"},"content":{"rendered":"<p class=\"date\">08.01.2026 \u2013 15:02<\/p>\n<p class=\"customer\">\n                        <a class=\"story-customer\" title=\"weiter zum newsroom von Bundespolizeidirektion Sankt Augustin\" href=\"https:\/\/www.presseportal.de\/blaulicht\/nr\/70116\" target=\"_blank\" rel=\"noopener\">Bundespolizeidirektion Sankt Augustin<\/a>\n                    <\/p>\n<p><a data-category=\"citylink-story-view\" data-action=\"click\" data-label=\"Citylink in Meldungsansicht\" class=\"story-city event-trigger\" href=\"https:\/\/www.presseportal.de\/regional\/K%F6ln\" title=\"News aus K\u00f6ln \" target=\"_blank\" rel=\"noopener\">K\u00f6ln<\/a> (ots)<\/p>\n<p>Bereits zum dritten Mal verst\u00e4rkt die Bundespolizei am kommenden Wochenende, 09. bis 11. Januar, bundesweit ihre Pr\u00e4senz an Bahnh\u00f6fen, die in den vergangen Monaten durch eine erh\u00f6hte Zahl von Gewaltdelikten aufgefallen sind.<br \/>\nHierzu ver\u00f6ffentlichte das Bundespolizeipr\u00e4sidium bereits eine Pressemitteilung (Link: <a target=\"_blank\" class=\"uri-ext outbound\" rel=\"noopener\" href=\"https:\/\/www.presseportal.de\/blaulicht\/pm\/73990\/6192624\">https:\/\/www.presseportal.de\/blaulicht\/pm\/73990\/6192624<\/a>)<\/p>\n<p>Die Bundespolizeidirektion Sankt Augustin hat im genannten Zeitraum eine Allgemeinverf\u00fcgung erlassen, die das Mitf\u00fchren gef\u00e4hrlicher Gegenst\u00e4nde an ausgew\u00e4hlten Bahnh\u00f6fen und auf bestimmten Bahnstrecken untersagt. Ziel dieser Ma\u00dfnahme ist es, die Sicherheit und Ordnung in den \u00f6ffentlichen Verkehrsr\u00e4umen zu erh\u00f6hen und potenzielle Gefahren pr\u00e4ventiv zu minimieren.<\/p>\n<p>Im Zust\u00e4ndigkeitsbereich der Bundespolizeiinspektion K\u00f6ln sind die Hauptbahnh\u00f6fe K\u00f6ln und K\u00f6ln Messe\/Deutz sowie die Bahnstrecke von K\u00f6ln Messe\/Deutz \u00fcber K\u00f6ln Hauptbahnhof bis zum Haltepunkt K\u00f6ln-Chorweiler-Nord betroffen. Dies schlie\u00dft die dort verkehrenden Nahverkehrsz\u00fcge sowie die Haltepunkte K\u00f6ln-Hansaring, Nippes, Geldernstra\u00dfe\/Parkg\u00fcrtel, Longerich, Volkhovener Weg und Chorweiler mit ein.<\/p>\n<p>Zur Durchsetzung der Verf\u00fcgung wird die Bundespolizei in den genannten Bereichen verst\u00e4rkt Kontrollen durchf\u00fchren. Reisende m\u00fcssen sich darauf einstellen, dass Taschen und Gep\u00e4ckst\u00fccke vermehrt auf das Mitf\u00fchren gef\u00e4hrlicher Gegenst\u00e4nde \u00fcberpr\u00fcft werden.<br \/>\nVerst\u00f6\u00dfe gegen das Mitf\u00fchrverbot k\u00f6nnen mit einem Platzverweis, Bef\u00f6rderungsausschluss sowie der Festsetzung eines Zwangsgeldes geahndet werden. Bei Verst\u00f6\u00dfen gegen das Waffengesetz drohen zudem ordnungswidrigkeits- oder strafrechtliche Konsequenzen.<\/p>\n<p>Das Mitf\u00fchrverbot umfasst insbesondere Schuss-, Hieb- und Sto\u00dfwaffen (z. B. Messer, Beile, Pistolen), Luftdruck- und CO\u2082-Waffen sowie weitere Gegenst\u00e4nde, die geeignet sind, erhebliche Verletzungen herbeizuf\u00fchren.<\/p>\n<p>Weitere Informationen zur Allgemeinverf\u00fcgung, einschlie\u00dflich Ausnahmen und Begriffsbestimmungen, sind auf der Internetseite der Bundespolizei unter <a target=\"_blank\" class=\"uri-ext outbound\" rel=\"noopener\" href=\"https:\/\/www.bundespolizei.de\">www.bundespolizei.de<\/a> abrufbar. Zus\u00e4tzlich weisen Aush\u00e4nge in den betroffenen Bahnh\u00f6fen auf die eingerichtete Verbotszone hin.<\/p>\n<p class=\"contact-headline\">R\u00fcckfragen bitte an:<\/p>\n<p class=\"contact-text\">Bundespolizeidirektion Sankt Augustin<br \/>Bundespolizeiinspektion K\u00f6ln<br \/>Pressestelle<br \/>Stephanie Reuver<\/p>\n<p>Telefon: +49 (0) 221 16093-1401<br \/>Mobil: +49 (0) 152 045 64 093<br \/>E-Mail: <a href=\"https:\/\/www.presseportal.de\/blaulicht\/pm\/70116\/mailto: presse.k@polizei.bund.de\" class=\"uri-mailto\" target=\"_blank\" rel=\"noopener\"> presse.k@polizei.bund.de<\/a><br \/>X (Twitter): @BPOL NRW<\/p>\n<p>Gereonstra\u00dfe 43-65<br \/>50670 K\u00f6ln<br \/><a target=\"_blank\" class=\"uri-ext outbound\" rel=\"noopener\" href=\"https:\/\/www.bundespolizei.de\">www.bundespolizei.de<\/a><\/p>\n<p class=\"originator\">Original-Content von: Bundespolizeidirektion Sankt Augustin, \u00fcbermittelt durch news aktuell<\/p>\n","protected":false},"excerpt":{"rendered":"08.01.2026 \u2013 15:02 Bundespolizeidirektion Sankt Augustin K\u00f6ln (ots) Bereits zum dritten Mal verst\u00e4rkt die Bundespolizei am kommenden Wochenende,&hellip;\n","protected":false},"author":2,"featured_media":386213,"comment_status":"","ping_status":"","sticky":false,"template":"","format":"standard","meta":{"footnotes":""},"categories":[1842],"tags":[1741,3364,29,30,177,1209,176,121,178,180,179,181],"class_list":{"0":"post-703881","1":"post","2":"type-post","3":"status-publish","4":"format-standard","5":"has-post-thumbnail","7":"category-bonn","8":"tag-bonn","9":"tag-de","10":"tag-deutschland","11":"tag-germany","12":"tag-kriminalitt","13":"tag-nordrhein-westfalen","14":"tag-nrw","15":"tag-polizei","16":"tag-presse","17":"tag-pressemeldung","18":"tag-pressemitteilung","19":"tag-pressemitteilungen"},"share_on_mastodon":{"url":"https:\/\/pubeurope.com\/@de\/115862290028392133","error":""},"_links":{"self":[{"href":"https:\/\/www.europesays.com\/de\/wp-json\/wp\/v2\/posts\/703881","targetHints":{"allow":["GET"]}}],"collection":[{"href":"https:\/\/www.europesays.com\/de\/wp-json\/wp\/v2\/posts"}],"about":[{"href":"https:\/\/www.europesays.com\/de\/wp-json\/wp\/v2\/types\/post"}],"author":[{"embeddable":true,"href":"https:\/\/www.europesays.com\/de\/wp-json\/wp\/v2\/users\/2"}],"replies":[{"embeddable":true,"href":"https:\/\/www.europesays.com\/de\/wp-json\/wp\/v2\/comments?post=703881"}],"version-history":[{"count":0,"href":"https:\/\/www.europesays.com\/de\/wp-json\/wp\/v2\/posts\/703881\/revisions"}],"wp:featuredmedia":[{"embeddable":true,"href":"https:\/\/www.europesays.com\/de\/wp-json\/wp\/v2\/media\/386213"}],"wp:attachment":[{"href":"https:\/\/www.europesays.com\/de\/wp-json\/wp\/v2\/media?parent=703881"}],"wp:term":[{"taxonomy":"category","embeddable":true,"href":"https:\/\/www.europesays.com\/de\/wp-json\/wp\/v2\/categories?post=703881"},{"taxonomy":"post_tag","embeddable":true,"href":"https:\/\/www.europesays.com\/de\/wp-json\/wp\/v2\/tags?post=703881"}],"curies":[{"name":"wp","href":"https:\/\/api.w.org\/{rel}","templated":true}]}}