{"id":703925,"date":"2026-01-09T00:47:14","date_gmt":"2026-01-09T00:47:14","guid":{"rendered":"https:\/\/www.europesays.com\/de\/703925\/"},"modified":"2026-01-09T00:47:14","modified_gmt":"2026-01-09T00:47:14","slug":"bis-zu-4-700-tonnen-muell-treiben-jaehrlich-im-rhein-an-koeln-vorbei","status":"publish","type":"post","link":"https:\/\/www.europesays.com\/de\/703925\/","title":{"rendered":"Bis zu 4.700 Tonnen M\u00fcll treiben j\u00e4hrlich im Rhein an K\u00f6ln vorbei"},"content":{"rendered":"<p>                    <img decoding=\"async\" loading=\"lazy\" class=\"internal-image\" title=\"M\u00fcll an diversen Stellen im Uferbereich eines Flusses\" alt=\"M\u00fcll an diversen Stellen im Uferbereich eines Flusses\" src=\"https:\/\/www.europesays.com\/de\/wp-content\/uploads\/2026\/01\/vermschutztes-gewaesser-100-1920x1080.jpg\" \/><\/p>\n<p>                  H\u00e4ufig werden leere Flaschen im Rhein entsorgt. (IMAGO \/ Rech \/ IMAGO \/ rech)<\/p>\n<p>Es gehe um 53.000 M\u00fcllteile pro Tag, erkl\u00e4rte die Studienleiterin Leandra Hamann. Der Abfall werde zu einem gro\u00dfen Teil ins Meer geleitet.<\/p>\n<p>                F\u00fcr die<a title=\"Link auf: im Fachmagazin \u201dCommunications Sustainability\u201d ver\u00f6ffentlichten Studie\" target=\"_blank\" href=\"https:\/\/www.nature.com\/articles\/s44458-025-00007-5\" class=\"click-tracking-paragraph\" data-tracking=\"{&quot;name&quot;:&quot;Link in Beitrag&quot;,&quot;chapter1&quot;:&quot;https:\/\/www.nature.com\/articles\/s44458-025-00007-5&quot;,&quot;chapter2&quot;:&quot;im Fachmagazin \u201dCommunications Sustainability\u201d ver\u00f6ffentlichten Studie&quot;,&quot;chapter3&quot;:&quot;Umweltverschmutzung - Bis zu 4.700 Tonnen M\u00fcll treiben j\u00e4hrlich im Rhein an K\u00f6ln vorbei&quot;,&quot;level2&quot;:2}\" rel=\"noopener\">im Fachmagazin \u201dCommunications Sustainability\u201d ver\u00f6ffentlichten Studie<\/a> wurde mehrere Jahre lang M\u00fcll auf dem Rhein gesammelt und analysiert. Daf\u00fcr wurde die in K\u00f6ln im Fluss installierte M\u00fcllfalle &#8222;Rheinkrake&#8220; genutzt, die das Wasser auf einer Breite von drei Metern und in einer Tiefe von 80 Zentimetern filtert. Mit der Hilfe von Freiwilligen wird die Falle regelm\u00e4\u00dfig gereinigt und der gefangene M\u00fcll sortiert.<\/p>\n<p>Die Studie ergab auch, dass die M\u00fcllmenge \u00fcber das Jahr gesehen schwankt. Einen laut den Studienmachern \u00fcberraschend hohen Anteil machten Feuerwerksk\u00f6rper aus. Bei etwa zehn Prozent der gesammelten M\u00fcllteile zwischen November 2022 und November 2023 habe es sich um \u00dcberreste von Pyrotechnik gehandelt. Einen ebenfalls hohen Anteil machten leere Flaschen und Deckel aus.<\/p>\n<p>Diese Nachricht wurde am 09.01.2026 im Programm Deutschlandfunk gesendet.<\/p>\n","protected":false},"excerpt":{"rendered":"H\u00e4ufig werden leere Flaschen im Rhein entsorgt. (IMAGO \/ Rech \/ IMAGO \/ rech) Es gehe um 53.000&hellip;\n","protected":false},"author":2,"featured_media":703926,"comment_status":"","ping_status":"","sticky":false,"template":"","format":"standard","meta":{"footnotes":""},"categories":[1828],"tags":[29,30,1420,1209],"class_list":{"0":"post-703925","1":"post","2":"type-post","3":"status-publish","4":"format-standard","5":"has-post-thumbnail","7":"category-koeln","8":"tag-deutschland","9":"tag-germany","10":"tag-koeln","11":"tag-nordrhein-westfalen"},"share_on_mastodon":{"url":"https:\/\/pubeurope.com\/@de\/115862388546196742","error":""},"_links":{"self":[{"href":"https:\/\/www.europesays.com\/de\/wp-json\/wp\/v2\/posts\/703925","targetHints":{"allow":["GET"]}}],"collection":[{"href":"https:\/\/www.europesays.com\/de\/wp-json\/wp\/v2\/posts"}],"about":[{"href":"https:\/\/www.europesays.com\/de\/wp-json\/wp\/v2\/types\/post"}],"author":[{"embeddable":true,"href":"https:\/\/www.europesays.com\/de\/wp-json\/wp\/v2\/users\/2"}],"replies":[{"embeddable":true,"href":"https:\/\/www.europesays.com\/de\/wp-json\/wp\/v2\/comments?post=703925"}],"version-history":[{"count":0,"href":"https:\/\/www.europesays.com\/de\/wp-json\/wp\/v2\/posts\/703925\/revisions"}],"wp:featuredmedia":[{"embeddable":true,"href":"https:\/\/www.europesays.com\/de\/wp-json\/wp\/v2\/media\/703926"}],"wp:attachment":[{"href":"https:\/\/www.europesays.com\/de\/wp-json\/wp\/v2\/media?parent=703925"}],"wp:term":[{"taxonomy":"category","embeddable":true,"href":"https:\/\/www.europesays.com\/de\/wp-json\/wp\/v2\/categories?post=703925"},{"taxonomy":"post_tag","embeddable":true,"href":"https:\/\/www.europesays.com\/de\/wp-json\/wp\/v2\/tags?post=703925"}],"curies":[{"name":"wp","href":"https:\/\/api.w.org\/{rel}","templated":true}]}}