{"id":703999,"date":"2026-01-09T01:25:18","date_gmt":"2026-01-09T01:25:18","guid":{"rendered":"https:\/\/www.europesays.com\/de\/703999\/"},"modified":"2026-01-09T01:25:18","modified_gmt":"2026-01-09T01:25:18","slug":"polizistinnen-lassen-kollegen-im-stich","status":"publish","type":"post","link":"https:\/\/www.europesays.com\/de\/703999\/","title":{"rendered":"Polizistinnen lassen Kollegen im Stich"},"content":{"rendered":"<p>Erst mildes Urteil, dann DisziplinarklagePolizistinnen lassen Kollegen im Stich &#8211; Verwaltungsgericht M\u00fcnster muss \u00fcber Beamtenstatus entscheiden8. Januar 2026 um 19:03 Uhr<\/p>\n<p>von <strong>Rogatus Skanta<\/strong><\/p>\n<p class=\"AnnotatedMarkup_paragraph__IUT9l\">Nach einer Schie\u00dferei in Gevelsberg 2020 sollen zwei Polizistinnen ihren Beamtenstatus aberkannt bekommen &#8211; das will der Ennepe-Ruhr-Kreis als zust\u00e4ndige Beh\u00f6rde. Bei einer Verkehrskontrolle er\u00f6ffnete ein Drogendealer das Feuer auf zwei Polizisten. Dabei wurde einer schwer verletzt. Die beiden Kolleginnen fuhren zuf\u00e4llig vorbei. Aber anstatt zu helfen, lie\u00dfen sie ihre Kollegen im Stich. Sie stiegen in das Auto eines Pflegedienstes und hauten ab. Aus Todesangst, wie sie sp\u00e4ter vor Gericht aussagten. 21 Projektile stellten Ermittler sp\u00e4ter sicher.<\/p>\n<p>Milde Strafe in zweiter Instanz<\/p>\n<p class=\"AnnotatedMarkup_paragraph__IUT9l\">Das Amtsgericht Schwelm verurteilte die beiden Polizistinnen 2021 zu je einem Jahr Bew\u00e4hrung wegen gef\u00e4hrlicher K\u00f6rperverletzung im Amt durch Unterlassen \u2013 eine Strafe, die automatisch den Beamtenstatus gekostet h\u00e4tte. Das Landgericht Hagen verringerte 2022 auf vier Monate wegen versuchter K\u00f6rperverletzung, wodurch sie im Dienst bleiben k\u00f6nnten.<\/p>\n<p>H\u00f6chste Disziplinarstrafe gefordert<\/p>\n<p class=\"AnnotatedMarkup_paragraph__IUT9l\">Der Ennepe-Ruhr-Kreis reagiert mit einer Disziplinarklage vor dem Verwaltungsgericht M\u00fcnster. Ziel: Entfernung aus dem Beamtenverh\u00e4ltnis als schwerstes Strafma\u00df. Die beiden Frauen sind nach dem Vorfall zun\u00e4chst in den Innendienst versetzt und sp\u00e4ter suspendiert worden. Seitdem sind sie nicht mehr f\u00fcr die Polizei im Einsatz.<\/p>\n","protected":false},"excerpt":{"rendered":"Erst mildes Urteil, dann DisziplinarklagePolizistinnen lassen Kollegen im Stich &#8211; Verwaltungsgericht M\u00fcnster muss \u00fcber Beamtenstatus entscheiden8. Januar 2026&hellip;\n","protected":false},"author":2,"featured_media":704000,"comment_status":"","ping_status":"","sticky":false,"template":"","format":"standard","meta":{"footnotes":""},"categories":[1843],"tags":[3364,29,2690,30,1015,8970,5827,5828,1209,121,5830,5829,5825,5826,5824,55793],"class_list":{"0":"post-703999","1":"post","2":"type-post","3":"status-publish","4":"format-standard","5":"has-post-thumbnail","7":"category-muenster","8":"tag-de","9":"tag-deutschland","10":"tag-gericht","11":"tag-germany","12":"tag-justiz","13":"tag-muenster","14":"tag-nachrichten-nrw","15":"tag-news-nrw","16":"tag-nordrhein-westfalen","17":"tag-polizei","18":"tag-regionale-nachrichten-nrw","19":"tag-rtl-nachrichten-nrw","20":"tag-rtl-nrw","21":"tag-rtl-regional","22":"tag-rtl-west","23":"tag-rtl-west-archiv"},"share_on_mastodon":{"url":"https:\/\/pubeurope.com\/@de\/115862537720273643","error":""},"_links":{"self":[{"href":"https:\/\/www.europesays.com\/de\/wp-json\/wp\/v2\/posts\/703999","targetHints":{"allow":["GET"]}}],"collection":[{"href":"https:\/\/www.europesays.com\/de\/wp-json\/wp\/v2\/posts"}],"about":[{"href":"https:\/\/www.europesays.com\/de\/wp-json\/wp\/v2\/types\/post"}],"author":[{"embeddable":true,"href":"https:\/\/www.europesays.com\/de\/wp-json\/wp\/v2\/users\/2"}],"replies":[{"embeddable":true,"href":"https:\/\/www.europesays.com\/de\/wp-json\/wp\/v2\/comments?post=703999"}],"version-history":[{"count":0,"href":"https:\/\/www.europesays.com\/de\/wp-json\/wp\/v2\/posts\/703999\/revisions"}],"wp:featuredmedia":[{"embeddable":true,"href":"https:\/\/www.europesays.com\/de\/wp-json\/wp\/v2\/media\/704000"}],"wp:attachment":[{"href":"https:\/\/www.europesays.com\/de\/wp-json\/wp\/v2\/media?parent=703999"}],"wp:term":[{"taxonomy":"category","embeddable":true,"href":"https:\/\/www.europesays.com\/de\/wp-json\/wp\/v2\/categories?post=703999"},{"taxonomy":"post_tag","embeddable":true,"href":"https:\/\/www.europesays.com\/de\/wp-json\/wp\/v2\/tags?post=703999"}],"curies":[{"name":"wp","href":"https:\/\/api.w.org\/{rel}","templated":true}]}}