{"id":704215,"date":"2026-01-09T03:31:16","date_gmt":"2026-01-09T03:31:16","guid":{"rendered":"https:\/\/www.europesays.com\/de\/704215\/"},"modified":"2026-01-09T03:31:16","modified_gmt":"2026-01-09T03:31:16","slug":"neuer-kaelteschock-in-muenchen-der-naechste-wintereinbruch-kommt-2","status":"publish","type":"post","link":"https:\/\/www.europesays.com\/de\/704215\/","title":{"rendered":"Neuer K\u00e4lteschock in M\u00fcnchen: Der n\u00e4chste Wintereinbruch kommt"},"content":{"rendered":"<ol class=\"id-DonaldBreadcrumb lp_west_breadcrumb id-DonaldBreadcrumb--default\" data-k5a-pos=\"west_breadcrumb\">\n<li class=\"id-Breadcrumb-item\"><a href=\"https:\/\/www.tz.de\/\" class=\"id-Breadcrumb-link\" data-id-ec=\"{\" shn=\"\" textlink=\"\" data-k5a-pos=\"1_tz\" target=\"_blank\" rel=\"noopener\">tz<\/a><\/li>\n<li class=\"id-Breadcrumb-item\"><a href=\"https:\/\/www.tz.de\/muenchen\/\" class=\"id-Breadcrumb-link\" data-id-ec=\"{\" shn=\"\" textlink=\"\" data-k5a-pos=\"2_muenchen\" target=\"_blank\" rel=\"noopener\">M\u00fcnchen<\/a><\/li>\n<li class=\"id-Breadcrumb-item\"><a href=\"https:\/\/www.tz.de\/muenchen\/stadt\/\" class=\"id-Breadcrumb-link\" data-id-ec=\"{\" shn=\"\" textlink=\"\" data-k5a-pos=\"3_stadt\" target=\"_blank\" rel=\"noopener\">Stadt<\/a><\/li>\n<\/ol>\n<p class=\"id-Story-timestamp id-Story-timestamp--default\">Stand: 08.01.2026, 18:02 Uhr<\/p>\n<p class=\"id-Story-authors id-Story-authors--default\">Von: <a class=\"id-Story-authors-link lp_west_author\" href=\"https:\/\/www.tz.de\/autor\/elisa-buhrke-swq5kbox.html\" title=\"Zur Autorenseite von Elisa Buhrke\" data-id-ec=\"{\" shn=\"\" author-link=\"\" buhrke=\"\" data-k5a-pos=\"west_author\" target=\"_blank\" rel=\"noopener\">Elisa Buhrke<\/a><\/p>\n<p class=\"id-Story-interactionBar id-Story-interactionBar--default\">DruckenTeilen<\/p>\n<p class=\"id-StoryElement-leadText\">Der Winter h\u00e4lt M\u00fcnchen fest im Griff. Kurz klettern die Temperaturen nach oben. Doch dann folgt der n\u00e4chste K\u00e4lte-Hammer. <\/p>\n<p class=\"id-StoryElement-paragraph\">M\u00fcnchen &#8211; Schneefall, zugefrorene Seen, Minusgrade: Wer den Winter mag, f\u00fcr den ist das neue Jahr in der Landeshauptstadt als wahres K\u00e4lteparadies gestartet. Auch f\u00fcr Donnerstag, 8. Januar, hat der Deutsche Wetterdienst am Morgen bis 8 Uhr vor leichtem Schneefall gewarnt. K\u00e4lte und Frost sollen noch bis 11 Uhr anhalten. Das Wochenende bleibt dann winterlich in <a href=\"https:\/\/www.tz.de\/muenchen\/stadt\/\" class=\"id-import-Link\" title=\"M&#xFC;nchen\" data-id-ec=\"{&quot;sht&quot;:&quot;Container&quot;,&quot;shn&quot;:&quot;Story&quot;,&quot;p&quot;:{&quot;containerType&quot;:&quot;Paragraph&quot;,&quot;displayType&quot;:&quot;Paragraph InlineLink&quot;,&quot;type&quot;:&quot;INLINE_LINK&quot;,&quot;value&quot;:&quot;M&#xFC;nchen&quot;,&quot;variant&quot;:&quot;standardLink&quot;,&quot;sponsored&quot;:false,&quot;linkHref&quot;:&quot;https:\/\/www.tz.de\/muenchen\/stadt\/&quot;,&quot;storyElementPosition&quot;:8,&quot;storyElementCount&quot;:19}}\" target=\"_blank\" rel=\"noopener\">M\u00fcnchen<\/a>. Auch wenn es kurz antaut \u2013 der n\u00e4chste K\u00e4lteeinbruch steht bereits kurz bevor.<\/p>\n<p><img decoding=\"async\" class=\"id-RatioPlaceholder-element wv_story_el_image\" src=\"https:\/\/www.europesays.com\/de\/wp-content\/uploads\/2026\/01\/41043597-schneefall-in-muenchen-P9BG.jpg\" loading=\"lazy\"   height=\"733\" width=\"1100\" alt=\"Schneefall in Muenchen \"\/>Auch in den kommenden Tagen ist in M\u00fcnchen wieder mit Schneefall zu rechnen.  \u00a9\u00a0IMAGO\/Frank Hoermann \/ SVEN SIMONWinter-Wonderland in M\u00fcnchen: Zum Wochenende kurz milder<\/p>\n<p class=\"id-StoryElement-paragraph\">Am Donnerstag wird es noch einmal knackig kalt: minus 4 Grad Celsius in der Fr\u00fch, 0 Grad Donnerstag mittags, 1 Grad sp\u00e4t und 0 Grad in der Nacht. In den kommenden beiden Tagen wird es dann kurz etwas milder \u2013 und zugleich st\u00fcrmisch: Der DWD spricht von einer \u201eokkludierte[n] Front\u201c, die heute von Osten hin abzieht. Bereits am Donnerstagabend \u201eerreicht die Warmfront eines sich entwickelnden Sturmtiefs <a href=\"https:\/\/www.merkur.de\/bayern\/\" class=\"id-import-Link id-pageApi-Link--externalDomain\" title=\"Bayern\" data-id-ec=\"{&quot;sht&quot;:&quot;Container&quot;,&quot;shn&quot;:&quot;Story&quot;,&quot;p&quot;:{&quot;containerType&quot;:&quot;Paragraph&quot;,&quot;displayType&quot;:&quot;Paragraph InlineLink&quot;,&quot;type&quot;:&quot;INLINE_LINK&quot;,&quot;value&quot;:&quot;Bayern&quot;,&quot;variant&quot;:&quot;standardLink&quot;,&quot;sponsored&quot;:false,&quot;linkHref&quot;:&quot;https:\/\/www.merkur.de\/bayern\/&quot;,&quot;storyElementPosition&quot;:12,&quot;storyElementCount&quot;:19}}\" target=\"_blank\" rel=\"noopener\">Bayern<\/a> von S\u00fcdwesten her\u201c.<\/p>\n<p>Immer gut informiert: Unsere neuen tz-Stadtteil-Newsletter<\/p>\n<p class=\"id-StoryElement-factBox-paragraph\">Jetzt wird tz.de noch lokaler: Neben unserer ausf\u00fchrlichen M\u00fcnchen-Berichterstattung starten wir nun auch Newsletter f\u00fcr verschiedene Teile der Stadt. Sie wollen aktuelle Themen aus dem S\u00fcdosten oder dem Norden der Stadt direkt per E-Mail bekommen? Melden Sie sich hier an \u2013 alles, was Sie daf\u00fcr brauchen, ist eine kurze Registrierung bei unserem kostenlosen Medien-Login USER.ID.<\/p>\n<p class=\"id-StoryElement-factBox-paragraph\">Die beiden neuen Newsletter, die nun starten, umfassen folgende Stadtbezirke: <a href=\"https:\/\/www.tz.de\/muenchen\/stadt\/viertel-newsletter-fuer-muenchen-nord-aktuelle-informationen-aus-den-94099797.html\" class=\"id-import-Link\" data-id-ec=\"{&quot;sht&quot;:&quot;Container&quot;,&quot;shn&quot;:&quot;Story&quot;,&quot;p&quot;:{&quot;containerType&quot;:&quot;FactBox&quot;,&quot;displayType&quot;:&quot;FactBox InlineLink&quot;,&quot;type&quot;:&quot;INLINE_LINK&quot;,&quot;value&quot;:&quot;&#x201E;M&#xFC;nchen Nord&#x201C;&quot;,&quot;variant&quot;:&quot;standardLink&quot;,&quot;sponsored&quot;:false,&quot;linkHref&quot;:&quot;https:\/\/www.tz.de\/muenchen\/stadt\/viertel-newsletter-fuer-muenchen-nord-aktuelle-informationen-aus-den-94099797.html&quot;,&quot;storyElementPosition&quot;:14,&quot;storyElementCount&quot;:19}}\" target=\"_blank\" rel=\"noopener\"><strong>\u201eM\u00fcnchen Nord\u201c<\/strong><\/a> informiert \u00fcber Schwabing-West, Milbertshofen-Am Hart, Schwabing-Freimann und Feldmoching-Hasenbergl. <a href=\"https:\/\/www.tz.de\/muenchen\/stadt\/muenchen-newsletter-suedost-tz-stadtteil-giesing-harlaching-au-haidhausen-fasangarten-94099799.html\" class=\"id-import-Link\" data-id-ec=\"{&quot;sht&quot;:&quot;Container&quot;,&quot;shn&quot;:&quot;Story&quot;,&quot;p&quot;:{&quot;containerType&quot;:&quot;FactBox&quot;,&quot;displayType&quot;:&quot;FactBox InlineLink&quot;,&quot;type&quot;:&quot;INLINE_LINK&quot;,&quot;value&quot;:&quot;&#x201E;M&#xFC;nchen-S&#xFC;dost&#x201C;&quot;,&quot;variant&quot;:&quot;standardLink&quot;,&quot;sponsored&quot;:false,&quot;linkHref&quot;:&quot;https:\/\/www.tz.de\/muenchen\/stadt\/muenchen-newsletter-suedost-tz-stadtteil-giesing-harlaching-au-haidhausen-fasangarten-94099799.html&quot;,&quot;storyElementPosition&quot;:14,&quot;storyElementCount&quot;:19}}\" target=\"_blank\" rel=\"noopener\"><strong>\u201eM\u00fcnchen-S\u00fcdost\u201c<\/strong><\/a> berichtet \u00fcber Themen aus Au-Haidhausen, Obergiesing-Fasangarten und Untergiesing-Harlaching.<\/p>\n<p class=\"id-StoryElement-factBox-paragraph\"><strong>Ihr Stadtviertel ist (noch) nicht dabei? Keine Sorge!<\/strong> Auch f\u00fcr die anderen Bezirke in M\u00fcnchen bereiten wir weitere eigene Newsletter vor.<\/p>\n<p class=\"id-StoryElement-paragraph\">So zeigt es auch die Vorhersage f\u00fcr Freitag, 9. Januar, mit -1 Grad in der Fr\u00fch und bis 7 Grad am Nachmittag und f\u00fcr Samstag, 10. Januar, mit plus 2 Grad in der Fr\u00fch und 4 Grad sp\u00e4t. Regen und Windb\u00f6en sind zu erwarten. Im Bergland gibt es Schnee, in den Alpen am Freitag aber auch einzelne Regenschauer. <\/p>\n<p>Als das Schnee-Chaos M\u00fcnchen komplett lahmlegte: Kuriose Erinnerungen an Ausnahmezustand<img decoding=\"async\" class=\"id-RatioPlaceholder-element wv_story_el_interstitialImage\" src=\"https:\/\/www.europesays.com\/de\/wp-content\/uploads\/2026\/01\/33489966-schnee-in-muenchen-2ABHf0kVSEfe.jpg\" loading=\"lazy\"   height=\"847\" width=\"1200\" alt=\"Schnee in M&#xFC;nchen\"\/><a href=\"https:\/\/www.tz.de\/muenchen\/stadt\/tram-eindruecke-schnee-chaos-muenchen-dezember-bilder-fotos-stillstand-bahn-92748730.html\" class=\"id-StoryElement-intestitialLink-link\" data-id-ec=\"{\" shn=\"\" ansehen=\"\" data-k5a-pos=\"west_story_15_photoGalleryLink\" title=\"Zur Fotostrecke: Als das Schnee-Chaos M&#xFC;nchen komplett lahmlegte: Kuriose Erinnerungen an Ausnahmezustand\" target=\"_blank\" rel=\"noopener\">Fotostrecke ansehen<\/a>N\u00e4chster K\u00e4lteeinbruch steht in M\u00fcnchen bevor<\/p>\n<p class=\"id-StoryElement-paragraph\">Die milden Temperaturen halten jedoch nicht lange an, bereits am Sonntag, 11. Januar, st\u00fcrzt die Anzeige auf dem Thermometer wieder ab. Der DWD prognostiziert f\u00fcr Sonntag fr\u00fch minus 7 Grad, f\u00fcr Sonntag sp\u00e4t minus 5 Grad. In der ersten Tagesh\u00e4lfte ist in M\u00fcnchen Schnee, in der zweiten Auflockerungen mit Sonnenschein zu erwarten. <a href=\"https:\/\/www.tz.de\/bayern\/bayern-meteorologen-warnen-so-heftig-trifft-der-winter-knall-zr-94112865.html\" class=\"id-import-Link\" data-id-ec=\"{&quot;sht&quot;:&quot;Container&quot;,&quot;shn&quot;:&quot;Story&quot;,&quot;p&quot;:{&quot;containerType&quot;:&quot;Paragraph&quot;,&quot;displayType&quot;:&quot;Paragraph InlineLink&quot;,&quot;type&quot;:&quot;INLINE_LINK&quot;,&quot;value&quot;:&quot;Auch in ganz Bayern bleibt es zun&#xE4;chst winterlich-kalt&quot;,&quot;variant&quot;:&quot;standardLink&quot;,&quot;sponsored&quot;:false,&quot;linkHref&quot;:&quot;https:\/\/www.tz.de\/bayern\/bayern-meteorologen-warnen-so-heftig-trifft-der-winter-knall-zr-94112865.html&quot;,&quot;storyElementPosition&quot;:19,&quot;storyElementCount&quot;:19}}\" target=\"_blank\" rel=\"noopener\">Auch in ganz Bayern bleibt es zun\u00e4chst winterlich-kalt<\/a>. (Quelle: Deutscher Wetterdienst)<\/p>\n","protected":false},"excerpt":{"rendered":"tz M\u00fcnchen Stadt Stand: 08.01.2026, 18:02 Uhr Von: Elisa Buhrke DruckenTeilen Der Winter h\u00e4lt M\u00fcnchen fest im Griff.&hellip;\n","protected":false},"author":2,"featured_media":702182,"comment_status":"","ping_status":"","sticky":false,"template":"","format":"standard","meta":{"footnotes":""},"categories":[1827],"tags":[772,29,30,1268],"class_list":{"0":"post-704215","1":"post","2":"type-post","3":"status-publish","4":"format-standard","5":"has-post-thumbnail","7":"category-muenchen","8":"tag-bayern","9":"tag-deutschland","10":"tag-germany","11":"tag-muenchen"},"share_on_mastodon":{"url":"https:\/\/pubeurope.com\/@de\/115863033310537828","error":""},"_links":{"self":[{"href":"https:\/\/www.europesays.com\/de\/wp-json\/wp\/v2\/posts\/704215","targetHints":{"allow":["GET"]}}],"collection":[{"href":"https:\/\/www.europesays.com\/de\/wp-json\/wp\/v2\/posts"}],"about":[{"href":"https:\/\/www.europesays.com\/de\/wp-json\/wp\/v2\/types\/post"}],"author":[{"embeddable":true,"href":"https:\/\/www.europesays.com\/de\/wp-json\/wp\/v2\/users\/2"}],"replies":[{"embeddable":true,"href":"https:\/\/www.europesays.com\/de\/wp-json\/wp\/v2\/comments?post=704215"}],"version-history":[{"count":0,"href":"https:\/\/www.europesays.com\/de\/wp-json\/wp\/v2\/posts\/704215\/revisions"}],"wp:featuredmedia":[{"embeddable":true,"href":"https:\/\/www.europesays.com\/de\/wp-json\/wp\/v2\/media\/702182"}],"wp:attachment":[{"href":"https:\/\/www.europesays.com\/de\/wp-json\/wp\/v2\/media?parent=704215"}],"wp:term":[{"taxonomy":"category","embeddable":true,"href":"https:\/\/www.europesays.com\/de\/wp-json\/wp\/v2\/categories?post=704215"},{"taxonomy":"post_tag","embeddable":true,"href":"https:\/\/www.europesays.com\/de\/wp-json\/wp\/v2\/tags?post=704215"}],"curies":[{"name":"wp","href":"https:\/\/api.w.org\/{rel}","templated":true}]}}