{"id":704421,"date":"2026-01-09T05:36:20","date_gmt":"2026-01-09T05:36:20","guid":{"rendered":"https:\/\/www.europesays.com\/de\/704421\/"},"modified":"2026-01-09T05:36:20","modified_gmt":"2026-01-09T05:36:20","slug":"aufruestung-wehrpflicht-westfaelischer-friedenspreis-friedensarbeit-in-muenster","status":"publish","type":"post","link":"https:\/\/www.europesays.com\/de\/704421\/","title":{"rendered":"Aufr\u00fcstung, Wehrpflicht, Westf\u00e4lischer Friedenspreis | Friedensarbeit in M\u00fcnster"},"content":{"rendered":"<p class=\"card__subtitle\"> Diskussion \u00fcber Militarisierung und neue Friedensfragen <\/p>\n<p>Wie viel Sicherheit braucht ein Land \u2013 und wann wird aus Sicherheit Aufr\u00fcstung? In dieser Ausgabe von &#8222;Friedensarbeit in M\u00fcnster&#8220; sprechen Jewgenij Arefiev und Hugo Elkermann \u00fcber das neue Wehrpflichtgesetz, steigende R\u00fcstungsausgaben und die umstrittene Verleihung des Westf\u00e4lischen Friedenspreises an die NATO.<\/p>\n","protected":false},"excerpt":{"rendered":"Diskussion \u00fcber Militarisierung und neue Friedensfragen Wie viel Sicherheit braucht ein Land \u2013 und wann wird aus Sicherheit&hellip;\n","protected":false},"author":2,"featured_media":704422,"comment_status":"","ping_status":"","sticky":false,"template":"","format":"standard","meta":{"footnotes":""},"categories":[1843],"tags":[685,3364,29,15578,30,4046,8970,1159,1209,16],"class_list":{"0":"post-704421","1":"post","2":"type-post","3":"status-publish","4":"format-standard","5":"has-post-thumbnail","7":"category-muenster","8":"tag-bundeswehr","9":"tag-de","10":"tag-deutschland","11":"tag-frieden","12":"tag-germany","13":"tag-krieg","14":"tag-muenster","15":"tag-nato","16":"tag-nordrhein-westfalen","17":"tag-politik"},"share_on_mastodon":{"url":"https:\/\/pubeurope.com\/@de\/115863524698839461","error":""},"_links":{"self":[{"href":"https:\/\/www.europesays.com\/de\/wp-json\/wp\/v2\/posts\/704421","targetHints":{"allow":["GET"]}}],"collection":[{"href":"https:\/\/www.europesays.com\/de\/wp-json\/wp\/v2\/posts"}],"about":[{"href":"https:\/\/www.europesays.com\/de\/wp-json\/wp\/v2\/types\/post"}],"author":[{"embeddable":true,"href":"https:\/\/www.europesays.com\/de\/wp-json\/wp\/v2\/users\/2"}],"replies":[{"embeddable":true,"href":"https:\/\/www.europesays.com\/de\/wp-json\/wp\/v2\/comments?post=704421"}],"version-history":[{"count":0,"href":"https:\/\/www.europesays.com\/de\/wp-json\/wp\/v2\/posts\/704421\/revisions"}],"wp:featuredmedia":[{"embeddable":true,"href":"https:\/\/www.europesays.com\/de\/wp-json\/wp\/v2\/media\/704422"}],"wp:attachment":[{"href":"https:\/\/www.europesays.com\/de\/wp-json\/wp\/v2\/media?parent=704421"}],"wp:term":[{"taxonomy":"category","embeddable":true,"href":"https:\/\/www.europesays.com\/de\/wp-json\/wp\/v2\/categories?post=704421"},{"taxonomy":"post_tag","embeddable":true,"href":"https:\/\/www.europesays.com\/de\/wp-json\/wp\/v2\/tags?post=704421"}],"curies":[{"name":"wp","href":"https:\/\/api.w.org\/{rel}","templated":true}]}}