{"id":704519,"date":"2026-01-09T06:35:23","date_gmt":"2026-01-09T06:35:23","guid":{"rendered":"https:\/\/www.europesays.com\/de\/704519\/"},"modified":"2026-01-09T06:35:23","modified_gmt":"2026-01-09T06:35:23","slug":"boris-lochthofen-soll-neuer-mdr-direktor-leipzig-halle-werden","status":"publish","type":"post","link":"https:\/\/www.europesays.com\/de\/704519\/","title":{"rendered":"Boris Lochthofen soll neuer MDR-Direktor Leipzig-Halle werden"},"content":{"rendered":"<p>Wichtige Personalie<\/p>\n<p>Boris Lochthofen soll neuer MDR-Direktor Leipzig-Halle werden<\/p>\n<p class=\"Textstyled__Text-sc-1cqv9mi-0 cLyiiX ArticleHeadstyled__ArticleSubHeadline-sc-tdzyy5-11 fXdZot\">Boris Lochthofen steht kurz davor, neuer MDR-Direktor in Leipzig und Halle zu werden. F\u00fcr ihn w\u00e4re es eine R\u00fcckkehr. Doch die nun bevorstehende Wahl im Rundfunkrat scheiterte schon einmal.<\/p>\n<p class=\"Textstyled__Text-sc-1cqv9mi-0 cLyiiX\">Leipzig\/Halle. Boris Lochthofen soll der neue Superdirektor beim Mitteldeutschen Rundfunk (MDR) werden. Das teilte ein Sprecher des \u00f6ffentlich-rechtlichen Senders am Donnerstag mit. Demnach habe sich Lochthofen in einem mehrstufigen Auswahlverfahren als geeignetster Kandidat durchgesetzt. Die Bewerbungskommission habe sich mit gro\u00dfer Mehrheit f\u00fcr ihn ausgesprochen. <\/p>\n<p>Weiterlesen nach der Anzeige<\/p>\n<p>Weiterlesen nach der Anzeige<\/p>\n<p class=\"Textstyled__Text-sc-1cqv9mi-0 cLyiiX\">MDR-Intendant Ralf Ludwig will den 51-J\u00e4hrigen am 26. Januar dem MDR-Rundfunkrat f\u00fcr eine f\u00fcnfj\u00e4hrige Amtszeit vorschlagen. Zuerst hatte das Portal Flurfunk <a href=\"https:\/\/www.flurfunk-dresden.de\/2026\/01\/08\/mdr-boris-lochthofen-soll-neuer-direktor-halle-leipzig-werden\/\" target=\"_blank\" rel=\"noreferrer noopener\" title=\"https:\/\/www.flurfunk-dresden.de\/2026\/01\/08\/mdr-boris-lochthofen-soll-neuer-direktor-halle-leipzig-werden\/\" data-vars-event-category=\"intext_link\" data-vars-event-action=\"click\" data-vars-event-label=\"https:\/\/www.flurfunk-dresden.de\/2026\/01\/08\/mdr-boris-lochthofen-soll-neuer-direktor-halle-leipzig-werden\/\">berichtet<\/a>.<\/p>\n<p>Suche nach Superdirektor: MDR-Intendant nimmt zweiten Anlauf<\/p>\n<p class=\"Textstyled__Text-sc-1cqv9mi-0 cLyiiX\">Lochthofen soll die Leitung der MDR-Programmdirektionen Halle und Leipzig \u00fcbernehmen und zusammenf\u00fchren. Er steht aber nicht sofort zur Verf\u00fcgung. Deswegen wird f\u00fcr eine \u00dcbergangszeit Christina Her\u00dfebroick, Hauptredaktionsleiterin Gesellschaft, ab 15. Januar die kommissarische Leitung der Programmdirektion Halle \u00fcbernehmen. Die bisherige Direktorin Jana Brandt scheidet zum 14. Januar aus dem MDR aus. Die Programmdirektion Leipzig wird bereits seit Sommer von Torsten Peuker kommissarisch geleitet.<\/p>\n<p>Weiterlesen nach der Anzeige<\/p>\n<p>Weiterlesen nach der Anzeige<\/p>\n<p class=\"Textstyled__Text-sc-1cqv9mi-0 cLyiiX\">Vor einem Jahr war Brandt als neue Superdirektorin von Ludwig vorgeschlagen worden. Im Rundfunkrat verfehlte sie in drei Wahlg\u00e4ngen aber die notwendige Zweidrittelmehrheit und fiel damit durch. Mit Lochthofen nimmt Ludwig nun einen zweiten Anlauf. Ludwig will mit der Zusammenlegung der Programmdirektionen Kosten sparen.<\/p>\n<p>Lochthofen wollte MDR-Intendant werden, aber scheiterte<\/p>\n<p class=\"Textstyled__Text-sc-1cqv9mi-0 cLyiiX\">F\u00fcr Lochthofen w\u00e4re es eine R\u00fcckkehr. Er ist 1975 in Rodewisch (Vogtlandkreis) geboren, in Erfurt aufgewachsen und hat in Leipzig studiert. Von 2016 bis 2023 war er Direktor des MDR-Landesfunkhauses Th\u00fcringen und Gesch\u00e4ftsf\u00fchrer der MDR Media GmbH. 2023 galt er als aussichtsreichster Kandidat f\u00fcr die Nachfolge von Karola Wille als MDR-Intendant. \u00dcberraschend setzte sich der vormalige MDR-Verwaltungsdirektor Ludwig durch.<\/p>\n<p class=\"Textstyled__Text-sc-1cqv9mi-0 cLyiiX\">Lochthofen verlie\u00df daraufhin den MDR und \u00fcbernahm als gesch\u00e4ftsf\u00fchrender Gesellschafter und CEO die operative F\u00fchrung der Teutocast GmbH, der Raudio.Biz GmbH und der National German Radio GmbH sowie weiterer Unternehmen einer Leipziger Medien- und Technologiegruppe.<\/p>\n<p class=\"Editorialstyled__Editorial-sc-1bfvh9l-0 cSmjnJ\">LVZ<\/p>\n","protected":false},"excerpt":{"rendered":"Wichtige Personalie Boris Lochthofen soll neuer MDR-Direktor Leipzig-Halle werden Boris Lochthofen steht kurz davor, neuer MDR-Direktor in Leipzig&hellip;\n","protected":false},"author":2,"featured_media":704520,"comment_status":"","ping_status":"","sticky":false,"template":"","format":"standard","meta":{"footnotes":""},"categories":[1772],"tags":[29,214,30,1779,810,215],"class_list":{"0":"post-704519","1":"post","2":"type-post","3":"status-publish","4":"format-standard","5":"has-post-thumbnail","7":"category-musik","8":"tag-deutschland","9":"tag-entertainment","10":"tag-germany","11":"tag-music","12":"tag-musik","13":"tag-unterhaltung"},"share_on_mastodon":{"url":"https:\/\/pubeurope.com\/@de\/115863757144500496","error":""},"_links":{"self":[{"href":"https:\/\/www.europesays.com\/de\/wp-json\/wp\/v2\/posts\/704519","targetHints":{"allow":["GET"]}}],"collection":[{"href":"https:\/\/www.europesays.com\/de\/wp-json\/wp\/v2\/posts"}],"about":[{"href":"https:\/\/www.europesays.com\/de\/wp-json\/wp\/v2\/types\/post"}],"author":[{"embeddable":true,"href":"https:\/\/www.europesays.com\/de\/wp-json\/wp\/v2\/users\/2"}],"replies":[{"embeddable":true,"href":"https:\/\/www.europesays.com\/de\/wp-json\/wp\/v2\/comments?post=704519"}],"version-history":[{"count":0,"href":"https:\/\/www.europesays.com\/de\/wp-json\/wp\/v2\/posts\/704519\/revisions"}],"wp:featuredmedia":[{"embeddable":true,"href":"https:\/\/www.europesays.com\/de\/wp-json\/wp\/v2\/media\/704520"}],"wp:attachment":[{"href":"https:\/\/www.europesays.com\/de\/wp-json\/wp\/v2\/media?parent=704519"}],"wp:term":[{"taxonomy":"category","embeddable":true,"href":"https:\/\/www.europesays.com\/de\/wp-json\/wp\/v2\/categories?post=704519"},{"taxonomy":"post_tag","embeddable":true,"href":"https:\/\/www.europesays.com\/de\/wp-json\/wp\/v2\/tags?post=704519"}],"curies":[{"name":"wp","href":"https:\/\/api.w.org\/{rel}","templated":true}]}}