{"id":704678,"date":"2026-01-09T08:05:14","date_gmt":"2026-01-09T08:05:14","guid":{"rendered":"https:\/\/www.europesays.com\/de\/704678\/"},"modified":"2026-01-09T08:05:14","modified_gmt":"2026-01-09T08:05:14","slug":"portland-bundesbeamte-schiessen-in-portland-auf-zwei-menschen","status":"publish","type":"post","link":"https:\/\/www.europesays.com\/de\/704678\/","title":{"rendered":"Portland: Bundesbeamte schie\u00dfen in Portland auf zwei Menschen"},"content":{"rendered":"<p class=\"paragraph article__item\">In <a href=\"https:\/\/www.zeit.de\/politik\/ausland\/2025-10\/no-kings-trump-proteste-amerika-portland\" class=\"\" target=\"_blank\" rel=\"noopener\">Portland<\/a> im US-Bundesstaat <a class=\"rtr-entity\" href=\"https:\/\/www.zeit.de\/thema\/oregon\" target=\"_blank\" rel=\"noopener\">Oregon<\/a> haben Beamte der Grenzschutz- und Zollbeh\u00f6rde Sch\u00fcsse auf zwei Menschen abgegeben. Das teilten die st\u00e4dtische Polizei und der Inlandsgeheimdienst FBI mit. Die beiden Verletzten \u2013\u00a0ein Mann und eine Frau \u2013 werden demnach in einem Krankenhaus behandelt; zu ihrem genauen Zustand ist bisher nichts bekannt. Die Polizei war nach eigenen Angaben nicht an dem Vorfall beteiligt. Das FBI leitet die Ermittlungen an zwei Tatorten im Stadtteil Hazelwood im Osten der Stadt.\u00a0\n<\/p>\n<p class=\"paragraph article__item\">Die Sch\u00fcsse fielen Beh\u00f6rden und Augenzeugen zufolge auf dem Gel\u00e4nde des Adventist Medical Centers, anschlie\u00dfend fuhren die beiden Verletzten mit ihrem Auto noch etwa f\u00fcnf Kilometer weit Richtung Nordosten, wo sie neben einem Apartmentkomplex gefunden wurden. Von beiden Orten gingen Notrufe ein.\n<\/p>\n<p class=\"paragraph article__item\">Polizeichef Bob Day sagte, man verstehe die angespannte Stimmung und die Emotionen, die viele nach den <a href=\"https:\/\/www.zeit.de\/politik\/ausland\/2026-01\/usa-ice-razzia-minneapolis-frau-erschossen\" class=\"\" target=\"_blank\" rel=\"noopener\">t\u00f6dlichen Sch\u00fcssen in Minneapolis<\/a> empfinden w\u00fcrden. Dennoch bitte er darum, &#8222;ruhig zu bleiben, w\u00e4hrend wir versuchen, mehr zu erfahren&#8220;. Der Stadtrat von <a class=\"rtr-entity\" href=\"https:\/\/www.zeit.de\/thema\/portland\" target=\"_blank\" rel=\"noopener\">Portland<\/a> unterbrach wegen des Vorfalls seine Sitzung.\n<\/p>\n<p>        B\u00fcrgermeister kritisiert H\u00e4rte der US-Regierung        <\/p>\n<p class=\"paragraph article__item\">Nur einen Tag nach der schrecklichen Gewalt in Minnesota durch Bundesbeamte sehe sich nun Portland &#8222;mit einem weiteren zutiefst beunruhigenden Vorfall konfrontiert&#8220;, teilte <a href=\"https:\/\/www.zeit.de\/politik\/ausland\/2025-10\/portland-usa-keith-wilson-nationalgarde-ice-gxe\" class=\"\" target=\"_blank\" rel=\"noopener\">Portlands B\u00fcrgermeister Keith Wilson<\/a> mit. &#8222;Wir k\u00f6nnen nicht tatenlos zusehen, w\u00e4hrend verfassungsm\u00e4\u00dfige Schutzrechte erodieren und das Blutvergie\u00dfen zunimmt.&#8220;\n<\/p>\n<p class=\"paragraph article__item\">Portland sei kein &#8222;\u00dcbungsgel\u00e4nde&#8220; f\u00fcr militarisierte Einsatzkr\u00e4fte, sagte Wilson. Die von der US-Regierung angedrohte &#8222;volle H\u00e4rte&#8220; habe t\u00f6dliche Konsequenzen. Als B\u00fcrgermeister fordere er die Einwanderungspolizei ICE auf, alle Eins\u00e4tze in Portland einzustellen, bis eine vollst\u00e4ndige Untersuchung durchgef\u00fchrt werden k\u00f6nne.\n<\/p>\n<p>                            Die beiden Tatorte in Portland liegen mehrere Kilometer auseinander.            \u00a9\u00a0Jona Spreter\/\u200bDIE ZEIT<\/p>\n<p>        Verletzte sollen zu Tren-de-Aragua-Bande geh\u00f6ren        <\/p>\n<p class=\"paragraph article__item\">Das US-Heimatschutzministerium (DHS) \u2013 dem sowohl Grenzschutz als auch ICE unterstehen \u2013 ver\u00f6ffentlichte nach den Sch\u00fcssen in Oregon eine Erkl\u00e4rung, der zufolge die beiden beteiligten Beamten Grenzschutzbeamte sind. Die Bundesmission in Portland richtete sich demnach gegen Venezolaner, die der Bande Tren de Aragua angeh\u00f6ren sollen. W\u00e4hrend einer Fahrzeugkontrolle sei der Beifahrer des Fahrzeugs \u00fcberpr\u00fcft worden, bei dem es sich um &#8222;einen illegalen Einwanderer aus Venezuela, der mit dem transnationalen Prostitutionsring Tren de Aragua in Verbindung steht&#8220; handelte, verlautbart die Stellungnahme. Er sei au\u00dferdem k\u00fcrzlich an einer\u00a0Schie\u00dferei in Portland beteiligt gewesen.\u00a0\n<\/p>\n<p class=\"paragraph article__item\">Auch der Fahrer des Autos war laut DHS ein Mitglied von Tren de Aragua. Als sich die Beamten ausgewiesen h\u00e4tten, habe der Fahrer versucht, die Polizeibeamten zu \u00fcberfahren, hei\u00dft es in der Stellungnahme des Ministeriums. Ein Beamter habe daraufhin einen Warnschuss abgegeben und die beiden Personen seien gefl\u00fcchtet. Das DHS-Statement gibt keine Auskunft dar\u00fcber, ob der Mann oder die Frau am Steuer sa\u00df.\n<\/p>\n<p>        Mahnwache vor der ICE-Zentrale        <\/p>\n<p class=\"paragraph article__item\">Au\u00dfer der Darstellung des Heimatschutzministeriums gibt es bisher noch keine Angaben zu den Hintergr\u00fcnden des Vorfalls. Die <a class=\"rtr-entity\" href=\"https:\/\/www.zeit.de\/thema\/polizei\" target=\"_blank\" rel=\"noopener\">Polizei<\/a> von Portland sagte, man k\u00f6nnte die Aussagen des Heimatschutzministeriums nicht best\u00e4tigen. Portlands B\u00fcrgermeister Keith Wilson mahnte auf einer Pressekonferenz zur Vorsicht gegen\u00fcber den Angaben der Regierung: &#8222;Wir wissen, was nach Aussage der Bundesregierung hier passiert ist. Es gab eine Zeit, in der wir sie beim Wort nehmen konnten. Diese Zeit ist l\u00e4ngst vorbei&#8220;, sagte Wilson.\n<\/p>\n<p class=\"paragraph article__item\">Auch im Fall der Frau, die am Mittwoch in Minnesota von einem ICE-Beamten erschossen wurde, gab die US-Regierung der Frau die Schuld an dem Vorfall. Sie sei eine &#8222;professionelle Agitatorin&#8220; gewesen und habe ihr Fahrzeug &#8222;als Waffe&#8220; gebraucht und versucht, den ICE-Beamten damit zu t\u00f6ten. Eine Darstellung, die auch aufgrund mehrerer Handyvideos des Vorfalls zweifelhaft erscheint.\n<\/p>\n<p>                            \u00a9\u00a0Lea Dohle<\/p>\n<p>\n                                        Newsletter<br \/>\n                                        Was jetzt? \u2013 Der t\u00e4gliche Morgen\u00fcberblick<\/p>\n<p class=\"newsletter-signup__text\">Starten Sie mit unserem kurzen Nachrichten-Newsletter in den Tag. Erhalten Sie zudem freitags das digitale Magazin ZEIT am Wochenende.<\/p>\n<p class=\"newsletter-signup__datapolicy\" hidden=\"\">\n            Mit Ihrer Registrierung nehmen Sie die <a href=\"https:\/\/datenschutz.zeit.de\/zon#Newsletter\" target=\"_blank\" rel=\"noopener\">Datenschutzerkl\u00e4rung<\/a> zur Kenntnis.\n        <\/p>\n<p>    Vielen Dank! Wir haben Ihnen eine E-Mail geschickt.<\/p>\n<p>Pr\u00fcfen Sie Ihr Postfach und best\u00e4tigen Sie das Newsletter-Abonnement.<\/p>\n<p class=\"paragraph article__item\">Vor der \u00f6rtlichen ICE-Zentrale im S\u00fcden Portlands, die in den vergangenen Monaten immer wieder <a href=\"https:\/\/www.zeit.de\/politik\/ausland\/2025-11\/portland-oregon-nationalgarde-entsendung-urteil\" class=\"\" target=\"_blank\" rel=\"noopener\">Zentrum von Protesten<\/a> war, ist f\u00fcr den Abend eine Mahnwache geplant.\n<\/p>\n<p>            Staatsgewalt in den USA        <\/p>\n<p>Mher zum Thema<\/p>\n<p>                <a href=\"https:\/\/www.zeit.de\/politik\/ausland\/2026-01\/minneapolis-ice-polizist-frau-toetung-usa\" data-ct-label=\"Minneapolis: Die Folge einer entfesselten Staatsgewalt\" target=\"_blank\" rel=\"noopener\"><\/p>\n<p>        Z+ (abopflichtiger Inhalt);<\/p>\n<p>    Minneapolis:<br \/>\n                        Die Folge einer entfesselten Staatsgewalt<\/p>\n<p>                <\/a><\/p>\n","protected":false},"excerpt":{"rendered":"In Portland im US-Bundesstaat Oregon haben Beamte der Grenzschutz- und Zollbeh\u00f6rde Sch\u00fcsse auf zwei Menschen abgegeben. Das teilten&hellip;\n","protected":false},"author":2,"featured_media":704679,"comment_status":"","ping_status":"","sticky":false,"template":"","format":"standard","meta":{"footnotes":""},"categories":[5],"tags":[22720,13,14,15,25054,16,121,117232,12,10,8,9,11,64],"class_list":{"0":"post-704678","1":"post","2":"type-post","3":"status-publish","4":"format-standard","5":"has-post-thumbnail","7":"category-nachrichten","8":"tag-fbi","9":"tag-headlines","10":"tag-nachrichten","11":"tag-news","12":"tag-oregon","13":"tag-politik","14":"tag-polizei","15":"tag-portland","16":"tag-schlagzeilen","17":"tag-top-news","18":"tag-top-meldungen","19":"tag-topmeldungen","20":"tag-topnews","21":"tag-usa"},"share_on_mastodon":{"url":"https:\/\/pubeurope.com\/@de\/115864110631389855","error":""},"_links":{"self":[{"href":"https:\/\/www.europesays.com\/de\/wp-json\/wp\/v2\/posts\/704678","targetHints":{"allow":["GET"]}}],"collection":[{"href":"https:\/\/www.europesays.com\/de\/wp-json\/wp\/v2\/posts"}],"about":[{"href":"https:\/\/www.europesays.com\/de\/wp-json\/wp\/v2\/types\/post"}],"author":[{"embeddable":true,"href":"https:\/\/www.europesays.com\/de\/wp-json\/wp\/v2\/users\/2"}],"replies":[{"embeddable":true,"href":"https:\/\/www.europesays.com\/de\/wp-json\/wp\/v2\/comments?post=704678"}],"version-history":[{"count":0,"href":"https:\/\/www.europesays.com\/de\/wp-json\/wp\/v2\/posts\/704678\/revisions"}],"wp:featuredmedia":[{"embeddable":true,"href":"https:\/\/www.europesays.com\/de\/wp-json\/wp\/v2\/media\/704679"}],"wp:attachment":[{"href":"https:\/\/www.europesays.com\/de\/wp-json\/wp\/v2\/media?parent=704678"}],"wp:term":[{"taxonomy":"category","embeddable":true,"href":"https:\/\/www.europesays.com\/de\/wp-json\/wp\/v2\/categories?post=704678"},{"taxonomy":"post_tag","embeddable":true,"href":"https:\/\/www.europesays.com\/de\/wp-json\/wp\/v2\/tags?post=704678"}],"curies":[{"name":"wp","href":"https:\/\/api.w.org\/{rel}","templated":true}]}}