{"id":704992,"date":"2026-01-09T11:00:11","date_gmt":"2026-01-09T11:00:11","guid":{"rendered":"https:\/\/www.europesays.com\/de\/704992\/"},"modified":"2026-01-09T11:00:11","modified_gmt":"2026-01-09T11:00:11","slug":"eine-schreckschusspistole-einen-teleskopschlagstock-sowie-ein-cuttermesser-entdeckte-der","status":"publish","type":"post","link":"https:\/\/www.europesays.com\/de\/704992\/","title":{"rendered":"Eine Schreckschusspistole, einen Teleskopschlagstock sowie ein Cuttermesser entdeckte der"},"content":{"rendered":"<p>&#13;<br \/>\n\t&#13;<br \/>\n\t\t<a href=\"https:\/\/www.ad-hoc-news.de\/themen\/Waffen\" class=\"keywords\" style=\"color:#9e0f15;\" target=\"_blank\" rel=\"noopener\">Waffen<\/a>\t\t&#13;<br \/>\n\t\t09.01.2026 &#8211; 09:27:08&#13;<br \/>\n\t&#13;<\/p>\n<p class=\"teaser\">M\u00fcnster &#8211; Eine Schreckschusspistole, einen Teleskopschlagstock sowie ein Cuttermesser entdeckte der Zoll am Mittwochabend (07.01.2026) in einem Transporter auf der Bundesautobahn 30 bei Tecklenburg. Da der Fahrer zudem alkoholisiert war, durfte er seine Fahrt nicht fortsetzen.<\/p>\n<p>&#13;<br \/>\n\t\t&#13;<br \/>\n\t&#13;<br \/>\n\t&#13;<br \/>\n\t&#13;<\/p>\n<p>Eine Zollstreife des Hauptzollamts M\u00fcnster hatte das Fahrzeug von der Autobahn auf einen Parkplatz zur Kontrolle herausgezogen. Unter einem zwischen Fahrer- und Beifahrersitz festgeklemmten Stuhl fanden die Z\u00f6llnerinnen und Z\u00f6llner eine vermeintliche Schusswaffe sowie im Griffbereich der T\u00fcr einen Teleskopschlagstock. Bei der weiteren Durchsuchung entdeckten die Beamten in der Kleidung des Mannes ein Cuttermesser. Die Schusswaffe stellte sich bei n\u00e4herer Betrachtung als Schreckschusspistole heraus.<\/p>\n<p>Der Zoll zog f\u00fcr die weitere Bearbeitung die Autobahnpolizei Lotte als zust\u00e4ndige Beh\u00f6rde hinzu. Diese leitete ein Strafverfahren wegen des F\u00fchrens einer Schreckschusswaffe ohne Erlaubnisschein sowie ein Ordnungswidrigkeitenverfahren wegen des F\u00fchrens eines Teleskopschlagstocks gegen den Mann ein. Ein Alkoholtest ergab bei dem Fahrer zudem 0,8 Promille.<\/p>\n<p>Die Polizei untersagte dem Fahrer daraufhin die Weiterfahrt und nahm ihn f\u00fcr weitere Ma\u00dfnahmen mit auf die Dienststelle in Lotte.<\/p>\n<p>R\u00fcckfragen bitte an:<\/p>\n<p>Hauptzollamt M\u00fcnster<br \/>Verena John<br \/>Telefon: 0251\/4814-1306<br \/>E-Mail: <a href=\"https:\/\/www.ad-hoc-news.de\/polizeimeldungen\/muenster-eine-schreckschusspistole-einen-teleskopschlagstock-sowie-ein\/mailto: presse.hza-muenster@zoll.bund.de\" target=\"_blank\" rel=\"noopener\"> presse.hza-muenster@zoll.bund.de<\/a><br \/><a target=\"_blank\" rel=\"noopener\" href=\"https:\/\/www.zoll.de\">www.zoll.de<\/a><\/p>\n<p class=\"origin\">Original-Content von: Hauptzollamt M\u00fcnster \u00fcbermittelt durch news aktuell<\/p>\n<p>http:\/\/ots.de\/5e7fab<\/p>\n<p>\t&#13;<br \/>\n&#13;<br \/>\n\t\t\t\t&#13;<\/p>\n","protected":false},"excerpt":{"rendered":"&#13; &#13; Waffen &#13; 09.01.2026 &#8211; 09:27:08&#13; &#13; M\u00fcnster &#8211; Eine Schreckschusspistole, einen Teleskopschlagstock sowie ein Cuttermesser entdeckte&hellip;\n","protected":false},"author":2,"featured_media":704993,"comment_status":"","ping_status":"","sticky":false,"template":"","format":"standard","meta":{"footnotes":""},"categories":[1843],"tags":[3364,29,30,8970,1209,4743],"class_list":{"0":"post-704992","1":"post","2":"type-post","3":"status-publish","4":"format-standard","5":"has-post-thumbnail","7":"category-muenster","8":"tag-de","9":"tag-deutschland","10":"tag-germany","11":"tag-muenster","12":"tag-nordrhein-westfalen","13":"tag-waffen"},"share_on_mastodon":{"url":"https:\/\/pubeurope.com\/@de\/115864798885203985","error":""},"_links":{"self":[{"href":"https:\/\/www.europesays.com\/de\/wp-json\/wp\/v2\/posts\/704992","targetHints":{"allow":["GET"]}}],"collection":[{"href":"https:\/\/www.europesays.com\/de\/wp-json\/wp\/v2\/posts"}],"about":[{"href":"https:\/\/www.europesays.com\/de\/wp-json\/wp\/v2\/types\/post"}],"author":[{"embeddable":true,"href":"https:\/\/www.europesays.com\/de\/wp-json\/wp\/v2\/users\/2"}],"replies":[{"embeddable":true,"href":"https:\/\/www.europesays.com\/de\/wp-json\/wp\/v2\/comments?post=704992"}],"version-history":[{"count":0,"href":"https:\/\/www.europesays.com\/de\/wp-json\/wp\/v2\/posts\/704992\/revisions"}],"wp:featuredmedia":[{"embeddable":true,"href":"https:\/\/www.europesays.com\/de\/wp-json\/wp\/v2\/media\/704993"}],"wp:attachment":[{"href":"https:\/\/www.europesays.com\/de\/wp-json\/wp\/v2\/media?parent=704992"}],"wp:term":[{"taxonomy":"category","embeddable":true,"href":"https:\/\/www.europesays.com\/de\/wp-json\/wp\/v2\/categories?post=704992"},{"taxonomy":"post_tag","embeddable":true,"href":"https:\/\/www.europesays.com\/de\/wp-json\/wp\/v2\/tags?post=704992"}],"curies":[{"name":"wp","href":"https:\/\/api.w.org\/{rel}","templated":true}]}}