{"id":705150,"date":"2026-01-09T12:24:27","date_gmt":"2026-01-09T12:24:27","guid":{"rendered":"https:\/\/www.europesays.com\/de\/705150\/"},"modified":"2026-01-09T12:24:27","modified_gmt":"2026-01-09T12:24:27","slug":"fachwerkhaus-in-wuppertal-ronsdorf-geraeumt-fassade-droht-abzusacken","status":"publish","type":"post","link":"https:\/\/www.europesays.com\/de\/705150\/","title":{"rendered":"Fachwerkhaus in Wuppertal-Ronsdorf ger\u00e4umt &#8211; Fassade droht abzusacken"},"content":{"rendered":"<p class=\"text_ohne_einzug richtext text-em-55 !leading-serif mx-6 desktop:mx-0\">Die Feuerwehr ist am Donnerstagabend zu einem Fachwerkhaus in Ronsdorf gerufen worden. An der Lilienstra\u00dfe war gegen 19.30 Uhr eine Verformung unterhalb einer Plane an einer Hausfassade gemeldet worden. Feuerwehr und das Technische Hilfswerk waren mit einem Baufachberater vor Ort und stellten fest: Die Geb\u00e4udestruktur ist nicht mehr tragf\u00e4hig und die Fassade droht abzusacken.<\/p>\n<p class=\"richtext text-em-55 !leading-serif mx-6 desktop:mx-0\">Die Bewohner mussten das Geb\u00e4ude verlassen und k\u00fcmmerten sich eigenst\u00e4ndig um eine vor\u00fcbergehende Unterkunft. Bereits in den Abendstunden wurde das THW mit weiteren Kr\u00e4ften vor Ort t\u00e4tig und verst\u00e4rkte nicht mehr ausreichend tragf\u00e4hige Teile des Fachwerkhauses. Durch diese Ma\u00dfnahmen soll eine ausreichende Standfestigkeit wieder hergestellt werden. Der Einsatz lief auch am Freitagmorgen noch (Stand 8 Uhr).<\/p>\n","protected":false},"excerpt":{"rendered":"Die Feuerwehr ist am Donnerstagabend zu einem Fachwerkhaus in Ronsdorf gerufen worden. An der Lilienstra\u00dfe war gegen 19.30&hellip;\n","protected":false},"author":2,"featured_media":705151,"comment_status":"","ping_status":"","sticky":false,"template":"","format":"standard","meta":{"footnotes":""},"categories":[1840],"tags":[162654,3364,29,58292,588,45993,17026,985,30,61268,1209,8816,7540,4418],"class_list":{"0":"post-705150","1":"post","2":"type-post","3":"status-publish","4":"format-standard","5":"has-post-thumbnail","7":"category-wuppertal","8":"tag-abzusacken","9":"tag-de","10":"tag-deutschland","11":"tag-droht","12":"tag-einsatz","13":"tag-fachwerkhaus","14":"tag-fassade","15":"tag-feuerwehr","16":"tag-germany","17":"tag-hausfassade","18":"tag-nordrhein-westfalen","19":"tag-ort","20":"tag-thw","21":"tag-wuppertal"},"share_on_mastodon":{"url":"https:\/\/pubeurope.com\/@de\/115865129089378661","error":""},"_links":{"self":[{"href":"https:\/\/www.europesays.com\/de\/wp-json\/wp\/v2\/posts\/705150","targetHints":{"allow":["GET"]}}],"collection":[{"href":"https:\/\/www.europesays.com\/de\/wp-json\/wp\/v2\/posts"}],"about":[{"href":"https:\/\/www.europesays.com\/de\/wp-json\/wp\/v2\/types\/post"}],"author":[{"embeddable":true,"href":"https:\/\/www.europesays.com\/de\/wp-json\/wp\/v2\/users\/2"}],"replies":[{"embeddable":true,"href":"https:\/\/www.europesays.com\/de\/wp-json\/wp\/v2\/comments?post=705150"}],"version-history":[{"count":0,"href":"https:\/\/www.europesays.com\/de\/wp-json\/wp\/v2\/posts\/705150\/revisions"}],"wp:featuredmedia":[{"embeddable":true,"href":"https:\/\/www.europesays.com\/de\/wp-json\/wp\/v2\/media\/705151"}],"wp:attachment":[{"href":"https:\/\/www.europesays.com\/de\/wp-json\/wp\/v2\/media?parent=705150"}],"wp:term":[{"taxonomy":"category","embeddable":true,"href":"https:\/\/www.europesays.com\/de\/wp-json\/wp\/v2\/categories?post=705150"},{"taxonomy":"post_tag","embeddable":true,"href":"https:\/\/www.europesays.com\/de\/wp-json\/wp\/v2\/tags?post=705150"}],"curies":[{"name":"wp","href":"https:\/\/api.w.org\/{rel}","templated":true}]}}