{"id":705168,"date":"2026-01-09T12:35:15","date_gmt":"2026-01-09T12:35:15","guid":{"rendered":"https:\/\/www.europesays.com\/de\/705168\/"},"modified":"2026-01-09T12:35:15","modified_gmt":"2026-01-09T12:35:15","slug":"eu-staaten-stimmen-mehrheitlich-fuer-mercosur-abkommen","status":"publish","type":"post","link":"https:\/\/www.europesays.com\/de\/705168\/","title":{"rendered":"EU-Staaten stimmen mehrheitlich f\u00fcr Mercosur-Abkommen"},"content":{"rendered":"<p>        EU-Staaten stimmen mehrheitlich f\u00fcr Mercosur-Abkommen &#8211; N\u00d6N.at<\/p>\n<p>\n                \u00dcberpr\u00fcfe die Einstellungen des Internet Explorers (Kompatibilit\u00e4tsmodus deaktivieren) oder lade dir bitte gratis einen modernen Browser aus dem Internet herunter.<br \/>Im Interesse deiner eigenen Sicherheit und f\u00fcr ein besseres Interneterlebnis:<\/p>\n<p>\n                N\u00d6N.at verwendet Cookies, um dir regionalisierte Inhalte und das beste Online-Erlebnis zu erm\u00f6glichen.<br \/>\n                Daher empfehlen wir dir die Speicherung von Cookies in deinem Browser zuzulassen.<br \/>\n                Solltest du nicht wissen, wie das funktioniert, werden dir folgende Links helfen:<\/p>\n<p>                            EU                                <\/p>\n<p>\n                                             Aktualisiert<br \/>\n                                            am 09. J\u00e4nner 2026 | 13:25\n                <\/p>\n<p>    <a class=\"content-bookmark-link__action-link\" href=\"#\"><br \/>\n        Leseliste laden<\/p>\n<p>    <\/a><br \/>\n    <a class=\"content-bookmark-link__list-link\" href=\"https:\/\/www.noen.at\/content\/bookmarks\" rel=\"nofollow noopener\" target=\"_blank\">(zur Leseliste)<\/a><\/p>\n<p>        <img decoding=\"async\" src=\"https:\/\/www.europesays.com\/de\/wp-content\/uploads\/2026\/01\/63710011390457586_BLD_Online.jpg\" data-fullscreen-src=\"https:\/\/www.noen.at\/image\/3840x0-jpg\/6180134\/63710011390457586_BLD_Online.jpg\" bad-src=\"https:\/\/www.europesays.com\/de\/wp-content\/uploads\/2026\/01\/63710011390457586_BLD_Online.jpg\" data-teaser-member=\"image\" alt=\"Protest gegen Mercosur\"\/><\/p>\n<p>\n                Protest gegen Mercosur            <\/p>\n<p>\n                Foto:<br \/>\n                AFP                            <\/p>\n<p>\n        <strong>N<\/strong>ach mehr als 25 Jahren Verhandlungen ist ein Durchbruch beim EU-Mercosur-Handelsabkommen mit den vier s\u00fcdamerikanischen Staaten Brasilien, Argentinien, Uruguay und Paraguay gelungen. Die EU-Botschafter stimmten am Freitag in Br\u00fcssel mehrheitlich f\u00fcr eine Unterzeichnung des Abkommens durch Kommissionspr\u00e4sidentin Ursula von der Leyen am 12. J\u00e4nner in Paraguay. \u00d6sterreich war durch einen Parlamentsbeschluss an ein Nein gebunden.    <\/p>\n<p>Laut Angaben aus dem Rat konnte die geforderte Mehrheit erreicht werden: F\u00fcr ein Ja mussten nicht alle EU-Staaten zustimmen, es brauchte aber die sogenannte qualifizierte Mehrheit aus mindestens 55 Prozent der Mitgliedstaaten (derzeit 15 von 27), die wiederum zusammen mindestens 65 Prozent der EU-Bev\u00f6lkerung repr\u00e4sentieren m\u00fcssen. Nach der Zustimmung der Botschafter l\u00e4uft nun ein schriftliches Verfahren, um das Ja formell abzusegnen: Bis 17 Uhr muss die ausreichende Mehrheit der EU-Staaten zugestimmt haben. Dann kann von der Leyen ihre Unterschrift setzen.<\/p>\n<p>                                <img loading=\"lazy\" decoding=\"async\" width=\"480\" height=\"270\" alt=\"Die Kinderg\u00e4rten brauchen immer noch mehr Personal\" class=\"lazyload\" src=\"https:\/\/www.noen.at\/images\/frontend\/blank_16_9.gif\" data-src=\"https:\/\/www.europesays.com\/de\/wp-content\/uploads\/2026\/01\/63690011490462038_BLD_Online.jpg\"\/><\/p>\n<p>    Kindergarten<\/p>\n<p>                                <img loading=\"lazy\" decoding=\"async\" width=\"480\" height=\"270\" alt=\"Samariterbund Wien warnt vor Lebensgefahr\" class=\"lazyload\" src=\"https:\/\/www.noen.at\/images\/frontend\/blank_16_9.gif\" data-src=\"https:\/\/www.europesays.com\/de\/wp-content\/uploads\/2026\/01\/63690011490464758_BLD_Online.jpg\"\/><\/p>\n<p>    T\u00f6dliche Gefahr<\/p>\n<p>                                <img loading=\"lazy\" decoding=\"async\" width=\"480\" height=\"270\" alt=\"Heimische Stechm\u00fccken \u00fcbertragen das West-Nil-Virus\" class=\"lazyload\" src=\"https:\/\/www.noen.at\/images\/frontend\/blank_16_9.gif\" data-src=\"https:\/\/www.europesays.com\/de\/wp-content\/uploads\/2026\/01\/63690011490463212_BLD_Online.jpg\"\/><\/p>\n<p>    Viruserkrankung<\/p>\n<p>                                <img loading=\"lazy\" decoding=\"async\" width=\"480\" height=\"270\" alt=\"Die hdg\u00f6-\u00dcbersiedlung ist nun fix\" class=\"lazyload\" src=\"https:\/\/www.noen.at\/images\/frontend\/blank_16_9.gif\" data-src=\"https:\/\/www.europesays.com\/de\/wp-content\/uploads\/2026\/01\/63690011490462928_BLD_Online.jpg\"\/><\/p>\n<p>    Kulturpolitik<\/p>\n<p>                                <img loading=\"lazy\" decoding=\"async\" width=\"480\" height=\"270\" alt=\"Auch Schweinefleisch gibt es keins\" class=\"lazyload\" src=\"https:\/\/www.noen.at\/images\/frontend\/blank_16_9.gif\" data-src=\"https:\/\/www.europesays.com\/de\/wp-content\/uploads\/2026\/01\/63690011490465272_BLD_Online.jpg\"\/><\/p>\n<p>    Essen und Trinken<\/p>\n<p>                                <img loading=\"lazy\" decoding=\"async\" width=\"480\" height=\"270\" alt=\"Altach wird k\u00fcnftig von Ognjen Zaric trainiert\" class=\"lazyload\" src=\"https:\/\/www.noen.at\/images\/frontend\/blank_16_9.gif\" data-src=\"https:\/\/www.europesays.com\/de\/wp-content\/uploads\/2026\/01\/63670011590465914_BLD_Online.jpg\"\/><\/p>\n<p>    Fu\u00dfball<\/p>\n<p>nach oben<\/p>\n","protected":false},"excerpt":{"rendered":"EU-Staaten stimmen mehrheitlich f\u00fcr Mercosur-Abkommen &#8211; N\u00d6N.at \u00dcberpr\u00fcfe die Einstellungen des Internet Explorers (Kompatibilit\u00e4tsmodus deaktivieren) oder lade dir&hellip;\n","protected":false},"author":2,"featured_media":705169,"comment_status":"","ping_status":"","sticky":false,"template":"","format":"standard","meta":{"footnotes":"","_share_on_mastodon":"0"},"categories":[3933],"tags":[2064,36814,331,332,548,663,158,3934,3935,14952,7177,13,14,15,12,6296],"class_list":["post-705168","post","type-post","status-publish","format-standard","has-post-thumbnail","category-eu","tag-_apafeed","tag-agrar","tag-aktuelle-nachrichten","tag-aktuelle-news","tag-eu","tag-europa","tag-europaeische-union","tag-europe","tag-european-union","tag-handelsabkommen","tag-handelspolitik","tag-headlines","tag-nachrichten","tag-news","tag-schlagzeilen","tag-wien"],"share_on_mastodon":{"url":"https:\/\/pubeurope.com\/@de\/115865172627220425","error":""},"_links":{"self":[{"href":"https:\/\/www.europesays.com\/de\/wp-json\/wp\/v2\/posts\/705168","targetHints":{"allow":["GET"]}}],"collection":[{"href":"https:\/\/www.europesays.com\/de\/wp-json\/wp\/v2\/posts"}],"about":[{"href":"https:\/\/www.europesays.com\/de\/wp-json\/wp\/v2\/types\/post"}],"author":[{"embeddable":true,"href":"https:\/\/www.europesays.com\/de\/wp-json\/wp\/v2\/users\/2"}],"replies":[{"embeddable":true,"href":"https:\/\/www.europesays.com\/de\/wp-json\/wp\/v2\/comments?post=705168"}],"version-history":[{"count":0,"href":"https:\/\/www.europesays.com\/de\/wp-json\/wp\/v2\/posts\/705168\/revisions"}],"wp:featuredmedia":[{"embeddable":true,"href":"https:\/\/www.europesays.com\/de\/wp-json\/wp\/v2\/media\/705169"}],"wp:attachment":[{"href":"https:\/\/www.europesays.com\/de\/wp-json\/wp\/v2\/media?parent=705168"}],"wp:term":[{"taxonomy":"category","embeddable":true,"href":"https:\/\/www.europesays.com\/de\/wp-json\/wp\/v2\/categories?post=705168"},{"taxonomy":"post_tag","embeddable":true,"href":"https:\/\/www.europesays.com\/de\/wp-json\/wp\/v2\/tags?post=705168"}],"curies":[{"name":"wp","href":"https:\/\/api.w.org\/{rel}","templated":true}]}}