{"id":705431,"date":"2026-01-09T15:01:13","date_gmt":"2026-01-09T15:01:13","guid":{"rendered":"https:\/\/www.europesays.com\/de\/705431\/"},"modified":"2026-01-09T15:01:13","modified_gmt":"2026-01-09T15:01:13","slug":"das-eigene-zuhause-ist-gelebte-vorsorge","status":"publish","type":"post","link":"https:\/\/www.europesays.com\/de\/705431\/","title":{"rendered":"Das eigene Zuhause ist gelebte Vorsorge!"},"content":{"rendered":"<ol class=\"id-DonaldBreadcrumb lp_west_breadcrumb id-DonaldBreadcrumb--default\" data-k5a-pos=\"west_breadcrumb\">\n<li class=\"id-Breadcrumb-item\"><a href=\"https:\/\/www.leinetal24.de\/\" class=\"id-Breadcrumb-link\" data-id-ec=\"{\" shn=\"\" textlink=\"\" data-k5a-pos=\"1_leinetal24\" target=\"_blank\" rel=\"noopener\">leinetal24<\/a><\/li>\n<li class=\"id-Breadcrumb-item\"><a href=\"https:\/\/www.leinetal24.de\/na-pressemitteilungen\/\" class=\"id-Breadcrumb-link\" data-id-ec=\"{\" shn=\"\" textlink=\"\" data-k5a-pos=\"2_pressemitteilungen\" target=\"_blank\" rel=\"noopener\">Pressemitteilungen<\/a><\/li>\n<\/ol>\n<p class=\"id-Story-timestamp id-Story-timestamp--default\">Stand: 09.01.2026, 11:53 Uhr<\/p>\n<p class=\"id-Story-interactionBar id-Story-interactionBar--default\">DruckenTeilen<\/p>\n<p><img decoding=\"async\" class=\"id-RatioPlaceholder-element wv_story_el_image\" src=\"https:\/\/www.europesays.com\/de\/wp-content\/uploads\/2026\/01\/41060902-frank-demmer-chef-der-lbs-nordwest-quotdas-eigene-zuhause-ist-gelebte-vorsorgequot-87a.jpg\" loading=\"eager\" fetchpriority=\"high\"   height=\"792\" width=\"1408\" alt=\"Frank Demmer, Chef der LBS NordWest: &quot;Das eigene Zuhause ist gelebte Vorsorge!&quot;\"\/>Frank Demmer, Chef der LBS NordWest: &#8222;Das eigene Zuhause ist gelebte Vorsorge!&#8220; \u00a9\u00a0LBS NordWest<\/p>\n<p class=\"id-StoryElement-leadText\">M\u00fcnster\/Hannover (ots) &#8211; Eine deutliche Belebung ihres Baufinanzierungsgesch\u00e4fts meldet die LBS NordWest f\u00fcr 2025. Das au\u00dferkollektive Kreditgesch\u00e4ft stieg im Vergleich zum Vorjahr um 30 Prozent auf 946 Millionen Euro, die von den Kunden abgerufenen Bauspardarlehen legten um 15 Prozent auf 822 Millionen Euro zu.<\/p>\n<p class=\"id-StoryElement-paragraph\">W\u00e4hrend die Zinsen f\u00fcr zehnj\u00e4hrige Hypotheken mittlerweile erneut Richtung vier Prozent tendieren, kosten Bauspardarlehen oftmals nur die H\u00e4lfte und sichern zudem die Baufinanzierung gegen Zinsspr\u00fcnge ab. &#8222;Das ist der erlebbare Kernnutzen des Bausparens: Vor sieben Jahren haben diese Kunden begonnen zu sparen, jetzt kommen sie zinsg\u00fcnstig und vor allem sicher ins Eigenheim oder nutzen das Geld f\u00fcr Umschuldung und Modernisierung&#8220;, kommentiert LBS-Chef Frank Demmer die Entwicklung.<\/p>\n<p class=\"id-StoryElement-paragraph\">Ein weiterer Beweis f\u00fcr die R\u00fcckkehr des Vertrauens in den Wohnungsmarkt: Die Immobilientochter der LBS verzeichnet mit \u00fcber 205 Millionen Euro (+ 8,4 %) einen Rekordcourtageumsatz. Von den kooperierenden Sparkassen und den LBS-Immobilienberatenden wurden in NRW, Niedersachsen, Berlin und Bremen 12.808 Wohnungen und H\u00e4user (+ 4 %) vermittelt.<\/p>\n<p class=\"id-StoryElement-paragraph\">In der aktuellen Rentendiskussion bekennt sich auch die Politik weiter zur Immobilie als wichtigem Baustein der privaten Altersvorsorge durch die gleichberechtigte Anerkennung und geplante Vereinfachung der Eigenheimrente. Frank Demmer: &#8222;Wir m\u00fcssen als Gesellschaft wieder st\u00e4rker auf Eigenverantwortung setzen. Selbst wenn die Renten stabil bleiben, werden die Mieten inflationsbedingt weiter steigen. Der Staat kann diese zus\u00e4tzlichen Belastungen nicht f\u00fcr alle ausgleichen. Das eigene Zuhause hingegen ist gelebte Vorsorge &#8211; ein verl\u00e4sslicher Schutz vor Altersarmut.&#8220;<\/p>\n<p class=\"id-StoryElement-paragraph\">Beim Einstieg in das Bausparen ist dabei noch \u00dcberzeugungsarbeit zu leisten. Im Neugesch\u00e4ft erwartet die LBS eine Bausparsumme von 7,4 Milliarden Euro. Die Herausforderung sei es jetzt, den Gedanken des Vorsparens nach den vielen Jahren der Nullzinspolitik zur\u00fcck in die K\u00f6pfe insbesondere der jungen Generation zu bringen: &#8222;Nur wer sich fr\u00fchzeitig schon mit kleinen Sparbetr\u00e4gen auf den Weg macht, wird als Normalverdiener das Ziel der eigenen vier W\u00e4nde erreichen k\u00f6nnen&#8220;, ist Frank Demmer \u00fcberzeugt. Vor diesem Hintergrund richtet die LBS NordWest den Blick nach vorn. Nach seinen ersten 100 Tagen im Amt sieht der Vorstandsvorsitzende das Institut strategisch klar positioniert: &#8222;Jetzt geht es darum, das Vertrauen in Vorsorge, Eigentum und fr\u00fchzeitiges Sparen weiter zu st\u00e4rken &#8211; gemeinsam mit unseren Sparkassenpartnern.&#8220;<\/p>\n<p class=\"id-StoryElement-paragraph\">Pressekontakt:<br \/>LBS NordWest<br \/>Dr. Christian Schr\u00f6der<br \/><a href=\"https:\/\/www.leinetal24.de\/na-pressemitteilungen\/mailto:christian.schroeder@lbs-nw.de\" rel=\"nofollow noopener\" target=\"_blank\" class=\"id-import-Link\" data-id-ec=\"{&quot;sht&quot;:&quot;Container&quot;,&quot;shn&quot;:&quot;Story&quot;,&quot;p&quot;:{&quot;containerType&quot;:&quot;Paragraph&quot;,&quot;displayType&quot;:&quot;Paragraph InlineLink&quot;,&quot;type&quot;:&quot;INLINE_LINK&quot;,&quot;value&quot;:&quot;christian.schroeder@lbs-nw.de&#010;&quot;,&quot;variant&quot;:&quot;standardLink&quot;,&quot;sponsored&quot;:false,&quot;linkHref&quot;:&quot;mailto:christian.schroeder@lbs-nw.de&quot;,&quot;storyElementPosition&quot;:12,&quot;storyElementCount&quot;:13}}\">christian.schroeder@lbs-nw.de<br \/><\/a><br \/>0171 76 110 93<\/p>\n<p class=\"id-StoryElement-paragraph\">Weiteres Material:<br \/>\n<br \/><a href=\"https:\/\/presseportal.de\/pm\/172636\/6193268\" rel=\"nofollow noopener\" target=\"_blank\" class=\"id-import-Link id-pageApi-Link--externalDomain\" data-id-ec=\"{&quot;sht&quot;:&quot;Container&quot;,&quot;shn&quot;:&quot;Story&quot;,&quot;p&quot;:{&quot;containerType&quot;:&quot;Paragraph&quot;,&quot;displayType&quot;:&quot;Paragraph InlineLink&quot;,&quot;type&quot;:&quot;INLINE_LINK&quot;,&quot;value&quot;:&quot;www.presseportal.de&#010; &#010;&quot;,&quot;variant&quot;:&quot;standardLink&quot;,&quot;sponsored&quot;:false,&quot;linkHref&quot;:&quot;https:\/\/presseportal.de\/pm\/172636\/6193268&quot;,&quot;storyElementPosition&quot;:13,&quot;storyElementCount&quot;:13}}\">www.presseportal.de<br \/>\n <br \/><\/a><br \/>\n<br \/>Quelle: LBS NordWest<br \/><\/p>\n","protected":false},"excerpt":{"rendered":"leinetal24 Pressemitteilungen Stand: 09.01.2026, 11:53 Uhr DruckenTeilen Frank Demmer, Chef der LBS NordWest: &#8222;Das eigene Zuhause ist gelebte&hellip;\n","protected":false},"author":2,"featured_media":705432,"comment_status":"","ping_status":"","sticky":false,"template":"","format":"standard","meta":{"footnotes":""},"categories":[1843],"tags":[3364,29,30,8970,1209],"class_list":{"0":"post-705431","1":"post","2":"type-post","3":"status-publish","4":"format-standard","5":"has-post-thumbnail","7":"category-muenster","8":"tag-de","9":"tag-deutschland","10":"tag-germany","11":"tag-muenster","12":"tag-nordrhein-westfalen"},"share_on_mastodon":{"url":"https:\/\/pubeurope.com\/@de\/115865746532491161","error":""},"_links":{"self":[{"href":"https:\/\/www.europesays.com\/de\/wp-json\/wp\/v2\/posts\/705431","targetHints":{"allow":["GET"]}}],"collection":[{"href":"https:\/\/www.europesays.com\/de\/wp-json\/wp\/v2\/posts"}],"about":[{"href":"https:\/\/www.europesays.com\/de\/wp-json\/wp\/v2\/types\/post"}],"author":[{"embeddable":true,"href":"https:\/\/www.europesays.com\/de\/wp-json\/wp\/v2\/users\/2"}],"replies":[{"embeddable":true,"href":"https:\/\/www.europesays.com\/de\/wp-json\/wp\/v2\/comments?post=705431"}],"version-history":[{"count":0,"href":"https:\/\/www.europesays.com\/de\/wp-json\/wp\/v2\/posts\/705431\/revisions"}],"wp:featuredmedia":[{"embeddable":true,"href":"https:\/\/www.europesays.com\/de\/wp-json\/wp\/v2\/media\/705432"}],"wp:attachment":[{"href":"https:\/\/www.europesays.com\/de\/wp-json\/wp\/v2\/media?parent=705431"}],"wp:term":[{"taxonomy":"category","embeddable":true,"href":"https:\/\/www.europesays.com\/de\/wp-json\/wp\/v2\/categories?post=705431"},{"taxonomy":"post_tag","embeddable":true,"href":"https:\/\/www.europesays.com\/de\/wp-json\/wp\/v2\/tags?post=705431"}],"curies":[{"name":"wp","href":"https:\/\/api.w.org\/{rel}","templated":true}]}}