{"id":705450,"date":"2026-01-09T15:12:11","date_gmt":"2026-01-09T15:12:11","guid":{"rendered":"https:\/\/www.europesays.com\/de\/705450\/"},"modified":"2026-01-09T15:12:11","modified_gmt":"2026-01-09T15:12:11","slug":"sturm-goretti-laehmt-nordeuropa-schaltet-den-strom-ab-und-stoppt-den-verkehr","status":"publish","type":"post","link":"https:\/\/www.europesays.com\/de\/705450\/","title":{"rendered":"Sturm Goretti l\u00e4hmt Nordeuropa, schaltet den Strom ab und stoppt den Verkehr &#8211;"},"content":{"rendered":"<p>Sturm Goretti fegte am Freitag \u00fcber Nordeuropa, lie\u00df Hunderttausende ohne Strom zur\u00fcck und brachte den Schienen- und Flugverkehr zum Erliegen, w\u00e4hrend heftige Winde und starker Schneefall eine ohnehin schon brutale Winterwoche versch\u00e4rften.<\/p>\n<p><strong>Frankreich<\/strong> geh\u00f6rte zu den am st\u00e4rksten betroffenen, mit etwa 380.000 Haushalten, die den Strom verloren, haupts\u00e4chlich in der Normandie und der Bretagne. Die Winde \u00fcberstiegen in Teilen des Nordwestens 150 km\/h, was den Bahnbetreiber SNCF zwang, den Betrieb zwischen Paris und der K\u00fcste einzustellen. Der Sturm hat au\u00dferdem eine Hochspannungsleitung f\u00fcr das Kernkraftwerk Flamanville lahmgelegt und zwei Reaktoren vor\u00fcbergehend au\u00dfer Betrieb genommen.<\/p>\n<\/p>\n<p>In <strong>Gro\u00dfbritannien<\/strong> verloren Zehntausende von Haushalten \u00fcber Nacht den Strom, besonders in Schottland und Zentralengland. Bahnbetreiber rieten den Fahrg\u00e4sten, nicht zu reisen, Schulen schlossen in mehreren Regionen, und Einsatzkr\u00e4fte reagierten auf umgest\u00fcrzte B\u00e4ume und besch\u00e4digte Geb\u00e4ude, als der Sturm nach Osten zog.<\/p>\n<p>Die St\u00f6rungen breiteten sich auf <strong>Deutschland und die Niederlande<\/strong> aus, wo Fernz\u00fcge gestoppt und Dutzende von Fl\u00fcgen an wichtigen Knotenpunkten wie Hamburg und dem Flughafen Schiphol in Amsterdam gestrichen wurden. Beamte in Deutschland beschrieben die Bedingungen als einige der schwersten Winterwetterereignisse seit Jahren.<\/p>\n<p><strong>Weiter s\u00fcdlich und \u00f6stlich<\/strong> waren die Auswirkungen des Sturms in Mittel- und S\u00fcdosteuropa sp\u00fcrbar: Autofahrer blieben durch Schnee, gemeldete \u00dcberschwemmungen in Albanien und starke Winde, die Geb\u00e4ude in der T\u00fcrkei besch\u00e4digten, gestrandet \u2013 was die Breite und Intensit\u00e4t von Gorettis Wirkung auf dem Kontinent unterstrich.<\/p>\n","protected":false},"excerpt":{"rendered":"Sturm Goretti fegte am Freitag \u00fcber Nordeuropa, lie\u00df Hunderttausende ohne Strom zur\u00fcck und brachte den Schienen- und Flugverkehr&hellip;\n","protected":false},"author":2,"featured_media":705451,"comment_status":"","ping_status":"","sticky":false,"template":"","format":"standard","meta":{"footnotes":""},"categories":[3976],"tags":[331,332,13,14,15,12,3992,3993,3994,3995,3996,3997],"class_list":{"0":"post-705450","1":"post","2":"type-post","3":"status-publish","4":"format-standard","5":"has-post-thumbnail","7":"category-vereinigtes-koenigreich","8":"tag-aktuelle-nachrichten","9":"tag-aktuelle-news","10":"tag-headlines","11":"tag-nachrichten","12":"tag-news","13":"tag-schlagzeilen","14":"tag-uk","15":"tag-united-kingdom","16":"tag-united-kingdom-of-great-britain-and-northern-ireland","17":"tag-vereinigtes-koenigreich","18":"tag-vereinigtes-koenigreich-grossbritannien-und-nordirland","19":"tag-vereinigtes-koenigreich-von-grossbritannien-und-nordirland"},"share_on_mastodon":{"url":"https:\/\/pubeurope.com\/@de\/115865789711910269","error":""},"_links":{"self":[{"href":"https:\/\/www.europesays.com\/de\/wp-json\/wp\/v2\/posts\/705450","targetHints":{"allow":["GET"]}}],"collection":[{"href":"https:\/\/www.europesays.com\/de\/wp-json\/wp\/v2\/posts"}],"about":[{"href":"https:\/\/www.europesays.com\/de\/wp-json\/wp\/v2\/types\/post"}],"author":[{"embeddable":true,"href":"https:\/\/www.europesays.com\/de\/wp-json\/wp\/v2\/users\/2"}],"replies":[{"embeddable":true,"href":"https:\/\/www.europesays.com\/de\/wp-json\/wp\/v2\/comments?post=705450"}],"version-history":[{"count":0,"href":"https:\/\/www.europesays.com\/de\/wp-json\/wp\/v2\/posts\/705450\/revisions"}],"wp:featuredmedia":[{"embeddable":true,"href":"https:\/\/www.europesays.com\/de\/wp-json\/wp\/v2\/media\/705451"}],"wp:attachment":[{"href":"https:\/\/www.europesays.com\/de\/wp-json\/wp\/v2\/media?parent=705450"}],"wp:term":[{"taxonomy":"category","embeddable":true,"href":"https:\/\/www.europesays.com\/de\/wp-json\/wp\/v2\/categories?post=705450"},{"taxonomy":"post_tag","embeddable":true,"href":"https:\/\/www.europesays.com\/de\/wp-json\/wp\/v2\/tags?post=705450"}],"curies":[{"name":"wp","href":"https:\/\/api.w.org\/{rel}","templated":true}]}}