{"id":705782,"date":"2026-01-09T18:08:11","date_gmt":"2026-01-09T18:08:11","guid":{"rendered":"https:\/\/www.europesays.com\/de\/705782\/"},"modified":"2026-01-09T18:08:11","modified_gmt":"2026-01-09T18:08:11","slug":"ausflugsziele-am-wochenende-tipps-fuer-magdeburg-dresden-weissenfels-und-poessneck","status":"publish","type":"post","link":"https:\/\/www.europesays.com\/de\/705782\/","title":{"rendered":"Ausflugsziele am Wochenende: Tipps f\u00fcr Magdeburg, Dresden, Wei\u00dfenfels und P\u00f6\u00dfneck"},"content":{"rendered":"<p class=\"text\">\n<strong>&#8222;Katze Q \u2013 Ein Quanten-Adventure&#8220;<\/strong><\/p>\n<p><strong>Wann?<\/strong><br \/>Dienstag bis Donnerstag: 9:30 und 11 Uhr<br \/>Freitag: 9:30, 11, 12:30, 14 und 15:30 Uhr<br \/>Samstag, Sonntag und Feiertage: 10:30, 12, 13:30, 15, 16:30 Uhr<\/p>\n<p><strong>Wo?<\/strong><br \/>Technische Sammlungen<br \/>Junghansstra\u00dfe 1-3 <br \/>01277 Dresden<\/p>\n<p><strong>Eintritt:<\/strong><br \/>Ab 11 Jahren, mindestens acht bis maximal 30 Personen<br \/>Spielzeit 1 Stunde, 60 Euro pro Gruppe zzgl. Museumseintritt f\u00fcr die teilnehmenden Erwachsenen<\/p>\n","protected":false},"excerpt":{"rendered":"&#8222;Katze Q \u2013 Ein Quanten-Adventure&#8220; Wann?Dienstag bis Donnerstag: 9:30 und 11 UhrFreitag: 9:30, 11, 12:30, 14 und 15:30&hellip;\n","protected":false},"author":2,"featured_media":705783,"comment_status":"","ping_status":"","sticky":false,"template":"","format":"standard","meta":{"footnotes":"","_share_on_mastodon":"0"},"categories":[1835],"tags":[95402,86,3903,15694,2076,96,3364,29,2386,89,98,92,30,99,95,87,88,91,1310,80,84,90,100,101,93,81,85,82,2264,2338,97,83,859,860,94,861,66261],"class_list":["post-705782","post","type-post","status-publish","format-standard","has-post-thumbnail","category-dresden","tag-advent","tag-artour","tag-ausflug","tag-ausflugsziele","tag-ausstellung","tag-buehne","tag-de","tag-deutschland","tag-dresden","tag-erlebnis-musik","tag-feature","tag-film","tag-germany","tag-hoerspiele","tag-kino","tag-kino-royal","tag-kinoroyal","tag-klassik","tag-konzert","tag-kultur","tag-kulturfernsehen","tag-lebenslaeufe","tag-lesezeit","tag-lesung","tag-literatur","tag-mdr","tag-mdr-figaro","tag-mdr-kultur","tag-museum","tag-newsletter","tag-oper","tag-radio","tag-sachsen","tag-sachsen-anhalt","tag-theater","tag-thueringen","tag-wohin-am-wochenende"],"share_on_mastodon":{"url":"https:\/\/pubeurope.com\/@de\/115866481785711225","error":""},"_links":{"self":[{"href":"https:\/\/www.europesays.com\/de\/wp-json\/wp\/v2\/posts\/705782","targetHints":{"allow":["GET"]}}],"collection":[{"href":"https:\/\/www.europesays.com\/de\/wp-json\/wp\/v2\/posts"}],"about":[{"href":"https:\/\/www.europesays.com\/de\/wp-json\/wp\/v2\/types\/post"}],"author":[{"embeddable":true,"href":"https:\/\/www.europesays.com\/de\/wp-json\/wp\/v2\/users\/2"}],"replies":[{"embeddable":true,"href":"https:\/\/www.europesays.com\/de\/wp-json\/wp\/v2\/comments?post=705782"}],"version-history":[{"count":0,"href":"https:\/\/www.europesays.com\/de\/wp-json\/wp\/v2\/posts\/705782\/revisions"}],"wp:featuredmedia":[{"embeddable":true,"href":"https:\/\/www.europesays.com\/de\/wp-json\/wp\/v2\/media\/705783"}],"wp:attachment":[{"href":"https:\/\/www.europesays.com\/de\/wp-json\/wp\/v2\/media?parent=705782"}],"wp:term":[{"taxonomy":"category","embeddable":true,"href":"https:\/\/www.europesays.com\/de\/wp-json\/wp\/v2\/categories?post=705782"},{"taxonomy":"post_tag","embeddable":true,"href":"https:\/\/www.europesays.com\/de\/wp-json\/wp\/v2\/tags?post=705782"}],"curies":[{"name":"wp","href":"https:\/\/api.w.org\/{rel}","templated":true}]}}