{"id":705858,"date":"2026-01-09T18:49:23","date_gmt":"2026-01-09T18:49:23","guid":{"rendered":"https:\/\/www.europesays.com\/de\/705858\/"},"modified":"2026-01-09T18:49:23","modified_gmt":"2026-01-09T18:49:23","slug":"sturmtief-elli-das-wetter-heute-in-sh-die-aktuelle-vorhersage","status":"publish","type":"post","link":"https:\/\/www.europesays.com\/de\/705858\/","title":{"rendered":"Sturmtief &#8222;Elli&#8220;: Das Wetter heute in SH &#8211; die aktuelle Vorhersage"},"content":{"rendered":"<p>        <img decoding=\"async\" src=\"https:\/\/www.europesays.com\/de\/wp-content\/uploads\/2026\/01\/schneesituation-100.webp.webp\" alt=\"Ein verschneites Ortseingangsschild.\" title=\"Ein verschneites Ortseingangsschild. | NDR, Jochen Dominicus\" class=\"responsive\"\/><\/p>\n<p>AUDIO: NDR Wetterexperte Sebastian Wache warnt vor Schneeverwehungen (3 Min)<\/p>\n<p>\n                Stand: 09.01.2026 15:21 Uhr<\/p>\n<p class=\"preface\">Die Wetterlage in Schleswig-Holstein: Das Sturmtief &#8222;Elli&#8220; hat erste Teile des Landes erreicht. Im Laufe des Tages werde der Wind st\u00e4rker, erkl\u00e4rt Wetterexperte Sebastian Wache. Schneeverwehungen und Hochwasser an der Ostsee sind m\u00f6glich.<\/p>\n<p class=\"\">Aktuell wurde an der Ostsee und auf den nordfriesischen Inseln zum Teil Windst\u00e4rke 10 gemessen. Der Wind verst\u00e4rkt sich laut Wetterexperte Wache allerdings im Verlauf des Tages noch: &#8222;Ich gehe davon aus, dass wir auch 11 sehen k\u00f6nnen.&#8220; Durch den Wind kann es zu Schneeverwehungen kommen. <a href=\"https:\/\/www.ndr.de\/nachrichten\/schleswig-holstein\/sturmflut-warnung-fuer-die-ostseekueste-pegelstaende-steigen,sturmflut-158.html\" title=\"Sturmflut-Warnung f\u00fcr die Ostseek\u00fcste - Pegelst\u00e4nde steigen\" target=\"_blank\" rel=\"noopener\">An der Ostseek\u00fcste erh\u00f6hen sich die Pegelst\u00e4nde<\/a>. Zum Abend rechnet Wache mit Hochwasser.<\/p>\n<p>\n            <strong>Video:<\/strong><br \/>\n            So wird das Wetter in Schleswig Holstein &#8211; Sturmtief Elli (2 Min)\n        <\/p>\n<p>    Schwerpunkt in Steinburg, Stormarn und Herzogtum Lauenburg<\/p>\n<p class=\"\">Im Laufe des Abends glaubt Sebastian Wache, dass das Wettertief allm\u00e4hlich weiter in Richtung S\u00fcdosten zieht. Der Schwerpunkt des Tiefdruckgebiets werde wohl in den Kreisen <a href=\"https:\/\/www.ndr.de\/nachrichten\/schleswig-holstein\/Steinburg-Aktuelle-Nachrichten-und-Videos,steinburg118.html\" title=\"Steinburg - Aktuelle Nachrichten und Videos\" target=\"_blank\" rel=\"noopener\">Steinburg<\/a>, <a href=\"https:\/\/www.ndr.de\/nachrichten\/schleswig-holstein\/Stormarn-Aktuelle-Nachrichten-und-Videos,stormarn148.html\" title=\"Stormarn - Aktuelle Nachrichten und Videos\" target=\"_blank\" rel=\"noopener\">Stormarn<\/a> und dem <a href=\"https:\/\/www.ndr.de\/nachrichten\/schleswig-holstein\/Herzogtum-Lauenburg-Aktuelle-Nachrichten-und-Videos,herzogtumlauenburg126.html\" title=\"Herzogtum Lauenburg - Aktuelle Nachrichten und Videos\" target=\"_blank\" rel=\"noopener\">Herzogtum Lauenburg<\/a> liegen. &#8222;Je weiter wir nach Norden und Osten schauen, desto trockener bleibt es dort auch. Also da wird wohl kein neuer Schnee hinzukommen&#8220;, so Wache.<\/p>\n<p>        <img decoding=\"async\" src=\"https:\/\/www.europesays.com\/de\/wp-content\/uploads\/2026\/01\/schneesturm-138.webp.webp\" alt=\"Ein Zug der Nordbahn steht an einem Gleis des Bahnhofs in Heide.\" title=\"Ein Zug der Nordbahn steht an einem Gleis des Bahnhofs in Heide. | Sam-Luke Ferrier, NDR\" class=\"responsive\" loading=\"lazy\"\/><\/p>\n<p>Zugefrorene Gleise, glatte Stra\u00dfen und kr\u00e4ftige Windb\u00f6en: Der angek\u00fcndigte Schneesturm &#8222;Elli&#8220; wirkt sich auf Z\u00fcge, Busse und F\u00e4hren aus.<\/p>\n<p>    Unwetterwarnung f\u00fcr weite Teile des Landes<\/p>\n<p class=\"\">Der Deutsche Wetterdienst warnt von Freitag bis Sonnabendmorgen in weiten Teilen Schleswig-Holsteins vor Schneefall, mitunter starken Schneeverwehungen, zum Teil schweren Sturmb\u00f6en, Dauerfrost und Gl\u00e4tte.<\/p>\n<p>    Bis zu 15 Zentimeter Neuschnee m\u00f6glich<\/p>\n<p class=\"\">Am Sonnabend l\u00e4sst der Wind den Sch\u00e4tzungen zufolge im Laufe des Tages nach. Es kann allerdings noch schneien. Sebastian Wache erwartet von der Ostsee her Schneefall, eine sogenannte &#8222;Schneeschauer-Stra\u00dfe&#8220;. Der Schneefall d\u00fcrfte sich den Prognosen zufolge vor allem auf eine Linie von Eiderstedt (<a href=\"https:\/\/www.ndr.de\/nachrichten\/schleswig-holstein\/Nordfriesland-Aktuelle-Nachrichten-und-Videos,nordfriesland174.html\" title=\"Nordfriesland - Aktuelle Nachrichten und Videos\" target=\"_blank\" rel=\"noopener\">Kreis Nordfriesland<\/a>) \u00fcber <a href=\"https:\/\/www.ndr.de\/nachrichten\/schleswig-holstein\/Neumuenster-Aktuelle-Nachrichten-und-Videos,neumuenster770.html\" title=\"Neum\u00fcnster - Aktuelle Nachrichten und Videos\" target=\"_blank\" rel=\"noopener\">Neum\u00fcnster<\/a> bis nach <a href=\"https:\/\/www.ndr.de\/nachrichten\/schleswig-holstein\/Luebeck-Aktuelle-Nachrichten-und-Videos-,luebeck2802.html\" title=\"L\u00fcbeck - Aktuelle Nachrichten und Videos\" target=\"_blank\" rel=\"noopener\">L\u00fcbeck<\/a> konzentrieren, sch\u00e4tzt Wache. S\u00fcdwestlich dieser Front sei &#8211; wenn das Tief zum Erliegen kommt &#8211; mit anhaltendem Schnee zu rechnen. Laut Wache sind vereinzelt bis zu 15 Zentimeter Neuschnee m\u00f6glich.<\/p>\n<p>        <img decoding=\"async\" src=\"https:\/\/www.europesays.com\/de\/wp-content\/uploads\/2026\/01\/schneeraeumen100.webp.webp\" alt=\"Eine Frau befreit einen Gehweg vor ihrem Wohnhaus vom Schnee.\" title=\"Bereits in den Morgenstunden m\u00fcssen Hausbesitzer die Wege vorm Haus vom Schnee befreien. | picture alliance \/ dpa Themendienst, Tobias Hase\" class=\"responsive\" loading=\"lazy\"\/><\/p>\n<p>Bei Schnee und Eis m\u00fcssen Anlieger tags\u00fcber die Gehwege vor ihrem Grundst\u00fcck r\u00e4umen. Die wichtigsten Regeln im \u00dcberblick.<\/p>\n<p>    Frostige Temperaturen am Wochenende<\/p>\n<p class=\"\">In der Nacht zum Sonntag sind Temperaturen von -12 Grad Lufttemperatur m\u00f6glich. In der Folgenacht kann es am Boden mit -15 bis -17 Grad noch k\u00e4lter werden. Am Montag sei laut Wache erneut mit kr\u00e4ftigem Schneefall zu rechnen, allerdings ohne Sturmb\u00f6en und Verwehungen.<\/p>\n<p>        <img decoding=\"async\" src=\"https:\/\/www.europesays.com\/de\/wp-content\/uploads\/2026\/01\/sturm-408.webp.webp\" alt=\"Wellen schlagen gegen die Seebr\u00fccke in Haffkrug.\" title=\"Wellen schlagen gegen die Seebr\u00fccke in Haffkrug. | Daniel Bockwoldt\/dpa\" class=\"responsive\" loading=\"lazy\"\/><\/p>\n<p>\n                                    1 Min<\/p>\n<p>Wie ist die Lage durch Sturmtief &#8222;Elli&#8220; in Schleswig-Holstein? Unsere Reporter haben uns heute auf dem Laufenden gehalten. <\/p>\n<p>        <img decoding=\"async\" src=\"https:\/\/www.europesays.com\/de\/wp-content\/uploads\/2026\/01\/schneesturm-138.webp.webp\" alt=\"Ein Zug der Nordbahn steht an einem Gleis des Bahnhofs in Heide.\" title=\"Ein Zug der Nordbahn steht an einem Gleis des Bahnhofs in Heide. | Sam-Luke Ferrier, NDR\" class=\"responsive\" loading=\"lazy\"\/><\/p>\n<p>Zugefrorene Gleise, glatte Stra\u00dfen und kr\u00e4ftige Windb\u00f6en: Der angek\u00fcndigte Schneesturm &#8222;Elli&#8220; wirkt sich auf Z\u00fcge, Busse und F\u00e4hren aus.<\/p>\n<p>        <img decoding=\"async\" src=\"https:\/\/www.europesays.com\/de\/wp-content\/uploads\/2026\/01\/winter-314.webp.webp\" alt=\"Eiszapfen haben sich am Ufer der Kiellinie gebildet.\" title=\"Eiszapfen haben sich am Ufer der Kiellinie gebildet. | Frank Molter\/dpa\" class=\"responsive\" loading=\"lazy\"\/><\/p>\n<p>Sturmtief &#8222;Elli&#8220; bl\u00e4st \u00fcber das n\u00f6rdlichste Bundesland &#8211; im Liveticker berichten wir \u00fcber die Auswirkungen auf SH.<\/p>\n<p>        <img decoding=\"async\" src=\"https:\/\/www.europesays.com\/de\/wp-content\/uploads\/2026\/01\/pegelschleswig-102.webp.webp\" alt=\"Der Wasserpegel am Stadthafen in Schleswig\" title=\"Der Wasserpegel am Stadthafen in Schleswig | NDR\" class=\"responsive\" loading=\"lazy\"\/><\/p>\n<p>In Schleswig tritt das Wasser bereits \u00fcbers Ufer. Aktuell werden zum Teil Windst\u00e4rken von 10 gemessen.<\/p>\n<p>        <img decoding=\"async\" src=\"https:\/\/www.europesays.com\/de\/wp-content\/uploads\/2026\/01\/winter-310.webp.webp\" alt=\"Wellen schlagen an eine Kaimauer \" title=\"Wellen schlagen an eine Kaimauer  | NDR; Tobias Gellert\" class=\"responsive\" loading=\"lazy\"\/><\/p>\n<p>Aufgew\u00fchltes Meer, Schneeverwehungen und ellenlange Eiszapfen am Haus: Das Sturmtief &#8222;Elli&#8220; hat Schleswig-Hosltein im Griff.<\/p>\n<p>Dieses Thema im Programm:<\/p>\n<p>                NDR 1 Welle Nord | Nachrichten f\u00fcr Schleswig-Holstein | 09.01.2026 | 07:10 Uhr<\/p>\n","protected":false},"excerpt":{"rendered":"AUDIO: NDR Wetterexperte Sebastian Wache warnt vor Schneeverwehungen (3 Min) Stand: 09.01.2026 15:21 Uhr Die Wetterlage in Schleswig-Holstein:&hellip;\n","protected":false},"author":2,"featured_media":700566,"comment_status":"","ping_status":"","sticky":false,"template":"","format":"standard","meta":{"footnotes":""},"categories":[5],"tags":[42751,13,29916,2086,12158,12159,14,15,12,16406,97394,9608,10,8,9,11,4028,4951],"class_list":{"0":"post-705858","1":"post","2":"type-post","3":"status-publish","4":"format-standard","5":"has-post-thumbnail","7":"category-nachrichten","8":"tag-glaette","9":"tag-headlines","10":"tag-kreis-dithmarschen","11":"tag-kreis-pinneberg","12":"tag-kreis-rendsburg-eckernfoerde","13":"tag-kreis-schleswig-flensburg","14":"tag-nachrichten","15":"tag-news","16":"tag-schlagzeilen","17":"tag-schnee","18":"tag-schneesturm","19":"tag-sturm","20":"tag-top-news","21":"tag-top-meldungen","22":"tag-topmeldungen","23":"tag-topnews","24":"tag-unwetter","25":"tag-winter"},"share_on_mastodon":{"url":"https:\/\/pubeurope.com\/@de\/115866643354180684","error":""},"_links":{"self":[{"href":"https:\/\/www.europesays.com\/de\/wp-json\/wp\/v2\/posts\/705858","targetHints":{"allow":["GET"]}}],"collection":[{"href":"https:\/\/www.europesays.com\/de\/wp-json\/wp\/v2\/posts"}],"about":[{"href":"https:\/\/www.europesays.com\/de\/wp-json\/wp\/v2\/types\/post"}],"author":[{"embeddable":true,"href":"https:\/\/www.europesays.com\/de\/wp-json\/wp\/v2\/users\/2"}],"replies":[{"embeddable":true,"href":"https:\/\/www.europesays.com\/de\/wp-json\/wp\/v2\/comments?post=705858"}],"version-history":[{"count":0,"href":"https:\/\/www.europesays.com\/de\/wp-json\/wp\/v2\/posts\/705858\/revisions"}],"wp:featuredmedia":[{"embeddable":true,"href":"https:\/\/www.europesays.com\/de\/wp-json\/wp\/v2\/media\/700566"}],"wp:attachment":[{"href":"https:\/\/www.europesays.com\/de\/wp-json\/wp\/v2\/media?parent=705858"}],"wp:term":[{"taxonomy":"category","embeddable":true,"href":"https:\/\/www.europesays.com\/de\/wp-json\/wp\/v2\/categories?post=705858"},{"taxonomy":"post_tag","embeddable":true,"href":"https:\/\/www.europesays.com\/de\/wp-json\/wp\/v2\/tags?post=705858"}],"curies":[{"name":"wp","href":"https:\/\/api.w.org\/{rel}","templated":true}]}}