{"id":705877,"date":"2026-01-09T18:59:10","date_gmt":"2026-01-09T18:59:10","guid":{"rendered":"https:\/\/www.europesays.com\/de\/705877\/"},"modified":"2026-01-09T18:59:10","modified_gmt":"2026-01-09T18:59:10","slug":"schulen-bildungsministerium-und-basf-arbeiten-weiterhin-zusammen-ludwigshafen","status":"publish","type":"post","link":"https:\/\/www.europesays.com\/de\/705877\/","title":{"rendered":"Schulen: Bildungsministerium und BASF arbeiten weiterhin zusammen &#8211; Ludwigshafen"},"content":{"rendered":"<p class=\"rhp-dpa-teaser\"><b>An rheinland-pf\u00e4lzischen Schulen sollen Kinder mehr experimentieren und forschen. Die BASF sponsert das Projekt. Denn der Konzern braucht k\u00fcnftig viele kluge K\u00f6pfe.<\/b><\/p>\n<p>Was passiert, wenn man einen mit Luft gef\u00fcllten Ballon \u00fcber eine brennende Kerze h\u00e4lt? Und wie verh\u00e4lt sich ein ungef\u00fcllter Ballon, wenn man ihn \u00fcber den Hals einer Plastikflasche zieht und diese Flasche dann in ein hei\u00dfes Wasserbad stellt? Diese und andere spannende Experimente<\/p>\n<p class=\"\">Bitte loggen Sie sich ein um den Artikel im Klartext zu sehen.<\/p>\n<p class=\"\">sndeant am rageiFt   edr rvtneie Ksslae dre  in  uaf edm .tnuSlnneapd tMi  nseereIs,t vloerl keafmturAsekim udn live eegreNidu werna eid  ndu nenguJ dbiea in knleine enppurG am kre.W eiS ntahte reensedutns mtonereipn  ied eninh  ied thcleruS hucsean:t rDe <\/p>\n<p class=\"\">diemuBsglrnniits nSev ebuTer )DS(P und<\/p>\n","protected":false},"excerpt":{"rendered":"An rheinland-pf\u00e4lzischen Schulen sollen Kinder mehr experimentieren und forschen. Die BASF sponsert das Projekt. Denn der Konzern braucht&hellip;\n","protected":false},"author":2,"featured_media":705878,"comment_status":"","ping_status":"","sticky":false,"template":"","format":"standard","meta":{"footnotes":"","_share_on_mastodon":"0"},"categories":[1845],"tags":[1634,3948,8119,3364,29,548,663,3934,30,13,57357,1460,4060,25476,2096,14,15,12,162760,184,9914,162759],"class_list":["post-705877","post","type-post","status-publish","format-standard","has-post-thumbnail","category-mannheim","tag-baden-wuerttemberg","tag-basf","tag-bmbf","tag-de","tag-deutschland","tag-eu","tag-europa","tag-europe","tag-germany","tag-headlines","tag-katja-scharpwinkel","tag-kind","tag-lokal","tag-ludwigshafen","tag-mannheim","tag-nachrichten","tag-news","tag-schlagzeilen","tag-silke-mavridis","tag-spd","tag-sued","tag-sven-teuber"],"share_on_mastodon":{"url":"https:\/\/pubeurope.com\/@de\/115866682335900086","error":""},"_links":{"self":[{"href":"https:\/\/www.europesays.com\/de\/wp-json\/wp\/v2\/posts\/705877","targetHints":{"allow":["GET"]}}],"collection":[{"href":"https:\/\/www.europesays.com\/de\/wp-json\/wp\/v2\/posts"}],"about":[{"href":"https:\/\/www.europesays.com\/de\/wp-json\/wp\/v2\/types\/post"}],"author":[{"embeddable":true,"href":"https:\/\/www.europesays.com\/de\/wp-json\/wp\/v2\/users\/2"}],"replies":[{"embeddable":true,"href":"https:\/\/www.europesays.com\/de\/wp-json\/wp\/v2\/comments?post=705877"}],"version-history":[{"count":0,"href":"https:\/\/www.europesays.com\/de\/wp-json\/wp\/v2\/posts\/705877\/revisions"}],"wp:featuredmedia":[{"embeddable":true,"href":"https:\/\/www.europesays.com\/de\/wp-json\/wp\/v2\/media\/705878"}],"wp:attachment":[{"href":"https:\/\/www.europesays.com\/de\/wp-json\/wp\/v2\/media?parent=705877"}],"wp:term":[{"taxonomy":"category","embeddable":true,"href":"https:\/\/www.europesays.com\/de\/wp-json\/wp\/v2\/categories?post=705877"},{"taxonomy":"post_tag","embeddable":true,"href":"https:\/\/www.europesays.com\/de\/wp-json\/wp\/v2\/tags?post=705877"}],"curies":[{"name":"wp","href":"https:\/\/api.w.org\/{rel}","templated":true}]}}