{"id":706055,"date":"2026-01-09T20:37:19","date_gmt":"2026-01-09T20:37:19","guid":{"rendered":"https:\/\/www.europesays.com\/de\/706055\/"},"modified":"2026-01-09T20:37:19","modified_gmt":"2026-01-09T20:37:19","slug":"wie-omv-ca-immo-strabag-doco-vig-und-cpi-europe-ag-fuer-gespraechsstoff-im-atx-sorgten-2","status":"publish","type":"post","link":"https:\/\/www.europesays.com\/de\/706055\/","title":{"rendered":"Wie OMV, CA Immo, Strabag, DO&#038;CO, VIG und CPI Europe AG f\u00fcr Gespr\u00e4chsstoff im ATX sorgten"},"content":{"rendered":"<p>  09.01.2026,<br \/>\n    560 Zeichen<br \/>\n<br clear=\"all\"\/><\/p>\n<p><b>ATX:<\/b> -0,16%<\/p>\n<p>Social Comments zu den Gewinnern\/Verlierern<\/p>\n<p>\n BSN Podcasts\n<\/p>\n<p><a href=\"https:\/\/audio-cd.at\/page\/podcast\/8279\/\" style=\"text-decoration:none;line-height:1px;font-size:14px;color:#333\" target=\"_blank\" rel=\"noopener\"><br \/>\n      <b>Christian Drastil: Wiener B\u00f6rse Plausch<\/b><br \/>\n      <img decoding=\"async\" src=\"https:\/\/www.europesays.com\/de\/wp-content\/uploads\/2026\/01\/1767991034_586_100.jpeg\" style=\"width:50px; float:left;margin-right:10px;margin-top:2px\"\/><\/p>\n<p style=\"font-size:14px;margin-bottom:0;font-weight:normal;margin-top:6px;line-height:13px\">Wiener B\u00f6rse Party #1069: ATX zu Mittag leicht schw\u00e4cher, Semperit f\u00e4llt positiv auf, Germanys Stock Party l\u00e4uft, Bell Marija Marjanovic\n        <\/p>\n<p>      <\/a><\/p>\n<p>\u00a0<\/p>\n<p>    <br clear=\"all\"\/><br \/>\n        Bildnachweis<\/p>\n<p style=\"font-size:12px;margin-bottom:8px\">\n          1.<br \/>\n          OMV am 9.1. 3,27%, Volumen 122% normaler Tage <\/p>\n<p style=\"font-size:12px;margin-bottom:8px\">\n          2.<br \/>\n          CA Immo am 9.1. 2,70%, Volumen 129% normaler Tage <\/p>\n<p style=\"font-size:12px;margin-bottom:8px\">\n          3.<br \/>\n          DO&amp;CO am 9.1. 2,35%, Volumen 130% normaler Tage <\/p>\n<p style=\"font-size:12px;margin-bottom:8px\">\n          4.<br \/>\n          CPI Europe AG am 9.1. -1,67%, Volumen 162% normaler Tage <\/p>\n<p style=\"font-size:12px;margin-bottom:8px\">\n          5.<br \/>\n          VIG am 9.1. -2,34%, Volumen 120% normaler Tage <\/p>\n<p style=\"font-size:12px;margin-bottom:8px\">\n          6.<br \/>\n          Strabag am 9.1. -2,53%, Volumen 88% normaler Tage <\/p>\n<p><a href=\"https:\/\/boerse-social.com\/radar\/09.01.2026\" target=\"_blank\" rel=\"noopener\"><\/p>\n<p><b style=\"color:#333\">Aktien auf dem Radar:<\/b>Polytec Group, Addiko Bank, UBM, RHI Magnesita, Zumtobel, Agrana, Rosgix, CA Immo, DO&amp;CO, SBO, Gurktaler AG Stamm, Heid AG, OMV, Wolford, Palfinger, Rosenbauer, Oberbank AG Stamm, BTV AG, Flughafen Wien, BKS Bank Stamm, Josef Manner &amp; Comp. AG, Mayr-Melnhof, Athos Immobilien, Marinomed Biotech, Amag, \u00d6sterreichische Post, Verbund, Wienerberger.\n    <\/p>\n<p><\/a> <\/p>\n<p>  <a href=\"https:\/\/boerse-social.com\/partner\" target=\"_blank\" rel=\"noopener\">Random Partner<\/a><\/p>\n<p>            <a href=\"https:\/\/www.kontron.ag\" target=\"_blank\" style=\"border:0\" rel=\"noopener\"><br \/>\n                <img decoding=\"async\" src=\"https:\/\/www.europesays.com\/de\/wp-content\/uploads\/2026\/01\/200.png\" style=\"width:100px;\"\/><br \/>\n            <\/a><\/p>\n<p class=\"content\">\n            <a href=\"https:\/\/www.kontron.ag\" target=\"_blank\" rel=\"noopener\"><b style=\"font-weight:500;border-bottom:1px dotted #999\">Kontron<\/b><\/a><br \/>Der Technologiekonzern Kontron AG \u2013 ehemals S&amp;T AG \u2013 ist mit mehr als 6.000 Mitarbeitern und Niederlassungen in 32 L\u00e4ndern weltweit pr\u00e4sent. Das im SDAX\u00ae an der Deutschen B\u00f6rse gelistete Unternehmen ist einer der f\u00fchrenden Anbieter von IoT (Internet of Things) Technologien. In diesen Bereichen konzentriert sich Kontron auf die Entwicklung sicherer und vernetzter L\u00f6sungen durch ein kombiniertes Portfolio aus Hardware, Software und Services.\n        <\/p>\n<p style=\"padding-left:8px\">&gt;&gt; Besuchen Sie 62 weitere Partner auf <a href=\"http:\/\/boerse-social.com\/partner\" style=\"border-bottom:1px dotted #999\" target=\"_blank\" rel=\"noopener\">boerse-social.com\/partner<\/a><\/p>\n<p><br clear=\"all\"\/><\/p>\n<p>      <a href=\"#\" target=\"_blank\" style=\"border:0\" data-overlayer=\"effect:bottom;invert:on;overlaySelector:.overlay_bild\"><br \/>\n      <img decoding=\"async\" src=\"https:\/\/www.europesays.com\/de\/wp-content\/uploads\/2026\/01\/1767991035_549_1024;.jpeg\" data-retina=\"https:\/\/boerse-social.com\/media\/Content\/CD_Image\/image\/279310\/scalex\/2048;\"\/><\/p>\n<p>        OMV am 9.1. 3,27%, Volumen 122% normaler Tage\n      <\/p>\n<p>    <\/a><\/p>\n<p><a href=\"#\" target=\"_blank\" style=\"border:0\" data-overlayer=\"effect:bottom;invert:on;overlaySelector:.overlay_bild\"><br \/>\n      <img decoding=\"async\" src=\"https:\/\/www.europesays.com\/de\/wp-content\/uploads\/2026\/01\/1767991036_134_1024;.jpeg\" data-retina=\"https:\/\/boerse-social.com\/media\/Content\/CD_Image\/image\/279311\/scalex\/2048;\"\/><\/p>\n<p>        CA Immo am 9.1. 2,70%, Volumen 129% normaler Tage\n      <\/p>\n<p>    <\/a>\n    <\/p>\n<p><a href=\"#\" target=\"_blank\" style=\"border:0\" data-overlayer=\"effect:bottom;invert:on;overlaySelector:.overlay_bild\"><br \/>\n      <img decoding=\"async\" src=\"https:\/\/www.europesays.com\/de\/wp-content\/uploads\/2026\/01\/1767991037_811_1024;.jpeg\" data-retina=\"https:\/\/boerse-social.com\/media\/Content\/CD_Image\/image\/279312\/scalex\/2048;\"\/><\/p>\n<p>        DO&amp;CO am 9.1. 2,35%, Volumen 130% normaler Tage\n      <\/p>\n<p>    <\/a>\n    <\/p>\n<p><a href=\"#\" target=\"_blank\" style=\"border:0\" data-overlayer=\"effect:bottom;invert:on;overlaySelector:.overlay_bild\"><br \/>\n      <img decoding=\"async\" src=\"https:\/\/www.europesays.com\/de\/wp-content\/uploads\/2026\/01\/1767991038_467_1024;.jpeg\" data-retina=\"https:\/\/boerse-social.com\/media\/Content\/CD_Image\/image\/279313\/scalex\/2048;\"\/><\/p>\n<p>        CPI Europe AG am 9.1. -1,67%, Volumen 162% normaler Tage\n      <\/p>\n<p>    <\/a>\n    <\/p>\n<p><a href=\"#\" target=\"_blank\" style=\"border:0\" data-overlayer=\"effect:bottom;invert:on;overlaySelector:.overlay_bild\"><br \/>\n      <img decoding=\"async\" src=\"https:\/\/www.europesays.com\/de\/wp-content\/uploads\/2026\/01\/1767991038_196_1024;.jpeg\" data-retina=\"https:\/\/boerse-social.com\/media\/Content\/CD_Image\/image\/279314\/scalex\/2048;\"\/><\/p>\n<p>        VIG am 9.1. -2,34%, Volumen 120% normaler Tage\n      <\/p>\n<p>    <\/a>\n    <\/p>\n<p><a href=\"#\" target=\"_blank\" style=\"border:0\" data-overlayer=\"effect:bottom;invert:on;overlaySelector:.overlay_bild\"><br \/>\n      <img decoding=\"async\" src=\"https:\/\/www.europesays.com\/de\/wp-content\/uploads\/2026\/01\/1767991039_371_1024;.jpeg\" data-retina=\"https:\/\/boerse-social.com\/media\/Content\/CD_Image\/image\/279315\/scalex\/2048;\"\/><\/p>\n<p>        Strabag am 9.1. -2,53%, Volumen 88% normaler Tage\n      <\/p>\n<p>    <\/a>\n    <\/p>\n","protected":false},"excerpt":{"rendered":"09.01.2026, 560 Zeichen ATX: -0,16% Social Comments zu den Gewinnern\/Verlierern BSN Podcasts Christian Drastil: Wiener B\u00f6rse Plausch Wiener&hellip;\n","protected":false},"author":2,"featured_media":706056,"comment_status":"","ping_status":"","sticky":false,"template":"","format":"standard","meta":{"footnotes":""},"categories":[3933],"tags":[19836,11554,331,332,18099,18109,18111,18112,26017,26018,548,663,158,3934,3935,13,19837,18110,14,15,18108,18102,12,18101,18100,19835],"class_list":{"0":"post-706055","1":"post","2":"type-post","3":"status-publish","4":"format-standard","5":"has-post-thumbnail","7":"category-eu","8":"tag-ag","9":"tag-aktie","10":"tag-aktuelle-nachrichten","11":"tag-aktuelle-news","12":"tag-atx","13":"tag-ca","14":"tag-cai","15":"tag-cpi","16":"tag-doco","17":"tag-doc","18":"tag-eu","19":"tag-europa","20":"tag-europaeische-union","21":"tag-europe","22":"tag-european-union","23":"tag-headlines","24":"tag-iia","25":"tag-immo","26":"tag-nachrichten","27":"tag-news","28":"tag-omv","29":"tag-perf","30":"tag-schlagzeilen","31":"tag-sk","32":"tag-symbol","33":"tag-vig"},"share_on_mastodon":{"url":"https:\/\/pubeurope.com\/@de\/115867067916659898","error":""},"_links":{"self":[{"href":"https:\/\/www.europesays.com\/de\/wp-json\/wp\/v2\/posts\/706055","targetHints":{"allow":["GET"]}}],"collection":[{"href":"https:\/\/www.europesays.com\/de\/wp-json\/wp\/v2\/posts"}],"about":[{"href":"https:\/\/www.europesays.com\/de\/wp-json\/wp\/v2\/types\/post"}],"author":[{"embeddable":true,"href":"https:\/\/www.europesays.com\/de\/wp-json\/wp\/v2\/users\/2"}],"replies":[{"embeddable":true,"href":"https:\/\/www.europesays.com\/de\/wp-json\/wp\/v2\/comments?post=706055"}],"version-history":[{"count":0,"href":"https:\/\/www.europesays.com\/de\/wp-json\/wp\/v2\/posts\/706055\/revisions"}],"wp:featuredmedia":[{"embeddable":true,"href":"https:\/\/www.europesays.com\/de\/wp-json\/wp\/v2\/media\/706056"}],"wp:attachment":[{"href":"https:\/\/www.europesays.com\/de\/wp-json\/wp\/v2\/media?parent=706055"}],"wp:term":[{"taxonomy":"category","embeddable":true,"href":"https:\/\/www.europesays.com\/de\/wp-json\/wp\/v2\/categories?post=706055"},{"taxonomy":"post_tag","embeddable":true,"href":"https:\/\/www.europesays.com\/de\/wp-json\/wp\/v2\/tags?post=706055"}],"curies":[{"name":"wp","href":"https:\/\/api.w.org\/{rel}","templated":true}]}}