{"id":706075,"date":"2026-01-09T20:48:04","date_gmt":"2026-01-09T20:48:04","guid":{"rendered":"https:\/\/www.europesays.com\/de\/706075\/"},"modified":"2026-01-09T20:48:04","modified_gmt":"2026-01-09T20:48:04","slug":"dringende-anordnung-am-hauptbahnhof-nuernberg","status":"publish","type":"post","link":"https:\/\/www.europesays.com\/de\/706075\/","title":{"rendered":"Dringende Anordnung am Hauptbahnhof N\u00fcrnberg"},"content":{"rendered":"<p><strong><br \/>\n           Die Bundespolizei f\u00fchrt in N\u00fcrnberg und Augsburg ein Mitf\u00fchrverbot f\u00fcr gef\u00e4hrliche Gegenst\u00e4nde ein. Dies dient dem Schutz von Reisenden und der Verhinderung von Gewaltstraftaten.<br \/>\n          <\/strong>\n          <\/p>\n<p>Die Bundespolizei erl\u00e4sst im Zeitraum vom 9. Januar 2026, 15 Uhr, bis 11. Januar 2026, 3 Uhr, eine Allgemeinverf\u00fcgung f\u00fcr den Hauptbahnhof N\u00fcrnberg und den Hauptbahnhof Augsburg. In dieser Zeit ist das Mitf\u00fchren von gef\u00e4hrlichen Werkzeugen, Schusswaffen, Schreckschusswaffen sowie Hieb-, Sto\u00df- und Stichwaffen, inklusive aller Messerarten, untersagt.<\/p>\n<p>Der Geltungsbereich der Allgemeinverf\u00fcgung umfasst s\u00e4mtliche Geb\u00e4udeteile der beiden Hauptbahnh\u00f6fe. Dazu geh\u00f6ren die Personentunnel, die zugeh\u00f6rigen Bahnsteige sowie alle \u00f6ffentlich zug\u00e4nglichen Ebenen.<\/p>\n<p>Aus Sicherheitsgr\u00fcnden ist das Mitf\u00fchren gef\u00e4hrlicher Gegenst\u00e4nde in den festgelegten Zeitr\u00e4umen untersagt. Ziel dieser Ma\u00dfnahme ist es, Gewaltstraftaten zu verhindern und gleichzeitig Reisende sowie Polizeibeamte vor m\u00f6glichen Angriffen zu sch\u00fctzen.<\/p>\n<p>Unsere Top-Nachrichten des Tages f\u00fcr deinen schnellen \u00dcberblick am Abend.<\/p>\n<p>\n                      Nichts verpassen mit dem Top-Themen-Newsletter t\u00e4glich um 18 Uhr\n                <\/p>\n<p class=\"hint\">Mit deiner Registrierung nimmst du die <a href=\"https:\/\/www.infranken.de\/datenschutz\/datenschutz-art-3144\" target=\"_blank\" rel=\"noopener\">Datenschutzerkl\u00e4rung<\/a> zur Kenntnis<\/p>\n<p>Die Bundespolizei wird die Einhaltung des Verbots \u00fcberwachen. Bei Verst\u00f6\u00dfen gegen die Allgemeinverf\u00fcgungen k\u00f6nnen die betroffenen Gegenst\u00e4nde sichergestellt werden. Unabh\u00e4ngig von m\u00f6glichen Straf- oder Ordnungswidrigkeitenverfahren nach dem Waffengesetz kann zudem ein Zwangsgeld verh\u00e4ngt werden. Weitere m\u00f6gliche Konsequenzen sind Platzverweise oder Bahnhofsverbote.<\/p>\n<p>Die genauen Bestimmungen und Ausnahmen von diesem Verbot sind in den Allgemeinverf\u00fcgungen enthalten, welche auf der Homepage der Bundespolizei ver\u00f6ffentlicht wurden: www.bundespolizei.de\/allgemeinverf\u00fcgung. In den genannten Hauptbahnh\u00f6fen wird au\u00dferdem auf Plakaten auf das Mitf\u00fchrverbot hingewiesen. Die Ma\u00dfnahmen wurden in enger Zusammenarbeit mit der Polizei des Landes Bayern und der Deutschen Bahn AG abgestimmt.<\/p>\n<p>Ein Redakteur hat die vorliegende Polizeimeldung unter der teilweisen Verwendung eines KI-Sprachmodells verfasst und\/oder optimiert. S\u00e4mtliche Informationen wurden sorgf\u00e4ltig gepr\u00fcft.<\/p>\n<p>\nVorschaubild: \u00a9 NEWS5 \/ Merzbach (Symbolbild)<\/p>\n","protected":false},"excerpt":{"rendered":"Die Bundespolizei f\u00fchrt in N\u00fcrnberg und Augsburg ein Mitf\u00fchrverbot f\u00fcr gef\u00e4hrliche Gegenst\u00e4nde ein. Dies dient dem Schutz von&hellip;\n","protected":false},"author":2,"featured_media":565878,"comment_status":"","ping_status":"","sticky":false,"template":"","format":"standard","meta":{"footnotes":""},"categories":[1837],"tags":[772,3364,29,30,3783],"class_list":{"0":"post-706075","1":"post","2":"type-post","3":"status-publish","4":"format-standard","5":"has-post-thumbnail","7":"category-nuernberg","8":"tag-bayern","9":"tag-de","10":"tag-deutschland","11":"tag-germany","12":"tag-nuernberg"},"share_on_mastodon":{"url":"https:\/\/pubeurope.com\/@de\/115867110862066689","error":""},"_links":{"self":[{"href":"https:\/\/www.europesays.com\/de\/wp-json\/wp\/v2\/posts\/706075","targetHints":{"allow":["GET"]}}],"collection":[{"href":"https:\/\/www.europesays.com\/de\/wp-json\/wp\/v2\/posts"}],"about":[{"href":"https:\/\/www.europesays.com\/de\/wp-json\/wp\/v2\/types\/post"}],"author":[{"embeddable":true,"href":"https:\/\/www.europesays.com\/de\/wp-json\/wp\/v2\/users\/2"}],"replies":[{"embeddable":true,"href":"https:\/\/www.europesays.com\/de\/wp-json\/wp\/v2\/comments?post=706075"}],"version-history":[{"count":0,"href":"https:\/\/www.europesays.com\/de\/wp-json\/wp\/v2\/posts\/706075\/revisions"}],"wp:featuredmedia":[{"embeddable":true,"href":"https:\/\/www.europesays.com\/de\/wp-json\/wp\/v2\/media\/565878"}],"wp:attachment":[{"href":"https:\/\/www.europesays.com\/de\/wp-json\/wp\/v2\/media?parent=706075"}],"wp:term":[{"taxonomy":"category","embeddable":true,"href":"https:\/\/www.europesays.com\/de\/wp-json\/wp\/v2\/categories?post=706075"},{"taxonomy":"post_tag","embeddable":true,"href":"https:\/\/www.europesays.com\/de\/wp-json\/wp\/v2\/tags?post=706075"}],"curies":[{"name":"wp","href":"https:\/\/api.w.org\/{rel}","templated":true}]}}