{"id":706321,"date":"2026-01-09T23:03:15","date_gmt":"2026-01-09T23:03:15","guid":{"rendered":"https:\/\/www.europesays.com\/de\/706321\/"},"modified":"2026-01-09T23:03:15","modified_gmt":"2026-01-09T23:03:15","slug":"del-loewen-kassieren-heimklatsche-gegen-mannheim","status":"publish","type":"post","link":"https:\/\/www.europesays.com\/de\/706321\/","title":{"rendered":"DEL: L\u00f6wen kassieren Heimklatsche gegen Mannheim"},"content":{"rendered":"<p>Die L\u00f6wen Frankfurt kommen in der DEL nicht vom Fleck. Gegen die Adler Mannheim setzte es eine deutliche Heimniederlage. <\/p>\n<p><img decoding=\"async\"  loading=\"auto\" fetchpriority=\"high\"  src=\"data:image\/gif;base64,R0lGODlhAQABAIAAAP\/\/\/wAAACH5BAEAAAAALAAAAAABAAEAAAICRAEAOw==\" alt=\"L\u00f6wen Frankfurt\" class=\"w-full\"\/><\/p>\n<p>Die L\u00f6wen Frankfurt haben gegen Mannheim verloren<br \/>\nBild \u00a9  hessenschau.de                                                            <\/p>\n<p>                    Audiobeitrag                             <\/p>\n<p>Bild \u00a9  imago|<a href=\"https:\/\/www.hessenschau.de\/sport\/eishockey\/loewen-verlieren-gegen-mannheim,loewen-adler-116.html\" class=\"ds-link js-load  hover:underline hover:!decoration-1 text-link dark:text-link-dark \" target=\"_blank\" rel=\"noopener\"><br \/>\nzur Audio-Einzelseite<br \/>\n<\/a>                                            <\/p>\n<p>Ende des Audiobeitrags <\/p>\n<p class=\"hrds-copytext__paragraph mt-4 sm:mt-5 text-lg leading-normal sm480:text-xl lg:leading-7.5 dark:text-text-dark\">Die L\u00f6wen Frankfurt haben in der DEL die dritte Niederlage in Folge kassiert. Die Hessen verloren am Freitagabend ihre Heimspiel gegen die Adler Mannheim deutlich mit 2:6. Die G\u00e4ste waren in Frankfurt von Beginn an das spielbestimmende Team und f\u00fchrten bereits zu Beginn des zweiten Drittels mit 3:0.<\/p>\n<p class=\"hrds-copytext__paragraph mt-4 sm:mt-5 text-lg leading-normal sm480:text-xl lg:leading-7.5 dark:text-text-dark\">Die Treffer f\u00fcr die L\u00f6wen erzielten Daniel Pfaffengut und Michael Joyaux. Mit 35 Punkten liegen die L\u00f6wen auf dem vorletzten Tabellenplatz 13.<\/p>\n<p class=\"hrds-copytext__paragraph mt-4 sm:mt-5 text-lg leading-normal sm480:text-xl lg:leading-7.5 dark:text-text-dark\">In der DEL2 besiegten die Kassel Huskies die Ravensburg Towerstars mit 4:2. Der EC Bad Nauheim schlug Weiden mit 3:2 in der Overtime.<\/p>\n<p>\nSendung:<br \/>\nhessenschau.de, L\u00f6wen verlieren gegen Mannheim,<\/p>\n<p>09.01.26, 22:56 Uhr<\/p>\n<p>Quelle: hessenschau.de<\/p>\n","protected":false},"excerpt":{"rendered":"Die L\u00f6wen Frankfurt kommen in der DEL nicht vom Fleck. Gegen die Adler Mannheim setzte es eine deutliche&hellip;\n","protected":false},"author":2,"featured_media":706322,"comment_status":"","ping_status":"","sticky":false,"template":"","format":"standard","meta":{"footnotes":""},"categories":[1845],"tags":[1634,3364,29,548,663,3934,30,13,2096,14,15,12],"class_list":{"0":"post-706321","1":"post","2":"type-post","3":"status-publish","4":"format-standard","5":"has-post-thumbnail","7":"category-mannheim","8":"tag-baden-wuerttemberg","9":"tag-de","10":"tag-deutschland","11":"tag-eu","12":"tag-europa","13":"tag-europe","14":"tag-germany","15":"tag-headlines","16":"tag-mannheim","17":"tag-nachrichten","18":"tag-news","19":"tag-schlagzeilen"},"share_on_mastodon":{"url":"https:\/\/pubeurope.com\/@de\/115867641711205343","error":""},"_links":{"self":[{"href":"https:\/\/www.europesays.com\/de\/wp-json\/wp\/v2\/posts\/706321","targetHints":{"allow":["GET"]}}],"collection":[{"href":"https:\/\/www.europesays.com\/de\/wp-json\/wp\/v2\/posts"}],"about":[{"href":"https:\/\/www.europesays.com\/de\/wp-json\/wp\/v2\/types\/post"}],"author":[{"embeddable":true,"href":"https:\/\/www.europesays.com\/de\/wp-json\/wp\/v2\/users\/2"}],"replies":[{"embeddable":true,"href":"https:\/\/www.europesays.com\/de\/wp-json\/wp\/v2\/comments?post=706321"}],"version-history":[{"count":0,"href":"https:\/\/www.europesays.com\/de\/wp-json\/wp\/v2\/posts\/706321\/revisions"}],"wp:featuredmedia":[{"embeddable":true,"href":"https:\/\/www.europesays.com\/de\/wp-json\/wp\/v2\/media\/706322"}],"wp:attachment":[{"href":"https:\/\/www.europesays.com\/de\/wp-json\/wp\/v2\/media?parent=706321"}],"wp:term":[{"taxonomy":"category","embeddable":true,"href":"https:\/\/www.europesays.com\/de\/wp-json\/wp\/v2\/categories?post=706321"},{"taxonomy":"post_tag","embeddable":true,"href":"https:\/\/www.europesays.com\/de\/wp-json\/wp\/v2\/tags?post=706321"}],"curies":[{"name":"wp","href":"https:\/\/api.w.org\/{rel}","templated":true}]}}