{"id":706634,"date":"2026-01-10T02:03:19","date_gmt":"2026-01-10T02:03:19","guid":{"rendered":"https:\/\/www.europesays.com\/de\/706634\/"},"modified":"2026-01-10T02:03:19","modified_gmt":"2026-01-10T02:03:19","slug":"usa-beschlagnahmen-weiteren-oeltanker","status":"publish","type":"post","link":"https:\/\/www.europesays.com\/de\/706634\/","title":{"rendered":"USA beschlagnahmen weiteren \u00d6ltanker"},"content":{"rendered":"<p>Newsblog zur US-Politik <\/p>\n<p>USA beschlagnahmen weiteren \u00d6ltanker<\/p>\n<p>Aktualisiert am 10.01.2026 &#8211; 01:57 UhrLesedauer: 21 Min.<\/p>\n<p><a href=\"#focus-0\" class=\"transition-colors duration-200 block text-current relative\" data-sctrack=\"FocusGalleryImage.Reference\"><img fetchpriority=\"high\" data-testid=\"Opener.Image\" style=\"--lqipURL:url('https:\/\/images.t-online.de\/2025\/12\/rTUCgAibWeG9\/0x107:2048x1152\/fit-in\/150x0\/filters:blur(25)\/das-beste-weihnachtsgeschenk-sei-fuer-illegale-auslaender-die-selbstabschiebung-wirbt-us-heimatschutzministerin-kristi-noem.jpg')\"   loading=\"eager\" src=\"https:\/\/www.europesays.com\/de\/wp-content\/uploads\/2026\/01\/das-beste-weihnachtsgeschenk-sei-fuer-illegale-auslaender-die-selbstabschiebung-wirbt-us-heimatschut.jpeg\" alt=\"Kristi Noem \u00fcber Sicherheit der US-Nordgrenze\" title=\"Kristi Noem \u00fcber Sicherheit der US-Nordgrenze\" width=\"2048\" height=\"1152\" class=\"bg-[url:var(--lqipURL)] bg-cover bg-center flex h-full w-full max-w-full\" decoding=\"async\"\/><img style=\"--width:32;--height:32\" loading=\"lazy\" src=\"https:\/\/www.t-online.de\/s\/paper\/_next\/static\/media\/zoom-in.f7dae02f.svg\" alt=\"Vergr\u00f6\u00dfern des Bildes\" title=\"Vergr\u00f6\u00dfern des Bildes\" class=\"block h-[calc(var(--height)_\/_16_*_1rem)] w-[calc(var(--width)_\/_16_*_1rem)] max-w-none absolute bottom-8 right-8 rounded-4 bg-snow p-8\" decoding=\"async\"\/><\/a><\/p>\n<p>US-Heimatschutzministerin Kristi Noem hat bekannt gegeben, dass die USA einen weiteren \u00d6ltanker aufgehalten haben. (Quelle: Paul Sancya\/AP\/dpa\/dpa-bilder)<\/p>\n<p class=\"font-bold text-18 leading-17\">Die USA intensivieren ihre Bem\u00fchungen um Gr\u00f6nland. Bundesbeamte schie\u00dfen auf zwei Menschen in Portland. Alle Entwicklungen im Newsblog.<\/p>\n<p class=\"text-18 leading-17\">US-Pr\u00e4sident <a class=\"transition-colors duration-200 cursor-pointer text-inherit no-underline text-salemsfur md:hover:text-magenta md:hover:border-magenta md:focus:text-magenta border-current border-b border-solid break-words\" href=\"https:\/\/www.t-online.de\/themen\/donald-trump\/\" data-sctrack=\"BodyAnchor\" target=\"_blank\" rel=\"noopener\">Donald Trump<\/a> hat sich am Freitag mit den Chefs einiger der weltgr\u00f6\u00dften \u00d6lkonzerne getroffen und sie zu Investitionen in H\u00f6he von 100 Milliarden Dollar in <a class=\"transition-colors duration-200 cursor-pointer text-inherit no-underline text-salemsfur md:hover:text-magenta md:hover:border-magenta md:focus:text-magenta border-current border-b border-solid break-words\" href=\"https:\/\/www.t-online.de\/themen\/venezuela\/\" data-sctrack=\"BodyAnchor\" target=\"_blank\" rel=\"noopener\">Venezuela<\/a> gedr\u00e4ngt. Ziel sei es, die Energiebranche des Landes nach der Festnahme von Staatschef <a class=\"transition-colors duration-200 cursor-pointer text-inherit no-underline text-salemsfur md:hover:text-magenta md:hover:border-magenta md:focus:text-magenta border-current border-b border-solid break-words\" href=\"https:\/\/www.t-online.de\/themen\/nicolas-maduro\/\" data-sctrack=\"BodyAnchor\" target=\"_blank\" rel=\"noopener\">Nicolas Maduro<\/a> wieder aufzubauen und die \u00d6lf\u00f6rderung massiv auszubauen.<\/p>\n<p class=\"text-18 leading-17\">&#8222;US-Konzerne werden die Gelegenheit haben, die verrottende Energie-Infrastruktur Venezuelas wieder aufzubauen&#8220;, sagte Trump zu Beginn des Treffens im Wei\u00dfen Haus. Zudem lobte er eine Vereinbarung mit der venezolanischen \u00dcbergangsf\u00fchrung \u00fcber die Lieferung von 50 Millionen Barrel Roh\u00f6l an die <a class=\"transition-colors duration-200 cursor-pointer text-inherit no-underline text-salemsfur md:hover:text-magenta md:hover:border-magenta md:focus:text-magenta border-current border-b border-solid break-words\" href=\"https:\/\/www.t-online.de\/themen\/usa\/\" data-sctrack=\"BodyAnchor\" target=\"_blank\" rel=\"noopener\">USA<\/a>.<\/p>\n<p class=\"text-18 leading-17\">Nach den t\u00f6dlichen Sch\u00fcssen auf eine Frau in Minneapolis gehen die Proteste gegen Eins\u00e4tze der US-Einwanderungsbeh\u00f6rde ICE weiter. In mehreren US-Bundesstaaten kam es zu Solidarit\u00e4tskundgebungen. In der Gro\u00dfstadt Minneapolis im Bundesstaat Minnesota im Norden der USA demonstrierten am Freitag (Ortszeit) nach Angaben von US-Medien unter anderem auch Dutzende Sch\u00fclerinnen und Sch\u00fcler gegen die Pr\u00e4senz der Einwanderungsbeh\u00f6rden.<\/p>\n<p class=\"text-18 leading-17\">F\u00fcr das Wochenende sind Medienberichten zufolge landesweit Hunderte Proteste und Kundgebungen unter dem Motto &#8222;ICE Out For Good&#8220; angek\u00fcndigt. Ein B\u00fcndnis aus B\u00fcrgerrechts- und Migrantenorganisationen hatte dazu aufgerufen. Die Aktionen sollen nach Angaben der Veranstalter friedlich verlaufen und sich gegen zunehmende Gewalt von Einwanderungsbeh\u00f6rden sowie Eins\u00e4tze in lokalen Gemeinden und an Schulen richten.<\/p>\n<p class=\"text-18 leading-17\">Bei einem Treffen mit F\u00fchrungskr\u00e4ften der \u00d6l- und Gasindustrie hat US-Pr\u00e4sident Donald Trump erkl\u00e4rt, dass er sich n\u00e4chste Woche mit der venezolanischen Oppositionsf\u00fchrerin Mar\u00eda Corina Machado treffen wolle. &#8222;Sie wird zu Besuch kommen und unserem Land ihre Aufwartung machen&#8220;, sagte Trump. &#8222;Und sie kommt irgendwann n\u00e4chste Woche, ich glaube, am Dienstag oder Mittwoch.&#8220; Er f\u00fcgte hinzu, dass die Beziehungen zur venezolanischen Interimspr\u00e4sidentin Delcy Rodriguez derzeit &#8222;sehr gut&#8220; seien.<\/p>\n","protected":false},"excerpt":{"rendered":"Newsblog zur US-Politik USA beschlagnahmen weiteren \u00d6ltanker Aktualisiert am 10.01.2026 &#8211; 01:57 UhrLesedauer: 21 Min. US-Heimatschutzministerin Kristi Noem&hellip;\n","protected":false},"author":2,"featured_media":706635,"comment_status":"","ping_status":"","sticky":false,"template":"","format":"standard","meta":{"footnotes":""},"categories":[3977],"tags":[1217,326,522,331,332,79367,227,1160,114555,106,980,72170,452,13,2229,13132,20044,10105,105747,63152,63043,14,15,3129,23560,14275,117232,3186,1125,307,12,966,650,4017,4018,4016,64,1700,4019,4020,320],"class_list":{"0":"post-706634","1":"post","2":"type-post","3":"status-publish","4":"format-standard","5":"has-post-thumbnail","7":"category-usa","8":"tag-1217","9":"tag-326","10":"tag-522","11":"tag-aktuelle-nachrichten","12":"tag-aktuelle-news","13":"tag-bundesbeamte","14":"tag-china","15":"tag-daenemark","16":"tag-delcy-rodriguez","17":"tag-donald-trump","18":"tag-festnahme","19":"tag-friedensnobelpreis","20":"tag-groenland","21":"tag-headlines","22":"tag-ice","23":"tag-karibik","24":"tag-kristi-noem","25":"tag-mac","26":"tag-maria-corina-machado","27":"tag-minneapolis","28":"tag-minnesota","29":"tag-nachrichten","30":"tag-news","31":"tag-newsblog","32":"tag-nicolas-maduro","33":"tag-oeltanker","34":"tag-portland","35":"tag-reuters","36":"tag-rohoel","37":"tag-russland","38":"tag-schlagzeilen","39":"tag-schule","40":"tag-taiwan","41":"tag-united-states","42":"tag-united-states-of-america","43":"tag-us","44":"tag-usa","45":"tag-venezuela","46":"tag-vereinigte-staaten","47":"tag-vereinigte-staaten-von-amerika","48":"tag-washington"},"share_on_mastodon":{"url":"","error":"Validation failed: Text character limit of 500 exceeded"},"_links":{"self":[{"href":"https:\/\/www.europesays.com\/de\/wp-json\/wp\/v2\/posts\/706634","targetHints":{"allow":["GET"]}}],"collection":[{"href":"https:\/\/www.europesays.com\/de\/wp-json\/wp\/v2\/posts"}],"about":[{"href":"https:\/\/www.europesays.com\/de\/wp-json\/wp\/v2\/types\/post"}],"author":[{"embeddable":true,"href":"https:\/\/www.europesays.com\/de\/wp-json\/wp\/v2\/users\/2"}],"replies":[{"embeddable":true,"href":"https:\/\/www.europesays.com\/de\/wp-json\/wp\/v2\/comments?post=706634"}],"version-history":[{"count":0,"href":"https:\/\/www.europesays.com\/de\/wp-json\/wp\/v2\/posts\/706634\/revisions"}],"wp:featuredmedia":[{"embeddable":true,"href":"https:\/\/www.europesays.com\/de\/wp-json\/wp\/v2\/media\/706635"}],"wp:attachment":[{"href":"https:\/\/www.europesays.com\/de\/wp-json\/wp\/v2\/media?parent=706634"}],"wp:term":[{"taxonomy":"category","embeddable":true,"href":"https:\/\/www.europesays.com\/de\/wp-json\/wp\/v2\/categories?post=706634"},{"taxonomy":"post_tag","embeddable":true,"href":"https:\/\/www.europesays.com\/de\/wp-json\/wp\/v2\/tags?post=706634"}],"curies":[{"name":"wp","href":"https:\/\/api.w.org\/{rel}","templated":true}]}}