{"id":706968,"date":"2026-01-10T05:22:19","date_gmt":"2026-01-10T05:22:19","guid":{"rendered":"https:\/\/www.europesays.com\/de\/706968\/"},"modified":"2026-01-10T05:22:19","modified_gmt":"2026-01-10T05:22:19","slug":"hiobsbotschaft-fuer-1860-muenchen-top-talent-verletzt-ausgewechselt","status":"publish","type":"post","link":"https:\/\/www.europesays.com\/de\/706968\/","title":{"rendered":"Hiobsbotschaft f\u00fcr 1860 M\u00fcnchen: Top-Talent verletzt ausgewechselt"},"content":{"rendered":"<ol class=\"id-DonaldBreadcrumb lp_west_breadcrumb id-DonaldBreadcrumb--default\" data-k5a-pos=\"west_breadcrumb\">\n<li class=\"id-Breadcrumb-item\"><a href=\"https:\/\/www.merkur.de\/\" class=\"id-Breadcrumb-link\" data-id-ec=\"{\" shn=\"\" textlink=\"\" data-k5a-pos=\"1_startseite\" target=\"_blank\" rel=\"noopener\">Startseite<\/a><\/li>\n<li class=\"id-Breadcrumb-item\"><a href=\"https:\/\/www.merkur.de\/sport\/\" class=\"id-Breadcrumb-link\" data-id-ec=\"{\" shn=\"\" textlink=\"\" data-k5a-pos=\"2_sport\" target=\"_blank\" rel=\"noopener\">Sport<\/a><\/li>\n<li class=\"id-Breadcrumb-item\"><a href=\"https:\/\/www.merkur.de\/sport\/tsv-1860\/\" class=\"id-Breadcrumb-link\" data-id-ec=\"{\" shn=\"\" textlink=\"\" data-k5a-pos=\"3_tsv1860\" target=\"_blank\" rel=\"noopener\">TSV 1860<\/a><\/li>\n<\/ol>\n<p class=\"id-Story-timestamp id-Story-timestamp--default\">Stand: 09.01.2026, 17:19 Uhr<\/p>\n<p class=\"id-Story-authors id-Story-authors--default\">Von: <a class=\"id-Story-authors-link lp_west_author\" href=\"https:\/\/www.merkur.de\/autor\/michel-guddat-swqreb3v.html\" title=\"Zur Autorenseite von Michel Guddat\" data-id-ec=\"{\" shn=\"\" author-link=\"\" guddat=\"\" data-k5a-pos=\"west_author\" target=\"_blank\" rel=\"noopener\">Michel Guddat<\/a><\/p>\n<p class=\"id-Story-interactionBar id-Story-interactionBar--default\">DruckenTeilen<\/p>\n<p class=\"id-StoryElement-leadText\">Zun\u00e4chst wollte ein Zweitligist Sean Dulic abwerben, jetzt der Schock: Das 1860-Abwehrtalent verletzte sich im Testspiel gegen Winterthur.<\/p>\n<p class=\"id-StoryElement-paragraph\"><strong>Update vom 9. Januar, 17:00 Uhr:<\/strong> Die schlimmen Bef\u00fcrchtungen um den Gesundheitszustand von Sean Dulic haben sich wohl best\u00e4tigt. Der 20-J\u00e4hrige war bei einem Kl\u00e4rungsversuch im eigenen Strafraum von seinem Gegenspieler geschoben worden und blieb dabei im Rasen h\u00e4ngen. Innenverteidiger-Kollege Max Reinthaler eilte zu Dulic und gab sofort das Wechsel-Zeichen an die L\u00f6wen-Bank. <\/p>\n<p class=\"id-StoryElement-paragraph\">Trainer Markus Kauczinski gab nach dem 4:1-Testspiel bekannt, dass Dulic gegen Rot-Weiss Essen ausfallen werde. Er habe sich eine Zerrung oder einen Muskelfaserriss zugezogen. \u201eWas Sean f\u00fcr eine Verletzung genau hat, k\u00f6nnen wir erst nach der MRT-Untersuchung sagen\u201c, wird der \u00dcbungsleiter bei db24 zitiert. Damit f\u00e4llt neben Kapit\u00e4n Jesper Verlaat die n\u00e4chste Stammkraft der Dreierkette aus. Als Ersatz st\u00fcnde Raphael Schifferl bereit, der gegen den FC Winterthur selbst erst sein Comeback nach langer Verletzungspause feierte.<\/p>\n<p>1860-Verteidiger Sean Dulic im Test gegen Winterthur verletzt ausgewechselt<\/p>\n<p class=\"id-StoryElement-paragraph\"><strong>Erstmeldung vom 9. Januar, 15:31 Uhr:<\/strong><br \/>\n<br \/>M\u00fcnchen \u2013 Erneute Sorgen beim <a href=\"https:\/\/www.tz.de\/sport\/1860-muenchen\/\" class=\"id-import-Link id-pageApi-Link--externalDomain\" title=\"1860 M&#xFC;nchen\" data-id-ec=\"{&quot;sht&quot;:&quot;Container&quot;,&quot;shn&quot;:&quot;Story&quot;,&quot;p&quot;:{&quot;containerType&quot;:&quot;Paragraph&quot;,&quot;displayType&quot;:&quot;Paragraph InlineLink&quot;,&quot;type&quot;:&quot;INLINE_LINK&quot;,&quot;value&quot;:&quot;TSV 1860&quot;,&quot;variant&quot;:&quot;standardLink&quot;,&quot;sponsored&quot;:false,&quot;linkHref&quot;:&quot;https:\/\/www.tz.de\/sport\/1860-muenchen\/&quot;,&quot;storyElementPosition&quot;:12,&quot;storyElementCount&quot;:22}}\" target=\"_blank\" rel=\"noopener\">TSV 1860<\/a>: Im Testspiel gegen den FC Winterthur verletzte sich Innenverteidiger Sean Dulic kurz vor dem Ende der ersten Halbzeit und musste ausgewechselt werden. Der 20-J\u00e4hrige wurde direkt ins Hotel gefahren, wo die medizinische Abteilung der L\u00f6wen eine erste Untersuchung vornahm. Wie schwerwiegend die Blessur ist, wird sich in den kommenden Stunden zeigen. F\u00fcr das Spiel gegen Rot-Weiss Essen (17. Januar) steht das Kraftpaket damit erst einmal auf der Kippe.<\/p>\n<p><img decoding=\"async\" class=\"id-RatioPlaceholder-element wv_story_el_image\" src=\"https:\/\/www.europesays.com\/de\/wp-content\/uploads\/2026\/01\/41067585-sean-dulic-verletzte-sich-im-testspiel-und-faellt-wohl-gegen-rot-weiss-essen-aus-1eM2DIq0cN.jpeg\" loading=\"lazy\"   height=\"733\" width=\"1100\" alt=\"Sean Dulic verletzte sich im Testspiel und f&#xE4;llt wohl gegen Rot-Weiss Essen aus.\"\/>Sean Dulic verletzte sich im Testspiel und f\u00e4llt wohl gegen Rot-Weiss Essen aus. \u00a9\u00a0IMAGO\/Sven Leifer<\/p>\n<p class=\"id-StoryElement-paragraph\">Zuvor sorgte Dulic bereits f\u00fcr Schlagzeilen, denn <a href=\"https:\/\/www.merkur.de\/sport\/tsv-1860\/tsv-1860-muenchen-dfb-u-20-deutschland-sean-dulic-fussball-94079779.html\" class=\"id-import-Link\" data-id-ec=\"{&quot;sht&quot;:&quot;Container&quot;,&quot;shn&quot;:&quot;Story&quot;,&quot;p&quot;:{&quot;containerType&quot;:&quot;Paragraph&quot;,&quot;displayType&quot;:&quot;Paragraph InlineLink&quot;,&quot;type&quot;:&quot;INLINE_LINK&quot;,&quot;value&quot;:&quot;das Abwehrjuwel der L&#xF6;wen&quot;,&quot;variant&quot;:&quot;standardLink&quot;,&quot;sponsored&quot;:false,&quot;linkHref&quot;:&quot;https:\/\/www.merkur.de\/sport\/tsv-1860\/tsv-1860-muenchen-dfb-u-20-deutschland-sean-dulic-fussball-94079779.html&quot;,&quot;storyElementPosition&quot;:15,&quot;storyElementCount&quot;:22}}\" target=\"_blank\" rel=\"noopener\">das Abwehrjuwel der L\u00f6wen<\/a> steht offenbar hoch im Kurs. Wie RTL\/ntv berichtet, soll 1860 ein Angebot von einem Zweitligisten erhalten haben. Doch die L\u00f6wen-Verantwortlichen machten schnell klar: Der 20-j\u00e4hrige Innenverteidiger ist nicht zu haben. Das Angebot wurde demnach umgehend abgelehnt.<\/p>\n<p>1860 soll Dulic-Angebot aus der 2. Bundesliga abgelehnt haben<\/p>\n<p class=\"id-StoryElement-paragraph\">Die Begehrlichkeiten sind nachvollziehbar. Dulic gilt als eines der gr\u00f6\u00dften Abwehrtalente und hat sich in der laufenden Saison endg\u00fcltig in der Startelf der Sechzger festgespielt. Der 1,87 Meter gro\u00dfe Linksfu\u00df \u00fcberzeugt durch sein Spielverst\u00e4ndnis und seine Zweikampfst\u00e4rke. Dulic ist mit einem Marktwert von 1,3 Millionen Euro aktuell <a href=\"https:\/\/www.merkur.de\/sport\/tsv-1860\/sean-dulic-wertvollster-verteidiger-3-liga-tsv-1860-muenchen-fussball-94096955.html\" class=\"id-import-Link\" data-id-ec=\"{&quot;sht&quot;:&quot;Container&quot;,&quot;shn&quot;:&quot;Story&quot;,&quot;p&quot;:{&quot;containerType&quot;:&quot;Paragraph&quot;,&quot;displayType&quot;:&quot;Paragraph InlineLink&quot;,&quot;type&quot;:&quot;INLINE_LINK&quot;,&quot;value&quot;:&quot;der wertvollste Verteidiger der 3. Liga&quot;,&quot;variant&quot;:&quot;standardLink&quot;,&quot;sponsored&quot;:false,&quot;linkHref&quot;:&quot;https:\/\/www.merkur.de\/sport\/tsv-1860\/sean-dulic-wertvollster-verteidiger-3-liga-tsv-1860-muenchen-fussball-94096955.html&quot;,&quot;storyElementPosition&quot;:17,&quot;storyElementCount&quot;:22}}\" target=\"_blank\" rel=\"noopener\">der wertvollste Verteidiger der 3. Liga<\/a>.<\/p>\n<p class=\"id-StoryElement-paragraph\">Dulic durchlief die Jugendmannschaften bei 1860 und entwickelte sich kontinuierlich weiter. In der aktuellen Saison ist er aus der Defensive der L\u00f6wen nicht mehr wegzudenken. F\u00fcr einen Drittligisten wie 1860 M\u00fcnchen ist Dulic damit nicht nur sportlich, sondern auch wirtschaftlich ein wichtiger Baustein.<\/p>\n<p>1860 M\u00fcnchen im Trainingslager: Volland, Verlaat &amp; Co. zeigen verborgene Talente<img decoding=\"async\" class=\"id-RatioPlaceholder-element wv_story_el_interstitialImage\" src=\"https:\/\/www.europesays.com\/de\/wp-content\/uploads\/2026\/01\/41040517-die-profis-des-tsv-1860-muenchen-haben-auch-abseits-des-platzes-ihren-spass-im-trainingslag.jpeg\" loading=\"lazy\"   height=\"1200\" width=\"1800\" alt=\"Die Profis des TSV 1860 M&#xFC;nchen haben auch abseits des Platzes ihren Spa&#xDF; im Trainingslager in Belek.\"\/><a href=\"https:\/\/www.merkur.de\/sport\/tsv-1860\/die-besten-bilder-aus-dem-trainingslager-des-tsv-1860-muenchen-94112381.html\" class=\"id-StoryElement-intestitialLink-link\" data-id-ec=\"{\" shn=\"\" ansehen=\"\" data-k5a-pos=\"west_story_19_photoGalleryLink\" title=\"Zur Fotostrecke: 1860 M&#xFC;nchen im Trainingslager: Volland, Verlaat &amp; Co. zeigen verborgene Talente\" target=\"_blank\" rel=\"noopener\">Fotostrecke ansehen<\/a><\/p>\n<p class=\"id-StoryElement-paragraph\">Die schnelle Ablehnung des Angebots zeigt, welchen Stellenwert Dulic bei den Sechzigern hat. Der Verein sieht in ihm nicht nur einen wichtigen Spieler f\u00fcr die Gegenwart, sondern auch f\u00fcr die Zukunft. Ein Verkauf w\u00fcrde eine empfindliche L\u00fccke in die Defensive rei\u00dfen. Ganz verhindern lassen wird sich der Wechsel in n\u00e4herer Zukunft sicher nicht. Ein Transfer in die 2. Bundesliga w\u00e4re der n\u00e4chste logische Karriereschritt, doch der Zeitpunkt scheint noch nicht gekommen zu sein. (mg)<\/p>\n","protected":false},"excerpt":{"rendered":"Startseite Sport TSV 1860 Stand: 09.01.2026, 17:19 Uhr Von: Michel Guddat DruckenTeilen Zun\u00e4chst wollte ein Zweitligist Sean Dulic&hellip;\n","protected":false},"author":2,"featured_media":706969,"comment_status":"","ping_status":"","sticky":false,"template":"","format":"standard","meta":{"footnotes":""},"categories":[1827],"tags":[772,29,30,1268],"class_list":{"0":"post-706968","1":"post","2":"type-post","3":"status-publish","4":"format-standard","5":"has-post-thumbnail","7":"category-muenchen","8":"tag-bayern","9":"tag-deutschland","10":"tag-germany","11":"tag-muenchen"},"share_on_mastodon":{"url":"https:\/\/pubeurope.com\/@de\/115869132153701187","error":""},"_links":{"self":[{"href":"https:\/\/www.europesays.com\/de\/wp-json\/wp\/v2\/posts\/706968","targetHints":{"allow":["GET"]}}],"collection":[{"href":"https:\/\/www.europesays.com\/de\/wp-json\/wp\/v2\/posts"}],"about":[{"href":"https:\/\/www.europesays.com\/de\/wp-json\/wp\/v2\/types\/post"}],"author":[{"embeddable":true,"href":"https:\/\/www.europesays.com\/de\/wp-json\/wp\/v2\/users\/2"}],"replies":[{"embeddable":true,"href":"https:\/\/www.europesays.com\/de\/wp-json\/wp\/v2\/comments?post=706968"}],"version-history":[{"count":0,"href":"https:\/\/www.europesays.com\/de\/wp-json\/wp\/v2\/posts\/706968\/revisions"}],"wp:featuredmedia":[{"embeddable":true,"href":"https:\/\/www.europesays.com\/de\/wp-json\/wp\/v2\/media\/706969"}],"wp:attachment":[{"href":"https:\/\/www.europesays.com\/de\/wp-json\/wp\/v2\/media?parent=706968"}],"wp:term":[{"taxonomy":"category","embeddable":true,"href":"https:\/\/www.europesays.com\/de\/wp-json\/wp\/v2\/categories?post=706968"},{"taxonomy":"post_tag","embeddable":true,"href":"https:\/\/www.europesays.com\/de\/wp-json\/wp\/v2\/tags?post=706968"}],"curies":[{"name":"wp","href":"https:\/\/api.w.org\/{rel}","templated":true}]}}