{"id":707141,"date":"2026-01-10T07:02:10","date_gmt":"2026-01-10T07:02:10","guid":{"rendered":"https:\/\/www.europesays.com\/de\/707141\/"},"modified":"2026-01-10T07:02:10","modified_gmt":"2026-01-10T07:02:10","slug":"miese-marken-masche-macht-unseren-einkauf-teuer-leben-wissen","status":"publish","type":"post","link":"https:\/\/www.europesays.com\/de\/707141\/","title":{"rendered":"Miese Marken-Masche macht unseren Einkauf teuer | Leben &#038; Wissen"},"content":{"rendered":"<p>Zum Jahresauftakt drehen Aldi, Lidl &amp; Co. an der Preisschraube \u2013 zumindest bei ausgew\u00e4hlten Produkten. Grundnahrungsmittel aus dem Eigenmarken-Regal werden g\u00fcnstiger, vom Reis bis zum Br\u00f6tchen. Doch wer zu bekannten Marken greift, zahlt oft mehr als zuvor. F\u00fcr viele Haushalte bleibt der Kassenbon deshalb hoch.<\/p>\n<p><b>Lesen Sie mit BILDplus, bei welchen Lebensmitteln sich der Einkauf wirklich lohnt \u2013 und wo es teurer wird und bei welchem Lebensmittel die Differenz zwischen Marke und Eigenmarke bei fast einem Euro liegt. <\/b><\/p>\n","protected":false},"excerpt":{"rendered":"Zum Jahresauftakt drehen Aldi, Lidl &amp; Co. an der Preisschraube \u2013 zumindest bei ausgew\u00e4hlten Produkten. Grundnahrungsmittel aus dem&hellip;\n","protected":false},"author":2,"featured_media":707142,"comment_status":"","ping_status":"","sticky":false,"template":"","format":"standard","meta":{"footnotes":"","_share_on_mastodon":"0"},"categories":[134],"tags":[364,175,102619,170,169,29,30,1626,702,11445,2939,171,174,828,1074,45,173,172],"class_list":["post-707141","post","type-post","status-publish","format-standard","has-post-thumbnail","category-unternehmen-maerkte","tag-aldi","tag-business","tag-butter","tag-companies","tag-companies-markets","tag-deutschland","tag-germany","tag-kaffee","tag-lebensmittel","tag-lebensmittel-discounter","tag-lidl","tag-markets","tag-maerkte","tag-preis","tag-sparen","tag-texttospeech","tag-unternehmen","tag-unternehmen-maerkte"],"share_on_mastodon":{"url":"https:\/\/pubeurope.com\/@de\/115869525247339052","error":""},"_links":{"self":[{"href":"https:\/\/www.europesays.com\/de\/wp-json\/wp\/v2\/posts\/707141","targetHints":{"allow":["GET"]}}],"collection":[{"href":"https:\/\/www.europesays.com\/de\/wp-json\/wp\/v2\/posts"}],"about":[{"href":"https:\/\/www.europesays.com\/de\/wp-json\/wp\/v2\/types\/post"}],"author":[{"embeddable":true,"href":"https:\/\/www.europesays.com\/de\/wp-json\/wp\/v2\/users\/2"}],"replies":[{"embeddable":true,"href":"https:\/\/www.europesays.com\/de\/wp-json\/wp\/v2\/comments?post=707141"}],"version-history":[{"count":0,"href":"https:\/\/www.europesays.com\/de\/wp-json\/wp\/v2\/posts\/707141\/revisions"}],"wp:featuredmedia":[{"embeddable":true,"href":"https:\/\/www.europesays.com\/de\/wp-json\/wp\/v2\/media\/707142"}],"wp:attachment":[{"href":"https:\/\/www.europesays.com\/de\/wp-json\/wp\/v2\/media?parent=707141"}],"wp:term":[{"taxonomy":"category","embeddable":true,"href":"https:\/\/www.europesays.com\/de\/wp-json\/wp\/v2\/categories?post=707141"},{"taxonomy":"post_tag","embeddable":true,"href":"https:\/\/www.europesays.com\/de\/wp-json\/wp\/v2\/tags?post=707141"}],"curies":[{"name":"wp","href":"https:\/\/api.w.org\/{rel}","templated":true}]}}