{"id":707321,"date":"2026-01-10T08:43:24","date_gmt":"2026-01-10T08:43:24","guid":{"rendered":"https:\/\/www.europesays.com\/de\/707321\/"},"modified":"2026-01-10T08:43:24","modified_gmt":"2026-01-10T08:43:24","slug":"die-stadtzeitung-boerse-von-zeitbombe-ostsee-bis-undsinn","status":"publish","type":"post","link":"https:\/\/www.europesays.com\/de\/707321\/","title":{"rendered":"Die Stadtzeitung &#8211; B\u00f6rse: Von \u201aZeitbombe Ostsee\u2018 bis \u201aUndsinn\u2018"},"content":{"rendered":"<p>Von wegen Winterschlaf! Das Kulturzentrum \u201edie B\u00f6rse\u201c liefert im Februar ein volles Programm:\u00a0 Vom Kabarettisten Jens Neutag, \u00fcber das \u201eB7 Improtheater\u201c, der spannenden Lesung aus dem K\u00fcsten-Thriller \u201eZeitbombe Ostsee\u201c, dem bunten Flohmarkt \u201eWeibsSt\u00fccke\u201c bis hin zum \u201eUndsinn\u201c der Clowns Ulan &amp; Bator.\u00a0Au\u00dferdem warten noch viele weitere Events auf ihr Publikum.<\/p>\n<p>            <img fetchpriority=\"high\" decoding=\"async\" class=\"wp-image-89236 size-full\" src=\"https:\/\/www.europesays.com\/de\/wp-content\/uploads\/2026\/01\/Ulan-Bator_Foto_Sebastian-Rueger.jpg\" alt=\"\" width=\"1437\" height=\"970\"\/>Ulan &amp; Bator \u2013 die intellektuellen Clowns, pr\u00e4sentieren ihrem Publikum ihr neues Programm \u201eUndsinn\u201c \u2013 \u00a9 Sebastian R\u00fcger<\/p>\n<p>Kurzweilig, musikalisch und meinungsstark wie immer verspricht der Jahresr\u00fcckblick \u201eGut im Abgang\u201c mit Jens Neutag, Nora Boeckler und Axel P\u00e4tz am Donnerstag (05.02.) zu werden. \u00a0Die Veranstaltungsgemeinschaft \u201eThe Bowl\u201c hat den bekannten Kriminologen Dr. Mark Benecke am Donnerstag (05.02.) in die Historische Stadthalle eingeladen, um \u00fcber \u201eF\u00e4lle am Rande des M\u00f6glichen\u201c zu berichten.<\/p>\n<p>Was h\u00e4lt das Jahr 2026 f\u00fcr Inspirationen bereit? Das will das \u201eB7 Improtheater\u201c bei seiner neuen Show \u201eFriede, Freude, Februar\u201c mit Hilfe des Publikums am Freitag (06.02.) herausfinden.<\/p>\n<p>Die Band \u201eLyschko\u201c und \u201edie b\u00f6rse\u201c veranstalten am Samstag (07.02.) die Fortsetzung des\u00a0 \u201eNiedergang Fests\u201c. Mit dabei sind Gastgeber \u201eLyschko\u201c, Mia Morgan, \u201eKerker\u201c, \u201eDie Mausis\u201c und \u201eAbgrund\u201c.<\/p>\n<p><img loading=\"lazy\" decoding=\"async\" class=\"wp-image-89247\" src=\"https:\/\/www.europesays.com\/de\/wp-content\/uploads\/2026\/01\/Mark-Benecke_Pressefoto-2.jpg\" alt=\"\" width=\"500\" height=\"751\"\/>Der weit \u00fcber Deutschland bekannte Kriminologe Dr. Marc Beneke \u2013 \u00a9 privat<\/p>\n<p>Der Autor Michael Itschert liest am Freitag (13.02.) aus einem aktuellen K\u00fcsten-Thriller \u201eZeitbombe Ostsee\u201c \u2013 im anschlie\u00dfendem Gespr\u00e4ch berichtet er \u00fcber den \u201ehybriden Krieg\u201c in der Ostsee.<\/p>\n<p>Wer Lust hat, am Sonntag (15.02.) Lindy-Hop zu tanzen, kann das beim monatlichen \u201eB\u00f6rsenHop\u201c, dem Socialdance der SwingJugend, tun.<\/p>\n<p>Und nat\u00fcrlich darf der \u201efeministische\u201c Flohmarkt im Februar nicht fehlen. Am Samstag (21.02.) geht es bei \u201eWeibsSt\u00fccke\u201c wieder um sch\u00f6ne Dinge aus zweiter Hand und um einen entspannten Nachmittag unter Frauen.<\/p>\n<p>Beim Vortrag der NGO \u201eattac\u201c schildert Referent Ulrich von der Stein am Dienstag (24.02.) seine Sicht auf die Mechanismen des sogenannten Wirtschaftslobbyismus. Titel: \u201eWoran scheitert eine gerechte Besteuerung der Reichen?\u201c<\/p>\n<p><img loading=\"lazy\" decoding=\"async\" class=\"wp-image-89239 size-full\" src=\"https:\/\/www.europesays.com\/de\/wp-content\/uploads\/2026\/01\/Jens_Neutag_Oliver-Haas-Fotodesgin.jpg\" alt=\"\" width=\"2560\" height=\"1707\"\/>Der erfolgreiche Kabarettist Jens Neutag \u2013 \u00a9 Oliver Haas<\/p>\n<p>Die Welt steht Kopf. Doch Ulan &amp; Bator haben am Freitag (27.02.) ihre Antwort auf jegliche Sinnkrise: \u201eUndsinn!\u201c \u2013 so hei\u00dft das neue Programm der beiden preisgekr\u00f6nten Clowns unter den Intellektuellen.<\/p>\n<p>Das Musik-Comedy-Duo \u201eReis Against The Sp\u00fclmaschine\u201c nimmt das Publikum am Samstag (28.02.) mit in den \u201eTourlaub\u201c. Es ist eine Reise voller Lacher, Musik und guter Laune.\u00a0<\/p>\n<p><strong>Das komplette Februar-Programm \u201eder b\u00f6rse\u201c und viele weitere Infos finden Sie unter:\u00a0<\/strong><a href=\"http:\/\/www.dieboerse-wtal.de\" target=\"_blank\" rel=\"noopener\">http:\/\/www.dieboerse-wtal.de<\/a><\/p>\n<p>\u00a0<\/p>\n<p>\u00a0<\/p>\n<p>\u00a0<\/p>\n","protected":false},"excerpt":{"rendered":"Von wegen Winterschlaf! Das Kulturzentrum \u201edie B\u00f6rse\u201c liefert im Februar ein volles Programm:\u00a0 Vom Kabarettisten Jens Neutag, \u00fcber&hellip;\n","protected":false},"author":2,"featured_media":707322,"comment_status":"","ping_status":"","sticky":false,"template":"","format":"standard","meta":{"footnotes":""},"categories":[1840],"tags":[3364,29,30,1209,4418],"class_list":{"0":"post-707321","1":"post","2":"type-post","3":"status-publish","4":"format-standard","5":"has-post-thumbnail","7":"category-wuppertal","8":"tag-de","9":"tag-deutschland","10":"tag-germany","11":"tag-nordrhein-westfalen","12":"tag-wuppertal"},"share_on_mastodon":{"url":"https:\/\/pubeurope.com\/@de\/115869922492186740","error":""},"_links":{"self":[{"href":"https:\/\/www.europesays.com\/de\/wp-json\/wp\/v2\/posts\/707321","targetHints":{"allow":["GET"]}}],"collection":[{"href":"https:\/\/www.europesays.com\/de\/wp-json\/wp\/v2\/posts"}],"about":[{"href":"https:\/\/www.europesays.com\/de\/wp-json\/wp\/v2\/types\/post"}],"author":[{"embeddable":true,"href":"https:\/\/www.europesays.com\/de\/wp-json\/wp\/v2\/users\/2"}],"replies":[{"embeddable":true,"href":"https:\/\/www.europesays.com\/de\/wp-json\/wp\/v2\/comments?post=707321"}],"version-history":[{"count":0,"href":"https:\/\/www.europesays.com\/de\/wp-json\/wp\/v2\/posts\/707321\/revisions"}],"wp:featuredmedia":[{"embeddable":true,"href":"https:\/\/www.europesays.com\/de\/wp-json\/wp\/v2\/media\/707322"}],"wp:attachment":[{"href":"https:\/\/www.europesays.com\/de\/wp-json\/wp\/v2\/media?parent=707321"}],"wp:term":[{"taxonomy":"category","embeddable":true,"href":"https:\/\/www.europesays.com\/de\/wp-json\/wp\/v2\/categories?post=707321"},{"taxonomy":"post_tag","embeddable":true,"href":"https:\/\/www.europesays.com\/de\/wp-json\/wp\/v2\/tags?post=707321"}],"curies":[{"name":"wp","href":"https:\/\/api.w.org\/{rel}","templated":true}]}}