{"id":708110,"date":"2026-01-10T16:23:16","date_gmt":"2026-01-10T16:23:16","guid":{"rendered":"https:\/\/www.europesays.com\/de\/708110\/"},"modified":"2026-01-10T16:23:16","modified_gmt":"2026-01-10T16:23:16","slug":"frischer-glanz-fuers-grand-hotel-bayerischer-hof-praesentiert-neue-lobby-fuer-vier-millionen-euro","status":"publish","type":"post","link":"https:\/\/www.europesays.com\/de\/708110\/","title":{"rendered":"Frischer Glanz f\u00fcrs Grand Hotel: Bayerischer Hof pr\u00e4sentiert neue Lobby f\u00fcr vier Millionen Euro"},"content":{"rendered":"<p>Schon internationale Gr\u00f6\u00dfen wie Woody Allen, Charlie Chaplin und Alfred Hitchcock durchschritten sie &#8211; die imposante Lobby des Bayerischen Hofs ist eine Institution wie das M\u00fcnchner Traditionshaus selbst und &#8211; hat zuletzt ein ordentliches Facelift durchgemacht.<\/p>\n<p>Exklusiver G\u00e4stekreis beim traditionellen Karpfenessen im Bayerischen Hof<\/p>\n<p>Stolz pr\u00e4sentiert Hotel-Chefin Innegrit Volkhardt das Millionen-Projekt im Rahmen des traditionellen Karpfenessens einem exklusiven Kreis. 60 handverlesene prominente G\u00e4ste vom Schauspielerpaar Heiner und Viktoria Lauterbach \u00fcber Mietwagen-K\u00f6nigin <a href=\"https:\/\/www.abendzeitung-muenchen.de\/person\/regine-sixt\/\" target=\"_blank\" rel=\"noopener\">Regine Sixt<\/a>, Evi Brandl (Vinzenz Murr) bis zur Politprominenz (<a href=\"https:\/\/www.abendzeitung-muenchen.de\/person\/ulrike-scharf\/\" target=\"_blank\" rel=\"noopener\">Ulrike Scharf<\/a> und <a href=\"https:\/\/www.abendzeitung-muenchen.de\/person\/georg-eisenreich\/\" target=\"_blank\" rel=\"noopener\">Georg Eisenreich<\/a>) zupfen am Donnerstag ihre ganz pers\u00f6nliche Schuppe.<\/p>\n<p>Neujahrsbrauch: Die Schuppe bringt Gl\u00fcck und Wohlstand<\/p>\n<p>Rangiert der bescheidene Karpfen in der Rangordnung des Fischgetiers das in der M\u00fcnchner High Society sonst bevorzugt auf den Tellern landet eher hinter Austern, Jakobsmuscheln und Co. &#8211; zum neuen Jahr erlebt auch er mal eine Glanzstunde.<\/p>\n<p>Der Brauch besagt n\u00e4mlich: Wer sich eine Schuppe des Speisefischs im Geldbeutel aufhebt, f\u00fcr den soll es im neuen Jahr Gl\u00fcck und Wohlstand regnen.<\/p>\n<p>Megaprojekt: Neue Lobby im Bayerischen Hof hat vier Millionen Euro gekostet<\/p>\n<p>Und f\u00fcr den neuen Empfangsbereich hat Innegrit Volkhardt in den Jahren zuvor offenbar flei\u00dfig gezupft: Das neu gestaltete Herzst\u00fcck des Nobelhotels hat n\u00e4mlich stolze vier Millionen Euro gekostet.<\/p>\n<p>  <img decoding=\"async\" loading=\"lazy\" src=\"https:\/\/www.europesays.com\/de\/wp-content\/uploads\/2026\/01\/1644535_neue-lobby-bayerischer-hof_artikelbild_1Foij7_aRB5dX.jpg\" alt=\"Verantwortlich f\u00fcr die neue Lobby: Der Innendesigner der Promiwelt, der schon Kim Kardashian und Robert De Niro eingerichtet hat: Axel Vervoordt.\" title=\"Verantwortlich f\u00fcr die neue Lobby: Der Innendesigner der Promiwelt, der schon Kim Kardashian und Robert De Niro eingerichtet hat: Axel Vervoordt.\" width=\"812\" height=\"459\"\/><\/p>\n<p>      Verantwortlich f\u00fcr die neue Lobby: Der Innendesigner der Promiwelt, der schon Kim Kardashian und Robert De Niro eingerichtet hat: Axel Vervoordt.<br \/>\n      \u00a9 Daniel Schvarcz \/ Bayerischer Hof<\/p>\n<p>    Verantwortlich f\u00fcr die neue Lobby: Der Innendesigner der Promiwelt, der schon Kim Kardashian und Robert De Niro eingerichtet hat: Axel Vervoordt.<\/p>\n<p>von Daniel Schvarcz \/ Bayerischer Hof <\/p>\n<p>&#8222;}&#8220;&gt; <\/p>\n<p>Verantwortlich daf\u00fcr: Der Innendesigner der Promiwelt, der schon <a href=\"https:\/\/www.abendzeitung-muenchen.de\/person\/kim-kardashian\/\" target=\"_blank\" rel=\"noopener\">Kim Kardashian<\/a> und Robert De Niro eingerichtet hat: Axel Vervoordt. Hotel-Chefin Innegrit Volkardt arbeitet mit dem belgischen Star-Designer bereits seit nahezu 17 Jahren zusammen.<\/p>\n<p>    <img decoding=\"async\" loading=\"lazy\" src=\"https:\/\/www.europesays.com\/de\/wp-content\/uploads\/2026\/01\/1644135_artikelbild-50proz_1Foc2E_fk5z7v.jpg\" alt=\"Auch traditionell beim Karpfenessen im Bayerischen Hof dabei: Lodenfrey-Chef Ralph-Michael Nagel und Frau Sabine.\" title=\"Auch traditionell beim Karpfenessen im Bayerischen Hof dabei: Lodenfrey-Chef Ralph-Michael Nagel und Frau Sabine.\" width=\"406\" height=\"271\"\/><\/p>\n<p>      Auch traditionell beim Karpfenessen im Bayerischen Hof dabei: Lodenfrey-Chef Ralph-Michael Nagel und Frau Sabine.<br \/>\n      \u00a9 Michael Tinnefeld\/API<\/p>\n<p>    Auch traditionell beim Karpfenessen im Bayerischen Hof dabei: Lodenfrey-Chef Ralph-Michael Nagel und Frau Sabine.<\/p>\n<p>von Michael Tinnefeld\/API <\/p>\n<p>&#8222;}&#8220;&gt; <\/p>\n<p>Das sagt Heiner Lauterbach \u00fcber das neue Herzst\u00fcck im Hotel<\/p>\n<p>Er zeichnet unter anderem auch f\u00fcr die Neugestaltung des Atelier- und des Garden-Restaurants verantwortlich &#8211; und trifft mit seiner Arbeit genau den Geschmack von Schauspieler <a href=\"https:\/\/www.abendzeitung-muenchen.de\/person\/heiner-lauterbach\/\" target=\"_blank\" rel=\"noopener\">Heiner Lauterbach<\/a>: \u201eMir gef\u00e4llt sie (die Lobby, d. Red.) sehr gut. Ich mag dieses Schlichte, zeitlos Elegante grunds\u00e4tzlich gerne\u201c, sagt er der AZ.<\/p>\n<p>    <img decoding=\"async\" loading=\"lazy\" src=\"https:\/\/www.europesays.com\/de\/wp-content\/uploads\/2026\/01\/1644134_artikelbild-50proz_1Foc29_UY900v.jpg\" alt=\"Gut gelaunt: Vinzenz-Murr-Chefin Evi Brandl mit AZ-Verleger Prof. Dr. Martin Balle.\" title=\"Gut gelaunt: Vinzenz-Murr-Chefin Evi Brandl mit AZ-Verleger Prof. Dr. Martin Balle.\" width=\"406\" height=\"609\"\/><\/p>\n<p>      Gut gelaunt: Vinzenz-Murr-Chefin Evi Brandl mit AZ-Verleger Prof. Dr. Martin Balle.<br \/>\n      \u00a9 Michael Tinnefeld\/API<\/p>\n<p>    Gut gelaunt: Vinzenz-Murr-Chefin Evi Brandl mit AZ-Verleger Prof. Dr. Martin Balle.<\/p>\n<p>von Michael Tinnefeld\/API <\/p>\n<p>&#8222;}&#8220;&gt; <\/p>\n<p>M\u00fcnchen statt Kitzb\u00fchel: Sybille Beckenbauer h\u00e4lt dem Bayerischen Hof die Treue<\/p>\n<p>Den Brauch des Karpfenessens hat auch Sybille Beckenbauer erst \u00fcber ihren Ex-Mann <a href=\"https:\/\/www.abendzeitung-muenchen.de\/person\/franz-beckenbauer\/\" target=\"_blank\" rel=\"noopener\">Franz Beckenbauer<\/a> kennengelernt &#8211; und von Kitzb\u00fchel weiter nach M\u00fcnchen getragen, wie sie der AZ erz\u00e4hlt.<\/p>\n<p>W\u00e4hrend die Familie rund um Witwe Heidi Beckenbauer das legend\u00e4re Karpfenessen in Kitzb\u00fchel zu Ehren des verstorbenen Kaisers mit Promis wie <a href=\"https:\/\/www.abendzeitung-muenchen.de\/person\/maria-hoefl-riesch\/\" target=\"_blank\" rel=\"noopener\">Maria H\u00f6fl-Riesch<\/a> und <a href=\"https:\/\/www.abendzeitung-muenchen.de\/person\/johannes-b-kerner\/\" target=\"_blank\" rel=\"noopener\">Johannes B. Kerner<\/a> weiterf\u00fchrt, h\u00e4lt Sybille Beckenbauer dem Bayerischen Hof die Treue.<\/p>\n","protected":false},"excerpt":{"rendered":"Schon internationale Gr\u00f6\u00dfen wie Woody Allen, Charlie Chaplin und Alfred Hitchcock durchschritten sie &#8211; die imposante Lobby des&hellip;\n","protected":false},"author":2,"featured_media":708111,"comment_status":"","ping_status":"","sticky":false,"template":"","format":"standard","meta":{"footnotes":""},"categories":[1827],"tags":[163232,75648,772,29,163234,25391,30,108545,163235,5286,27055,1268,163236,163233],"class_list":{"0":"post-708110","1":"post","2":"type-post","3":"status-publish","4":"format-standard","5":"has-post-thumbnail","7":"category-muenchen","8":"tag-axel-vervoordt","9":"tag-bayerischer-hof","10":"tag-bayern","11":"tag-deutschland","12":"tag-evi-brandl","13":"tag-franz-beckenbauer","14":"tag-germany","15":"tag-heiner-lauterbach","16":"tag-karpfenessen","17":"tag-kim-kardashian","18":"tag-lobby","19":"tag-muenchen","20":"tag-sybille-beckenbauer","21":"tag-viktoria-lauterbach"},"share_on_mastodon":{"url":"https:\/\/pubeurope.com\/@de\/115871731394608937","error":""},"_links":{"self":[{"href":"https:\/\/www.europesays.com\/de\/wp-json\/wp\/v2\/posts\/708110","targetHints":{"allow":["GET"]}}],"collection":[{"href":"https:\/\/www.europesays.com\/de\/wp-json\/wp\/v2\/posts"}],"about":[{"href":"https:\/\/www.europesays.com\/de\/wp-json\/wp\/v2\/types\/post"}],"author":[{"embeddable":true,"href":"https:\/\/www.europesays.com\/de\/wp-json\/wp\/v2\/users\/2"}],"replies":[{"embeddable":true,"href":"https:\/\/www.europesays.com\/de\/wp-json\/wp\/v2\/comments?post=708110"}],"version-history":[{"count":0,"href":"https:\/\/www.europesays.com\/de\/wp-json\/wp\/v2\/posts\/708110\/revisions"}],"wp:featuredmedia":[{"embeddable":true,"href":"https:\/\/www.europesays.com\/de\/wp-json\/wp\/v2\/media\/708111"}],"wp:attachment":[{"href":"https:\/\/www.europesays.com\/de\/wp-json\/wp\/v2\/media?parent=708110"}],"wp:term":[{"taxonomy":"category","embeddable":true,"href":"https:\/\/www.europesays.com\/de\/wp-json\/wp\/v2\/categories?post=708110"},{"taxonomy":"post_tag","embeddable":true,"href":"https:\/\/www.europesays.com\/de\/wp-json\/wp\/v2\/tags?post=708110"}],"curies":[{"name":"wp","href":"https:\/\/api.w.org\/{rel}","templated":true}]}}