{"id":708320,"date":"2026-01-10T18:17:12","date_gmt":"2026-01-10T18:17:12","guid":{"rendered":"https:\/\/www.europesays.com\/de\/708320\/"},"modified":"2026-01-10T18:17:12","modified_gmt":"2026-01-10T18:17:12","slug":"so-beenden-der-sc-paderborn-und-waldhof-mannheim-den-transferstreit-um-kennedy-okpala","status":"publish","type":"post","link":"https:\/\/www.europesays.com\/de\/708320\/","title":{"rendered":"So beenden der SC Paderborn und Waldhof Mannheim den Transferstreit um Kennedy Okpala"},"content":{"rendered":"<p class=\"&#10;      nw-text-base&#10;      nw-text-gray-500&#10;      nw-font-medium&#10;    \">\n        Transfermarkt\n    <\/p>\n<p>    <img decoding=\"async\" src=\"https:\/\/www.nw.de\/_apps\/nw\/plus.svg\" alt=\"NW+-Icon\" style=\"margin-bottom:4px\" height=\"14px\" data-cmp-info=\"10\"\/><\/p>\n<p>                So beenden der SC Paderborn und Waldhof Mannheim den Transferstreit um Kennedy Okpala<\/p>\n<p class=\"nw-text-lg nw-text-black md:nw-w-5\/6 nw-pb-7\">\n                Der SCP stellte Mannheim offenbar ein Ultimatum, das Waldhof zum Einlenken bewegte. Der Transfer von Kennedy Okpala ist damit besiegelt, der 21-J\u00e4hrige ist ab sofort f\u00fcr Paderborn spielberechtigt. Ein Gerichtsprozess, bei dem es am Ende nur Verlierer h\u00e4tte geben k\u00f6nnen, hat sich erledigt.\n            <\/p>\n","protected":false},"excerpt":{"rendered":"Transfermarkt So beenden der SC Paderborn und Waldhof Mannheim den Transferstreit um Kennedy Okpala Der SCP stellte Mannheim&hellip;\n","protected":false},"author":2,"featured_media":708321,"comment_status":"","ping_status":"","sticky":false,"template":"","format":"standard","meta":{"footnotes":"","_share_on_mastodon":"0"},"categories":[1845],"tags":[1634,43743,3364,29,548,663,3934,30,13,40013,731,1611,4280,2379,9310,1608,2378,2096,734,736,15355,1613,14,15,727,3135,12,15351,104097,15353,3165,163264,52948,23297],"class_list":["post-708320","post","type-post","status-publish","format-standard","has-post-thumbnail","category-mannheim","tag-baden-wuerttemberg","tag-belek","tag-de","tag-deutschland","tag-eu","tag-europa","tag-europe","tag-germany","tag-headlines","tag-kennedy-okpala","tag-label_cm-ok","tag-label_informiere-mich","tag-label_l-120","tag-label_push","tag-label_social","tag-label_top-news","tag-label_umfrage","tag-mannheim","tag-meta_artikelklasse_nachricht","tag-meta_copyrights_nw","tag-meta_themen_sc_paderborn","tag-meta_userneeds_informieremich","tag-nachrichten","tag-news","tag-paderborn","tag-sc-paderborn","tag-schlagzeilen","tag-scp","tag-sebastian-lange","tag-serie_nlscp07","tag-transfermarkt","tag-transferstreit","tag-ultimatum","tag-waldhof"],"share_on_mastodon":{"url":"","error":"Validation failed: Text character limit of 500 exceeded"},"_links":{"self":[{"href":"https:\/\/www.europesays.com\/de\/wp-json\/wp\/v2\/posts\/708320","targetHints":{"allow":["GET"]}}],"collection":[{"href":"https:\/\/www.europesays.com\/de\/wp-json\/wp\/v2\/posts"}],"about":[{"href":"https:\/\/www.europesays.com\/de\/wp-json\/wp\/v2\/types\/post"}],"author":[{"embeddable":true,"href":"https:\/\/www.europesays.com\/de\/wp-json\/wp\/v2\/users\/2"}],"replies":[{"embeddable":true,"href":"https:\/\/www.europesays.com\/de\/wp-json\/wp\/v2\/comments?post=708320"}],"version-history":[{"count":0,"href":"https:\/\/www.europesays.com\/de\/wp-json\/wp\/v2\/posts\/708320\/revisions"}],"wp:featuredmedia":[{"embeddable":true,"href":"https:\/\/www.europesays.com\/de\/wp-json\/wp\/v2\/media\/708321"}],"wp:attachment":[{"href":"https:\/\/www.europesays.com\/de\/wp-json\/wp\/v2\/media?parent=708320"}],"wp:term":[{"taxonomy":"category","embeddable":true,"href":"https:\/\/www.europesays.com\/de\/wp-json\/wp\/v2\/categories?post=708320"},{"taxonomy":"post_tag","embeddable":true,"href":"https:\/\/www.europesays.com\/de\/wp-json\/wp\/v2\/tags?post=708320"}],"curies":[{"name":"wp","href":"https:\/\/api.w.org\/{rel}","templated":true}]}}