{"id":708331,"date":"2026-01-10T18:24:18","date_gmt":"2026-01-10T18:24:18","guid":{"rendered":"https:\/\/www.europesays.com\/de\/708331\/"},"modified":"2026-01-10T18:24:18","modified_gmt":"2026-01-10T18:24:18","slug":"gruppe-tritt-auf-opfer-ein-quartett-mit-nissan-qashqai-gesucht-2","status":"publish","type":"post","link":"https:\/\/www.europesays.com\/de\/708331\/","title":{"rendered":"Gruppe tritt auf Opfer ein: Quartett mit Nissan Qashqai gesucht"},"content":{"rendered":"<p id=\"absatz1\" class=\"em_text\">Bielefeld (ots) &#8211; <br \/>SI \/ Bielefeld \/ Windelsbleiche &#8211; Auf einem Parkplatz an der Windelsbleicher Stra\u00dfe verletzten drei M\u00e4nner in der Nacht auf Freitag, 09.01.2026, einen Bielefelder und lie\u00dfen ihn zur\u00fcck. <br \/>Ein Zeuge bemerkte den 31-j\u00e4hrigen Bielefelder gegen 00:45 Uhr, als er auf die Fahrbahn der Windelsbleicher Stra\u00dfe trat und auf sich aufmerksam machte. Der verletzte Mann erkl\u00e4rte, kurz zuvor auf dem Parkplatz, nahe der Friedrichsdorfer Stra\u00dfe, von einer Gruppe getreten worden zu sein. <br \/>Davor h\u00e4tte er die Personen im dunklen Nissan Qashqai mit G\u00fctersloher Kennzeichen um eine Zigarette gebeten. Daraufhin seien drei M\u00e4nner und eine Frau ausgestiegen. Die M\u00e4nner sollen ihn unvermittelt zu Boden geschubst und anschlie\u00dfend auf ihn eingetreten haben. Die Frau habe die M\u00e4nner zum Aufh\u00f6ren bewegen k\u00f6nnen. Dann verlie\u00dfen sie den Parkplatz in Richtung Brackwede. <br \/>Einer der M\u00e4nner hatte schwarze Haare und trug eine schwarze Jacke und Jeans. <br \/>Hinweise zu der Gruppe nimmt das Kriminalkommissariat 14 unter der 0521\/545-0 entgegen.<\/p>\n<p id=\"absatz2\" class=\"em_text\">Quelle: <a href=\"https:\/\/www.presseportal.de\/blaulicht\/pm\/12522\/6193120\" rel=\"nofollow noopener\" target=\"_blank\">https:\/\/www.presseportal.de\/blaulicht\/pm\/12522\/6193120<\/a><\/p>\n","protected":false},"excerpt":{"rendered":"Bielefeld (ots) &#8211; SI \/ Bielefeld \/ Windelsbleiche &#8211; Auf einem Parkplatz an der Windelsbleicher Stra\u00dfe verletzten drei&hellip;\n","protected":false},"author":2,"featured_media":215667,"comment_status":"","ping_status":"","sticky":false,"template":"","format":"standard","meta":{"footnotes":"","_share_on_mastodon":"0"},"categories":[1841],"tags":[1605,3364,29,30,177,1209,176,121,20035,67981],"class_list":["post-708331","post","type-post","status-publish","format-standard","has-post-thumbnail","category-bielefeld","tag-bielefeld","tag-de","tag-deutschland","tag-germany","tag-kriminalitt","tag-nordrhein-westfalen","tag-nrw","tag-polizei","tag-serie_polizeibericht","tag-windelsbleiche"],"share_on_mastodon":{"url":"https:\/\/pubeurope.com\/@de\/115872207067828849","error":""},"_links":{"self":[{"href":"https:\/\/www.europesays.com\/de\/wp-json\/wp\/v2\/posts\/708331","targetHints":{"allow":["GET"]}}],"collection":[{"href":"https:\/\/www.europesays.com\/de\/wp-json\/wp\/v2\/posts"}],"about":[{"href":"https:\/\/www.europesays.com\/de\/wp-json\/wp\/v2\/types\/post"}],"author":[{"embeddable":true,"href":"https:\/\/www.europesays.com\/de\/wp-json\/wp\/v2\/users\/2"}],"replies":[{"embeddable":true,"href":"https:\/\/www.europesays.com\/de\/wp-json\/wp\/v2\/comments?post=708331"}],"version-history":[{"count":0,"href":"https:\/\/www.europesays.com\/de\/wp-json\/wp\/v2\/posts\/708331\/revisions"}],"wp:featuredmedia":[{"embeddable":true,"href":"https:\/\/www.europesays.com\/de\/wp-json\/wp\/v2\/media\/215667"}],"wp:attachment":[{"href":"https:\/\/www.europesays.com\/de\/wp-json\/wp\/v2\/media?parent=708331"}],"wp:term":[{"taxonomy":"category","embeddable":true,"href":"https:\/\/www.europesays.com\/de\/wp-json\/wp\/v2\/categories?post=708331"},{"taxonomy":"post_tag","embeddable":true,"href":"https:\/\/www.europesays.com\/de\/wp-json\/wp\/v2\/tags?post=708331"}],"curies":[{"name":"wp","href":"https:\/\/api.w.org\/{rel}","templated":true}]}}