{"id":708365,"date":"2026-01-10T18:44:32","date_gmt":"2026-01-10T18:44:32","guid":{"rendered":"https:\/\/www.europesays.com\/de\/708365\/"},"modified":"2026-01-10T18:44:32","modified_gmt":"2026-01-10T18:44:32","slug":"gc-geht-im-testspiel-gegen-zweitligist-nuernberg-mit-17-unter","status":"publish","type":"post","link":"https:\/\/www.europesays.com\/de\/708365\/","title":{"rendered":"GC geht im Testspiel gegen Zweitligist N\u00fcrnberg mit 1:7 unter"},"content":{"rendered":"<p class=\"tracking-tight font-semibold text-base\" q:key=\"O8_0\">GC l\u00e4uft im Testspiel gegen den 1. FC N\u00fcrnberg in eine handfeste Klatsche: Die Hoppers unterliegen gegen den deutschen Zeitligisten gleich mit 1:7.<\/p>\n<p><img onload=\"this.style.backgroundColor = ''\" loading=\"eager\" fetchpriority=\"high\" decoding=\"sync\" height=\"450\" alt=\"GC 1. FC N\u00fcrnberg\" width=\"900\"  style=\"aspect-ratio:2;object-fit:cover;background-color:#7D7C67\"  src=\"https:\/\/www.europesays.com\/de\/wp-content\/uploads\/2026\/01\/gc-1-fc-nurnberg.jpg\" class=\"rounded-xl mx-auto\" on:load=\"q-BJTE4MZ2.js#s_pVFDuJsFGxQ\"\/>GC kassiert gegen den 1. FC N\u00fcrnberg eine 1:7-Testspiel-Klatsche. &#8211; 1. FC N\u00fcrnberg<\/p>\n<p preventdefault:click=\"\" lang=\"de\" class=\"text-base hyphens-auto\" on:click=\"q-DSijcmgx.js#s_Dola2XqN0FU[0 1]\" q:key=\"YR_0\" q:id=\"97\">Missgl\u00fcckter Testspiel-Auftritt f\u00fcr GC am Samstag gegen den 1. FC N\u00fcrnberg aus der zweiten deutschen <a href=\"https:\/\/www.nau.ch\/sport\/bundesliga\" rel=\"nofollow noopener\" target=\"_blank\">Bundesliga<\/a>: Der Zweitligist <a href=\"https:\/\/www.nau.ch\/sport\/fussball\/gc-diaby-mit-mali-nach-goalie-bock-raus-aus-dem-afrika-cup-67082577\" rel=\"nofollow noopener\" target=\"_blank\">schiesst den Super-League-Klub<\/a> in N\u00fcrnberg gleich mit 7:1 aus dem <a href=\"https:\/\/www.nau.ch\/sport\/stadion\" rel=\"nofollow noopener\" target=\"_blank\">Stadion<\/a>.<\/p>\n<p preventdefault:click=\"\" lang=\"de\" class=\"text-base hyphens-auto\" on:click=\"q-DSijcmgx.js#s_Dola2XqN0FU[0 1]\" q:key=\"YR_0\" q:id=\"9h\">Im Test \u00fcber <a href=\"https:\/\/www.nau.ch\/sport\/fussball\/gc-holt-192-meter-innenverteidiger-aus-bosnien-67082001\" rel=\"nofollow noopener\" target=\"_blank\">drei Abschnitte zu je 45 Minuten<\/a> legen die Hausherren schon in der Startphase vor. Scobel trifft nach nur sechs Minuten zum 1:0 f\u00fcr die Mannschaft von Miroslav Klose. Zoma doppelt noch vor der ersten Pause das 2:0 nach.<\/p>\n<p><img onload=\"this.style.backgroundColor = ''\" loading=\"lazy\" decoding=\"async\" height=\"555.5555555555555\" alt=\"GC 1. FC N\u00fcrnberg\" width=\"900\"  style=\"aspect-ratio:1.62;object-fit:cover;background-color:#726D58\"  src=\"https:\/\/www.europesays.com\/de\/wp-content\/uploads\/2026\/01\/1768070671_90_gc-1-fc-nurnberg.jpg\" class=\"rounded-xl mx-auto\" on:load=\"q-BJTE4MZ2.js#s_pVFDuJsFGxQ\"\/>Der 1. FC N\u00fcrnberg schiesst GC aus dem Stadion. &#8211; 1. FC N\u00fcrnberg<\/p>\n<p preventdefault:click=\"\" lang=\"de\" class=\"text-base hyphens-auto\" on:click=\"q-DSijcmgx.js#s_Dola2XqN0FU[0 1]\" q:key=\"YR_0\" q:id=\"9m\">Tsimba kann im Mitteldrittel f\u00fcr GC zwar auf 1:2 verk\u00fcrzen, danach spielen aber nur noch die Hausherren. Scobel <a href=\"https:\/\/www.nau.ch\/sport\/fussball\/gc-verleiht-flugelspieler-tomas-veron-lupi-25-nach-uruguay-67081431\" rel=\"nofollow noopener\" target=\"_blank\">macht mit seinem zweiten Treffer<\/a> nur kurz nach dem Anschlusstor der Hoppers das 3:1. Wenig sp\u00e4ter assistiert er zum 4:1 durch Lubach.<\/p>\n<p>GC gegen N\u00fcrnberg chancenlos<\/p>\n<p preventdefault:click=\"\" lang=\"de\" class=\"text-base hyphens-auto\" on:click=\"q-DSijcmgx.js#s_Dola2XqN0FU[0 1]\" q:key=\"YR_0\" q:id=\"9o\">Sieben Minuten sp\u00e4ter stellt Becker nach Vorarbeit von Zoma auf 5:1. In Minute 104 erh\u00f6ht der eingewechselte Maboulou auf 6:1 f\u00fcr den Club. Und in der Schlussphase doppelt er noch zum 7:1-Endstand f\u00fcr das Klose-Team nach.<\/p>\n<p><img onload=\"this.style.backgroundColor = ''\" loading=\"lazy\" decoding=\"async\" height=\"569.620253164557\" alt=\"GC Justin Hammel\" width=\"900\"  style=\"aspect-ratio:1.58;object-fit:cover;background-color:#635C51\"  src=\"https:\/\/www.europesays.com\/de\/wp-content\/uploads\/2026\/01\/gc-justin-hammel.jpg\" class=\"rounded-xl mx-auto\" on:load=\"q-BJTE4MZ2.js#s_pVFDuJsFGxQ\"\/>GC macht gegen N\u00fcrnberg keine gute Figur. &#8211; 1. FC N\u00fcrnberg<\/p>\n<p preventdefault:click=\"\" lang=\"de\" class=\"text-base hyphens-auto\" on:click=\"q-DSijcmgx.js#s_Dola2XqN0FU[0 1]\" q:key=\"YR_0\" q:id=\"9t\">F\u00fcr GC war es das letzte Testspiel vor dem R\u00fcckrunden-Start am kommenden Sonntag. Dann m\u00fcssen die Hoppers gleich zuhause gegen den Tabellenf\u00fchrer <a href=\"https:\/\/www.nau.ch\/sport\/fc-thun\" rel=\"nofollow noopener\" target=\"_blank\">FC Thun<\/a> antreten. Eine Woche sp\u00e4ter geht es ausw\u00e4rts bei Lausanne-Sport weiter.<\/p>\n","protected":false},"excerpt":{"rendered":"GC l\u00e4uft im Testspiel gegen den 1. FC N\u00fcrnberg in eine handfeste Klatsche: Die Hoppers unterliegen gegen den&hellip;\n","protected":false},"author":2,"featured_media":708366,"comment_status":"","ping_status":"","sticky":false,"template":"","format":"standard","meta":{"footnotes":"","_share_on_mastodon":"0"},"categories":[1837],"tags":[783,621,772,3364,29,347,163275,30,3783,64942],"class_list":["post-708365","post","type-post","status-publish","format-standard","has-post-thumbnail","category-nuernberg","tag-1-fc-nuernberg","tag-2-bundesliga","tag-bayern","tag-de","tag-deutschland","tag-fussball","tag-gc","tag-germany","tag-nuernberg","tag-super-league"],"share_on_mastodon":{"url":"https:\/\/pubeurope.com\/@de\/115872285701049106","error":""},"_links":{"self":[{"href":"https:\/\/www.europesays.com\/de\/wp-json\/wp\/v2\/posts\/708365","targetHints":{"allow":["GET"]}}],"collection":[{"href":"https:\/\/www.europesays.com\/de\/wp-json\/wp\/v2\/posts"}],"about":[{"href":"https:\/\/www.europesays.com\/de\/wp-json\/wp\/v2\/types\/post"}],"author":[{"embeddable":true,"href":"https:\/\/www.europesays.com\/de\/wp-json\/wp\/v2\/users\/2"}],"replies":[{"embeddable":true,"href":"https:\/\/www.europesays.com\/de\/wp-json\/wp\/v2\/comments?post=708365"}],"version-history":[{"count":0,"href":"https:\/\/www.europesays.com\/de\/wp-json\/wp\/v2\/posts\/708365\/revisions"}],"wp:featuredmedia":[{"embeddable":true,"href":"https:\/\/www.europesays.com\/de\/wp-json\/wp\/v2\/media\/708366"}],"wp:attachment":[{"href":"https:\/\/www.europesays.com\/de\/wp-json\/wp\/v2\/media?parent=708365"}],"wp:term":[{"taxonomy":"category","embeddable":true,"href":"https:\/\/www.europesays.com\/de\/wp-json\/wp\/v2\/categories?post=708365"},{"taxonomy":"post_tag","embeddable":true,"href":"https:\/\/www.europesays.com\/de\/wp-json\/wp\/v2\/tags?post=708365"}],"curies":[{"name":"wp","href":"https:\/\/api.w.org\/{rel}","templated":true}]}}