{"id":708700,"date":"2026-01-10T22:03:09","date_gmt":"2026-01-10T22:03:09","guid":{"rendered":"https:\/\/www.europesays.com\/de\/708700\/"},"modified":"2026-01-10T22:03:09","modified_gmt":"2026-01-10T22:03:09","slug":"tausende-demonstrieren-in-berlin-und-frankfurt-fuer-iran-proteste-aktuelle-nachrichten-aus-deutschland-und-der-welt","status":"publish","type":"post","link":"https:\/\/www.europesays.com\/de\/708700\/","title":{"rendered":"Tausende demonstrieren in Berlin und Frankfurt f\u00fcr Iran-Proteste | Aktuelle Nachrichten aus Deutschland und der Welt"},"content":{"rendered":"\n<p>Ein Demonstrant hat am Samstag die iranische Flagge auf der Botschaft des Landes in London kurzzeitig durch die Fahne des fr\u00fcheren Schahs ersetzt. Hunderte Protestierende feierten die Aktion und skandierten Slogans. Zeitgleich gingen in Deutschland Tausende auf die Stra\u00dfe, um ihre Solidarit\u00e4t mit den Massenprotesten in Iran zu zeigen.<\/p>\n<p>In Berlin zogen rund 1.400 Menschen vom Kurf\u00fcrstendamm zum Adenauerplatz, teilte die Polizei mit. Weitere 300 Demonstranten versammelten sich am Wittenbergplatz. In Frankfurt am Main gingen etwa 1.300 Menschen auf die Stra\u00dfe. Die Teilnehmer trugen Fahnen und Plakate, auf einigen prangte das Bild von Reza Pahlavi.<\/p>\n<p>Die Londoner Demonstranten riefen: \u00abDemokratie f\u00fcr den Iran. Schah Reza Pahlavi. Gerechtigkeit f\u00fcr den Iran.\u00bb Die ausgetauschte Flagge \u2013 ein Tricolor mit L\u00f6we und Sonne \u2013 war bis zur Islamischen Revolution 1979 die offizielle Fahne Irans.<\/p>\n<p>Proteste in Iran unter Internet-Blackout<\/p>\n<p>In Iran selbst demonstrieren seit Ende Dezember Menschen gegen die wirtschaftliche Misere und die religi\u00f6se sowie politische F\u00fchrung des Landes. Nach den bisher gr\u00f6\u00dften Protesten in der Nacht zu Freitag schalteten die Beh\u00f6rden landesweit das Internet f\u00fcr 48 Stunden ab. Trotz der Sperre gingen am Freitagabend erneut Menschen in Teheran und anderen St\u00e4dten auf die Stra\u00dfe. Es w\u00e4chst die Sorge vor einem brutalen Vorgehen der Sicherheitskr\u00e4fte.<\/p>\n<p>Reza Pahlavi, Sohn des 1979 gest\u00fcrzten Schahs, beansprucht aus dem Exil in den USA eine F\u00fchrungsrolle in der Opposition. Er ruft derzeit zu Demonstrationen in Iran auf. F\u00fcr das kommende Wochenende sind mehrere weitere Solidarit\u00e4tsdemos registriert.<\/p>\n","protected":false},"excerpt":{"rendered":"Ein Demonstrant hat am Samstag die iranische Flagge auf der Botschaft des Landes in London kurzzeitig durch die&hellip;\n","protected":false},"author":2,"featured_media":708701,"comment_status":"","ping_status":"","sticky":false,"template":"","format":"standard","meta":{"footnotes":""},"categories":[1825],"tags":[1941,1939,296,1937,29,30,1940,1938,38022],"class_list":{"0":"post-708700","1":"post","2":"type-post","3":"status-publish","4":"format-standard","5":"has-post-thumbnail","7":"category-berlin","8":"tag-aktuelle-nachrichten-aus-berlin","9":"tag-aktuelle-news-aus-berlin","10":"tag-berlin","11":"tag-berlin-news","12":"tag-deutschland","13":"tag-germany","14":"tag-nachrichten-aus-berlin","15":"tag-news-aus-berlin","16":"tag-politics"},"share_on_mastodon":{"url":"https:\/\/pubeurope.com\/@de\/115873068105565912","error":""},"_links":{"self":[{"href":"https:\/\/www.europesays.com\/de\/wp-json\/wp\/v2\/posts\/708700","targetHints":{"allow":["GET"]}}],"collection":[{"href":"https:\/\/www.europesays.com\/de\/wp-json\/wp\/v2\/posts"}],"about":[{"href":"https:\/\/www.europesays.com\/de\/wp-json\/wp\/v2\/types\/post"}],"author":[{"embeddable":true,"href":"https:\/\/www.europesays.com\/de\/wp-json\/wp\/v2\/users\/2"}],"replies":[{"embeddable":true,"href":"https:\/\/www.europesays.com\/de\/wp-json\/wp\/v2\/comments?post=708700"}],"version-history":[{"count":0,"href":"https:\/\/www.europesays.com\/de\/wp-json\/wp\/v2\/posts\/708700\/revisions"}],"wp:featuredmedia":[{"embeddable":true,"href":"https:\/\/www.europesays.com\/de\/wp-json\/wp\/v2\/media\/708701"}],"wp:attachment":[{"href":"https:\/\/www.europesays.com\/de\/wp-json\/wp\/v2\/media?parent=708700"}],"wp:term":[{"taxonomy":"category","embeddable":true,"href":"https:\/\/www.europesays.com\/de\/wp-json\/wp\/v2\/categories?post=708700"},{"taxonomy":"post_tag","embeddable":true,"href":"https:\/\/www.europesays.com\/de\/wp-json\/wp\/v2\/tags?post=708700"}],"curies":[{"name":"wp","href":"https:\/\/api.w.org\/{rel}","templated":true}]}}