{"id":708716,"date":"2026-01-10T22:12:11","date_gmt":"2026-01-10T22:12:11","guid":{"rendered":"https:\/\/www.europesays.com\/de\/708716\/"},"modified":"2026-01-10T22:12:11","modified_gmt":"2026-01-10T22:12:11","slug":"kult-moderator-geht-bei-star-fm-franken-auf-sendung","status":"publish","type":"post","link":"https:\/\/www.europesays.com\/de\/708716\/","title":{"rendered":"Kult-Moderator geht bei Star FM Franken auf Sendung"},"content":{"rendered":"<p>                                &#8211;                                Im September 2025 verk\u00fcndete der fr\u00e4nkische Radiomoderator Billy Billmaier sein Aus bei Radio Gong. Doch bald ist seine markante Stimme wieder zu h\u00f6ren \u2013 und das gleich \u00fcber mehrere Kan\u00e4le.<\/p>\n<p>                <a href=\"https:\/\/www.nordbayern.de\/nuernberg\/nurnberger-radio-urgestein-hort-auf-billy-billmaier-geht-wankt-das-system-radio-1.14820562\" target=\"_blank\" rel=\"noopener\">Der Kultmoderator Billy Billmaier verk\u00fcndete im Herbst letzten Jahres, dass er sich von Radio Gong verabschiedet<\/a>. Seit 1995 unterhielt Billy Billmaier die Rockfans Frankens in verschiedenen Sendeformaten &#8211; zuletzt seit mehr als vier Jahren in der Morning Show bei Gong 97.1 von 6 bis 10 Uhr und mit seinen Rockballads. Die sonnt\u00e4gliche \u201eBilly-Billmaier-Show\u201c, zuletzt best\u00fcckt mit den Highlights der Morgensendung, war schon vor seinem Einsatz als Morgen-Moderator bei seinen Fans Kult.<\/p>\n<p>Die Fans des Radio-Rockers zeigten sich im September sehr entt\u00e4uscht \u00fcber das Aus von Billmaier. Doch schon bald k\u00f6nnen sich Liebhaber seiner Sendung wieder auf seine markante Stimme freuen &#8211; und das gleich auf mehreren Kan\u00e4len im Radio und im Web.<\/p>\n<p>                                                        Der radiolosen Zeit ein schnelles Ende gesetzt: Billmaier startet eigenes Digitalradio <\/p>\n<p>Der 61-J\u00e4hrige selbst war in der Auszeit alles andere als unproduktiv: Wie er im Gespr\u00e4ch mit nordbayern.de verr\u00e4t, war er mal wieder handwerklich im und am Haus t\u00e4tig. Er habe \u201eviele liegen gebliebene Arbeiten erledigt \u2013 unter anderem ein Balkonkraftwerk aufs Garagendach gebaut.\u201c W\u00e4hrenddessen habe er die Entscheidung getroffen, der \u201esehr schmerzhaften radiolosen Zeit ein schnelles Ende zu setzen und mit einem eigenen Radiosender zu starten. So wurde das \u201eBilly Billmaier Rock Radio\u201c ins Leben gerufen. Das Webradio soll ein 24-Stunden-Stream mit gewohnt rockigem Programm bieten, in welchem k\u00fcnftig auch seine Sonntagssendung sowie weitere Formate zu h\u00f6ren sein werden.<\/p>\n<p>\u201eAnfang Oktober habe ich mir dann einen alten Freund als Techniker an Land gezogen. Mit einem anderen Freund, mit dem ich fr\u00fcher auch viel Musik gemacht habe, produzierte ich Jingles und Elemente\u201c. Seit Anfang November l\u00e4uft auch ein Test-Stream.<\/p>\n<p>Verwaltet, finanziert und best\u00fcckt wird alles von Billmaier selbst. Es gebe allerdings schon Interessenten, die den Digitalbetrieb in Eigenregie des Moderators gerne ehrenamtlich unterst\u00fctzen wollen.<\/p>\n<p>\u201eAlles in allem ist das ein Radio f\u00fcr meine Fans, die gerne meine Musik und mich h\u00f6ren, und meine Art Radio zu machen sehr m\u00f6gen, verbunden mit dem Spa\u00df und der immerw\u00e4hrenden guten Laune.\u201c<\/p>\n<p>                                                        Billy Billmaier bekommt eigene Show bei Star FM<\/p>\n<p>Doch nicht nur \u00fcber den Web-Stream wird Billy Billmaier k\u00fcnftig regelm\u00e4\u00dfig zu h\u00f6ren sein: Er bekommt auch eigene Sendungen beim N\u00fcrnberger Radiosender Star FM Franken. Ab dem 8. Februar 2026 wird er dort, wie seine Fans es bereits vom alten Sender gewohnt sind, jeden Sonntag von 8 bis 12 Uhr die \u201eBilly-Billmaier-Show\u201c moderieren. Zum Auftakt meldet sich Billmaier ab Montag, dem 12. Januar, zudem mehrmals t\u00e4glich mit seinen \u201eRock Memories\u201c, in denen er Wissenswertes zu bekannten Songs und Bands erz\u00e4hlt.<\/p>\n<p>Die treuen Fans des Radiostars d\u00fcrfen sich auf altbew\u00e4hrte Benchmarks freuen: Bekannte Formate wie der \u201eFlotte Dreier\u201c, die \u201eXXL-Songs\u201c werden wiederbelebt. Die Rockballaden sollen ab Mitte des Jahres auch beim neuen Sender wieder laufen. Und damit nicht genug: \u201eIch plane Rock-Spezialsendungen mit musikalischen Schwerpunkten von Country \u00fcber Heavy, bis hin zu Modern und Party. \u201eUnd das vielleicht mit dem einen oder anderen Moderator\/in aus vergangenen Radiotagen\u201c, verr\u00e4t Billmaier, ohne weitere Details zu nennen.<\/p>\n<p><strong>Immer topaktuell informiert bleiben \u00fcber die wichtigsten Themen aus der Region?<\/strong> \u00dcber unseren neuen WhatsApp-Kanal erfahren Sie alle Neuigkeiten aus erster Hand.<\/p>\n<p><strong><a href=\"https:\/\/whatsapp.com\/channel\/0029VaEwabi7T8bcjUgA9L3C\" target=\"_blank\" rel=\"noopener\">Hier<\/a><\/strong> geht es direkt zum WhatsApp-Channel &#8211; eine \u201eSchritt f\u00fcr Schritt\u201c-Anleitung finden Sie <strong>hier<\/strong>.<\/p>\n","protected":false},"excerpt":{"rendered":"&#8211; Im September 2025 verk\u00fcndete der fr\u00e4nkische Radiomoderator Billy Billmaier sein Aus bei Radio Gong. Doch bald ist&hellip;\n","protected":false},"author":2,"featured_media":708717,"comment_status":"","ping_status":"","sticky":false,"template":"","format":"standard","meta":{"footnotes":""},"categories":[1772],"tags":[29,214,30,1779,810,215],"class_list":{"0":"post-708716","1":"post","2":"type-post","3":"status-publish","4":"format-standard","5":"has-post-thumbnail","7":"category-musik","8":"tag-deutschland","9":"tag-entertainment","10":"tag-germany","11":"tag-music","12":"tag-musik","13":"tag-unterhaltung"},"share_on_mastodon":{"url":"https:\/\/pubeurope.com\/@de\/115873103645181650","error":""},"_links":{"self":[{"href":"https:\/\/www.europesays.com\/de\/wp-json\/wp\/v2\/posts\/708716","targetHints":{"allow":["GET"]}}],"collection":[{"href":"https:\/\/www.europesays.com\/de\/wp-json\/wp\/v2\/posts"}],"about":[{"href":"https:\/\/www.europesays.com\/de\/wp-json\/wp\/v2\/types\/post"}],"author":[{"embeddable":true,"href":"https:\/\/www.europesays.com\/de\/wp-json\/wp\/v2\/users\/2"}],"replies":[{"embeddable":true,"href":"https:\/\/www.europesays.com\/de\/wp-json\/wp\/v2\/comments?post=708716"}],"version-history":[{"count":0,"href":"https:\/\/www.europesays.com\/de\/wp-json\/wp\/v2\/posts\/708716\/revisions"}],"wp:featuredmedia":[{"embeddable":true,"href":"https:\/\/www.europesays.com\/de\/wp-json\/wp\/v2\/media\/708717"}],"wp:attachment":[{"href":"https:\/\/www.europesays.com\/de\/wp-json\/wp\/v2\/media?parent=708716"}],"wp:term":[{"taxonomy":"category","embeddable":true,"href":"https:\/\/www.europesays.com\/de\/wp-json\/wp\/v2\/categories?post=708716"},{"taxonomy":"post_tag","embeddable":true,"href":"https:\/\/www.europesays.com\/de\/wp-json\/wp\/v2\/tags?post=708716"}],"curies":[{"name":"wp","href":"https:\/\/api.w.org\/{rel}","templated":true}]}}