{"id":708817,"date":"2026-01-10T23:13:13","date_gmt":"2026-01-10T23:13:13","guid":{"rendered":"https:\/\/www.europesays.com\/de\/708817\/"},"modified":"2026-01-10T23:13:13","modified_gmt":"2026-01-10T23:13:13","slug":"schlecht-fuer-st-pauli-spielverlegung-macht-leipzig-staerker","status":"publish","type":"post","link":"https:\/\/www.europesays.com\/de\/708817\/","title":{"rendered":"Schlecht f\u00fcr St. Pauli: Spielverlegung macht Leipzig st\u00e4rker"},"content":{"rendered":"<p>Auf diesen Leipzig-Star musste sich der FC St. Pauli eigentlich nicht vorbereiten, doch das wird sich jetzt \u00e4ndern. <\/p>\n<p> Wahrscheinlich wird das abgesagte Spiel der Kiezkicker gegen RB in der Woche nach dem Stadtderby (23. Januar) nachgeholt. Zumindest ein fr\u00fcherer Termin ist nicht m\u00f6glich. Mit dabei wird dann auch Leipzigs Ausnahmetalent Yan\u00a0Diomande sein. Der 19-j\u00e4hrige Offensivspieler (Marktwert 45 Millionen Euro) ist aktuell noch mit der Elfenbeink\u00fcste beim Afrika-Cup im Einsatz und bis zum 19. Januar freigestellt. F\u00fcr das Spiel gegen St. Pauli wird er jetzt definitiv wieder zur\u00fcck sein. Ein Vorteil ist das f\u00fcr die Hamburger sicher nicht. <\/p>\n","protected":false},"excerpt":{"rendered":"Auf diesen Leipzig-Star musste sich der FC St. Pauli eigentlich nicht vorbereiten, doch das wird sich jetzt \u00e4ndern.&hellip;\n","protected":false},"author":2,"featured_media":422224,"comment_status":"","ping_status":"","sticky":false,"template":"","format":"standard","meta":{"footnotes":""},"categories":[1832],"tags":[148728,3364,29,63828,30,71,1655,859,97243],"class_list":{"0":"post-708817","1":"post","2":"type-post","3":"status-publish","4":"format-standard","5":"has-post-thumbnail","7":"category-leipzig","8":"tag-afrika-cup","9":"tag-de","10":"tag-deutschland","11":"tag-elfenbeinkueste","12":"tag-germany","13":"tag-leipzig","14":"tag-rb-leipzig","15":"tag-sachsen","16":"tag-yan-diomande"},"share_on_mastodon":{"url":"https:\/\/pubeurope.com\/@de\/115873343499669845","error":""},"_links":{"self":[{"href":"https:\/\/www.europesays.com\/de\/wp-json\/wp\/v2\/posts\/708817","targetHints":{"allow":["GET"]}}],"collection":[{"href":"https:\/\/www.europesays.com\/de\/wp-json\/wp\/v2\/posts"}],"about":[{"href":"https:\/\/www.europesays.com\/de\/wp-json\/wp\/v2\/types\/post"}],"author":[{"embeddable":true,"href":"https:\/\/www.europesays.com\/de\/wp-json\/wp\/v2\/users\/2"}],"replies":[{"embeddable":true,"href":"https:\/\/www.europesays.com\/de\/wp-json\/wp\/v2\/comments?post=708817"}],"version-history":[{"count":0,"href":"https:\/\/www.europesays.com\/de\/wp-json\/wp\/v2\/posts\/708817\/revisions"}],"wp:featuredmedia":[{"embeddable":true,"href":"https:\/\/www.europesays.com\/de\/wp-json\/wp\/v2\/media\/422224"}],"wp:attachment":[{"href":"https:\/\/www.europesays.com\/de\/wp-json\/wp\/v2\/media?parent=708817"}],"wp:term":[{"taxonomy":"category","embeddable":true,"href":"https:\/\/www.europesays.com\/de\/wp-json\/wp\/v2\/categories?post=708817"},{"taxonomy":"post_tag","embeddable":true,"href":"https:\/\/www.europesays.com\/de\/wp-json\/wp\/v2\/tags?post=708817"}],"curies":[{"name":"wp","href":"https:\/\/api.w.org\/{rel}","templated":true}]}}