{"id":708821,"date":"2026-01-10T23:16:12","date_gmt":"2026-01-10T23:16:12","guid":{"rendered":"https:\/\/www.europesays.com\/de\/708821\/"},"modified":"2026-01-10T23:16:12","modified_gmt":"2026-01-10T23:16:12","slug":"fehlerhafter-lohnabzug-zu-niedrige-beamtenloehne-werden-bald-korrigiert-konflikt-haelt-an","status":"publish","type":"post","link":"https:\/\/www.europesays.com\/de\/708821\/","title":{"rendered":"Fehlerhafter Lohnabzug: Zu niedrige Beamtenl\u00f6hne werden bald korrigiert \u2013 Konflikt h\u00e4lt an"},"content":{"rendered":"<p>\u201eGute Nachrichten\u201c hat das Landesamt f\u00fcr Besoldung und Versorgung (LBV) f\u00fcr die Staatsdiener parat: \u201eDie technischen Probleme beim Bundeszentralamt f\u00fcr Steuern (BZSt) sind behoben\u201c, hei\u00dft es auf der Webseite. Die zuvor fehlenden Daten zur privaten Kranken- und Pflegeversicherung l\u00e4gen dem LBV vor und w\u00fcrden derzeit in die Abrechnungssysteme \u00fcbernommen.<\/p>\n<p>Beamtenl\u00f6hne: R\u00fcckwirkend h\u00f6here Netto-Auszahlung <\/p>\n<p>Mitte Dezember hatte das Bundeszentralamt offiziell \u201eUnregelm\u00e4\u00dfigkeiten\u201c best\u00e4tigt, die f\u00fcr viele Beamten zur Folge hatte, dass zu viel Lohnsteuer abgezogen wurde und das Netto-Einkommen in der Januar-Abrechnung teils geringer ausfiel als erforderlich. Hintergrund ist eine Gesetzes\u00e4nderung: Seit Anfang 2026 werden die Beitr\u00e4ge zur privaten Kranken- und Pflegeversicherung elektronisch an die Arbeitgeber gesandt und beim Lohnsteuerabzug ber\u00fccksichtigt. Doch der erstmalige Datenaustausch zwischen Steuerverwaltung, Krankenversicherungen und Arbeitgebern misslang v\u00f6llig.<\/p>\n<p>  <img decoding=\"async\" loading=\"lazy\" src=\"https:\/\/www.europesays.com\/de\/wp-content\/uploads\/2026\/01\/media.media.4e5084f6-08ac-4ac6-9353-be8a72a81e8c.original1024.media.jpeg\"\/>     BBW-Vorsitzender Kai Rosenberger    Foto: dpa\/Marijan Murat      <\/p>\n<p>Nun also die Entwarnung: \u201eSoweit f\u00fcr Januar 2026 eine Lohnsteuererstattung entsteht, wird diese automatisch bei der Abrechnung der Bez\u00fcge f\u00fcr Februar ber\u00fccksichtigt\u201c, k\u00fcndigt das LBV an. \u201eDamit erh\u00f6ht sich r\u00fcckwirkend der Netto-Auszahlungsbetrag.\u201c Ein gesonderter Antrag sei nicht erforderlich. Betroffen seien <a href=\"https:\/\/www.stuttgarter-zeitung.de\/thema\/Beamte\" title=\"Beamte\" class=\"art_thema\" target=\"_blank\" rel=\"noopener\">Beamte<\/a>, Richter und Versorgungsempf\u00e4nger. Dieser Gruppe werden die monatlichen Bez\u00fcge im Voraus gezahlt statt erst zum Monatsende, wie bei Arbeitnehmern der Privatwirtschaft. Die Korrektur mit dem Februar-Gehalt war eine Forderung des Beamtenbundes. \u201eWir haben diesbez\u00fcglich nur ganz wenige Beschwerden von unserer Mitgliedschaft erhalten\u201c, sagt der BBW-Vorsitzende Kai Rosenberger.<\/p>\n<p>Bescheide zu den Widerspr\u00fcchen bei Beamtenbesoldung vorerst ausgesetzt <\/p>\n<p>Zudem gibt es noch eine tendenziell positive Botschaft f\u00fcr viele Beamte im Konflikt um die \u201eamtsangemessene Alimentation\u201c in den vergangenen zwei Jahren: Infolge des Urteils vom <a href=\"https:\/\/www.stuttgarter-zeitung.de\/thema\/Bundesverfassungsgericht\" title=\"Bundesverfassungsgericht\" class=\"art_thema\" target=\"_blank\" rel=\"noopener\">Bundesverfassungsgericht<\/a> vom 19. November zum Land Berlin wurde in <a href=\"https:\/\/www.stuttgarter-zeitung.de\/thema\/Baden-W%C3%BCrttemberg\" title=\"Baden-W\u00fcrttemberg\" class=\"art_thema\" target=\"_blank\" rel=\"noopener\">Baden-W\u00fcrttemberg<\/a> die \u201eVerbescheidung\u201c der Widerspr\u00fcche gegen die aktuelle Besoldung erst einmal ausgesetzt. Denn das Urteil wird vom Finanzministerium als Grundsatzbeschluss sowie \u201eunter vielen Gesichtspunkten als eine Fortentwicklung und teilweise deutliche Abweichung von der bisherigen Rechtsprechung\u201c gewertet.<\/p>\n<p>Finanzministerium pr\u00fcft Karlsruher Entscheidung eingehend <\/p>\n<p>Der Karlsruher Beschluss werde im Detail gepr\u00fcft und analysiert, was aufgrund der vom Gericht teilweise neu geschaffenen komplexen Ma\u00dfst\u00e4be einige Zeit in Anspruch nehmen werde. Tats\u00e4chlich hatte das Verfassungsgericht im Falle Berlin weitere Parameter zur \u00dcberpr\u00fcfung der verfassungsgem\u00e4\u00dfen Besoldung aufgestellt. Ob und welche Auswirkungen sich auf das Besoldungsrecht in Baden-W\u00fcrttemberg ergeben k\u00f6nnten, \u201edies kann erst nach eingehender Pr\u00fcfung beantwortet werden\u201c, hei\u00dft es vom Finanzministerium.<\/p>\n<p>Laut dem LBV wurden bis zur Aussetzung 4138 formale Widerspr\u00fcche registriert und 2766 Widerspruchsbescheide erlassen. Angesichts der Weigerung des Landes noch vor dem Urteil, auf die Bedenken des Beamtenbundes Baden-W\u00fcrttemberg einzugehen, hat der BBW nach den Worten von Rosenberger \u2013 wie zuvor in Aussicht gestellt \u2013 im Dezember zwei Musterklagen gegen die Besoldung beim Verwaltungsgericht eingereicht.<\/p>\n","protected":false},"excerpt":{"rendered":"\u201eGute Nachrichten\u201c hat das Landesamt f\u00fcr Besoldung und Versorgung (LBV) f\u00fcr die Staatsdiener parat: \u201eDie technischen Probleme beim&hellip;\n","protected":false},"author":2,"featured_media":708822,"comment_status":"","ping_status":"","sticky":false,"template":"","format":"standard","meta":{"footnotes":""},"categories":[1830],"tags":[1634,16703,9009,140445,5441,163335,3364,29,30,1441],"class_list":{"0":"post-708821","1":"post","2":"type-post","3":"status-publish","4":"format-standard","5":"has-post-thumbnail","7":"category-stuttgart","8":"tag-baden-wuerttemberg","9":"tag-beamte","10":"tag-beamtenbund","11":"tag-besoldung","12":"tag-bundesverfassungsgericht","13":"tag-bundeszentralamt-fuer-steuern","14":"tag-de","15":"tag-deutschland","16":"tag-germany","17":"tag-stuttgart"},"share_on_mastodon":{"url":"https:\/\/pubeurope.com\/@de\/115873355318573999","error":""},"_links":{"self":[{"href":"https:\/\/www.europesays.com\/de\/wp-json\/wp\/v2\/posts\/708821","targetHints":{"allow":["GET"]}}],"collection":[{"href":"https:\/\/www.europesays.com\/de\/wp-json\/wp\/v2\/posts"}],"about":[{"href":"https:\/\/www.europesays.com\/de\/wp-json\/wp\/v2\/types\/post"}],"author":[{"embeddable":true,"href":"https:\/\/www.europesays.com\/de\/wp-json\/wp\/v2\/users\/2"}],"replies":[{"embeddable":true,"href":"https:\/\/www.europesays.com\/de\/wp-json\/wp\/v2\/comments?post=708821"}],"version-history":[{"count":0,"href":"https:\/\/www.europesays.com\/de\/wp-json\/wp\/v2\/posts\/708821\/revisions"}],"wp:featuredmedia":[{"embeddable":true,"href":"https:\/\/www.europesays.com\/de\/wp-json\/wp\/v2\/media\/708822"}],"wp:attachment":[{"href":"https:\/\/www.europesays.com\/de\/wp-json\/wp\/v2\/media?parent=708821"}],"wp:term":[{"taxonomy":"category","embeddable":true,"href":"https:\/\/www.europesays.com\/de\/wp-json\/wp\/v2\/categories?post=708821"},{"taxonomy":"post_tag","embeddable":true,"href":"https:\/\/www.europesays.com\/de\/wp-json\/wp\/v2\/tags?post=708821"}],"curies":[{"name":"wp","href":"https:\/\/api.w.org\/{rel}","templated":true}]}}