{"id":709322,"date":"2026-01-11T04:34:26","date_gmt":"2026-01-11T04:34:26","guid":{"rendered":"https:\/\/www.europesays.com\/de\/709322\/"},"modified":"2026-01-11T04:34:26","modified_gmt":"2026-01-11T04:34:26","slug":"berliner-mauer-moment-im-iran-versagt-europa-jetzt","status":"publish","type":"post","link":"https:\/\/www.europesays.com\/de\/709322\/","title":{"rendered":"Berliner-Mauer-Moment im Iran &#8211; versagt Europa jetzt?"},"content":{"rendered":"<p class=\"mb-4 text-lg md:leading-8 break-words\">Die gewaltsamen Bek\u00e4mpfungen der Massenproteste im Iran haben international f\u00fcr Emp\u00f6rung gesorgt. Auch europ\u00e4ische Staats- und Regierungschefs brachten ihre Sorge \u00fcber die Ausschreitungen zum Ausdruck:<\/p>\n<p class=\"mb-4 text-lg md:leading-8 break-words\">&#8222;Wir sind zutiefst besorgt \u00fcber Berichte von Gewalt durch iranische Sicherheitskr\u00e4fte und verurteilen die T\u00f6tung von Demonstranten auf das Sch\u00e4rfste&#8220;, schrieben der deutsche Bundeskanzler Friedrich Merz, der franz\u00f6sische Pr\u00e4sident Emmanuel Macron und der britische Premierminister Keir Starmer in einer gemeinsamen Erkl\u00e4rung.<\/p>\n<p class=\"mb-4 text-lg md:leading-8 break-words\">Die Staatschefs haben die iranischen Beh\u00f6rden zum Schutz der eigenen Bev\u00f6lkerung aufgerufen. Diese m\u00fcssten die Meinungsfreiheit und friedliche Versammlungen zulassen.<\/p>\n<p class=\"mb-4 text-lg md:leading-8 break-words\">&#8222;Wir fordern die iranischen Beh\u00f6rden nachdr\u00fccklich dazu auf, Zur\u00fcckhaltung zu \u00fcben, von Gewalt abzusehen und die Grundrechte der iranischen B\u00fcrgerinnen und B\u00fcrger zu wahren&#8220;, so die Staatschefs.<\/p>\n<p class=\"mb-4 text-lg md:leading-8 break-words\">Andere, wie die iranische Menschenrechtsaktivistin Masih Alinejad, sehen den Protesten mit Hoffnung entgegen. US-Pr\u00e4sident Donald Trump bezeichnete sie als &#8222;die gr\u00f6\u00dften Proteste&#8220;, die er je gesehen habe.<\/p>\n<p>Erlebt Iran gerade einen &#8222;Berliner-Mauer-Moment&#8220;?<\/p>\n<p class=\"mb-4 text-lg md:leading-8 break-words\">Seit Ende Dezember wird in der iranischen Hauptstadt Teheran gegen die Regierung demonstriert. Menschenrechtsorganisationen berichten \u00fcber zahlreiche Tote.<\/p>\n<p class=\"mb-4 text-lg md:leading-8 break-words\">Seit Donnerstagabend schr\u00e4nken weitreichende <a href=\"https:\/\/de.nachrichten.yahoo.com\/iran-wendepunkt-proteste-repression-offene-190717988.html\" data-ylk=\"slk:Internetsperren;elm:context_link;itc:0;sec:content-canvas;outcm:mb_qualified_link;_E:mb_qualified_link;ct:story;\" class=\"link  yahoo-link\" rel=\"nofollow noopener\" target=\"_blank\">Internetsperren<\/a> die Kommunikation mit dem Iran ein. Die Regierung greift hart gegen die Demonstranten durch.<\/p>\n<p class=\"mb-4 text-lg md:leading-8 break-words\">Videos zeigen eine angez\u00fcndete Moschee. Auf den Aufnahmen sind Br\u00e4nde und chaotische Szenen auf den Stra\u00dfen zu sehen.<\/p>\n<p class=\"mb-4 text-lg md:leading-8 break-words\">&#8222;Keine Panik. Das ist kein Chaos. Das sind 47 Jahre der Wut&#8220;, sagt Alinejad.<\/p>\n<p>Alinejad: Demokratien der Welt m\u00fcssen sich vereinen und die Protestbewegung im Iran unterst\u00fctzen<\/p>\n<p class=\"mb-4 text-lg md:leading-8 break-words\">Die iranische Menschenrechtsaktivistin \u00e4u\u00dferte sich in einem Interview mit BBC zuversichtlich und rief Demokratien auf, sich zu vereinen und der Protestbewegung im Iran zu helfen, wie sie einst Deutschland bei der Wiedervereinigung geholfen hatten.<\/p>\n<p class=\"mb-4 text-lg md:leading-8 break-words\">&#8222;Wir sind Ostdeutschland&#8220;, sagt Alinejad. &#8222;Das ist der Berliner-Mauer-Moment f\u00fcr den Iran&#8220;, sagt die Menschenrechtsaktivistin.<\/p>\n<p class=\"mb-4 text-lg md:leading-8 break-words\">Auch der im Exil lebende Kronprinz Reza Pahlavi fordert Unterst\u00fctzung der Proteste im Iran. In den sozialen Medien, auf X, bat er Trump um Hilfe:<\/p>\n<p class=\"mb-4 text-lg md:leading-8 break-words\">&#8222;Herr Pr\u00e4sident, dies ist ein dringender und unmittelbarer Aufruf um Ihre Aufmerksamkeit, Unterst\u00fctzung und Ihr Handeln. Gestern Abend haben Sie gesehen, wie Millionen mutiger Iraner auf den Stra\u00dfen sich lebenden Kugeln gestellt haben. Heute sind sie nicht nur Kugeln ausgesetzt, sondern auch einer vollst\u00e4ndigen Kommunikationssperre. Kein Internet. Keine Festnetzanschl\u00fcsse.&#8220;<\/p>\n<p class=\"mb-4 text-lg md:leading-8 break-words\">Seit seinem zweiten Amtsantritt als US-Pr\u00e4sident versucht Trump, sich als Friedensstifter zu profilieren.<\/p>\n<p class=\"mb-4 text-lg md:leading-8 break-words\">Armenien und Aserbaidschan hat er zu einem Friedensabkommen verholfen &#8211; zumindest auf Papier.<\/p>\n<p class=\"mb-4 text-lg md:leading-8 break-words\">Zuletzt entf\u00fchrten die USA den venezolanischen Pr\u00e4sidenten Nicol\u00e1s Maduro aus der Hauptstadt Caracas. Dieser soll nun in den USA vor Gericht gestellt werden.<\/p>\n<p class=\"mb-4 text-lg md:leading-8 break-words\">Im Ukraine-Krieg agieren die USA ebenfalls als Vermittler, wenngleich viele europ\u00e4ische Staats- und Regierungschefs die russlandnahe Politik des US-Pr\u00e4sidenten kritisieren. Darunter einen Entwurf f\u00fcr den Friedensvertrag, der zum gr\u00f6\u00dften Teil zum Vorteil Russlands formuliert war.<\/p>\n<p class=\"mb-4 text-lg md:leading-8 break-words\"><b class=\"c-widget-related__title__text\">Related<\/b><\/p>\n<p class=\"mb-4 text-lg md:leading-8 break-words\">Dem russischen Pr\u00e4sidenten Wladimir Putin hatte Trump zwar mit Sanktionen gedroht. Doch viele kritisierten, dass er bei der Umsetzung sehr zur\u00fcckhaltend war &#8211; laut Experten, weil er mit Putin weiter Gesch\u00e4fte machen wolle.<\/p>\n<p class=\"mb-4 text-lg md:leading-8 break-words\">Wird Trump beim Mullah-Regime im Iran konsequenter vorgehen? Die USA hatten der iranischen Regierung jedenfalls bereits Anfang Januar mit Konsequenzen gedroht. In einer Erkl\u00e4rung schrieb Trump: &#8222;Wenn der Iran friedliche Demonstranten erschie\u00dft und gewaltsam t\u00f6tet, wie es seine Gewohnheit ist, werden die Vereinigten Staaten von Amerika ihnen zu Hilfe kommen.&#8220;<\/p>\n<p class=\"mb-4 text-lg md:leading-8 break-words\">Und de EU? EU-Au\u00dfenbeauftragte Kaja Kallas fand f\u00fcr das, was in Iran vorgeht, klare Worte:<\/p>\n<p class=\"mb-4 text-lg md:leading-8 break-words\">&#8222;Das iranische Volk k\u00e4mpft f\u00fcr seine Zukunft. Indem es seine berechtigten Forderungen ignoriert, zeigt das Regime sein wahres Gesicht. Bilder aus Teheran zeigen eine unverh\u00e4ltnism\u00e4\u00dfige und harte Reaktion der Sicherheitskr\u00e4fte. Jede Gewalt gegen friedliche Demonstranten ist inakzeptabel. Die Abschaltung des Internets bei gleichzeitiger gewaltsamer Unterdr\u00fcckung von Protesten entlarvt ein Regime, das Angst vor seinem eigenen Volk hat&#8220;, schrieb Kallas auf X.<\/p>\n<p class=\"mb-4 text-lg md:leading-8 break-words\">Doch Trump fordert mehr Engagement von Europa. Bereits 2020 sprach er von &#8222;NATO-ME&#8220; (NATO-Middle East). Die EU m\u00fcsse mehr milit\u00e4rische Pr\u00e4senz im Nahen Osten zeigen, hie\u00df es.<\/p>\n<p class=\"mb-4 text-lg md:leading-8 break-words\">Bislang bleibt es von Seiten der USA bei Drohungen, Europa schaut zu und Aktivisten fordern politischen Druck.<\/p>\n","protected":false},"excerpt":{"rendered":"Die gewaltsamen Bek\u00e4mpfungen der Massenproteste im Iran haben international f\u00fcr Emp\u00f6rung gesorgt. Auch europ\u00e4ische Staats- und Regierungschefs brachten&hellip;\n","protected":false},"author":2,"featured_media":709323,"comment_status":"","ping_status":"","sticky":false,"template":"","format":"standard","meta":{"footnotes":"","_share_on_mastodon":"0"},"categories":[3933],"tags":[331,332,106,548,663,158,3934,3935,13,345,14,15,139,39699,12,163421],"class_list":["post-709322","post","type-post","status-publish","format-standard","has-post-thumbnail","category-eu","tag-aktuelle-nachrichten","tag-aktuelle-news","tag-donald-trump","tag-eu","tag-europa","tag-europaeische-union","tag-europe","tag-european-union","tag-headlines","tag-iran","tag-nachrichten","tag-news","tag-regierung","tag-regierungschefs","tag-schlagzeilen","tag-toetung-von-demonstranten"],"share_on_mastodon":{"url":"https:\/\/pubeurope.com\/@de\/115874605537068270","error":""},"_links":{"self":[{"href":"https:\/\/www.europesays.com\/de\/wp-json\/wp\/v2\/posts\/709322","targetHints":{"allow":["GET"]}}],"collection":[{"href":"https:\/\/www.europesays.com\/de\/wp-json\/wp\/v2\/posts"}],"about":[{"href":"https:\/\/www.europesays.com\/de\/wp-json\/wp\/v2\/types\/post"}],"author":[{"embeddable":true,"href":"https:\/\/www.europesays.com\/de\/wp-json\/wp\/v2\/users\/2"}],"replies":[{"embeddable":true,"href":"https:\/\/www.europesays.com\/de\/wp-json\/wp\/v2\/comments?post=709322"}],"version-history":[{"count":0,"href":"https:\/\/www.europesays.com\/de\/wp-json\/wp\/v2\/posts\/709322\/revisions"}],"wp:featuredmedia":[{"embeddable":true,"href":"https:\/\/www.europesays.com\/de\/wp-json\/wp\/v2\/media\/709323"}],"wp:attachment":[{"href":"https:\/\/www.europesays.com\/de\/wp-json\/wp\/v2\/media?parent=709322"}],"wp:term":[{"taxonomy":"category","embeddable":true,"href":"https:\/\/www.europesays.com\/de\/wp-json\/wp\/v2\/categories?post=709322"},{"taxonomy":"post_tag","embeddable":true,"href":"https:\/\/www.europesays.com\/de\/wp-json\/wp\/v2\/tags?post=709322"}],"curies":[{"name":"wp","href":"https:\/\/api.w.org\/{rel}","templated":true}]}}