{"id":709773,"date":"2026-01-11T09:15:11","date_gmt":"2026-01-11T09:15:11","guid":{"rendered":"https:\/\/www.europesays.com\/de\/709773\/"},"modified":"2026-01-11T09:15:11","modified_gmt":"2026-01-11T09:15:11","slug":"nagare-feiert-geburtstag-japanische-kulinarik-in-der-eckkneipe-uebersteht-alle-krisen-krz-plus","status":"publish","type":"post","link":"https:\/\/www.europesays.com\/de\/709773\/","title":{"rendered":"Nagare feiert Geburtstag: Japanische Kulinarik in der Eckkneipe \u00fcbersteht alle Krisen &#8211; KRZ Plus"},"content":{"rendered":"<p>\t\t\t\t\t\t\t\t\t\t\t\t\t\t\t\t\t\t\t\t\t\t\t\t\t\t\t\t\t\t\t\t\t\t\t\t   \t\t\t\t\t \t\t\t\t   \t      \t\t\t\t   <img decoding=\"async\" id=\"article-image\" fetchpriority=\"high\" alt=\"Nagare feiert Geburtstag: Japanische Kulinarik  in der Eckkneipe \u00fcbersteht alle Krisen\" onclick=\"var pA=document.createElement('a');pA.setAttribute('href','https:\/\/www.krzbb.de\/gallery.nagare-feiert-geburtstag-japanische-kulinarik-in-der-eckkneipe-uebersteht-alle-krisen.2ee6867e-cb0d-47d1-9dc2-a6097ea9e012.html'),pA.click();\" title=\"Nagare feiert Geburtstag: Japanische Kulinarik  in der Eckkneipe \u00fcbersteht alle Krisen\" src=\"https:\/\/www.europesays.com\/de\/wp-content\/uploads\/2026\/01\/media.media.d131b332-e2cb-44e8-bbe6-eef4b8303706.original700.jpg\" data-linkto=\"https:\/\/www.krzbb.de\/gallery.nagare-feiert-geburtstag-japanische-kulinarik-in-der-eckkneipe-uebersteht-alle-krisen.2ee6867e-cb0d-47d1-9dc2-a6097ea9e012.html\"\/>\t\t\t\t\t\t\t\t\t\t\t\t\t\t\t\t\t\t\t\t\t\t\t\tSeit f\u00fcnf Jahren gibt es das Restaurant Nagare von Shinichi Nakagawa: Zur Geburtstagsfeier gab es ein mehrg\u00e4ngiges Men\u00fc mit seinem fr\u00fcheren Chef Marco Akuzun.\u00a0Foto: Kathrin Haasis\/Ferdinando Iannone\t\t\t<\/p>\n<p>Shinichi Nakagawa ist in schwierigen Zeiten gestartet und an einem unscheinbaren Ort. Sein japanisches Restaurant Nagare hat sich trotzdem als Adresse f\u00fcr Feinschmecker etabliert.<\/p>\n<p>Sein damaliger Chef riet ihm ziemlich dringlich davon ab. Aber Shinichi Nakagawa h\u00f6rte einfach nicht auf die Warnungen. \u201eSelbstst\u00e4ndigkeit ist gef\u00e4hrlich\u201c, sagte Marco Akuzun, damals noch angestellter K\u00fcchenchef vom Flughafenrestaurant Top Air. Als er dann das Lokal sah, das sich der japanische Koch f\u00fcr sein eigenes Restaurant ausgesucht hatte, ist er noch mehr erschrocken: Es hat weder eine Terrasse noch Parkpl\u00e4tze und sieht von au\u00dfen wie eine Eckkneipe aus. \u201eIn Japan ist man erst erfolgreich, wenn man selbstst\u00e4ndig ist\u201c, erkl\u00e4rte <a href=\"https:\/\/www.krzbb.de\/inhalt.sterne-kueche-in-stuttgart-stuttgarter-bleiben-ihren-lieblingskoechen-treu-die-vermissen-uns.7e506081-618c-4f3d-acbf-0478c03cdd68.html\" target=\"_blank\" rel=\"nofollow noopener\">Shinichi Nakagawa seinem Chef<\/a>, bei dem er zwei Jahre lang gearbeitet und gelernt hatte. Die Unterhaltung fand vor rund f\u00fcnf Jahren statt: Nagare nannte er sein Restaurant in <a href=\"https:\/\/www.krzbb.de\/thema\/Stuttgart\" title=\"Stuttgart\" class=\"art_thema\" rel=\"nofollow noopener\" target=\"_blank\">Stuttgart<\/a>-Feuerbach, was auf Deutsch flie\u00dfen oder Fluss bedeutet. Und seither ist es nicht mehr zum Stillstand gekommen. <\/p>\n<p>                                                            Weiterlesen mit <img decoding=\"async\" src=\"https:\/\/www.krzbb.de\/staticcontent\/kreiszeitung_boeblinger_bote\/common\/assets\/svg\/logo\/KRZ_PLUS.svg\"\/>                        \t\t<\/p>\n<p class=\"title\">Unsere Abo-Empfehlungen<\/p>\n<p>        \t\tVon hier, f\u00fcr die Region,<br \/>\u00fcber die Welt.        \t\t        \t\t \t\t\t\t                                   \t\t<\/p>\n<p>*anschlie\u00dfend 10,99 \u20ac mtl.<\/p>\n<ul>\n<li>Exklusive Artikel, Serien und Abovorteile genie\u00dfen<\/li>\n<li>Zugriff auf alle Inhalte der KRZ im Web<\/li>\n<\/ul>\n<p>*anschlie\u00dfend 10,99 \u20ac mtl.<\/p>\n<p>               Bereits Abonnent? Anmelden            <\/p>\n","protected":false},"excerpt":{"rendered":"Seit f\u00fcnf Jahren gibt es das Restaurant Nagare von Shinichi Nakagawa: Zur Geburtstagsfeier gab es ein mehrg\u00e4ngiges Men\u00fc&hellip;\n","protected":false},"author":2,"featured_media":709774,"comment_status":"","ping_status":"","sticky":false,"template":"","format":"standard","meta":{"footnotes":"","_share_on_mastodon":"0"},"categories":[1830],"tags":[1634,3364,29,59207,3593,30,163558,163557,20056,163556,1441],"class_list":["post-709773","post","type-post","status-publish","format-standard","has-post-thumbnail","category-stuttgart","tag-baden-wuerttemberg","tag-de","tag-deutschland","tag-fuenf-jahre","tag-gastro","tag-germany","tag-japanisches-restaurant","tag-marco-akuzun","tag-menue","tag-nagare","tag-stuttgart"],"share_on_mastodon":{"url":"https:\/\/pubeurope.com\/@de\/115875710651297340","error":""},"_links":{"self":[{"href":"https:\/\/www.europesays.com\/de\/wp-json\/wp\/v2\/posts\/709773","targetHints":{"allow":["GET"]}}],"collection":[{"href":"https:\/\/www.europesays.com\/de\/wp-json\/wp\/v2\/posts"}],"about":[{"href":"https:\/\/www.europesays.com\/de\/wp-json\/wp\/v2\/types\/post"}],"author":[{"embeddable":true,"href":"https:\/\/www.europesays.com\/de\/wp-json\/wp\/v2\/users\/2"}],"replies":[{"embeddable":true,"href":"https:\/\/www.europesays.com\/de\/wp-json\/wp\/v2\/comments?post=709773"}],"version-history":[{"count":0,"href":"https:\/\/www.europesays.com\/de\/wp-json\/wp\/v2\/posts\/709773\/revisions"}],"wp:featuredmedia":[{"embeddable":true,"href":"https:\/\/www.europesays.com\/de\/wp-json\/wp\/v2\/media\/709774"}],"wp:attachment":[{"href":"https:\/\/www.europesays.com\/de\/wp-json\/wp\/v2\/media?parent=709773"}],"wp:term":[{"taxonomy":"category","embeddable":true,"href":"https:\/\/www.europesays.com\/de\/wp-json\/wp\/v2\/categories?post=709773"},{"taxonomy":"post_tag","embeddable":true,"href":"https:\/\/www.europesays.com\/de\/wp-json\/wp\/v2\/tags?post=709773"}],"curies":[{"name":"wp","href":"https:\/\/api.w.org\/{rel}","templated":true}]}}