{"id":710321,"date":"2026-01-11T14:38:18","date_gmt":"2026-01-11T14:38:18","guid":{"rendered":"https:\/\/www.europesays.com\/de\/710321\/"},"modified":"2026-01-11T14:38:18","modified_gmt":"2026-01-11T14:38:18","slug":"was-gruppen-bei-klirrender-kaelte-erleben","status":"publish","type":"post","link":"https:\/\/www.europesays.com\/de\/710321\/","title":{"rendered":"Was Gruppen bei klirrender K\u00e4lte erleben"},"content":{"rendered":"<p> Blauer Himmel \u00fcber dem Blockland. Die Sonne l\u00e4sst die schneebedeckten Wiesen glitzern. &#8222;Kohlfahrt mit Kaiserwetter \u2013 bei der Schneelage und Sonnenschein ist das nat\u00fcrlich wie ein Sechser im Lotto&#8220;, sagt Christoph Bielefeldt, der gemeinsam mit seiner Frau Rieke eine Kohltour organisiert. 20 Leute, ein Ziel: Gartelmanns Gasthof im Niederblockland. Doch bis dahin ist es noch ein langer Weg.<\/p>\n<p>Bei klirrender K\u00e4lte und Sonnenschein sind an diesem Wochenende \u00fcberall gut gelaunte Gruppen mit bunt geschm\u00fcckten Bollerwagen unterwegs. An Weggabelungen stehen Gr\u00fcppchen mit Brezeln und Schnapsglas um den Hals. W\u00e4hrend die Bielefeldts und Freunde ihre Tour am Jan-Reiners-Weg \u00fcber Borgfeld starten, versammelt sich zur selben Zeit die Landjugend im Blockland am Gasthof Dammsiel am anderen Ende des Deiches.<\/p>\n<p>&#8222;Wir haben heute die Landjugend aus Hanstedt zu Besuch und wollen sie zum Kohlessen einladen&#8220;, erz\u00e4hlt der Vizevorsitzende der Blocklander Landjugend, Jakob Bavendam. Die Gruppe ist mit 40 Leuten am Start. Die Blocklander haben sich den <a href=\"https:\/\/www.weser-kurier.de\/thema\/gruenkohl-q685680\/\" target=\"_blank\" rel=\"noopener\">Gr\u00fcnkohl<\/a> im Gasthof Gartelmann au\u00dfer Haus bestellt. Die Kohl-Party soll im Dorfgemeinschaftshaus steigen.<\/p>\n<p>Erster Stopp. Schnapsrunde an der Kreuzung am Lehester Deich: Rieke und Christoph Bielefeldt haben ihre 9. Kohlfahrt unter das Motto 90er-Jahre gestellt. Eine 8-Bit-Version von Tetris-Sounds dringt durch Lautsprecher aus einem Bollerwagen. &#8222;Die Playliste geht \u00fcber zehn Stunden \u2013 von den Backstreet Boys \u00fcber Kris Kross bis hin zu Rage Against the Machine ist auf jeden Fall f\u00fcr alle was dabei&#8220;, sagt Christoph Bielefeldt. Der Profiorganisator hat sogar ein Mikro f\u00fcr Ansagen dabei.<\/p>\n<p>Das erste Spiel: Ein Stromkasten wird kurzerhand von Schnee befreit. Zwei Teams stehen sich gegen\u00fcber. Die Bielefeldts haben Tisch-Tetris mitgebracht. Spielerinnen und Spieler m\u00fcssen die Tetris-Steine auf einer wackeligen Wippe platzieren. Konzentration schl\u00e4gt Alkoholpegel. &#8222;Noch&#8220;, sagt eine Teilnehmerin. Es wird gelacht, gescherzt, gezittert.<\/p>\n<p>Die Sonne scheint, doch es ist eiskalt. Temperaturen um minus zwei Grad \u2013 klirrende K\u00e4lte ist f\u00fcr den Abend angesagt. Die Gruppe hat sich dick eingepackt. &#8222;Ich habe eine Schneehose an, darunter Skiw\u00e4sche, eine dicke Wollstrickjacke und meine Daunenjacke \u2013 drei Schichten&#8220;, sagt Rieke Bielefeldt. Die Gruppe nickt. Keiner friert \u2013 bis jetzt.<\/p>\n<p>Auf der anderen Seite des Deiches: Die Jugendlichen schlendern gelassen \u00fcber die Stra\u00dfe \u2013 vorneweg f\u00e4hrt ein motorisierter Kindertraktor mit Anh\u00e4nger. Die Landwirte haben die Deichstra\u00dfe perfekt ger\u00e4umt. Schnee liegt nur noch auf der Deichkrone. Auch Schilfgras, Wiesen und B\u00e4ume glitzern wei\u00df im Sonnenlicht. Constanze Liening ist zum ersten Mal auf einer Kohltour dabei. Die 22-J\u00e4hrige hat sich der Dorfjugend angeschlossen, &#8222;weil mir die Gemeinschaft so gut gef\u00e4llt&#8220;, sagt die Ritterhuderin, deren Oma im Blockland wohnt. Viele aus der Gruppe kennt Liening, seit sie klein war.<\/p>\n<p>Organisatorin Luisa Gartelmann kommt mit dem Auto vorbei und bringt noch schnell eine Musikanlage hinterher. Die Landjugendvorst\u00e4ndin schm\u00fcckt mit ihrer Freundin Lena Hauschildt den Raum im Dorfgemeinschaftshaus, w\u00e4hrend die anderen spazieren, spielen, schnacken. Nach wenigen Metern klingelt Organisator Jakob Bavendam an der ersten Haust\u00fcr im Blockland. Eine Mutter hat frische Brezeln f\u00fcr die Gruppe gebacken \u2013 hei\u00df, salzig, knusprig.<\/p>\n<p>    <img decoding=\"async\" data-w=\"1200 1 Landscape\" alt=\"\" class=\"inline-gallery__image withsrc\" style=\"max-height:unset;aspect-ratio:16\/9\" loading=\"lazy\"   src=\"https:\/\/www.europesays.com\/de\/wp-content\/uploads\/2026\/01\/Landscapekohltour-blockland.webp.webp\"\/><\/p>\n<p>\n                      Die Blocklander Landjugend hat Freunde aus Hanstedt zu Besuch. Mit 40 Leuten stiefelten sie am Wochenende bei ihrer Kohltour \u00fcber den Deich. <\/p>\n<p>      Jakob Richter <\/p>\n<p>    <img decoding=\"async\" data-w=\"1200 1 Landscape\" alt=\"\" class=\"inline-gallery__image withsrc\" style=\"max-height:unset;aspect-ratio:16\/9\" loading=\"lazy\"   src=\"https:\/\/www.europesays.com\/de\/wp-content\/uploads\/2026\/01\/1768142294_690_Landscapekohltour-blockland.webp.webp\"\/><\/p>\n<p>\n                      Constanze Liening ist zum ersten Mal auf einer Kohltour dabei. In der Landjugend gef\u00e4llt ihr die Gemeinschaft. Auf der Tour sei die Schneelandschaft das Sch\u00f6nste. <\/p>\n<p>      Jakob Richter <\/p>\n<p>    <img decoding=\"async\" data-w=\"1200 1 Landscape\" alt=\"Rieke und Christoph Bielefeldt (vorne) organisieren zum neunten Mal eine Kohltour mit Freunden \u2013 die klirrende K\u00e4lte macht ihnen nichts aus.\" class=\"inline-gallery__image withsrc\" style=\"max-height:unset;aspect-ratio:16\/9\" loading=\"lazy\"   src=\"https:\/\/www.europesays.com\/de\/wp-content\/uploads\/2026\/01\/Landscapedoc8431zzin8wm1cgzxa4z0-jpg.webp.webp\"\/><\/p>\n<p>\n                      Rieke und Christoph Bielefeldt (vorne) organisieren zum neunten Mal eine Kohltour mit Freunden &#8211; die klirrende K\u00e4lte macht ihnen nichts aus, sagen sie. <\/p>\n<p>      Petra Scheller <\/p>\n<p>    <img decoding=\"async\" data-w=\"1200 1 Landscape\" alt=\"\" class=\"inline-gallery__image withsrc\" style=\"max-height:unset;aspect-ratio:16\/9\" loading=\"lazy\"   src=\"https:\/\/www.europesays.com\/de\/wp-content\/uploads\/2026\/01\/1768142295_949_Landscapekohltour-blockland.webp.webp\"\/><\/p>\n<p>\n                      Erste Pause &#8211; frische Brezeln, Punsch und Spiele. <\/p>\n<p>      Jakob Richter <\/p>\n<p>    <img decoding=\"async\" data-w=\"1200 1 Landscape\" alt=\"\" class=\"inline-gallery__image withsrc\" style=\"max-height:unset;aspect-ratio:16\/9\" loading=\"lazy\"   src=\"https:\/\/www.europesays.com\/de\/wp-content\/uploads\/2026\/01\/Landscapedoc8435nrvel6xfhwn94z0-jpg.webp.webp\"\/><\/p>\n<p>\n                      Sonnenuntergang: Belohnung f\u00fcr den langen Spaziergang. <\/p>\n<p>      Sebastian Bauer <\/p>\n<p>    <img decoding=\"async\" data-w=\"1200 1 Landscape\" alt=\"\" class=\"inline-gallery__image withsrc\" style=\"max-height:unset;aspect-ratio:16\/9\" loading=\"lazy\"   src=\"https:\/\/www.europesays.com\/de\/wp-content\/uploads\/2026\/01\/1768142296_638_Landscapekohltour-blockland.webp.webp\"\/><\/p>\n<p>\n                      Constanze Liening (rechts) bei \u201dSpaghetti in Makkaroni\u201d &#8211; dem ersten Spiel auf der Tour der Landjugend im Blockland. <\/p>\n<p>      Jakob Richter <\/p>\n<p>    <img decoding=\"async\" data-w=\"1200 1 Landscape\" alt=\"\" class=\"inline-gallery__image withsrc\" style=\"max-height:unset;aspect-ratio:16\/9\" loading=\"lazy\"   src=\"https:\/\/www.europesays.com\/de\/wp-content\/uploads\/2026\/01\/Landscapedoc8431zzhg9kwntlsm788-jpg.webp.webp\"\/><\/p>\n<p>\n                      Das erste Spiel im Team Bielefeldt: Ein Stromkasten wird kurzerhand von Schnee befreit. Zwei Teams stehen sich gegen\u00fcber. Die Organisatoren haben Tisch-Tetris mitgebracht. Spielerinnen und Spieler m\u00fcssen die Tetris-Steine auf einer wackeligen Wippe platzieren. Konzentration schl\u00e4gt hier den Alkoholpegel. <\/p>\n<p>      Petra Scheller <\/p>\n<p>    <img decoding=\"async\" data-w=\"1200 1 Landscape\" alt=\"\" class=\"inline-gallery__image withsrc\" style=\"max-height:unset;aspect-ratio:16\/9\" loading=\"lazy\"   src=\"https:\/\/www.europesays.com\/de\/wp-content\/uploads\/2026\/01\/Landscapedoc8435nrzpmco1imxwpnth-jpg.webp.webp\"\/><\/p>\n<p>\n                      W\u00e4hrend die Kohl-Gruppen \u00fcber den Deich laufen, leuchtet der weite Himmel \u00fcber dem Blockland in bunten Farben \u2013 zuerst Gelb, dann Rosa. <\/p>\n<p>      Sebastian Bauer <\/p>\n<p>Das erste Spiel steht an: &#8222;Spaghetti in Makkaroni&#8220;. Zweierteams versuchen, Nudeln ineinanderzustecken \u2013 ohne H\u00e4nde, die Pasta zwischen den Lippen. Die Gruppe gr\u00f6lt. Die meisten bestehen den Test. &#8222;Wir trinken auch Kinderpunsch&#8220;, sagt einer. &#8222;Das Gute an unserer Gruppe ist, dass wir wirklich immer gut aufeinander aufpassen&#8220;, berichtet Luisa Gartelmann. Die Landjugend im Blockland sei etwas Besonderes: &#8222;Hier wird jeder mitgenommen, jeder achtet auf den anderen&#8220;, unterstreicht auch Jakob Bavendam. Das sei wichtig f\u00fcr Jugendliche, &#8222;dass sie sich in einem gesch\u00fctzten Raum eigenverantwortlich treffen k\u00f6nnen&#8220;, erkl\u00e4rt die angehende Grundschullehrerin Luisa Gartelmann. Man lerne viel dabei: Dinge zu organisieren, f\u00fcr die anderen mitzudenken, sich gegenseitig zu helfen. &#8222;Zusammen zu feiern.&#8220;<\/p>\n<p>W\u00e4hrend beide Gruppen \u00fcber den Deich laufen, leuchtet der weite Himmel \u00fcber dem Blockland in bunten Farben \u2013 zuerst Gelb, dann Rosa. Knallrot geht die Sonne unter. Der Schnee glitzert in vielen Farben \u2013 die perfekte Kulisse f\u00fcr perfekte Selfies, sagen die Spazierg\u00e4nger sp\u00e4ter.<\/p>\n<p>Zur selben Zeit lodern blaue Flammen auf dem Gasherd in der K\u00fcche im Landgasthof Gartelmann. Ein Duftfeuerwerk aus Piment, frisch gemahlenem Pfeffer, Br\u00fche und Kohl zieht durch den Flur \u00fcber die Bauerndiele. \u00dcber 3000 Portionen Gr\u00fcnkohl wird Chefkoch Jan Gartelmann am Ende der Saison nach eigenen Angaben verkauft haben. 20 davon werden gegen 18.30 Uhr im Klubraum eins f\u00fcr die Gruppe Bielefeldt serviert.<\/p>\n<p>Rieke und Christoph Bielefeldt baden in Applaus. Viereinhalb Stunden haben sie gebraucht, um ihre Freunde sicher ans Ziel zu bringen. &#8222;Gut gelaunt&#8220;, versichert der Organisator am n\u00e4chsten Morgen. K\u00f6stlich habe es geschmeckt. &#8222;So gut, dass wir auf jeden Fall im n\u00e4chsten Jahr wiederkommen.&#8220;<\/p>\n<p>                Zur Sache<\/p>\n<p>\n        Der Ursprung der Kohltour<br \/>\n        <br \/>Die Vorl\u00e4ufer der heutigen Kohlfahrten waren im 19. Jahrhundert die Pferdegespanne reicher Kaufleute oder Adliger aus Bremen und Oldenburg, die sich jedes Jahr nach dem ersten Frost auf den Weg in die Landgasth\u00e4user im Umland machten, um dort Gr\u00fcnkohl zu essen. Gr\u00fcnkohl war damals das einzige Wintergem\u00fcse, das in der kargen Landschaft wachsen konnte. Erst mit dem Frost entwickelte es seinen vollen Geschmack. Deshalb finden Kohlfahrten immer im Winter statt.\n    <\/p>\n<p>                        <a href=\"https:\/\/www.weser-kurier.de\/\" id=\"home\" class=\"button primary-primary font-size-15_1 m-0a customEvent\" data-layer-event-name=\"customEvent\" data-layer-trigger=\"click\" data-layer-category=\"artikelscoring\" data-layer-action=\"startseite_button\" data-layer-label=\"doc84321kj0d2amu78mh0g\" data-layer-value=\"https:\/\/www.weser-kurier.de\/bremen\/stadtteil-blockland\/1\" target=\"_blank\" rel=\"noopener\">Zur Startseite<\/a><\/p>\n","protected":false},"excerpt":{"rendered":"Blauer Himmel \u00fcber dem Blockland. Die Sonne l\u00e4sst die schneebedeckten Wiesen glitzern. &#8222;Kohlfahrt mit Kaiserwetter \u2013 bei der&hellip;\n","protected":false},"author":2,"featured_media":710322,"comment_status":"","ping_status":"","sticky":false,"template":"","format":"standard","meta":{"footnotes":""},"categories":[1824],"tags":[2420,3364,29,30],"class_list":{"0":"post-710321","1":"post","2":"type-post","3":"status-publish","4":"format-standard","5":"has-post-thumbnail","7":"category-bremen","8":"tag-bremen","9":"tag-de","10":"tag-deutschland","11":"tag-germany"},"share_on_mastodon":{"url":"https:\/\/pubeurope.com\/@de\/115876981005244233","error":""},"_links":{"self":[{"href":"https:\/\/www.europesays.com\/de\/wp-json\/wp\/v2\/posts\/710321","targetHints":{"allow":["GET"]}}],"collection":[{"href":"https:\/\/www.europesays.com\/de\/wp-json\/wp\/v2\/posts"}],"about":[{"href":"https:\/\/www.europesays.com\/de\/wp-json\/wp\/v2\/types\/post"}],"author":[{"embeddable":true,"href":"https:\/\/www.europesays.com\/de\/wp-json\/wp\/v2\/users\/2"}],"replies":[{"embeddable":true,"href":"https:\/\/www.europesays.com\/de\/wp-json\/wp\/v2\/comments?post=710321"}],"version-history":[{"count":0,"href":"https:\/\/www.europesays.com\/de\/wp-json\/wp\/v2\/posts\/710321\/revisions"}],"wp:featuredmedia":[{"embeddable":true,"href":"https:\/\/www.europesays.com\/de\/wp-json\/wp\/v2\/media\/710322"}],"wp:attachment":[{"href":"https:\/\/www.europesays.com\/de\/wp-json\/wp\/v2\/media?parent=710321"}],"wp:term":[{"taxonomy":"category","embeddable":true,"href":"https:\/\/www.europesays.com\/de\/wp-json\/wp\/v2\/categories?post=710321"},{"taxonomy":"post_tag","embeddable":true,"href":"https:\/\/www.europesays.com\/de\/wp-json\/wp\/v2\/tags?post=710321"}],"curies":[{"name":"wp","href":"https:\/\/api.w.org\/{rel}","templated":true}]}}