{"id":710525,"date":"2026-01-11T16:31:12","date_gmt":"2026-01-11T16:31:12","guid":{"rendered":"https:\/\/www.europesays.com\/de\/710525\/"},"modified":"2026-01-11T16:31:12","modified_gmt":"2026-01-11T16:31:12","slug":"britney-spears-verkuendet-comeback-startet-sie-mit-ihrem-sohn-durch","status":"publish","type":"post","link":"https:\/\/www.europesays.com\/de\/710525\/","title":{"rendered":"Britney Spears verk\u00fcndet Comeback \u2013 startet sie mit ihrem Sohn durch?"},"content":{"rendered":"<p>Nach sieben Jahren B\u00fchnenabstinenz <\/p>\n<p>Britney Spears plant Comeback \u2013 aber nicht in ihrer Heimat<\/p>\n<p>11.01.2026 &#8211; 14:35 UhrLesedauer: 2 Min.<\/p>\n<p><a href=\"#focus-0\" class=\"transition-colors duration-200 block text-current relative\" data-sctrack=\"FocusGalleryImage.Reference\"><img fetchpriority=\"high\" data-testid=\"Opener.Image\" style=\"--lqipURL:url('https:\/\/images.t-online.de\/2026\/01\/toTAL1ROH-AH\/233x588:2133x1200\/fit-in\/150x0\/filters:blur(25)\/britney-spears-die-popsaengerin-moechte-kuenftig-offenbar-mit-ihrem-sohn-zusammen-auftreten.jpg')\"   loading=\"eager\" src=\"https:\/\/www.europesays.com\/de\/wp-content\/uploads\/2026\/01\/britney-spears-die-popsaengerin-moechte-kuenftig-offenbar-mit-ihrem-sohn-zusammen-auftreten.jpg\" alt=\"Britney Spears: Die Pops\u00e4ngerin m\u00f6chte k\u00fcnftig offenbar mit ihrem Sohn zusammen auftreten.\" title=\"Britney Spears: Die Pops\u00e4ngerin m\u00f6chte k\u00fcnftig offenbar mit ihrem Sohn zusammen auftreten.\" width=\"2133\" height=\"1200\" class=\"bg-[url:var(--lqipURL)] bg-cover bg-center flex h-full w-full max-w-full\" decoding=\"async\"\/><img style=\"--width:32;--height:32\" loading=\"lazy\" src=\"https:\/\/www.t-online.de\/s\/paper\/_next\/static\/media\/zoom-in.f7dae02f.svg\" alt=\"Vergr\u00f6\u00dfern des Bildes\" title=\"Vergr\u00f6\u00dfern des Bildes\" class=\"block h-[calc(var(--height)_\/_16_*_1rem)] w-[calc(var(--width)_\/_16_*_1rem)] max-w-none absolute bottom-8 right-8 rounded-4 bg-snow p-8\" decoding=\"async\"\/><\/a><\/p>\n<p>Britney Spears: Die Pops\u00e4ngerin m\u00f6chte k\u00fcnftig offenbar mit ihrem Sohn zusammen auftreten. (Quelle: TPG)<\/p>\n<p class=\"font-bold text-18 leading-17\">Britney Spears deutet auf Instagram eine m\u00f6gliche R\u00fcckkehr auf die B\u00fchne an. Doch in den USA m\u00f6chte sie aus &#8222;\u00e4u\u00dferst sensiblen Gr\u00fcnden&#8220; nicht mehr auftreten.<\/p>\n<p class=\"text-18 leading-17\">Seit ihrem letzten Auftritt in den <a class=\"transition-colors duration-200 cursor-pointer text-inherit no-underline text-salemsfur md:hover:text-magenta md:hover:border-magenta md:focus:text-magenta border-current border-b border-solid break-words\" href=\"https:\/\/www.t-online.de\/themen\/usa\/\" data-sctrack=\"BodyAnchor\" target=\"_blank\" rel=\"noopener\">USA<\/a> sind mehr als sieben Jahre vergangen. Nun deutet <a class=\"transition-colors duration-200 cursor-pointer text-inherit no-underline text-salemsfur md:hover:text-magenta md:hover:border-magenta md:focus:text-magenta border-current border-b border-solid break-words\" href=\"https:\/\/www.t-online.de\/themen\/britney-spears\/\" data-sctrack=\"BodyAnchor\" target=\"_blank\" rel=\"noopener\">Britney Spears<\/a> auf Instagram eine m\u00f6gliche R\u00fcckkehr auf die B\u00fchne an \u2013 allerdings nicht in ihrer Heimat. Die 44-j\u00e4hrige S\u00e4ngerin hat in einem neuen Beitrag klargestellt, dass sie &#8222;aus \u00e4u\u00dferst sensiblen Gr\u00fcnden&#8220; nie wieder in den Vereinigten Staaten auftreten werde.<\/p>\n<p class=\"text-18 leading-17\">Stattdessen k\u00f6nnte es Spears nach <a class=\"transition-colors duration-200 cursor-pointer text-inherit no-underline text-salemsfur md:hover:text-magenta md:hover:border-magenta md:focus:text-magenta border-current border-b border-solid break-words\" href=\"https:\/\/www.t-online.de\/themen\/grossbritannien\/\" data-sctrack=\"BodyAnchor\" target=\"_blank\" rel=\"noopener\">Gro\u00dfbritannien<\/a> oder <a class=\"transition-colors duration-200 cursor-pointer text-inherit no-underline text-salemsfur md:hover:text-magenta md:hover:border-magenta md:focus:text-magenta border-current border-b border-solid break-words\" href=\"https:\/\/www.t-online.de\/themen\/australien\/\" data-sctrack=\"BodyAnchor\" target=\"_blank\" rel=\"noopener\">Australien<\/a> ziehen. Die Musikerin schrieb zu einem Foto, auf dem sie an einem wei\u00dfen Fl\u00fcgel sitzt, dass sie hoffe, bald &#8222;mit einer roten Rose im Haar, zu einem Dutt frisiert&#8220; gemeinsam mit ihrem Sohn aufzutreten.<\/p>\n<p class=\"text-18 leading-17\">In ihrem Instagram-Post erw\u00e4hnt Spears auch, dass sie das abgebildete Klavier ihrem Sohn schicken m\u00f6chte. Welchen ihrer beiden S\u00f6hne sie damit meint, l\u00e4sst die S\u00e4ngerin offen. Die 44-J\u00e4hrige hat mit ihrem Ex-Mann Kevin Federline zwei Kinder: Sean Preston und Jayden James, 20 und 19 Jahre alt.<\/p>\n<p class=\"text-18 leading-17\">Vermutlich bezieht sich Spears auf ihren j\u00fcngeren Sohn Jayden, den sie bereits im vergangenen Jahr f\u00fcr sein musikalisches Talent gelobt hatte. Damals bezeichnete sie ihn als &#8222;Genie&#8220; am Klavier. In ihrem aktuellen Beitrag schreibt die S\u00e4ngerin nun, ihr Sohn sei &#8222;ein riesiger Star&#8220;.<\/p>\n<p class=\"text-18 leading-17\">Der letzte B\u00fchnenauftritt von Britney Spears in den USA liegt bereits mehr als sieben Jahre zur\u00fcck: Im Oktober 2018 trat sie im texanischen Austin auf. In den Jahren danach wurde wiederholt \u00fcber eine m\u00f6gliche R\u00fcckkehr der S\u00e4ngerin spekuliert. Im Sommer 2021 hatte Spears jedoch erkl\u00e4rt, sie werde &#8222;in absehbarer Zeit auf keiner B\u00fchne auftreten&#8220;.<\/p>\n","protected":false},"excerpt":{"rendered":"Nach sieben Jahren B\u00fchnenabstinenz Britney Spears plant Comeback \u2013 aber nicht in ihrer Heimat 11.01.2026 &#8211; 14:35 UhrLesedauer:&hellip;\n","protected":false},"author":2,"featured_media":710526,"comment_status":"","ping_status":"","sticky":false,"template":"","format":"standard","meta":{"footnotes":""},"categories":[1772],"tags":[722,17161,1912,11181,4709,29,214,30,551,152,1779,810,215,64],"class_list":{"0":"post-710525","1":"post","2":"type-post","3":"status-publish","4":"format-standard","5":"has-post-thumbnail","7":"category-musik","8":"tag-722","9":"tag-17161","10":"tag-australien","11":"tag-britney-spears","12":"tag-comeback","13":"tag-deutschland","14":"tag-entertainment","15":"tag-germany","16":"tag-grossbritannien","17":"tag-instagram","18":"tag-music","19":"tag-musik","20":"tag-unterhaltung","21":"tag-usa"},"share_on_mastodon":{"url":"https:\/\/pubeurope.com\/@de\/115877425093396077","error":""},"_links":{"self":[{"href":"https:\/\/www.europesays.com\/de\/wp-json\/wp\/v2\/posts\/710525","targetHints":{"allow":["GET"]}}],"collection":[{"href":"https:\/\/www.europesays.com\/de\/wp-json\/wp\/v2\/posts"}],"about":[{"href":"https:\/\/www.europesays.com\/de\/wp-json\/wp\/v2\/types\/post"}],"author":[{"embeddable":true,"href":"https:\/\/www.europesays.com\/de\/wp-json\/wp\/v2\/users\/2"}],"replies":[{"embeddable":true,"href":"https:\/\/www.europesays.com\/de\/wp-json\/wp\/v2\/comments?post=710525"}],"version-history":[{"count":0,"href":"https:\/\/www.europesays.com\/de\/wp-json\/wp\/v2\/posts\/710525\/revisions"}],"wp:featuredmedia":[{"embeddable":true,"href":"https:\/\/www.europesays.com\/de\/wp-json\/wp\/v2\/media\/710526"}],"wp:attachment":[{"href":"https:\/\/www.europesays.com\/de\/wp-json\/wp\/v2\/media?parent=710525"}],"wp:term":[{"taxonomy":"category","embeddable":true,"href":"https:\/\/www.europesays.com\/de\/wp-json\/wp\/v2\/categories?post=710525"},{"taxonomy":"post_tag","embeddable":true,"href":"https:\/\/www.europesays.com\/de\/wp-json\/wp\/v2\/tags?post=710525"}],"curies":[{"name":"wp","href":"https:\/\/api.w.org\/{rel}","templated":true}]}}