{"id":710613,"date":"2026-01-11T17:25:10","date_gmt":"2026-01-11T17:25:10","guid":{"rendered":"https:\/\/www.europesays.com\/de\/710613\/"},"modified":"2026-01-11T17:25:10","modified_gmt":"2026-01-11T17:25:10","slug":"bauarbeiten-am-gesperrten-hauptbahnhof-dresden-im-zeitplan","status":"publish","type":"post","link":"https:\/\/www.europesays.com\/de\/710613\/","title":{"rendered":"Bauarbeiten am gesperrten Hauptbahnhof Dresden im Zeitplan"},"content":{"rendered":"<p class=\"bold\">\n\t\t\t\t\t\t\t\t\t\tSeit Freitag ist der Dresdner Hauptbahnhof wegen Bauarbeiten gesperrt. Nach Angaben der Bahn liegen die Arbeiten im Soll und der Betrieb sollte am Montagmorgen wieder anlaufen.\t\t\t\t<\/p>\n<p>\t\t\t\t\t\t\t\t\t\t\t\t\t\t\t\t\t\t\tDresden.<\/p>\n<p>Die Bauarbeiten in dem seit Freitag gesperrten Dresdner Hauptbahnhof liegen im Plan. Nach derzeitigem Stand geht die Projektleitung von einer p\u00fcnktlichen Inbetriebnahme am Montagmorgen aus, wie eine Bahnsprecherin auf Anfrage mitteilte.<\/p>\n<p>\tDrei Tage lang kein Zugverkehr am Hauptbahnhof<\/p>\n<p>Wegen der Arbeiten war der Hauptbahnhof seit Freitagmorgen gesperrt, keine Z\u00fcge konnten fahren. Der Fernverkehr von und nach Berlin und Leipzig endete und startete in Dresden-Neustadt. Zum Hauptbahnhof ging es weiter mit den regul\u00e4ren Nahverkehrsverbindungen und zus\u00e4tzlichem Ersatzverkehr mit einer extra eingerichteten Stra\u00dfenbahnlinie. Von und nach Prag verkehrte zwischen Neustadt und Usti nad Labem in Tschechien Ersatzverkehr mit Bussen. Die Fahrtzeit verl\u00e4ngert sich dadurch um etwa eine Stunde.\u00a0<\/p>\n<p>                    \t\t\t        \t\t\t\t<img decoding=\"async\" class=\"media-image detail-img__media-image detail-img__image--rounded\" loading=\"lazy\" src=\"https:\/\/www.europesays.com\/de\/wp-content\/uploads\/2026\/01\/17903391_M400x267.jpg\" alt=\"Nach derzeitigem Stand geht die Projektleitung von einer p\u00fcnktlichen Inbetriebnahme am Montagmorgen aus.\"   style=\"&#10;&#9;&#9;&#9;aspect-ratio:2048\/1365;&#10;&#9;&#9;&#9;background: url(data:image\/jpg;base64,\/9j\/4AAQSkZJRgABAQEASABIAAD\/2wBDAAUDBAQEAwUEBAQFBQUGBwwIBwcHBw8LCwkMEQ8SEhEPERETFhwXExQaFRERGCEYGh0dHx8fExciJCIeJBweHx7\/2wBDAQUFBQcGBw4ICA4eFBEUHh4eHh4eHh4eHh4eHh4eHh4eHh4eHh4eHh4eHh4eHh4eHh4eHh4eHh4eHh4eHh4eHh7\/wAARCAAHAAoDASIAAhEBAxEB\/8QAFgABAQEAAAAAAAAAAAAAAAAAAAQG\/8QAIRAAAQIFBQEAAAAAAAAAAAAAAQIDAAQFERIGEyExYSP\/xAAVAQEBAAAAAAAAAAAAAAAAAAADBP\/EABcRAQADAAAAAAAAAAAAAAAAAAABEVH\/2gAMAwEAAhEDEQA\/ALdO6WRO0llwzTEptt\/QMMFpLiuRcpQbC4v17z1GRnqUWp19pCaPihxSU5UsKNgT2cuT7CET1GFf\/9k=) no-repeat left top; background-size: cover;&#9;&#9;&#9;width: 100%;&#9;&#9;\"\/><\/p>\n<p>\n            Nach derzeitigem Stand geht die Projektleitung von einer p\u00fcnktlichen Inbetriebnahme am Montagmorgen aus.<\/p>\n<p>                Bild:  Robert Michael\/dpa\n        <\/p>\n<p>            \t\t\t        \t\t\t\t<img decoding=\"async\" class=\"media-image lightbox__image\" loading=\"lazy\" src=\"https:\/\/www.europesays.com\/de\/wp-content\/uploads\/2026\/01\/17903391_M400x267.jpg\" alt=\"Nach derzeitigem Stand geht die Projektleitung von einer p\u00fcnktlichen Inbetriebnahme am Montagmorgen aus.\"   style=\"&#10;&#9;&#9;&#9;aspect-ratio:2048\/1365;&#10;&#9;&#9;&#9;background: url(data:image\/jpg;base64,\/9j\/4AAQSkZJRgABAQEASABIAAD\/2wBDAAUDBAQEAwUEBAQFBQUGBwwIBwcHBw8LCwkMEQ8SEhEPERETFhwXExQaFRERGCEYGh0dHx8fExciJCIeJBweHx7\/2wBDAQUFBQcGBw4ICA4eFBEUHh4eHh4eHh4eHh4eHh4eHh4eHh4eHh4eHh4eHh4eHh4eHh4eHh4eHh4eHh4eHh4eHh7\/wAARCAAHAAoDASIAAhEBAxEB\/8QAFgABAQEAAAAAAAAAAAAAAAAAAAQG\/8QAIRAAAQIFBQEAAAAAAAAAAAAAAQIDAAQFERIGEyExYSP\/xAAVAQEBAAAAAAAAAAAAAAAAAAADBP\/EABcRAQADAAAAAAAAAAAAAAAAAAABEVH\/2gAMAwEAAhEDEQA\/ALdO6WRO0llwzTEptt\/QMMFpLiuRcpQbC4v17z1GRnqUWp19pCaPihxSU5UsKNgT2cuT7CET1GFf\/9k=) no-repeat left top; background-size: cover;&#9;&#9;&#9;width: 100%;&#9;&#9;\"\/><\/p>\n<p>\n            Nach derzeitigem Stand geht die Projektleitung von einer p\u00fcnktlichen Inbetriebnahme am Montagmorgen aus. Bild: Robert Michael\/dpa\n        <\/p>\n<p>Der Regionalverkehr und die S-Bahn fielen auf s\u00e4mtlichen Linien im Bereich zwischen den Dresdner Bahnh\u00f6fen Neustadt, Reick, <a href=\"https:\/\/www.freiepresse.de\/thema\/ort\/plauen\" title=\"Nachrichten f\u00fcr den Ort: Plauen\" class=\"internal-article-link\" data-ct=\"ENTITY\/LOCATION\/UNKNOWN\/PLAUEN\" target=\"_blank\" rel=\"noopener\">Plauen<\/a> und Friedrichstadt aus. Dort mussten Fahrg\u00e4ste ebenfalls auf Alternativen im regul\u00e4ren Nahverkehr oder dem eingerichteten Ersatzverkehr mit Bussen und der Stra\u00dfenbahn 26 ausweichen.<\/p>\n<p>\tWeitere Sperrung des Hauptbahnhofes Mitte Februar angek\u00fcndigt<\/p>\n<p>Hintergrund der Sperrung waren Arbeiten am Kreuzungsbauwerk unter der Budapester Stra\u00dfe im Rahmen des langwierigen Ausbaus der Verbindung Leipzig-Dresden. An diesem Wochenende sollte das Projekt die Halbzeit erreichen, der Abschluss ist bis 2027 geplant. Eine weitere Sperrung des Hauptbahnhofes hat die Bahn f\u00fcr den 14. bis 16. Februar angek\u00fcndigt. (dpa)<\/p>\n","protected":false},"excerpt":{"rendered":"Seit Freitag ist der Dresdner Hauptbahnhof wegen Bauarbeiten gesperrt. Nach Angaben der Bahn liegen die Arbeiten im Soll&hellip;\n","protected":false},"author":2,"featured_media":710614,"comment_status":"","ping_status":"","sticky":false,"template":"","format":"standard","meta":{"footnotes":""},"categories":[1835],"tags":[3364,29,2386,30,859,5582],"class_list":{"0":"post-710613","1":"post","2":"type-post","3":"status-publish","4":"format-standard","5":"has-post-thumbnail","7":"category-dresden","8":"tag-de","9":"tag-deutschland","10":"tag-dresden","11":"tag-germany","12":"tag-sachsen","13":"tag-verkehr-infrastruktur-bauen"},"share_on_mastodon":{"url":"","error":""},"_links":{"self":[{"href":"https:\/\/www.europesays.com\/de\/wp-json\/wp\/v2\/posts\/710613","targetHints":{"allow":["GET"]}}],"collection":[{"href":"https:\/\/www.europesays.com\/de\/wp-json\/wp\/v2\/posts"}],"about":[{"href":"https:\/\/www.europesays.com\/de\/wp-json\/wp\/v2\/types\/post"}],"author":[{"embeddable":true,"href":"https:\/\/www.europesays.com\/de\/wp-json\/wp\/v2\/users\/2"}],"replies":[{"embeddable":true,"href":"https:\/\/www.europesays.com\/de\/wp-json\/wp\/v2\/comments?post=710613"}],"version-history":[{"count":0,"href":"https:\/\/www.europesays.com\/de\/wp-json\/wp\/v2\/posts\/710613\/revisions"}],"wp:featuredmedia":[{"embeddable":true,"href":"https:\/\/www.europesays.com\/de\/wp-json\/wp\/v2\/media\/710614"}],"wp:attachment":[{"href":"https:\/\/www.europesays.com\/de\/wp-json\/wp\/v2\/media?parent=710613"}],"wp:term":[{"taxonomy":"category","embeddable":true,"href":"https:\/\/www.europesays.com\/de\/wp-json\/wp\/v2\/categories?post=710613"},{"taxonomy":"post_tag","embeddable":true,"href":"https:\/\/www.europesays.com\/de\/wp-json\/wp\/v2\/tags?post=710613"}],"curies":[{"name":"wp","href":"https:\/\/api.w.org\/{rel}","templated":true}]}}