{"id":710630,"date":"2026-01-11T17:35:11","date_gmt":"2026-01-11T17:35:11","guid":{"rendered":"https:\/\/www.europesays.com\/de\/710630\/"},"modified":"2026-01-11T17:35:11","modified_gmt":"2026-01-11T17:35:11","slug":"1-fc-lok-leipzig-im-trainingslager","status":"publish","type":"post","link":"https:\/\/www.europesays.com\/de\/710630\/","title":{"rendered":"1. FC Lok Leipzig im Trainingslager"},"content":{"rendered":"<p class=\"Textstyled__Text-sc-1cqv9mi-0 cLyiiX\">Leipzig. W\u00e4hrend die Konkurrenz wahlweise einschneit oder erfriert, gr\u00fc\u00dft <a href=\"https:\/\/www.lvz.de\/themen\/1-fc-lok-leipzig\/\" target=\"_blank\" rel=\"noreferrer noopener\" title=\"https:\/\/www.lvz.de\/themen\/1-fc-lok-leipzig\/\" data-vars-event-category=\"intext_link\" data-vars-event-action=\"click\" data-vars-event-label=\"https:\/\/www.lvz.de\/themen\/1-fc-lok-leipzig\/\">Lok Leipzig<\/a> seit Sonnabend aus dem 16 Grad warmen Belek. Eingedenk der eisigen Winde im Heimathafen Probstheida f\u00fchlt sich der Regen an der t\u00fcrkischen K\u00fcste an wie eine wohlige Dusche. Es gibt definitiv unangenehmere Orte f\u00fcr ein Trainingslager.<\/p>\n<p>Weiterlesen nach der Anzeige<\/p>\n<p>Weiterlesen nach der Anzeige<\/p>\n<p class=\"Textstyled__Text-sc-1cqv9mi-0 cLyiiX\">Der Wettbewerbsvorteil gegen\u00fcber manchem <a href=\"https:\/\/www.lvz.de\/themen\/regionalliga-nordost-fussball\/\" target=\"_blank\" rel=\"noreferrer noopener\" title=\"https:\/\/www.lvz.de\/themen\/regionalliga-nordost-fussball\/\" data-vars-event-category=\"intext_link\" data-vars-event-action=\"click\" data-vars-event-label=\"https:\/\/www.lvz.de\/themen\/regionalliga-nordost-fussball\/\">Regionalliga<\/a>-Kontrahenten ergab sich f\u00fcr die Herren von Coach Jochen Seitz umgehend. <a href=\"https:\/\/www.lvz.de\/themen\/bsg-chemie-leipzig\/\" target=\"_blank\" rel=\"noreferrer noopener\" title=\"https:\/\/www.lvz.de\/themen\/bsg-chemie-leipzig\/\" data-vars-event-category=\"intext_link\" data-vars-event-action=\"click\" data-vars-event-label=\"https:\/\/www.lvz.de\/themen\/bsg-chemie-leipzig\/\">Chemie Leipzig<\/a> etwa konnte zum Start <a href=\"https:\/\/www.lvz.de\/sport\/regional\/neuer-trainer-von-chemie-leipzig-jedes-spiel-angehen-als-waere-es-das-letzte-AE6XH4NNA5GH7A6NRD543VIKVA.html\" target=\"_blank\" rel=\"noreferrer noopener\" title=\"https:\/\/www.lvz.de\/sport\/regional\/neuer-trainer-von-chemie-leipzig-jedes-spiel-angehen-als-waere-es-das-letzte-AE6XH4NNA5GH7A6NRD543VIKVA.html\" data-vars-event-category=\"intext_link\" data-vars-event-action=\"click\" data-vars-event-label=\"https:\/\/www.lvz.de\/sport\/regional\/neuer-trainer-von-chemie-leipzig-jedes-spiel-angehen-als-waere-es-das-letzte-AE6XH4NNA5GH7A6NRD543VIKVA.html\">des neuen Trainers Alexander Schmidt<\/a> am Freitag nur in der Halle neben dem Kunze-Sportpark trainieren, der f\u00fcr Samstag geplante Test gegen den VfB Merseburg fiel gleich ganz flach. Der <a href=\"https:\/\/www.lvz.de\/themen\/fc-eilenburg\" target=\"_blank\" rel=\"noreferrer noopener\" title=\"https:\/\/www.lvz.de\/themen\/fc-eilenburg\" data-vars-event-category=\"intext_link\" data-vars-event-action=\"click\" data-vars-event-label=\"https:\/\/www.lvz.de\/themen\/fc-eilenburg\">FC Eilenburg<\/a> muss aus Mangel an Alternativen regelm\u00e4\u00dfig gar die Soccerworld Leipzig zur fu\u00dfballerischen Leibesert\u00fcchtigung aufsuchen, um nicht ausschlie\u00dflich im Kraftraum besch\u00e4ftigt zu sein. Dagegen sind die Bedingungen am Mittelmeer in vielerlei Hinsicht nahezu perfekt.<\/p>\n<p>Fast alle Spieler k\u00f6nnen \u201evoll durchziehen\u201c<\/p>\n<p class=\"Textstyled__Text-sc-1cqv9mi-0 cLyiiX\">Am Samstag reiste der Lok-Tross unbeschadet sowie p\u00fcnktlich an, gekr\u00f6nt von einem an ein Dinner grenzendes Abendessen im mit f\u00fcnf Sternen versehenen Spice Hotel &amp; Spa. Dort residieren die Probstheidaer eine Woche lang. Am Sonntag folgten die ersten beiden Einheiten unter t\u00fcrkischem Himmel. Der Trainingsplatz liegt 100 Meter von der Luxus-Herberge entfernt. Einzige Herausforderung: heftige B\u00f6en. \u201eEs war sehr, sehr windig. Trotzdem konnten wir voll durchziehen und werden auch in den kommenden Tagen sehr viele Inhalte in die Einheiten packen\u201c, sagte Lok-Gesch\u00e4ftsf\u00fchrer Toni Wachsmuth.<\/p>\n<p>Weiterlesen nach der Anzeige<\/p>\n<p>Weiterlesen nach der Anzeige<\/p>\n<p class=\"Textstyled__Text-sc-1cqv9mi-0 cLyiiX\">Bis Dienstag wird jeweils zweimal t\u00e4glich trainiert. Am Mittwoch testen die Leipziger im etwa 45 Minuten entfernten Side gegen Rot-Wei\u00df Oberhausen (Regionalliga West). Bis auf den Langzeitverletzten Jan Stein und Malik McLemore, der nach Kreuzbandriss noch eingeschr\u00e4nkt trainiert, sind alle Mann einsatzf\u00e4hig. Am Donnerstag geht es ausnahmsweise etwas entspannter zu. Nach der Trainingseinheit am Vormittag werden einige Kicker zusammen mit Sponsoren den Golfschl\u00e4ger schwingen. F\u00fcr den Rest der Truppe ist ein Ausflug in die Umgebung geplant.<\/p>\n<p>Carl Zeiss Jena muss f\u00fcr Lok umziehen<\/p>\n<p class=\"Textstyled__Text-sc-1cqv9mi-0 cLyiiX\">Da einige Fans und ab Dienstag etwa 50 Sponsoren mit dabei sind, ist Kontakt zwischen Spielern und Unterst\u00fctzern ausdr\u00fccklich erw\u00fcnscht. \u201eWir wollen uns Zeit f\u00fcr Fans und Sponsoren nehmen, die wir sonst im normalen Wochenrhythmus nicht haben\u201c, erz\u00e4hlt Wachsmuth. Ob an den Abenden der beliebte einheimische Apfeltee oder doch wom\u00f6glich ein paar k\u00fchles Efes (Teambuilding!) flie\u00dfen, blieb zun\u00e4chst ungekl\u00e4rt. Das Hotel jedenfalls wirbt mit drei verschiedenen Theken (\u201eCasablanca Bar\u201c, \u201eCaramel Beach Bar\u201c, \u201eSherbet Beach Bar\u201c) und sogar einer Disco. <\/p>\n<p class=\"Textstyled__Text-sc-1cqv9mi-0 cLyiiX\">Anekdote am Rande: Verfolger Carl Zeiss Jena residierte ebenfalls im Spice Hotel, verl\u00e4ngerte seinen Aufenthalt in der T\u00fcrkei spontan. Allerdings mussten die Th\u00fcringer f\u00fcr Lok Platz machen und f\u00fcr die Trainingslager-Zugabe in ein anderes Hotel umziehen. Immer noch besser als durch den deutschen Frost zu stapfen. Egal wie sich die Wetterlage entwickelt: <a href=\"https:\/\/www.lvz.de\/themen\/1-fc-lok-leipzig\/\" target=\"_blank\" rel=\"noreferrer noopener\" title=\"https:\/\/www.lvz.de\/themen\/1-fc-lok-leipzig\/\" data-vars-event-category=\"intext_link\" data-vars-event-action=\"click\" data-vars-event-label=\"https:\/\/www.lvz.de\/themen\/1-fc-lok-leipzig\/\">Lok Leipzig<\/a> wird an den geplanten sieben Tagen in der T\u00fcrkei festhalten. <\/p>\n<p>Weiterlesen nach der Anzeige<\/p>\n<p>Weiterlesen nach der Anzeige<\/p>\n<p class=\"Textstyled__Text-sc-1cqv9mi-0 cLyiiX\">Am Freitag steht f\u00fcr die Herren von Jochen Seitz ein Trainingslager-Test gegen West-Regionalligist Fortuna K\u00f6ln auf dem Programm. Es soll sozusagen der abschlie\u00dfende sportliche H\u00f6hepunkt des Trainingslagers werden, das mit einem Mannschaftsabend endet. Tags darauf endet die Zeit in s\u00fcdlichen Gestaden, dann hebt die Maschine gen Norden ab. An der Intensit\u00e4t der Vorbereitung d\u00fcrfte sich auch in Leipzig nichts \u00e4ndern. Schlie\u00dflich startet Lok am 31. Januar in Meuselwitz ins neue Pflichtspieljahr. <\/p>\n<p class=\"Editorialstyled__Editorial-sc-1bfvh9l-0 cSmjnJ\">LVZ<\/p>\n","protected":false},"excerpt":{"rendered":"Leipzig. W\u00e4hrend die Konkurrenz wahlweise einschneit oder erfriert, gr\u00fc\u00dft Lok Leipzig seit Sonnabend aus dem 16 Grad warmen&hellip;\n","protected":false},"author":2,"featured_media":710631,"comment_status":"","ping_status":"","sticky":false,"template":"","format":"standard","meta":{"footnotes":""},"categories":[1832],"tags":[3364,29,30,71,859],"class_list":{"0":"post-710630","1":"post","2":"type-post","3":"status-publish","4":"format-standard","5":"has-post-thumbnail","7":"category-leipzig","8":"tag-de","9":"tag-deutschland","10":"tag-germany","11":"tag-leipzig","12":"tag-sachsen"},"share_on_mastodon":{"url":"https:\/\/pubeurope.com\/@de\/115877676585733170","error":""},"_links":{"self":[{"href":"https:\/\/www.europesays.com\/de\/wp-json\/wp\/v2\/posts\/710630","targetHints":{"allow":["GET"]}}],"collection":[{"href":"https:\/\/www.europesays.com\/de\/wp-json\/wp\/v2\/posts"}],"about":[{"href":"https:\/\/www.europesays.com\/de\/wp-json\/wp\/v2\/types\/post"}],"author":[{"embeddable":true,"href":"https:\/\/www.europesays.com\/de\/wp-json\/wp\/v2\/users\/2"}],"replies":[{"embeddable":true,"href":"https:\/\/www.europesays.com\/de\/wp-json\/wp\/v2\/comments?post=710630"}],"version-history":[{"count":0,"href":"https:\/\/www.europesays.com\/de\/wp-json\/wp\/v2\/posts\/710630\/revisions"}],"wp:featuredmedia":[{"embeddable":true,"href":"https:\/\/www.europesays.com\/de\/wp-json\/wp\/v2\/media\/710631"}],"wp:attachment":[{"href":"https:\/\/www.europesays.com\/de\/wp-json\/wp\/v2\/media?parent=710630"}],"wp:term":[{"taxonomy":"category","embeddable":true,"href":"https:\/\/www.europesays.com\/de\/wp-json\/wp\/v2\/categories?post=710630"},{"taxonomy":"post_tag","embeddable":true,"href":"https:\/\/www.europesays.com\/de\/wp-json\/wp\/v2\/tags?post=710630"}],"curies":[{"name":"wp","href":"https:\/\/api.w.org\/{rel}","templated":true}]}}