{"id":710717,"date":"2026-01-11T18:26:15","date_gmt":"2026-01-11T18:26:15","guid":{"rendered":"https:\/\/www.europesays.com\/de\/710717\/"},"modified":"2026-01-11T18:26:15","modified_gmt":"2026-01-11T18:26:15","slug":"preussen-talent-vor-ausleihe-macht-guetersloh-jetzt-korte-froh-sport","status":"publish","type":"post","link":"https:\/\/www.europesays.com\/de\/710717\/","title":{"rendered":"Preu\u00dfen-Talent vor Ausleihe: Macht G\u00fctersloh jetzt Korte froh? | Sport"},"content":{"rendered":"<p>Er m\u00f6chte doch nur spielen. Und soll es auch. Problem: Bei Zweitligist M\u00fcnster kommt Jakob Korte (22) leider nicht ausreichend zum Zuge. Weil die interne Konkurrenz auf seiner Position im Mittelfeld einfach zu gro\u00df und stark ist. Will er sich jedoch weiter entwickeln, muss er Einsatzzeiten sammeln. So viel wie m\u00f6glich. Wenn nicht bei den \u201eSchwarz-Wei\u00df-Gr\u00fcnen\u201c, dann eben woanders. Deshalb ist \u2013 wie schon im letzten Winter \u2013 erneut eine Ausleihe des \u201eEigengew\u00e4chses\u201c (seit der U14 im Club) angedacht. Nach BILD-Informationen gibt&#8217;s mindestens einen hei\u00dfen Interessenten&#8230;<\/p>\n<p>Auch interessant<\/p>\n<p>Anzeige<\/p>\n<p>Auch interessant<\/p>\n<p>Anzeige<\/p>\n<p><b>Preu\u00dfen-Talent vor Ausleihe. Macht G\u00fctersloh Korte froh? <\/b><\/p>\n<p>Fakt ist: Bei den Entscheidungstr\u00e4gern des Vereins ist \u2013 wie schon im vergangenen Winter \u2013 erneut die Erkenntnis gereift, dass Korte (Marktwert: 200.000 Euro) zwingend auf den Rasen geh\u00f6rt. Spiele unter Wettkampf-Bedingungen ben\u00f6tigt, um an diesen Aufgaben zu wachsen. Zuletzt lief er von Januar bis Juni 2025 f\u00fcr den VfB L\u00fcbeck auf, ehe er vor dieser Saison wieder zu den Preu\u00dfen zur\u00fcckkehrte. Sein Pech allerdings, dass ihn beim norddeutschen Regionalligisten fr\u00fchzeitig eine hartn\u00e4ckige Schambein-Entz\u00fcndung stoppte. Nach zehn Pflichtspielen, einem Tor und starken Kritiken, war der geb\u00fcrtige M\u00fcnsteraner f\u00fcr mehrere Monate au\u00dfer Gefecht.<\/p>\n<p><img decoding=\"async\" width=\"992\" height=\"558\" alt=\"Mittelfeld-Talent Jakob Korte (2.v.l.), hier bei Dehnungs\u00fcbungen mit einigen Kollegen, konnte im Trainingslager der Preu\u00dfen in Murcia nahezu schmerzfrei mitmischenb\" src=\"https:\/\/www.europesays.com\/de\/wp-content\/uploads\/2026\/01\/d018c06c6d3acf3232af3b8fae1e996f,271899e1.jpeg\"   class=\"landscape\" loading=\"lazy\"\/><\/p>\n<p class=\"fig__caption__text\">Mittelfeld-Talent Jakob Korte (2.v.l.), hier bei Dehnungs\u00fcbungen mit einigen Kollegen, konnte im Trainingslager der Preu\u00dfen im spanischen Murcia nahezu schmerzfrei mitmischen<\/p>\n<p>Foto: Privat<\/p>\n<p>Abgehakt. Inzwischen hat Korte seine gesundheitlichen Probleme nahezu auskuriert. Im Trainingslager der \u201eAdlertr\u00e4ger\u201c im spanischen Murcia konnte er jetzt voll mitmischen und beim Test-2:1 gegen Belgiens Erstligisten Oud-Heverlee Leuven in der zweiten H\u00e4lfte, nach Einwechslung f\u00fcr Kapit\u00e4n Jorrit Hendrix (30\/65.), seine F\u00e4higkeiten unter Beweis stellen. <\/p>\n<p><b>Trotzdem spricht viel daf\u00fcr, dass er wom\u00f6glich schon in der kommenden Woche wieder seine Koffer packt, um rund 60 Kilometer \u00f6stlich von M\u00fcnster vor\u00fcbergehend seine Zelte aufzuschlagen. Bei Regionalligist FC G\u00fctersloh, der als Tabellen-4. in Schlagdistanz zu Spitzenreiter Fortuna K\u00f6ln liegt. Und sich bei vier Punkten R\u00fcckstand durchaus Hoffnungen auf den ertr\u00e4umten Drittliga-Aufstieg machen kann.<\/b><\/p>\n<p>Aus Kreisen der Ostwestfalen hei\u00dft es, dass FC-Coach Julian Hesse (36), der mit Innenverteidiger Jannik Borgmann (28) ohnehin schon einen fr\u00fcheren \u201eAdlertr\u00e4ger\u201c in seinen Reigen hat, einer Ausleihe von Korte bis Saisonende jedenfalls sehr positiv gegen\u00fcberstehen soll. Genau wie die Preu\u00dfen. Weil der technisch versierte \u201eSechser\u201c oder \u201eAchter\u201c  in G\u00fctersloh auf gutem Niveau gefordert w\u00e4re und zudem im traditionsreichen Heidewald-Stadion zumeist vor rund 2000 Zuschauern spielt. <\/p>\n<p><img decoding=\"async\" width=\"992\" height=\"558\" alt=\"Kann sich eine erneute Ausleihe von Jakob Korte gut vorstellen: Preu\u00dfens Sport-Gesch\u00e4ftsf\u00fchrer Ole Kittner\" src=\"https:\/\/www.europesays.com\/de\/wp-content\/uploads\/2026\/01\/e8d2cc146e910e555b0a078e682d3d5a,284bb457.jpeg\"   class=\"landscape\" loading=\"lazy\"\/><\/p>\n<p class=\"fig__caption__text\">Kann sich eine erneute Ausleihe von Jakob Korte gut vorstellen: Preu\u00dfens Sport-Gesch\u00e4ftsf\u00fchrer Ole Kittner<\/p>\n<p>Foto: Getty Images<\/p>\n<p>Unklar ist allerdings, ob sein Vertrag in M\u00fcnster zuvor noch einmal verl\u00e4ngert werden muss. Sport-Gesch\u00e4ftsf\u00fchrer Ole Kittner (38) l\u00e4sst sich da nicht in die Karten blicken. Versichert aber, ebenfalls der \u00dcberzeugung zu sein, dass Korte regelm\u00e4\u00dfig an die Kugel geh\u00f6rt. Weil er als Nummer 15 oder 16 im Kader der Preu\u00dfen aktuell kaum Perspektive besitzt&#8230;<\/p>\n<p>Dar\u00fcberhinaus war angedacht, mit St\u00fcrmer Leon Tasov (20) noch einen weiteren Jungspund ausw\u00e4rts in die Lehre zu schicken. Die Bem\u00fchungen haben zun\u00e4chst aber einen kleinen R\u00fcckschlag erlitten. Erst startete der flinke Dribbler (Marktwert: 250.000 Euro) mit einem grippalen Infekt ins neue Jahr. Anschlie\u00dfend zog er sich Murcia einen Faserriss zu. Wie lange Tasov tats\u00e4chlich damit ausf\u00e4llt, soll eine eingehende \u00e4rztliche Untersuchung in den n\u00e4chsten Tagen ergeben. <\/p>\n<p><b>Sein Berater Giovanni Federico (45\/Ex-Profi u.a. in Bochum, K\u00f6ln und Dortmund) zu BILD: \u201eWir werden uns zeitnah zusammensetzen und besprechen, wie lange die Verletzung dauert und ob sich trotzdem noch M\u00f6glichkeiten f\u00fcr Leon ergeben&#8230;\u201c<\/b><\/p>\n","protected":false},"excerpt":{"rendered":"Er m\u00f6chte doch nur spielen. Und soll es auch. Problem: Bei Zweitligist M\u00fcnster kommt Jakob Korte (22) leider&hellip;\n","protected":false},"author":2,"featured_media":710718,"comment_status":"","ping_status":"","sticky":false,"template":"","format":"standard","meta":{"footnotes":""},"categories":[1843],"tags":[621,7658,7665,7659,7654,3364,29,481,5085,30,7662,7660,7661,8970,7653,1209,7655,7650,7651,7656,819,7657,7652,45,784],"class_list":{"0":"post-710717","1":"post","2":"type-post","3":"status-publish","4":"format-standard","5":"has-post-thumbnail","7":"category-muenster","8":"tag-2-bundesliga","9":"tag-alsmann-goetz","10":"tag-amenyido-etienne","11":"tag-brinkmann-ansgar","12":"tag-daube-dennis","13":"tag-de","14":"tag-deutschland","15":"tag-dfb","16":"tag-dfl","17":"tag-germany","18":"tag-hendrix-jorrit","19":"tag-kirkeskov-mikkel","20":"tag-mees-joshua","21":"tag-muenster","22":"tag-niemeyer-peter","23":"tag-nordrhein-westfalen","24":"tag-pander-christian","25":"tag-preussen-muenster","26":"tag-preussenstadion","27":"tag-schuth-joachim","28":"tag-sport-leuchtturm-essen","29":"tag-sport-bild","30":"tag-straesser-christoph","31":"tag-texttospeech","32":"tag-zweite-bundesliga"},"share_on_mastodon":{"url":"https:\/\/pubeurope.com\/@de\/115877877132797725","error":""},"_links":{"self":[{"href":"https:\/\/www.europesays.com\/de\/wp-json\/wp\/v2\/posts\/710717","targetHints":{"allow":["GET"]}}],"collection":[{"href":"https:\/\/www.europesays.com\/de\/wp-json\/wp\/v2\/posts"}],"about":[{"href":"https:\/\/www.europesays.com\/de\/wp-json\/wp\/v2\/types\/post"}],"author":[{"embeddable":true,"href":"https:\/\/www.europesays.com\/de\/wp-json\/wp\/v2\/users\/2"}],"replies":[{"embeddable":true,"href":"https:\/\/www.europesays.com\/de\/wp-json\/wp\/v2\/comments?post=710717"}],"version-history":[{"count":0,"href":"https:\/\/www.europesays.com\/de\/wp-json\/wp\/v2\/posts\/710717\/revisions"}],"wp:featuredmedia":[{"embeddable":true,"href":"https:\/\/www.europesays.com\/de\/wp-json\/wp\/v2\/media\/710718"}],"wp:attachment":[{"href":"https:\/\/www.europesays.com\/de\/wp-json\/wp\/v2\/media?parent=710717"}],"wp:term":[{"taxonomy":"category","embeddable":true,"href":"https:\/\/www.europesays.com\/de\/wp-json\/wp\/v2\/categories?post=710717"},{"taxonomy":"post_tag","embeddable":true,"href":"https:\/\/www.europesays.com\/de\/wp-json\/wp\/v2\/tags?post=710717"}],"curies":[{"name":"wp","href":"https:\/\/api.w.org\/{rel}","templated":true}]}}